{"id":1089,"date":"2009-02-09T11:44:45","date_gmt":"2009-02-09T09:44:45","guid":{"rendered":"https:\/\/suomenkuvalehti.fi\/kuvientakaa\/2009\/02\/09\/stones-war-katosi-tutkalta\/"},"modified":"2009-02-09T11:44:45","modified_gmt":"2009-02-09T09:44:45","slug":"stones-war-katosi-tutkalta","status":"publish","type":"post","link":"https:\/\/suomenkuvalehti.fi\/kuvien-takaa\/stones-war-katosi-tutkalta\/","title":{"rendered":"Stone&#8217;s War katosi tutkalta"},"content":{"rendered":"\n<p>Berliinin festivaalien varsinainen rahamylly on oheistapahtuma European Film Market, jossa tuottajat esittelev\u00e4t elokuvahankkeitaan ja levitt\u00e4j\u00e4t ostavat tekeill\u00e4 olevia sek\u00e4 valmiita elokuvia. Se on syy siihen, miksi monet suomalaistuottajat ja ohjaajat saapuvat festareille.<\/p>\n\n\n\n\n<p>EFM:ss\u00e4 on kaupan monia suomalaiselokuvia. Mutta <em>Stone&#8217;s Waria <\/em>ei ole esill\u00e4 viel\u00e4k\u00e4\u00e4n.<\/p>\n\n\n\n<p>Stone&#8217;s War on se Liettuassa kuvattu sota- ja kauhugenrej\u00e4 sekoittava fantasiaelokuva, jonka ohjaaja on suomalainen <strong>Marko M\u00e4kilaakso<\/strong> ja jossa on suomalaisn\u00e4yttelij\u00f6it\u00e4 <strong>Mikko Leppilammesta Antti Reiniin<\/strong>. Budjetti on nelj\u00e4 miljoonaa euroa, eli kolmen tavallisen suomalaiselokuvan verran, mutta tuotanto on amerikkalais-italialais-liettualainen, eli suomalaisrahaa ei Stone&#8217;s Warissa ole kiinni. Teknisesti se ei ole suomalainen elokuva. Kieli on englanti.<\/p>\n\n\n\n<p>Kes\u00e4ll\u00e4 2007 kuvatun elokuvan piti tulla ensi-iltaan viime vuonna, ensin elokuussa ja sitten loppuvuodesta, mutta sit\u00e4 ei ole kuulunut. Eik\u00e4 ihan heti tule kuulumaankaan.<\/p>\n\n\n\n<p>Stone&#8217;s Warin pohjoismaisen levitysyhti\u00f6n, elokuvan jo tekovaiheessa ostaneen tanskalaisen Scanboxin Suomen-toimistolla ei tiedet\u00e4, miss\u00e4 on vika, mutta Scanbox ei ole saanut valmista elokuvaa haltuunsa.<\/p>\n\n\n\n<p>Eik\u00e4 ilmeisesti kukaan muukaan maailmassa. Sekin on arvoitus, onko Stone&#8217;s War saatu t\u00e4ysin valmiiksi. J\u00e4lkit\u00f6it\u00e4 tehtiin viime kev\u00e4\u00e4n\u00e4 Paramountilla Los Angelesissa ja Cinecittalla Italiassa.<\/p>\n\n\n\n<p>Scanboxin <strong>Juha Ruokolahti<\/strong> kertoo, ett\u00e4 elokuvasta odotetaan yh\u00e4 filmikopiota ja ett\u00e4 levitysaikataulujen osalta se on pending-tilassa &#8211; suomeksi sanottuna ensi-illan ajankohta on heillekin arvoitus.<\/p>\n\n\n\n<p>Ruokolahti sanoo, ett\u00e4 kopion pit\u00e4isi tulla liettualaistuottaja <strong>Ramunas Skikasilta<\/strong>. H\u00e4nen mukaansa Skikas on lupaillut kopiota ja sanonut, ett\u00e4 kaikki on hyvin. Mit\u00e4\u00e4n ei kuitenkaan kuulu.<\/p>\n\n\n\n<p><strong>Tuleeko<br>oikeusjuttu?<\/strong><\/p>\n\n\n\n<p>Koska t\u00e4llainen on kerta kaikkiaan ep\u00e4tavallista, kysyin Ruokolahdelta, eik\u00f6 k\u00e4sill\u00e4 ole kohta oikeusjuttu. Sit\u00e4 Ruokolahti ei osannut sanoa. Scanbox tyytyy odottamaan, kuului vastaus.<\/p>\n\n\n\n<p>My\u00f6s Stone&#8217;s Warin levitysoikeuksia kansainv\u00e4lisesti myyv\u00e4st\u00e4 amerikkalaisesta Little Film Companysta kerrotaan, ettei valmista elokuvaa ole viel\u00e4 saatu. Berliinin EFM:ss\u00e4 elokuva on heid\u00e4n listoillaan, mutta sen valmistumiseen liittyvi\u00e4 yksityiskohtia ei toimittajalle heru.<\/p>\n\n\n\n<p>Otin yhteytt\u00e4 elokuvan amerikkalaiseen tuottajaan <strong>Barr P. Potteriin<\/strong>. H\u00e4nkin pyysi k\u00e4\u00e4ntym\u00e4\u00e4n kaikissa kysymyksiss\u00e4 Skikasin puoleen.<\/p>\n\n\n\n<p>Skikas ei vastaa s\u00e4hk\u00f6posteihin eik\u00e4 soittopyynt\u00f6ihin.<\/p>\n\n\n\n<p>37-vuotias Skikas on johtanut <a href=\"http:\/\/www.lfs.lt\/en\/disp.php\/en_company\">Lithuanian Film Studiosia<\/a> siit\u00e4 asti, kun ne yksityistettiin nelj\u00e4 vuotta sitten. Studioilla on kuvattu muun muassa tuoretta <strong>Daniel Craig<\/strong> -sotaelokuvaa <em>Uhma <\/em>sek\u00e4 pian dvd:n\u00e4 ilmestyv\u00e4 <em>Transsiberian,<\/em> jossa n\u00e4yttelev\u00e4t <strong>Ben Kingsley<\/strong> ja <strong>Woody Harrelson<\/strong>. Skikas on siin\u00e4kin merkitty yhdeksi tuottajista.<\/p>\n\n\n\n<p>Tapasin Skikasin lyhyesti, kun vierailin Stone&#8217;s Warin kuvauksissa kes\u00e4ll\u00e4 2007. Illalla me toimittajat tyhjensimme scanboxilaisten kanssa useankin hotellihuoneen minibaarit. Maksumieheksi taisi j\u00e4\u00e4d\u00e4 Skikas.<\/p>\n\n\n\n<p><strong>&#8221;Kuin keh\u00e4ss\u00e4<br>Muhammad Alin kanssa&#8221;<\/strong><\/p>\n\n\n\n<p>Ohjaaja <strong>Marko M\u00e4kilaaksokin<\/strong> sanoo olevansa tilanteesta surullinen, mutta ei voi menn\u00e4 yksityiskohtiin Skikasiin liittyviss\u00e4 asioissa.<\/p>\n\n\n\n<p>M\u00e4kilaaksoa alkaa k\u00e4yd\u00e4 s\u00e4\u00e4liksi &#8211; Stone&#8217;s War on ollut ongelmallinen jo monessa vaiheessa, kuten <a href=\"http:\/\/www.suomenkuvalehti.fi\/blogit\/kuvien-takaa\/marko-makilaaksolla-menee.aspx\">aiemmin blogissani kerroin<\/a>.<\/p>\n\n\n\n<p>&#8221;T\u00e4m\u00e4n elokuvan tekeminen on kuin olisi keh\u00e4ss\u00e4 Muhammad Alin kanssa. Jokainen isku tuntuu j\u00e4rkytt\u00e4v\u00e4n pahalta ja toivoisi nopeaa tyrm\u00e4yst\u00e4, mutta edelleen olemme pystyss\u00e4, vaikka takana on 11 kovaa er\u00e4\u00e4&#8221;, M\u00e4kilaakso kirjoitti viestiss\u00e4\u00e4n.<\/p>\n\n\n\n<p>&#8221;T\u00e4ll\u00e4 hetkell\u00e4 voin vain keskitty\u00e4 uusien projektien tekoon ja odottaa sit\u00e4 loistavaa hetke\u00e4 kun SW pamahtaa valkokankaalle ymp\u00e4ri maailmaa! Toivon my\u00f6s ett\u00e4 yleis\u00f6 Suomessa ottaisi elokuvan avoimin mielen vastaan ilman ennakkoasennetta viiv\u00e4stymisen takia.&#8221;<\/p>\n\n\n\n<p>M\u00e4kilaakso jatkaa fantasiateemojen parissa. Elokuvahanke <em>Night of the Witch <\/em>sai loppuvuodesta Elokuvas\u00e4\u00e4ti\u00f6lt\u00e4 kehitt\u00e4mistukea. Siin\u00e4kin menn\u00e4\u00e4n juonilauseen mukaan anglosaksisissa kauhutunnelmissa: &#8221;Nuori noitatieteen opettaja, professori John Ward, saapuu kotikaupunkiinsa Salemiin pit\u00e4m\u00e4\u00e4n luentoa ja joutuu kohtaamaan menneisyytens\u00e4 kun noita palaa kaupunkiin.&#8221;<\/p>\n\n\n\n<p>Tsemppi\u00e4 M\u00e4kilaaksolle. Sympaattinen ja tarmokas elokuvantekij\u00e4 on saanut kest\u00e4\u00e4 paljon.<\/p>\n\n\n\n<p>Ja jos homma siit\u00e4 on kiinni, Skikas voi l\u00e4hett\u00e4\u00e4 minibar-laskun allekirjoittaneelle ihan korkojen kera.<\/p>\n\n\n\n<p><a href=\"http:\/\/www.suomenkuvalehti.fi\/blogit\/kuvien-takaa\/default.aspx\">Kaikki Kuvien takaa -blogin merkinn\u00e4t l\u00f6yd\u00e4t t\u00e4\u00e4lt\u00e4<\/a><\/p>\n\n\n","protected":false},"excerpt":{"rendered":"<p>Berliinin festivaalien varsinainen rahamylly on oheistapahtuma European Film Market, jossa tuottajat esittelev\u00e4t elokuvahankkeitaan ja levitt\u00e4j\u00e4t ostavat tekeill\u00e4 olevia sek\u00e4 valmiita elokuvia. Se on syy siihen, miksi monet suomalaistuottajat ja ohjaajat saapuvat festareille. EFM:ss\u00e4 on<br \/>\nkaupa&hellip;<\/p>\n","protected":false},"author":144,"featured_media":0,"comment_status":"open","ping_status":"open","sticky":false,"template":"","format":"standard","meta":{"_acf_changed":false,"asauth_required_access_level":0,"asauth_cansharepaid":"","om_header_attributes":[],"footnotes":"","om_featured_image_focal_point":[],"om_primary_tag":0,"om_contributors":[],"om_co_authors":[],"beyondwords_generate_audio":"","beyondwords_project_id":"","beyondwords_content_id":"","beyondwords_preview_token":"","beyondwords_player_content":"","beyondwords_player_style":"","beyondwords_language_code":"","beyondwords_language_id":"","beyondwords_title_voice_id":"","beyondwords_body_voice_id":"","beyondwords_summary_voice_id":"","beyondwords_error_message":"","beyondwords_disabled":"","beyondwords_delete_content":"","beyondwords_podcast_id":"","beyondwords_hash":"","publish_post_to_speechkit":"","speechkit_hash":"","speechkit_generate_audio":"","speechkit_project_id":"","speechkit_podcast_id":"","speechkit_error_message":"","speechkit_disabled":"","speechkit_access_key":"","speechkit_error":"","speechkit_info":"","speechkit_response":"","speechkit_retries":"","speechkit_status":"","speechkit_updated_at":"","_speechkit_link":"","_speechkit_text":""},"categories":[1],"tags":[311,316,1707],"class_list":["post-1089","post","type-post","status-publish","format-standard","hentry","category-kuvien-takaa","tag-berliinin-elokuvafestivaalit","tag-elokuvat","tag-hankkeet"],"om_views":null,"acf":{"tuuma_off":false,"tuuma_kysymys":"","tuuma_vastaus":""},"asauth":{"required_access_level":1,"share_token":"","is_paid":false},"yoast_head":"<!-- This site is optimized with the Yoast SEO plugin v26.4 - https:\/\/yoast.com\/wordpress\/plugins\/seo\/ -->\n<title>Stone&#039;s War katosi tutkalta - Kuvien takaa<\/title>\n<meta name=\"robots\" content=\"index, follow, max-snippet:-1, max-image-preview:large, max-video-preview:-1\" \/>\n<link rel=\"canonical\" href=\"https:\/\/suomenkuvalehti.fi\/kuvien-takaa\/stones-war-katosi-tutkalta\/\" \/>\n<meta property=\"og:locale\" content=\"fi_FI\" \/>\n<meta property=\"og:type\" content=\"article\" \/>\n<meta property=\"og:title\" content=\"Stone&#039;s War katosi tutkalta - Kuvien takaa\" \/>\n<meta property=\"og:description\" content=\"Berliinin festivaalien varsinainen rahamylly on oheistapahtuma European Film Market, jossa tuottajat esittelev\u00e4t elokuvahankkeitaan ja levitt\u00e4j\u00e4t ostavat tekeill\u00e4 olevia sek\u00e4 valmiita elokuvia. Se on syy siihen, miksi monet suomalaistuottajat ja ohjaajat saapuvat festareille. EFM:ss\u00e4 on kaupa&hellip;\" \/>\n<meta property=\"og:url\" content=\"https:\/\/suomenkuvalehti.fi\/kuvien-takaa\/stones-war-katosi-tutkalta\/\" \/>\n<meta property=\"og:site_name\" content=\"Kuvien takaa\" \/>\n<meta property=\"article:author\" content=\"https:\/\/www.facebook.com\/pages\/Kalle-Kinnunen-Kuvien-takaa\/190326157715410?fref=ts\" \/>\n<meta property=\"article:published_time\" content=\"2009-02-09T09:44:45+00:00\" \/>\n<meta property=\"og:image\" content=\"https:\/\/suomenkuvalehti.fi\/kuvien-takaa\/wp-content\/uploads\/sites\/11\/2022\/04\/kalle_kinnunen_blogi-1-scaled.jpg\" \/>\n\t<meta property=\"og:image:width\" content=\"2560\" \/>\n\t<meta property=\"og:image:height\" content=\"1707\" \/>\n\t<meta property=\"og:image:type\" content=\"image\/jpeg\" \/>\n<meta name=\"author\" content=\"Kalle Kinnunen\" \/>\n<meta name=\"twitter:card\" content=\"summary_large_image\" \/>\n<meta name=\"twitter:creator\" content=\"@https:\/\/twitter.com\/kallekinnunen\" \/>\n<meta name=\"twitter:label1\" content=\"Written by\" \/>\n\t<meta name=\"twitter:data1\" content=\"Kalle Kinnunen\" \/>\n\t<meta name=\"twitter:label2\" content=\"Est. reading time\" \/>\n\t<meta name=\"twitter:data2\" content=\"3 minuuttia\" \/>\n<script type=\"application\/ld+json\" class=\"yoast-schema-graph\">{\"@context\":\"https:\/\/schema.org\",\"@graph\":[{\"@type\":\"WebPage\",\"@id\":\"https:\/\/suomenkuvalehti.fi\/kuvien-takaa\/stones-war-katosi-tutkalta\/\",\"url\":\"https:\/\/suomenkuvalehti.fi\/kuvien-takaa\/stones-war-katosi-tutkalta\/\",\"name\":\"Stone's War katosi tutkalta - Kuvien takaa\",\"isPartOf\":{\"@id\":\"https:\/\/suomenkuvalehti.fi\/kuvien-takaa\/#website\"},\"datePublished\":\"2009-02-09T09:44:45+00:00\",\"author\":{\"@id\":\"https:\/\/suomenkuvalehti.fi\/kuvien-takaa\/#\/schema\/person\/f3f657e4ad409e008f12af27bec60a23\"},\"breadcrumb\":{\"@id\":\"https:\/\/suomenkuvalehti.fi\/kuvien-takaa\/stones-war-katosi-tutkalta\/#breadcrumb\"},\"inLanguage\":\"fi\",\"potentialAction\":[{\"@type\":\"ReadAction\",\"target\":[\"https:\/\/suomenkuvalehti.fi\/kuvien-takaa\/stones-war-katosi-tutkalta\/\"]}]},{\"@type\":\"BreadcrumbList\",\"@id\":\"https:\/\/suomenkuvalehti.fi\/kuvien-takaa\/stones-war-katosi-tutkalta\/#breadcrumb\",\"itemListElement\":[{\"@type\":\"ListItem\",\"position\":1,\"name\":\"Home\",\"item\":\"https:\/\/suomenkuvalehti.fi\/kuvien-takaa\/\"},{\"@type\":\"ListItem\",\"position\":2,\"name\":\"Stone&#8217;s War katosi tutkalta\"}]},{\"@type\":\"WebSite\",\"@id\":\"https:\/\/suomenkuvalehti.fi\/kuvien-takaa\/#website\",\"url\":\"https:\/\/suomenkuvalehti.fi\/kuvien-takaa\/\",\"name\":\"Kuvien takaa\",\"description\":\"Elokuvakriitikko Kalle Kinnusen elokuvablogi.\",\"potentialAction\":[{\"@type\":\"SearchAction\",\"target\":{\"@type\":\"EntryPoint\",\"urlTemplate\":\"https:\/\/suomenkuvalehti.fi\/haku\/?q={search_term_string}\"},\"query-input\":{\"@type\":\"PropertyValueSpecification\",\"valueRequired\":true,\"valueName\":\"search_term_string\"}}],\"inLanguage\":\"fi\"},{\"@type\":\"Person\",\"@id\":\"https:\/\/suomenkuvalehti.fi\/kuvien-takaa\/#\/schema\/person\/f3f657e4ad409e008f12af27bec60a23\",\"name\":\"Kalle Kinnunen\",\"image\":{\"@type\":\"ImageObject\",\"inLanguage\":\"fi\",\"@id\":\"https:\/\/suomenkuvalehti.fi\/kuvien-takaa\/#\/schema\/person\/image\/\",\"url\":\"https:\/\/suomenkuvalehti.fi\/kuvien-takaa\/wp-content\/uploads\/sites\/11\/2022\/04\/kalle_kinnunen_blogi-1-150x150.jpg\",\"contentUrl\":\"https:\/\/suomenkuvalehti.fi\/kuvien-takaa\/wp-content\/uploads\/sites\/11\/2022\/04\/kalle_kinnunen_blogi-1-150x150.jpg\",\"caption\":\"Kalle Kinnunen\"},\"description\":\"Kalle Kinnunen on vapaa toimittaja ja Suomen Kuvalehden avustaja.\",\"sameAs\":[\"https:\/\/www.facebook.com\/pages\/Kalle-Kinnunen-Kuvien-takaa\/190326157715410?fref=ts\",\"https:\/\/x.com\/https:\/\/twitter.com\/kallekinnunen\"]}]}<\/script>\n<!-- \/ Yoast SEO plugin. -->","yoast_head_json":{"title":"Stone's War katosi tutkalta - Kuvien takaa","robots":{"index":"index","follow":"follow","max-snippet":"max-snippet:-1","max-image-preview":"max-image-preview:large","max-video-preview":"max-video-preview:-1"},"canonical":"https:\/\/suomenkuvalehti.fi\/kuvien-takaa\/stones-war-katosi-tutkalta\/","og_locale":"fi_FI","og_type":"article","og_title":"Stone's War katosi tutkalta - Kuvien takaa","og_description":"Berliinin festivaalien varsinainen rahamylly on oheistapahtuma European Film Market, jossa tuottajat esittelev\u00e4t elokuvahankkeitaan ja levitt\u00e4j\u00e4t ostavat tekeill\u00e4 olevia sek\u00e4 valmiita elokuvia. Se on syy siihen, miksi monet suomalaistuottajat ja ohjaajat saapuvat festareille. EFM:ss\u00e4 on kaupa&hellip;","og_url":"https:\/\/suomenkuvalehti.fi\/kuvien-takaa\/stones-war-katosi-tutkalta\/","og_site_name":"Kuvien takaa","article_author":"https:\/\/www.facebook.com\/pages\/Kalle-Kinnunen-Kuvien-takaa\/190326157715410?fref=ts","article_published_time":"2009-02-09T09:44:45+00:00","og_image":[{"width":2560,"height":1707,"url":"https:\/\/suomenkuvalehti.fi\/kuvien-takaa\/wp-content\/uploads\/sites\/11\/2022\/04\/kalle_kinnunen_blogi-1-scaled.jpg","type":"image\/jpeg"}],"author":"Kalle Kinnunen","twitter_card":"summary_large_image","twitter_creator":"@https:\/\/twitter.com\/kallekinnunen","twitter_misc":{"Written by":"Kalle Kinnunen","Est. reading time":"3 minuuttia"},"schema":{"@context":"https:\/\/schema.org","@graph":[{"@type":"WebPage","@id":"https:\/\/suomenkuvalehti.fi\/kuvien-takaa\/stones-war-katosi-tutkalta\/","url":"https:\/\/suomenkuvalehti.fi\/kuvien-takaa\/stones-war-katosi-tutkalta\/","name":"Stone's War katosi tutkalta - Kuvien takaa","isPartOf":{"@id":"https:\/\/suomenkuvalehti.fi\/kuvien-takaa\/#website"},"datePublished":"2009-02-09T09:44:45+00:00","author":{"@id":"https:\/\/suomenkuvalehti.fi\/kuvien-takaa\/#\/schema\/person\/f3f657e4ad409e008f12af27bec60a23"},"breadcrumb":{"@id":"https:\/\/suomenkuvalehti.fi\/kuvien-takaa\/stones-war-katosi-tutkalta\/#breadcrumb"},"inLanguage":"fi","potentialAction":[{"@type":"ReadAction","target":["https:\/\/suomenkuvalehti.fi\/kuvien-takaa\/stones-war-katosi-tutkalta\/"]}]},{"@type":"BreadcrumbList","@id":"https:\/\/suomenkuvalehti.fi\/kuvien-takaa\/stones-war-katosi-tutkalta\/#breadcrumb","itemListElement":[{"@type":"ListItem","position":1,"name":"Home","item":"https:\/\/suomenkuvalehti.fi\/kuvien-takaa\/"},{"@type":"ListItem","position":2,"name":"Stone&#8217;s War katosi tutkalta"}]},{"@type":"WebSite","@id":"https:\/\/suomenkuvalehti.fi\/kuvien-takaa\/#website","url":"https:\/\/suomenkuvalehti.fi\/kuvien-takaa\/","name":"Kuvien takaa","description":"Elokuvakriitikko Kalle Kinnusen elokuvablogi.","potentialAction":[{"@type":"SearchAction","target":{"@type":"EntryPoint","urlTemplate":"https:\/\/suomenkuvalehti.fi\/haku\/?q={search_term_string}"},"query-input":{"@type":"PropertyValueSpecification","valueRequired":true,"valueName":"search_term_string"}}],"inLanguage":"fi"},{"@type":"Person","@id":"https:\/\/suomenkuvalehti.fi\/kuvien-takaa\/#\/schema\/person\/f3f657e4ad409e008f12af27bec60a23","name":"Kalle Kinnunen","image":{"@type":"ImageObject","inLanguage":"fi","@id":"https:\/\/suomenkuvalehti.fi\/kuvien-takaa\/#\/schema\/person\/image\/","url":"https:\/\/suomenkuvalehti.fi\/kuvien-takaa\/wp-content\/uploads\/sites\/11\/2022\/04\/kalle_kinnunen_blogi-1-150x150.jpg","contentUrl":"https:\/\/suomenkuvalehti.fi\/kuvien-takaa\/wp-content\/uploads\/sites\/11\/2022\/04\/kalle_kinnunen_blogi-1-150x150.jpg","caption":"Kalle Kinnunen"},"description":"Kalle Kinnunen on vapaa toimittaja ja Suomen Kuvalehden avustaja.","sameAs":["https:\/\/www.facebook.com\/pages\/Kalle-Kinnunen-Kuvien-takaa\/190326157715410?fref=ts","https:\/\/x.com\/https:\/\/twitter.com\/kallekinnunen"]}]}},"_links":{"self":[{"href":"https:\/\/suomenkuvalehti.fi\/kuvien-takaa\/wp-json\/wp\/v2\/posts\/1089","targetHints":{"allow":["GET"]}}],"collection":[{"href":"https:\/\/suomenkuvalehti.fi\/kuvien-takaa\/wp-json\/wp\/v2\/posts"}],"about":[{"href":"https:\/\/suomenkuvalehti.fi\/kuvien-takaa\/wp-json\/wp\/v2\/types\/post"}],"author":[{"embeddable":true,"href":"https:\/\/suomenkuvalehti.fi\/kuvien-takaa\/wp-json\/wp\/v2\/users\/144"}],"replies":[{"embeddable":true,"href":"https:\/\/suomenkuvalehti.fi\/kuvien-takaa\/wp-json\/wp\/v2\/comments?post=1089"}],"version-history":[{"count":0,"href":"https:\/\/suomenkuvalehti.fi\/kuvien-takaa\/wp-json\/wp\/v2\/posts\/1089\/revisions"}],"wp:attachment":[{"href":"https:\/\/suomenkuvalehti.fi\/kuvien-takaa\/wp-json\/wp\/v2\/media?parent=1089"}],"wp:term":[{"taxonomy":"category","embeddable":true,"href":"https:\/\/suomenkuvalehti.fi\/kuvien-takaa\/wp-json\/wp\/v2\/categories?post=1089"},{"taxonomy":"post_tag","embeddable":true,"href":"https:\/\/suomenkuvalehti.fi\/kuvien-takaa\/wp-json\/wp\/v2\/tags?post=1089"}],"curies":[{"name":"wp","href":"https:\/\/api.w.org\/{rel}","templated":true}]}}