{"id":1078,"date":"2009-02-21T14:29:30","date_gmt":"2009-02-21T12:29:30","guid":{"rendered":"https:\/\/suomenkuvalehti.fi\/kuvientakaa\/2009\/02\/21\/paljon-melua-oscareista\/"},"modified":"2009-02-21T14:29:30","modified_gmt":"2009-02-21T12:29:30","slug":"paljon-melua-oscareista","status":"publish","type":"post","link":"https:\/\/suomenkuvalehti.fi\/kuvien-takaa\/paljon-melua-oscareista\/","title":{"rendered":"Paljon melua Oscareista"},"content":{"rendered":"\n<p>Kuten niin moneen viihdemaailman ilmi\u00f6\u00f6n, Oscar-gaalaan liittyy paljon legendoja ja silkkaa fuulaa.<\/p>\n\n\n\n\n<p>Suomen Kuvalehdenkin nettisivuilla oli v\u00e4litettyn\u00e4 <a href=\"http:\/\/www.suomenkuvalehti.fi\/etusivu\/taiteet-ja-ihmiset\/elokuva\/oscar-gaala-tuottaa.aspx\">Oscar-aiheinen k\u00e4\u00e4nn\u00f6sjuttu<\/a>, jossa oli monta puolitotuutta.<\/p>\n\n\n\n<p>My\u00f6s puoli-intiaani.<\/p>\n\n\n\n<p><strong>Marlon Brando<\/strong> tosiaan l\u00e4hetti Sacheen Littlefeatheriksi esitt\u00e4ytyneen naisen pokkaamaan palkintonsa Kummised\u00e4st\u00e4, mutta huvittavinta on, ett\u00e4 Littlefeatherin oikea nimi oli <strong>Maria Cruz<\/strong>. H\u00e4ness\u00e4 on Amerikan alkuper\u00e4iskansojen verta, mutta yht\u00e4 paljon eurooppalaista.<\/p>\n\n\n\n<p>Ent\u00e4p\u00e4 <strong>Vanessa Redgraven<\/strong> suorassa l\u00e4hetyksess\u00e4 saama l\u00e4ksytys?<\/p>\n\n\n\n<p><strong>Paddy Chayefsky<\/strong> (jutussa nimikin on kirjoitettu v\u00e4\u00e4rin &#8211; vai pit\u00e4isik\u00f6 meid\u00e4n puhua my\u00f6s Noam Khomskista ja Darren Aronovskista?) ei ollut koskaan gaalan juontaja, vaan jakoi k\u00e4sikirjoitus-Oscarin vuonna 1978. H\u00e4n antoi kommentoi Redgraven sanomisia vasta kaksi tuntia t\u00e4m\u00e4n purkauksen j\u00e4lkeen.<\/p>\n\n\n\n<p>Lis\u00e4ksi jutussa v\u00e4itettiin, ett\u00e4 Oscar-gaalalla olisi miljardi katsojaa. Se on yleinen harhaluulo, mutta <a href=\"http:\/\/www.newyorker.com\/archive\/2005\/02\/28\/050228ta_talk_radosh\">t\u00e4ytt\u00e4 puppua<\/a>.<\/p>\n\n\n\n<p>USA:ssa gaalan on viime vuosina katsonut 30-60 miljoonaa ihmist\u00e4 riippuen siit\u00e4, kuinka suosittuja elokuvia on ehdolla. T\u00e4n\u00e4 vuonna ehdokkaat ovat menestyneet lippukassoilla hieman paremmin kuin ehdokkaat vuosi sitten, jolloin katsojam\u00e4\u00e4r\u00e4 j\u00e4i <a href=\"http:\/\/online.wsj.com\/article\/SB120396518401991027.html\">enn\u00e4tyksellisen alhaiseksi<\/a>.<\/p>\n\n\n\n<p>Euroopassa, jossa gaalalla pit\u00e4isi kulttuuripiirin samankaltaisuuden seurauksena olla toiseksi suurin yleis\u00f6, on gaalan l\u00e4hetysaikaaan y\u00f6. Lyhennettyj\u00e4 uusintoja tietysti n\u00e4ytet\u00e4\u00e4n my\u00f6hemmin.<\/p>\n\n\n\n<p>V\u00e4ite miljardista katsojasta perustunee puup\u00e4iseen olettamukseen, ett\u00e4 jos amerikkalaisista noin 15 prosenttia katsoo tv-l\u00e4hetyksen, sama voidaan yleist\u00e4\u00e4 koko muuhun maailmaan.<\/p>\n\n\n\n<p>No, jenkkil\u00e4isess\u00e4 mediassa usein toistuvan urbaanilegendan mukaan my\u00f6s amerikkalaisen jalkapallon suurtapahtuma Superbowl saa maailmanlaajuisesti miljardi katsojaa, vaikka <a href=\"http:\/\/sportsillustrated.cnn.com\/2006\/writers\/steve_rushin\/02\/03\/rushin0206\/index.html\">todellinen luku<\/a> on alle sata miljoonaa &#8211; josta 98% on pohjoisamerikkalaisia.<\/p>\n\n\n\n<p>Elokuvat toki kiinnostavat maailmalla enemm\u00e4n kuin jenkkifutis. Todenn\u00e4k\u00f6isesti Oscar-gaalaa ja uusintoja katsotaan USA:n ulkopuolella yhteens\u00e4 hieman enemm\u00e4n kuin maan sis\u00e4ll\u00e4, eli pallonlaajuinen katsojam\u00e4\u00e4r\u00e4 nousee parhaimmillaan pariin sataan miljoonaan. Iso luku sekin.<\/p>\n\n\n\n<p>Ja meill\u00e4 Suomessa kiinnostavuutta varmasti v\u00e4hent\u00e4\u00e4 se, ett\u00e4 todenn\u00e4k\u00f6isin t\u00e4rkeimpien palkintojen voittaja Slummien miljon\u00e4\u00e4ri saapuu ensi-iltaan vasta 12.3. Tavallaan s\u00e4\u00e4li, mutta levitysyhti\u00f6n kannalta varmasti mahtava juttu, kun Oscar-julkisuudesta ensi-illan yhteydess\u00e4 saadaan kaikki irti.<\/p>\n\n\n","protected":false},"excerpt":{"rendered":"<p>Kuten niin moneen viihdemaailman ilmi\u00f6\u00f6n, Oscar-gaalaan liittyy paljon legendoja ja silkkaa fuulaa. Suomen Kuvalehdenkin nettisivuilla oli v\u00e4litettyn\u00e4 Oscar-aiheinen k\u00e4\u00e4nn\u00f6sjuttu, jossa oli monta puolitotuutta. My\u00f6s puoli-intiaani. Marlon Brando tosiaan l\u00e4hetti Sacheen Littlefeatheriksi<br \/>\nesitt\u00e4yt&hellip;<\/p>\n","protected":false},"author":144,"featured_media":0,"comment_status":"open","ping_status":"open","sticky":false,"template":"","format":"standard","meta":{"_acf_changed":false,"asauth_required_access_level":0,"asauth_cansharepaid":"","om_header_attributes":[],"footnotes":"","om_featured_image_focal_point":[],"om_primary_tag":0,"om_contributors":[],"om_co_authors":[],"beyondwords_generate_audio":"","beyondwords_project_id":"","beyondwords_content_id":"","beyondwords_preview_token":"","beyondwords_player_content":"","beyondwords_player_style":"","beyondwords_language_code":"","beyondwords_language_id":"","beyondwords_title_voice_id":"","beyondwords_body_voice_id":"","beyondwords_summary_voice_id":"","beyondwords_error_message":"","beyondwords_disabled":"","beyondwords_delete_content":"","beyondwords_podcast_id":"","beyondwords_hash":"","publish_post_to_speechkit":"","speechkit_hash":"","speechkit_generate_audio":"","speechkit_project_id":"","speechkit_podcast_id":"","speechkit_error_message":"","speechkit_disabled":"","speechkit_access_key":"","speechkit_error":"","speechkit_info":"","speechkit_response":"","speechkit_retries":"","speechkit_status":"","speechkit_updated_at":"","_speechkit_link":"","_speechkit_text":""},"categories":[1],"tags":[1695,1694,1696],"class_list":["post-1078","post","type-post","status-publish","format-standard","hentry","category-kuvien-takaa","tag-ilmiot","tag-oscar","tag-viihdeteollisuus"],"om_views":null,"acf":{"tuuma_off":false,"tuuma_kysymys":"","tuuma_vastaus":""},"asauth":{"required_access_level":1,"share_token":"","is_paid":false},"yoast_head":"<!-- This site is optimized with the Yoast SEO plugin v26.4 - https:\/\/yoast.com\/wordpress\/plugins\/seo\/ -->\n<title>Paljon melua Oscareista - Kuvien takaa<\/title>\n<meta name=\"robots\" content=\"index, follow, max-snippet:-1, max-image-preview:large, max-video-preview:-1\" \/>\n<link rel=\"canonical\" href=\"https:\/\/suomenkuvalehti.fi\/kuvien-takaa\/paljon-melua-oscareista\/\" \/>\n<meta property=\"og:locale\" content=\"fi_FI\" \/>\n<meta property=\"og:type\" content=\"article\" \/>\n<meta property=\"og:title\" content=\"Paljon melua Oscareista - Kuvien takaa\" \/>\n<meta property=\"og:description\" content=\"Kuten niin moneen viihdemaailman ilmi\u00f6\u00f6n, Oscar-gaalaan liittyy paljon legendoja ja silkkaa fuulaa. Suomen Kuvalehdenkin nettisivuilla oli v\u00e4litettyn\u00e4 Oscar-aiheinen k\u00e4\u00e4nn\u00f6sjuttu, jossa oli monta puolitotuutta. My\u00f6s puoli-intiaani. Marlon Brando tosiaan l\u00e4hetti Sacheen Littlefeatheriksi esitt\u00e4yt&hellip;\" \/>\n<meta property=\"og:url\" content=\"https:\/\/suomenkuvalehti.fi\/kuvien-takaa\/paljon-melua-oscareista\/\" \/>\n<meta property=\"og:site_name\" content=\"Kuvien takaa\" \/>\n<meta property=\"article:author\" content=\"https:\/\/www.facebook.com\/pages\/Kalle-Kinnunen-Kuvien-takaa\/190326157715410?fref=ts\" \/>\n<meta property=\"article:published_time\" content=\"2009-02-21T12:29:30+00:00\" \/>\n<meta property=\"og:image\" content=\"https:\/\/suomenkuvalehti.fi\/kuvien-takaa\/wp-content\/uploads\/sites\/11\/2022\/04\/kalle_kinnunen_blogi-1-scaled.jpg\" \/>\n\t<meta property=\"og:image:width\" content=\"2560\" \/>\n\t<meta property=\"og:image:height\" content=\"1707\" \/>\n\t<meta property=\"og:image:type\" content=\"image\/jpeg\" \/>\n<meta name=\"author\" content=\"Kalle Kinnunen\" \/>\n<meta name=\"twitter:card\" content=\"summary_large_image\" \/>\n<meta name=\"twitter:creator\" content=\"@https:\/\/twitter.com\/kallekinnunen\" \/>\n<meta name=\"twitter:label1\" content=\"Written by\" \/>\n\t<meta name=\"twitter:data1\" content=\"Kalle Kinnunen\" \/>\n\t<meta name=\"twitter:label2\" content=\"Est. reading time\" \/>\n\t<meta name=\"twitter:data2\" content=\"2 minuuttia\" \/>\n<script type=\"application\/ld+json\" class=\"yoast-schema-graph\">{\"@context\":\"https:\/\/schema.org\",\"@graph\":[{\"@type\":\"WebPage\",\"@id\":\"https:\/\/suomenkuvalehti.fi\/kuvien-takaa\/paljon-melua-oscareista\/\",\"url\":\"https:\/\/suomenkuvalehti.fi\/kuvien-takaa\/paljon-melua-oscareista\/\",\"name\":\"Paljon melua Oscareista - Kuvien takaa\",\"isPartOf\":{\"@id\":\"https:\/\/suomenkuvalehti.fi\/kuvien-takaa\/#website\"},\"datePublished\":\"2009-02-21T12:29:30+00:00\",\"author\":{\"@id\":\"https:\/\/suomenkuvalehti.fi\/kuvien-takaa\/#\/schema\/person\/f3f657e4ad409e008f12af27bec60a23\"},\"breadcrumb\":{\"@id\":\"https:\/\/suomenkuvalehti.fi\/kuvien-takaa\/paljon-melua-oscareista\/#breadcrumb\"},\"inLanguage\":\"fi\",\"potentialAction\":[{\"@type\":\"ReadAction\",\"target\":[\"https:\/\/suomenkuvalehti.fi\/kuvien-takaa\/paljon-melua-oscareista\/\"]}]},{\"@type\":\"BreadcrumbList\",\"@id\":\"https:\/\/suomenkuvalehti.fi\/kuvien-takaa\/paljon-melua-oscareista\/#breadcrumb\",\"itemListElement\":[{\"@type\":\"ListItem\",\"position\":1,\"name\":\"Home\",\"item\":\"https:\/\/suomenkuvalehti.fi\/kuvien-takaa\/\"},{\"@type\":\"ListItem\",\"position\":2,\"name\":\"Paljon melua Oscareista\"}]},{\"@type\":\"WebSite\",\"@id\":\"https:\/\/suomenkuvalehti.fi\/kuvien-takaa\/#website\",\"url\":\"https:\/\/suomenkuvalehti.fi\/kuvien-takaa\/\",\"name\":\"Kuvien takaa\",\"description\":\"Elokuvakriitikko Kalle Kinnusen elokuvablogi.\",\"potentialAction\":[{\"@type\":\"SearchAction\",\"target\":{\"@type\":\"EntryPoint\",\"urlTemplate\":\"https:\/\/suomenkuvalehti.fi\/haku\/?q={search_term_string}\"},\"query-input\":{\"@type\":\"PropertyValueSpecification\",\"valueRequired\":true,\"valueName\":\"search_term_string\"}}],\"inLanguage\":\"fi\"},{\"@type\":\"Person\",\"@id\":\"https:\/\/suomenkuvalehti.fi\/kuvien-takaa\/#\/schema\/person\/f3f657e4ad409e008f12af27bec60a23\",\"name\":\"Kalle Kinnunen\",\"image\":{\"@type\":\"ImageObject\",\"inLanguage\":\"fi\",\"@id\":\"https:\/\/suomenkuvalehti.fi\/kuvien-takaa\/#\/schema\/person\/image\/\",\"url\":\"https:\/\/suomenkuvalehti.fi\/kuvien-takaa\/wp-content\/uploads\/sites\/11\/2022\/04\/kalle_kinnunen_blogi-1-150x150.jpg\",\"contentUrl\":\"https:\/\/suomenkuvalehti.fi\/kuvien-takaa\/wp-content\/uploads\/sites\/11\/2022\/04\/kalle_kinnunen_blogi-1-150x150.jpg\",\"caption\":\"Kalle Kinnunen\"},\"description\":\"Kalle Kinnunen on vapaa toimittaja ja Suomen Kuvalehden avustaja.\",\"sameAs\":[\"https:\/\/www.facebook.com\/pages\/Kalle-Kinnunen-Kuvien-takaa\/190326157715410?fref=ts\",\"https:\/\/x.com\/https:\/\/twitter.com\/kallekinnunen\"]}]}<\/script>\n<!-- \/ Yoast SEO plugin. -->","yoast_head_json":{"title":"Paljon melua Oscareista - Kuvien takaa","robots":{"index":"index","follow":"follow","max-snippet":"max-snippet:-1","max-image-preview":"max-image-preview:large","max-video-preview":"max-video-preview:-1"},"canonical":"https:\/\/suomenkuvalehti.fi\/kuvien-takaa\/paljon-melua-oscareista\/","og_locale":"fi_FI","og_type":"article","og_title":"Paljon melua Oscareista - Kuvien takaa","og_description":"Kuten niin moneen viihdemaailman ilmi\u00f6\u00f6n, Oscar-gaalaan liittyy paljon legendoja ja silkkaa fuulaa. Suomen Kuvalehdenkin nettisivuilla oli v\u00e4litettyn\u00e4 Oscar-aiheinen k\u00e4\u00e4nn\u00f6sjuttu, jossa oli monta puolitotuutta. My\u00f6s puoli-intiaani. Marlon Brando tosiaan l\u00e4hetti Sacheen Littlefeatheriksi esitt\u00e4yt&hellip;","og_url":"https:\/\/suomenkuvalehti.fi\/kuvien-takaa\/paljon-melua-oscareista\/","og_site_name":"Kuvien takaa","article_author":"https:\/\/www.facebook.com\/pages\/Kalle-Kinnunen-Kuvien-takaa\/190326157715410?fref=ts","article_published_time":"2009-02-21T12:29:30+00:00","og_image":[{"width":2560,"height":1707,"url":"https:\/\/suomenkuvalehti.fi\/kuvien-takaa\/wp-content\/uploads\/sites\/11\/2022\/04\/kalle_kinnunen_blogi-1-scaled.jpg","type":"image\/jpeg"}],"author":"Kalle Kinnunen","twitter_card":"summary_large_image","twitter_creator":"@https:\/\/twitter.com\/kallekinnunen","twitter_misc":{"Written by":"Kalle Kinnunen","Est. reading time":"2 minuuttia"},"schema":{"@context":"https:\/\/schema.org","@graph":[{"@type":"WebPage","@id":"https:\/\/suomenkuvalehti.fi\/kuvien-takaa\/paljon-melua-oscareista\/","url":"https:\/\/suomenkuvalehti.fi\/kuvien-takaa\/paljon-melua-oscareista\/","name":"Paljon melua Oscareista - Kuvien takaa","isPartOf":{"@id":"https:\/\/suomenkuvalehti.fi\/kuvien-takaa\/#website"},"datePublished":"2009-02-21T12:29:30+00:00","author":{"@id":"https:\/\/suomenkuvalehti.fi\/kuvien-takaa\/#\/schema\/person\/f3f657e4ad409e008f12af27bec60a23"},"breadcrumb":{"@id":"https:\/\/suomenkuvalehti.fi\/kuvien-takaa\/paljon-melua-oscareista\/#breadcrumb"},"inLanguage":"fi","potentialAction":[{"@type":"ReadAction","target":["https:\/\/suomenkuvalehti.fi\/kuvien-takaa\/paljon-melua-oscareista\/"]}]},{"@type":"BreadcrumbList","@id":"https:\/\/suomenkuvalehti.fi\/kuvien-takaa\/paljon-melua-oscareista\/#breadcrumb","itemListElement":[{"@type":"ListItem","position":1,"name":"Home","item":"https:\/\/suomenkuvalehti.fi\/kuvien-takaa\/"},{"@type":"ListItem","position":2,"name":"Paljon melua Oscareista"}]},{"@type":"WebSite","@id":"https:\/\/suomenkuvalehti.fi\/kuvien-takaa\/#website","url":"https:\/\/suomenkuvalehti.fi\/kuvien-takaa\/","name":"Kuvien takaa","description":"Elokuvakriitikko Kalle Kinnusen elokuvablogi.","potentialAction":[{"@type":"SearchAction","target":{"@type":"EntryPoint","urlTemplate":"https:\/\/suomenkuvalehti.fi\/haku\/?q={search_term_string}"},"query-input":{"@type":"PropertyValueSpecification","valueRequired":true,"valueName":"search_term_string"}}],"inLanguage":"fi"},{"@type":"Person","@id":"https:\/\/suomenkuvalehti.fi\/kuvien-takaa\/#\/schema\/person\/f3f657e4ad409e008f12af27bec60a23","name":"Kalle Kinnunen","image":{"@type":"ImageObject","inLanguage":"fi","@id":"https:\/\/suomenkuvalehti.fi\/kuvien-takaa\/#\/schema\/person\/image\/","url":"https:\/\/suomenkuvalehti.fi\/kuvien-takaa\/wp-content\/uploads\/sites\/11\/2022\/04\/kalle_kinnunen_blogi-1-150x150.jpg","contentUrl":"https:\/\/suomenkuvalehti.fi\/kuvien-takaa\/wp-content\/uploads\/sites\/11\/2022\/04\/kalle_kinnunen_blogi-1-150x150.jpg","caption":"Kalle Kinnunen"},"description":"Kalle Kinnunen on vapaa toimittaja ja Suomen Kuvalehden avustaja.","sameAs":["https:\/\/www.facebook.com\/pages\/Kalle-Kinnunen-Kuvien-takaa\/190326157715410?fref=ts","https:\/\/x.com\/https:\/\/twitter.com\/kallekinnunen"]}]}},"_links":{"self":[{"href":"https:\/\/suomenkuvalehti.fi\/kuvien-takaa\/wp-json\/wp\/v2\/posts\/1078","targetHints":{"allow":["GET"]}}],"collection":[{"href":"https:\/\/suomenkuvalehti.fi\/kuvien-takaa\/wp-json\/wp\/v2\/posts"}],"about":[{"href":"https:\/\/suomenkuvalehti.fi\/kuvien-takaa\/wp-json\/wp\/v2\/types\/post"}],"author":[{"embeddable":true,"href":"https:\/\/suomenkuvalehti.fi\/kuvien-takaa\/wp-json\/wp\/v2\/users\/144"}],"replies":[{"embeddable":true,"href":"https:\/\/suomenkuvalehti.fi\/kuvien-takaa\/wp-json\/wp\/v2\/comments?post=1078"}],"version-history":[{"count":0,"href":"https:\/\/suomenkuvalehti.fi\/kuvien-takaa\/wp-json\/wp\/v2\/posts\/1078\/revisions"}],"wp:attachment":[{"href":"https:\/\/suomenkuvalehti.fi\/kuvien-takaa\/wp-json\/wp\/v2\/media?parent=1078"}],"wp:term":[{"taxonomy":"category","embeddable":true,"href":"https:\/\/suomenkuvalehti.fi\/kuvien-takaa\/wp-json\/wp\/v2\/categories?post=1078"},{"taxonomy":"post_tag","embeddable":true,"href":"https:\/\/suomenkuvalehti.fi\/kuvien-takaa\/wp-json\/wp\/v2\/tags?post=1078"}],"curies":[{"name":"wp","href":"https:\/\/api.w.org\/{rel}","templated":true}]}}