{"id":1066,"date":"2009-03-26T08:20:15","date_gmt":"2009-03-26T06:20:15","guid":{"rendered":"https:\/\/suomenkuvalehti.fi\/kuvientakaa\/2009\/03\/26\/requiem-on-vakeva-kuvaus-mielenterveyden-jarkkymisesta\/"},"modified":"2013-11-29T15:26:30","modified_gmt":"2013-11-29T13:26:30","slug":"requiem-on-vakeva-kuvaus-mielenterveyden-jarkkymisesta","status":"publish","type":"post","link":"https:\/\/suomenkuvalehti.fi\/kuvien-takaa\/requiem-on-vakeva-kuvaus-mielenterveyden-jarkkymisesta\/","title":{"rendered":"Requiem on v\u00e4kev\u00e4 kuvaus mielenterveyden j\u00e4rkkymisest\u00e4"},"content":{"rendered":"\n<p>Yle Teeman illan elokuva on v\u00e4h\u00e4n tunnettu, mutta poikkeuksellisen vaikuttava draama nuoren naisen romahduksesta.<\/p>\n\n\n\n<p><br><strong><br>Hans-Christian Schmidin<\/strong><em> Requiem<\/em> perustuu tositapaukseen 1970-luvulta. Saksalaisen opiskelijan Michaelan (<strong>Sandra H\u00fcller<\/strong>) itsen\u00e4istyminell\u00e4 on monia esteit\u00e4. H\u00e4n k\u00e4rsii epilepsiasta. Viel\u00e4 pahempaa on se, etteiv\u00e4t syv\u00e4sti katoliset vanhemmat salli tytt\u00e4ren etsi\u00e4 omaa tiet\u00e4\u00e4n.<\/p>\n\n\n\n<p>Psykoosi rikkoo yliopistoon p\u00e4\u00e4sseen Michaelan maailman. Vanhemmat tulevat lopulta apuun, tulkitsevat tapahtumat omasta n\u00e4k\u00f6kulmastaan &#8211; ja antavat papin yritt\u00e4\u00e4 hoitoa manaamalla.<\/p>\n\n\n\n<p>Kuulostaa kauhuelokuvalta, ja sit\u00e4 <a href=\"http:\/\/akas.imdb.com\/title\/tt0454931\/\">Requiem<\/a> tavallaan onkin. Yliluonnolliset elementit kuitenkin puuttuvat. Schmid n\u00e4ytt\u00e4\u00e4 kaiken tyynesti, katsomatta pois pahoillakaan hetkill\u00e4, antamatta katsojalle armoa.<\/p>\n\n\n\n<p>Teemana on ihmisen hauraus &#8211; yhden sairaus, toisten typeryys. Hyv\u00e4\u00e4 tarkoittavalla julmuudella olisi helppo manipuloida katsojaa, mutta Schmid ei osoittele sormella, vaan antaa katsojan tehd\u00e4 johtop\u00e4\u00e4t\u00f6ksens\u00e4. Harmi, ett\u00e4 h\u00e4nen uusin elokuvansa <em>Storm <\/em><a href=\"https:\/\/suomenkuvalehti.fi\/kuvientakaa\/2009\/02\/09\/storm-on-vaisu-elokuva-serbien-sotarikoksista\/\">oli pettymys<\/a> Requiemin taituruuteen verrattuna.<\/p>\n\n\n\n<p>Requiem valmistui 2006. Vain muutamaa kuukautta aiemmin sai Suomessakin ensi-iltansa <em>Emily Rosen riivaaja<\/em>, suorastaan surkea amerikkalainen kauhuelokuva, joka my\u00f6s pohjautuu <strong>Anneliese Michelin<\/strong> surulliseen tarinaan. Harvoin on samoista tositapahtumista tehty kahta n\u00e4in erilaista elokuvaa.<\/p>\n\n\n\n<p>Michelin tarina l\u00f6ytyy yksityiskohtaisena <a href=\"http:\/\/en.wikipedia.org\/wiki\/Anneliese_Michel\">englanninkielisest\u00e4 <\/a>ja <a href=\"http:\/\/de.wikipedia.org\/wiki\/Anneliese_Michel\">saksankielisest\u00e4<\/a> Wikipediasta. Ei heikkohermoisille.<\/p>\n\n\n","protected":false},"excerpt":{"rendered":"<p>Yle Teeman illan elokuva on v\u00e4h\u00e4n tunnettu, mutta poikkeuksellisen vaikuttava draama nuoren naisen romahduksesta. Hans-Christian Schmidin Requiem perustuu tositapaukseen 1970-luvulta. Saksalaisen opiskelijan Michaelan (Sandra H\u00fcller) itsen\u00e4istyminell\u00e4 on monia esteit\u00e4.<br \/>\nH\u00e4n k&hellip;<\/p>\n","protected":false},"author":144,"featured_media":0,"comment_status":"open","ping_status":"open","sticky":false,"template":"","format":"standard","meta":{"_acf_changed":false,"asauth_required_access_level":0,"asauth_cansharepaid":"","om_header_attributes":[],"footnotes":"","om_featured_image_focal_point":[],"om_primary_tag":0,"om_contributors":[],"om_co_authors":[],"beyondwords_generate_audio":"","beyondwords_project_id":"","beyondwords_content_id":"","beyondwords_preview_token":"","beyondwords_player_content":"","beyondwords_player_style":"","beyondwords_language_code":"","beyondwords_language_id":"","beyondwords_title_voice_id":"","beyondwords_body_voice_id":"","beyondwords_summary_voice_id":"","beyondwords_error_message":"","beyondwords_disabled":"","beyondwords_delete_content":"","beyondwords_podcast_id":"","beyondwords_hash":"","publish_post_to_speechkit":"","speechkit_hash":"","speechkit_generate_audio":"","speechkit_project_id":"","speechkit_podcast_id":"","speechkit_error_message":"","speechkit_disabled":"","speechkit_access_key":"","speechkit_error":"","speechkit_info":"","speechkit_response":"","speechkit_retries":"","speechkit_status":"","speechkit_updated_at":"","_speechkit_link":"","_speechkit_text":""},"categories":[1],"tags":[1673,1652,1672,1341,1200],"class_list":["post-1066","post","type-post","status-publish","format-standard","hentry","category-kuvien-takaa","tag-katolisuus","tag-kauhuelokuva","tag-mielenterveyshairiot","tag-saksalainen-elokuva","tag-yle-teema"],"om_views":null,"acf":{"tuuma_off":false,"tuuma_kysymys":"","tuuma_vastaus":""},"asauth":{"required_access_level":1,"share_token":"","is_paid":false},"yoast_head":"<!-- This site is optimized with the Yoast SEO plugin v26.4 - https:\/\/yoast.com\/wordpress\/plugins\/seo\/ -->\n<title>Requiem on v\u00e4kev\u00e4 kuvaus mielenterveyden j\u00e4rkkymisest\u00e4 - Kuvien takaa<\/title>\n<meta name=\"robots\" content=\"index, follow, max-snippet:-1, max-image-preview:large, max-video-preview:-1\" \/>\n<link rel=\"canonical\" href=\"https:\/\/suomenkuvalehti.fi\/kuvien-takaa\/requiem-on-vakeva-kuvaus-mielenterveyden-jarkkymisesta\/\" \/>\n<meta property=\"og:locale\" content=\"fi_FI\" \/>\n<meta property=\"og:type\" content=\"article\" \/>\n<meta property=\"og:title\" content=\"Requiem on v\u00e4kev\u00e4 kuvaus mielenterveyden j\u00e4rkkymisest\u00e4 - Kuvien takaa\" \/>\n<meta property=\"og:description\" content=\"Yle Teeman illan elokuva on v\u00e4h\u00e4n tunnettu, mutta poikkeuksellisen vaikuttava draama nuoren naisen romahduksesta. Hans-Christian Schmidin Requiem perustuu tositapaukseen 1970-luvulta. Saksalaisen opiskelijan Michaelan (Sandra H\u00fcller) itsen\u00e4istyminell\u00e4 on monia esteit\u00e4. H\u00e4n k&hellip;\" \/>\n<meta property=\"og:url\" content=\"https:\/\/suomenkuvalehti.fi\/kuvien-takaa\/requiem-on-vakeva-kuvaus-mielenterveyden-jarkkymisesta\/\" \/>\n<meta property=\"og:site_name\" content=\"Kuvien takaa\" \/>\n<meta property=\"article:author\" content=\"https:\/\/www.facebook.com\/pages\/Kalle-Kinnunen-Kuvien-takaa\/190326157715410?fref=ts\" \/>\n<meta property=\"article:published_time\" content=\"2009-03-26T06:20:15+00:00\" \/>\n<meta property=\"article:modified_time\" content=\"2013-11-29T13:26:30+00:00\" \/>\n<meta property=\"og:image\" content=\"https:\/\/suomenkuvalehti.fi\/kuvien-takaa\/wp-content\/uploads\/sites\/11\/2022\/04\/kalle_kinnunen_blogi-1-scaled.jpg\" \/>\n\t<meta property=\"og:image:width\" content=\"2560\" \/>\n\t<meta property=\"og:image:height\" content=\"1707\" \/>\n\t<meta property=\"og:image:type\" content=\"image\/jpeg\" \/>\n<meta name=\"author\" content=\"Kalle Kinnunen\" \/>\n<meta name=\"twitter:card\" content=\"summary_large_image\" \/>\n<meta name=\"twitter:creator\" content=\"@https:\/\/twitter.com\/kallekinnunen\" \/>\n<meta name=\"twitter:label1\" content=\"Written by\" \/>\n\t<meta name=\"twitter:data1\" content=\"Kalle Kinnunen\" \/>\n\t<meta name=\"twitter:label2\" content=\"Est. reading time\" \/>\n\t<meta name=\"twitter:data2\" content=\"1 minuutti\" \/>\n<script type=\"application\/ld+json\" class=\"yoast-schema-graph\">{\"@context\":\"https:\/\/schema.org\",\"@graph\":[{\"@type\":\"WebPage\",\"@id\":\"https:\/\/suomenkuvalehti.fi\/kuvien-takaa\/requiem-on-vakeva-kuvaus-mielenterveyden-jarkkymisesta\/\",\"url\":\"https:\/\/suomenkuvalehti.fi\/kuvien-takaa\/requiem-on-vakeva-kuvaus-mielenterveyden-jarkkymisesta\/\",\"name\":\"Requiem on v\u00e4kev\u00e4 kuvaus mielenterveyden j\u00e4rkkymisest\u00e4 - Kuvien takaa\",\"isPartOf\":{\"@id\":\"https:\/\/suomenkuvalehti.fi\/kuvien-takaa\/#website\"},\"datePublished\":\"2009-03-26T06:20:15+00:00\",\"dateModified\":\"2013-11-29T13:26:30+00:00\",\"author\":{\"@id\":\"https:\/\/suomenkuvalehti.fi\/kuvien-takaa\/#\/schema\/person\/f3f657e4ad409e008f12af27bec60a23\"},\"breadcrumb\":{\"@id\":\"https:\/\/suomenkuvalehti.fi\/kuvien-takaa\/requiem-on-vakeva-kuvaus-mielenterveyden-jarkkymisesta\/#breadcrumb\"},\"inLanguage\":\"fi\",\"potentialAction\":[{\"@type\":\"ReadAction\",\"target\":[\"https:\/\/suomenkuvalehti.fi\/kuvien-takaa\/requiem-on-vakeva-kuvaus-mielenterveyden-jarkkymisesta\/\"]}]},{\"@type\":\"BreadcrumbList\",\"@id\":\"https:\/\/suomenkuvalehti.fi\/kuvien-takaa\/requiem-on-vakeva-kuvaus-mielenterveyden-jarkkymisesta\/#breadcrumb\",\"itemListElement\":[{\"@type\":\"ListItem\",\"position\":1,\"name\":\"Home\",\"item\":\"https:\/\/suomenkuvalehti.fi\/kuvien-takaa\/\"},{\"@type\":\"ListItem\",\"position\":2,\"name\":\"Requiem on v\u00e4kev\u00e4 kuvaus mielenterveyden j\u00e4rkkymisest\u00e4\"}]},{\"@type\":\"WebSite\",\"@id\":\"https:\/\/suomenkuvalehti.fi\/kuvien-takaa\/#website\",\"url\":\"https:\/\/suomenkuvalehti.fi\/kuvien-takaa\/\",\"name\":\"Kuvien takaa\",\"description\":\"Elokuvakriitikko Kalle Kinnusen elokuvablogi.\",\"potentialAction\":[{\"@type\":\"SearchAction\",\"target\":{\"@type\":\"EntryPoint\",\"urlTemplate\":\"https:\/\/suomenkuvalehti.fi\/haku\/?q={search_term_string}\"},\"query-input\":{\"@type\":\"PropertyValueSpecification\",\"valueRequired\":true,\"valueName\":\"search_term_string\"}}],\"inLanguage\":\"fi\"},{\"@type\":\"Person\",\"@id\":\"https:\/\/suomenkuvalehti.fi\/kuvien-takaa\/#\/schema\/person\/f3f657e4ad409e008f12af27bec60a23\",\"name\":\"Kalle Kinnunen\",\"image\":{\"@type\":\"ImageObject\",\"inLanguage\":\"fi\",\"@id\":\"https:\/\/suomenkuvalehti.fi\/kuvien-takaa\/#\/schema\/person\/image\/\",\"url\":\"https:\/\/suomenkuvalehti.fi\/kuvien-takaa\/wp-content\/uploads\/sites\/11\/2022\/04\/kalle_kinnunen_blogi-1-150x150.jpg\",\"contentUrl\":\"https:\/\/suomenkuvalehti.fi\/kuvien-takaa\/wp-content\/uploads\/sites\/11\/2022\/04\/kalle_kinnunen_blogi-1-150x150.jpg\",\"caption\":\"Kalle Kinnunen\"},\"description\":\"Kalle Kinnunen on vapaa toimittaja ja Suomen Kuvalehden avustaja.\",\"sameAs\":[\"https:\/\/www.facebook.com\/pages\/Kalle-Kinnunen-Kuvien-takaa\/190326157715410?fref=ts\",\"https:\/\/x.com\/https:\/\/twitter.com\/kallekinnunen\"]}]}<\/script>\n<!-- \/ Yoast SEO plugin. -->","yoast_head_json":{"title":"Requiem on v\u00e4kev\u00e4 kuvaus mielenterveyden j\u00e4rkkymisest\u00e4 - Kuvien takaa","robots":{"index":"index","follow":"follow","max-snippet":"max-snippet:-1","max-image-preview":"max-image-preview:large","max-video-preview":"max-video-preview:-1"},"canonical":"https:\/\/suomenkuvalehti.fi\/kuvien-takaa\/requiem-on-vakeva-kuvaus-mielenterveyden-jarkkymisesta\/","og_locale":"fi_FI","og_type":"article","og_title":"Requiem on v\u00e4kev\u00e4 kuvaus mielenterveyden j\u00e4rkkymisest\u00e4 - Kuvien takaa","og_description":"Yle Teeman illan elokuva on v\u00e4h\u00e4n tunnettu, mutta poikkeuksellisen vaikuttava draama nuoren naisen romahduksesta. Hans-Christian Schmidin Requiem perustuu tositapaukseen 1970-luvulta. Saksalaisen opiskelijan Michaelan (Sandra H\u00fcller) itsen\u00e4istyminell\u00e4 on monia esteit\u00e4. H\u00e4n k&hellip;","og_url":"https:\/\/suomenkuvalehti.fi\/kuvien-takaa\/requiem-on-vakeva-kuvaus-mielenterveyden-jarkkymisesta\/","og_site_name":"Kuvien takaa","article_author":"https:\/\/www.facebook.com\/pages\/Kalle-Kinnunen-Kuvien-takaa\/190326157715410?fref=ts","article_published_time":"2009-03-26T06:20:15+00:00","article_modified_time":"2013-11-29T13:26:30+00:00","og_image":[{"width":2560,"height":1707,"url":"https:\/\/suomenkuvalehti.fi\/kuvien-takaa\/wp-content\/uploads\/sites\/11\/2022\/04\/kalle_kinnunen_blogi-1-scaled.jpg","type":"image\/jpeg"}],"author":"Kalle Kinnunen","twitter_card":"summary_large_image","twitter_creator":"@https:\/\/twitter.com\/kallekinnunen","twitter_misc":{"Written by":"Kalle Kinnunen","Est. reading time":"1 minuutti"},"schema":{"@context":"https:\/\/schema.org","@graph":[{"@type":"WebPage","@id":"https:\/\/suomenkuvalehti.fi\/kuvien-takaa\/requiem-on-vakeva-kuvaus-mielenterveyden-jarkkymisesta\/","url":"https:\/\/suomenkuvalehti.fi\/kuvien-takaa\/requiem-on-vakeva-kuvaus-mielenterveyden-jarkkymisesta\/","name":"Requiem on v\u00e4kev\u00e4 kuvaus mielenterveyden j\u00e4rkkymisest\u00e4 - Kuvien takaa","isPartOf":{"@id":"https:\/\/suomenkuvalehti.fi\/kuvien-takaa\/#website"},"datePublished":"2009-03-26T06:20:15+00:00","dateModified":"2013-11-29T13:26:30+00:00","author":{"@id":"https:\/\/suomenkuvalehti.fi\/kuvien-takaa\/#\/schema\/person\/f3f657e4ad409e008f12af27bec60a23"},"breadcrumb":{"@id":"https:\/\/suomenkuvalehti.fi\/kuvien-takaa\/requiem-on-vakeva-kuvaus-mielenterveyden-jarkkymisesta\/#breadcrumb"},"inLanguage":"fi","potentialAction":[{"@type":"ReadAction","target":["https:\/\/suomenkuvalehti.fi\/kuvien-takaa\/requiem-on-vakeva-kuvaus-mielenterveyden-jarkkymisesta\/"]}]},{"@type":"BreadcrumbList","@id":"https:\/\/suomenkuvalehti.fi\/kuvien-takaa\/requiem-on-vakeva-kuvaus-mielenterveyden-jarkkymisesta\/#breadcrumb","itemListElement":[{"@type":"ListItem","position":1,"name":"Home","item":"https:\/\/suomenkuvalehti.fi\/kuvien-takaa\/"},{"@type":"ListItem","position":2,"name":"Requiem on v\u00e4kev\u00e4 kuvaus mielenterveyden j\u00e4rkkymisest\u00e4"}]},{"@type":"WebSite","@id":"https:\/\/suomenkuvalehti.fi\/kuvien-takaa\/#website","url":"https:\/\/suomenkuvalehti.fi\/kuvien-takaa\/","name":"Kuvien takaa","description":"Elokuvakriitikko Kalle Kinnusen elokuvablogi.","potentialAction":[{"@type":"SearchAction","target":{"@type":"EntryPoint","urlTemplate":"https:\/\/suomenkuvalehti.fi\/haku\/?q={search_term_string}"},"query-input":{"@type":"PropertyValueSpecification","valueRequired":true,"valueName":"search_term_string"}}],"inLanguage":"fi"},{"@type":"Person","@id":"https:\/\/suomenkuvalehti.fi\/kuvien-takaa\/#\/schema\/person\/f3f657e4ad409e008f12af27bec60a23","name":"Kalle Kinnunen","image":{"@type":"ImageObject","inLanguage":"fi","@id":"https:\/\/suomenkuvalehti.fi\/kuvien-takaa\/#\/schema\/person\/image\/","url":"https:\/\/suomenkuvalehti.fi\/kuvien-takaa\/wp-content\/uploads\/sites\/11\/2022\/04\/kalle_kinnunen_blogi-1-150x150.jpg","contentUrl":"https:\/\/suomenkuvalehti.fi\/kuvien-takaa\/wp-content\/uploads\/sites\/11\/2022\/04\/kalle_kinnunen_blogi-1-150x150.jpg","caption":"Kalle Kinnunen"},"description":"Kalle Kinnunen on vapaa toimittaja ja Suomen Kuvalehden avustaja.","sameAs":["https:\/\/www.facebook.com\/pages\/Kalle-Kinnunen-Kuvien-takaa\/190326157715410?fref=ts","https:\/\/x.com\/https:\/\/twitter.com\/kallekinnunen"]}]}},"_links":{"self":[{"href":"https:\/\/suomenkuvalehti.fi\/kuvien-takaa\/wp-json\/wp\/v2\/posts\/1066","targetHints":{"allow":["GET"]}}],"collection":[{"href":"https:\/\/suomenkuvalehti.fi\/kuvien-takaa\/wp-json\/wp\/v2\/posts"}],"about":[{"href":"https:\/\/suomenkuvalehti.fi\/kuvien-takaa\/wp-json\/wp\/v2\/types\/post"}],"author":[{"embeddable":true,"href":"https:\/\/suomenkuvalehti.fi\/kuvien-takaa\/wp-json\/wp\/v2\/users\/144"}],"replies":[{"embeddable":true,"href":"https:\/\/suomenkuvalehti.fi\/kuvien-takaa\/wp-json\/wp\/v2\/comments?post=1066"}],"version-history":[{"count":1,"href":"https:\/\/suomenkuvalehti.fi\/kuvien-takaa\/wp-json\/wp\/v2\/posts\/1066\/revisions"}],"predecessor-version":[{"id":1558,"href":"https:\/\/suomenkuvalehti.fi\/kuvien-takaa\/wp-json\/wp\/v2\/posts\/1066\/revisions\/1558"}],"wp:attachment":[{"href":"https:\/\/suomenkuvalehti.fi\/kuvien-takaa\/wp-json\/wp\/v2\/media?parent=1066"}],"wp:term":[{"taxonomy":"category","embeddable":true,"href":"https:\/\/suomenkuvalehti.fi\/kuvien-takaa\/wp-json\/wp\/v2\/categories?post=1066"},{"taxonomy":"post_tag","embeddable":true,"href":"https:\/\/suomenkuvalehti.fi\/kuvien-takaa\/wp-json\/wp\/v2\/tags?post=1066"}],"curies":[{"name":"wp","href":"https:\/\/api.w.org\/{rel}","templated":true}]}}