{"id":1055,"date":"2009-04-22T06:21:24","date_gmt":"2009-04-22T03:21:24","guid":{"rendered":"https:\/\/suomenkuvalehti.fi\/kuvientakaa\/2009\/04\/22\/miehet-jotka-vihaavat-naisia-tahti-jouko-turkka-on-nero\/"},"modified":"2009-04-22T06:21:24","modified_gmt":"2009-04-22T03:21:24","slug":"miehet-jotka-vihaavat-naisia-tahti-jouko-turkka-on-nero","status":"publish","type":"post","link":"https:\/\/suomenkuvalehti.fi\/kuvien-takaa\/miehet-jotka-vihaavat-naisia-tahti-jouko-turkka-on-nero\/","title":{"rendered":"Miehet jotka vihaavat naisia -t\u00e4hti: Jouko Turkka on nero"},"content":{"rendered":"\n<p><em>Miehet jotka vihaavat naisia<\/em> tuli muutama viikko sitten ensi-iltaan ja on l\u00f6yt\u00e4nyt yleis\u00f6ns\u00e4 Suomessakin.<\/p>\n\n\n\n<p><strong>Stieg Larssonin<\/strong> j\u00e4nnitysromaaniin perustuvan elokuvan miesp\u00e4\u00e4osassa on Ruotsin tunnetuimpiin n\u00e4yttelij\u00f6ihin lukeutuva <strong>Michael Nyqvist<\/strong>.<\/p>\n\n\n\n<p>Tapasin Nyqvistin viime vuoden lopulla Tukholmassa. H\u00e4n kertoi lukeneensa Larssonin kirjat ensimm\u00e4ist\u00e4 kertaa lomaillessaan Suomessa (h\u00e4nen vaimonsa on suomalainen <strong>Catharina Ehrnrooth<\/strong>). Tahti oli kova, kaikki kolme pitk\u00e4\u00e4 romaania kolmessa p\u00e4iv\u00e4ss\u00e4, koska kirjat olivat niin mukaansatempaavia, n\u00e4yttelij\u00e4 kehui.<\/p>\n\n\n\n<p>Nyqvistin mielest\u00e4 Larssonien hurjien kirjojen suosio liittyy Ruotsissa maan yhteiskunnalliseen historiaan ja poliittisiin skandaaleihin.<\/p>\n\n\n\n<p>\u201cMeill\u00e4 oli <strong>Palmen <\/strong>murha. S\u00e4possa tehtiin 1970-luvulla laittomuuksia. T\u00e4m\u00e4 kaikki heijastuu Larssonin kirjoissa.\u201d<\/p>\n\n\n\n<p>Kirjat ovat olleet eritt\u00e4in suosittuja my\u00f6s Ranskassa.<\/p>\n\n\n\n<p>\u201cSiell\u00e4 on suosittuja televisio-ohjelmia, kuten <em>Apostrof<\/em>, joissa istutaan tuntikaupalla puhumassa kirjallisuudesta. Hyv\u00e4\u00e4n katseluaikaan. Se kertoo aika paljon Ranskasta. Larssonin kirjat nostettiin n\u00e4iden ohjelmien k\u00e4sittelyn arvoiseksi, ja samantien niill\u00e4 oli yhteiskunnallista merkityst\u00e4 my\u00f6s Ranskassa.\u201d<\/p>\n\n\n\n<p>Nyqvistin mukaan kirjojen poliittista puolta ei Ruotsissa juuri pohdittu.<\/p>\n\n\n\n<p>\u201cNiist\u00e4 puhuttiin bestsellerein\u00e4, suosittuna ilmi\u00f6n\u00e4, v\u00e4h\u00e4n kuin Abbasta tai muista popb\u00e4ndeist\u00e4. Kukaan ei halunnut k\u00e4sitell\u00e4 Larssonin yhteiskunnallisia pointteja. Surullista.\u201d<\/p>\n\n\n\n<h3 class=\"wp-block-heading\">Jouko Turkka on suuri<\/h3>\n\n\n\n<p>Nyqvist kehui vuolaasti suomalaista teatteria. H\u00e4nen mukaansa 1980-luvulla kaikki ruotsalaisn\u00e4yttelij\u00e4t ihailivat suomalaista n\u00e4yttelemist\u00e4.<\/p>\n\n\n\n<p>\u201cJa sitten t\u00e4m\u00e4 tyyppi \u2013 <strong>Jouko Turkka<\/strong>! N\u00e4in <em>Seitsem\u00e4n veljest\u00e4<\/em> ja olin aivan myyty. En vain tajunnut siit\u00e4 mit\u00e4\u00e4n, pakko my\u00f6nt\u00e4\u00e4.\u201d<\/p>\n\n\n\n<p>Nyqvist n\u00e4ki G\u00f6teborgissa Turkan kirjoittaman kohun\u00e4ytelm\u00e4n <em>K\u00f6tt och k\u00e4rlek<\/em>.<\/p>\n\n\n\n<p>\u201cSe kertoi siit\u00e4, kuinka ruotsalaiset sulattavat suomalaisista makkaraa. Mik\u00e4 idea! Se oli liikaa! Mist\u00e4 hemmetist\u00e4 h\u00e4n keksi t\u00e4m\u00e4n? My\u00f6hemmin olin Turkan luennolla. Olin kuullut, ett\u00e4 h\u00e4n aloittaa kaikki luentonsa tietyll\u00e4 tavalla, ja totta se oli. H\u00e4n astui eteen ja jyrisi: kaikki mit\u00e4 olette kuulleet minusta on totta. Turkka \u2013 h\u00e4n saattaa olla nero. Ei Ruotsissa ole ollut ket\u00e4\u00e4n samanlaista.\u201d<\/p>\n\n\n","protected":false},"excerpt":{"rendered":"<p>Miehet jotka vihaavat naisia tuli muutama viikko sitten ensi-iltaan ja on l\u00f6yt\u00e4nyt yleis\u00f6ns\u00e4 Suomessakin. Stieg Larssonin j\u00e4nnitysromaaniin perustuvan elokuvan miesp\u00e4\u00e4osassa on Ruotsin tunnetuimpiin n\u00e4yttelij\u00f6ihin lukeutuva Michael Nyqvist. Tapasin Nyqvistin viime<br \/>\nvuoden l&hellip;<\/p>\n","protected":false},"author":144,"featured_media":0,"comment_status":"open","ping_status":"open","sticky":false,"template":"","format":"standard","meta":{"_acf_changed":false,"asauth_required_access_level":0,"asauth_cansharepaid":"","om_header_attributes":[],"footnotes":"","om_featured_image_focal_point":[],"om_primary_tag":0,"om_contributors":[],"om_co_authors":[],"beyondwords_generate_audio":"","beyondwords_project_id":"","beyondwords_content_id":"","beyondwords_preview_token":"","beyondwords_player_content":"","beyondwords_player_style":"","beyondwords_language_code":"","beyondwords_language_id":"","beyondwords_title_voice_id":"","beyondwords_body_voice_id":"","beyondwords_summary_voice_id":"","beyondwords_error_message":"","beyondwords_disabled":"","beyondwords_delete_content":"","beyondwords_podcast_id":"","beyondwords_hash":"","publish_post_to_speechkit":"","speechkit_hash":"","speechkit_generate_audio":"","speechkit_project_id":"","speechkit_podcast_id":"","speechkit_error_message":"","speechkit_disabled":"","speechkit_access_key":"","speechkit_error":"","speechkit_info":"","speechkit_response":"","speechkit_retries":"","speechkit_status":"","speechkit_updated_at":"","_speechkit_link":"","_speechkit_text":""},"categories":[1],"tags":[1655,997,663],"class_list":["post-1055","post","type-post","status-publish","format-standard","hentry","category-kuvien-takaa","tag-jouko-turkka","tag-miehet-jotka-vihaavat-naisia","tag-stieg-larsson"],"om_views":null,"acf":{"tuuma_off":false,"tuuma_kysymys":"","tuuma_vastaus":""},"asauth":{"required_access_level":1,"share_token":"","is_paid":false},"yoast_head":"<!-- This site is optimized with the Yoast SEO plugin v26.4 - https:\/\/yoast.com\/wordpress\/plugins\/seo\/ -->\n<title>Miehet jotka vihaavat naisia -t\u00e4hti: Jouko Turkka on nero - Kuvien takaa<\/title>\n<meta name=\"robots\" content=\"index, follow, max-snippet:-1, max-image-preview:large, max-video-preview:-1\" \/>\n<link rel=\"canonical\" href=\"https:\/\/suomenkuvalehti.fi\/kuvien-takaa\/miehet-jotka-vihaavat-naisia-tahti-jouko-turkka-on-nero\/\" \/>\n<meta property=\"og:locale\" content=\"fi_FI\" \/>\n<meta property=\"og:type\" content=\"article\" \/>\n<meta property=\"og:title\" content=\"Miehet jotka vihaavat naisia -t\u00e4hti: Jouko Turkka on nero - Kuvien takaa\" \/>\n<meta property=\"og:description\" content=\"Miehet jotka vihaavat naisia tuli muutama viikko sitten ensi-iltaan ja on l\u00f6yt\u00e4nyt yleis\u00f6ns\u00e4 Suomessakin. Stieg Larssonin j\u00e4nnitysromaaniin perustuvan elokuvan miesp\u00e4\u00e4osassa on Ruotsin tunnetuimpiin n\u00e4yttelij\u00f6ihin lukeutuva Michael Nyqvist. Tapasin Nyqvistin viime vuoden l&hellip;\" \/>\n<meta property=\"og:url\" content=\"https:\/\/suomenkuvalehti.fi\/kuvien-takaa\/miehet-jotka-vihaavat-naisia-tahti-jouko-turkka-on-nero\/\" \/>\n<meta property=\"og:site_name\" content=\"Kuvien takaa\" \/>\n<meta property=\"article:author\" content=\"https:\/\/www.facebook.com\/pages\/Kalle-Kinnunen-Kuvien-takaa\/190326157715410?fref=ts\" \/>\n<meta property=\"article:published_time\" content=\"2009-04-22T03:21:24+00:00\" \/>\n<meta property=\"og:image\" content=\"https:\/\/suomenkuvalehti.fi\/kuvien-takaa\/wp-content\/uploads\/sites\/11\/2022\/04\/kalle_kinnunen_blogi-1-scaled.jpg\" \/>\n\t<meta property=\"og:image:width\" content=\"2560\" \/>\n\t<meta property=\"og:image:height\" content=\"1707\" \/>\n\t<meta property=\"og:image:type\" content=\"image\/jpeg\" \/>\n<meta name=\"author\" content=\"Kalle Kinnunen\" \/>\n<meta name=\"twitter:card\" content=\"summary_large_image\" \/>\n<meta name=\"twitter:creator\" content=\"@https:\/\/twitter.com\/kallekinnunen\" \/>\n<meta name=\"twitter:label1\" content=\"Written by\" \/>\n\t<meta name=\"twitter:data1\" content=\"Kalle Kinnunen\" \/>\n\t<meta name=\"twitter:label2\" content=\"Est. reading time\" \/>\n\t<meta name=\"twitter:data2\" content=\"2 minuuttia\" \/>\n<script type=\"application\/ld+json\" class=\"yoast-schema-graph\">{\"@context\":\"https:\/\/schema.org\",\"@graph\":[{\"@type\":\"WebPage\",\"@id\":\"https:\/\/suomenkuvalehti.fi\/kuvien-takaa\/miehet-jotka-vihaavat-naisia-tahti-jouko-turkka-on-nero\/\",\"url\":\"https:\/\/suomenkuvalehti.fi\/kuvien-takaa\/miehet-jotka-vihaavat-naisia-tahti-jouko-turkka-on-nero\/\",\"name\":\"Miehet jotka vihaavat naisia -t\u00e4hti: Jouko Turkka on nero - Kuvien takaa\",\"isPartOf\":{\"@id\":\"https:\/\/suomenkuvalehti.fi\/kuvien-takaa\/#website\"},\"datePublished\":\"2009-04-22T03:21:24+00:00\",\"author\":{\"@id\":\"https:\/\/suomenkuvalehti.fi\/kuvien-takaa\/#\/schema\/person\/f3f657e4ad409e008f12af27bec60a23\"},\"breadcrumb\":{\"@id\":\"https:\/\/suomenkuvalehti.fi\/kuvien-takaa\/miehet-jotka-vihaavat-naisia-tahti-jouko-turkka-on-nero\/#breadcrumb\"},\"inLanguage\":\"fi\",\"potentialAction\":[{\"@type\":\"ReadAction\",\"target\":[\"https:\/\/suomenkuvalehti.fi\/kuvien-takaa\/miehet-jotka-vihaavat-naisia-tahti-jouko-turkka-on-nero\/\"]}]},{\"@type\":\"BreadcrumbList\",\"@id\":\"https:\/\/suomenkuvalehti.fi\/kuvien-takaa\/miehet-jotka-vihaavat-naisia-tahti-jouko-turkka-on-nero\/#breadcrumb\",\"itemListElement\":[{\"@type\":\"ListItem\",\"position\":1,\"name\":\"Home\",\"item\":\"https:\/\/suomenkuvalehti.fi\/kuvien-takaa\/\"},{\"@type\":\"ListItem\",\"position\":2,\"name\":\"Miehet jotka vihaavat naisia -t\u00e4hti: Jouko Turkka on nero\"}]},{\"@type\":\"WebSite\",\"@id\":\"https:\/\/suomenkuvalehti.fi\/kuvien-takaa\/#website\",\"url\":\"https:\/\/suomenkuvalehti.fi\/kuvien-takaa\/\",\"name\":\"Kuvien takaa\",\"description\":\"Elokuvakriitikko Kalle Kinnusen elokuvablogi.\",\"potentialAction\":[{\"@type\":\"SearchAction\",\"target\":{\"@type\":\"EntryPoint\",\"urlTemplate\":\"https:\/\/suomenkuvalehti.fi\/haku\/?q={search_term_string}\"},\"query-input\":{\"@type\":\"PropertyValueSpecification\",\"valueRequired\":true,\"valueName\":\"search_term_string\"}}],\"inLanguage\":\"fi\"},{\"@type\":\"Person\",\"@id\":\"https:\/\/suomenkuvalehti.fi\/kuvien-takaa\/#\/schema\/person\/f3f657e4ad409e008f12af27bec60a23\",\"name\":\"Kalle Kinnunen\",\"image\":{\"@type\":\"ImageObject\",\"inLanguage\":\"fi\",\"@id\":\"https:\/\/suomenkuvalehti.fi\/kuvien-takaa\/#\/schema\/person\/image\/\",\"url\":\"https:\/\/suomenkuvalehti.fi\/kuvien-takaa\/wp-content\/uploads\/sites\/11\/2022\/04\/kalle_kinnunen_blogi-1-150x150.jpg\",\"contentUrl\":\"https:\/\/suomenkuvalehti.fi\/kuvien-takaa\/wp-content\/uploads\/sites\/11\/2022\/04\/kalle_kinnunen_blogi-1-150x150.jpg\",\"caption\":\"Kalle Kinnunen\"},\"description\":\"Kalle Kinnunen on vapaa toimittaja ja Suomen Kuvalehden avustaja.\",\"sameAs\":[\"https:\/\/www.facebook.com\/pages\/Kalle-Kinnunen-Kuvien-takaa\/190326157715410?fref=ts\",\"https:\/\/x.com\/https:\/\/twitter.com\/kallekinnunen\"]}]}<\/script>\n<!-- \/ Yoast SEO plugin. -->","yoast_head_json":{"title":"Miehet jotka vihaavat naisia -t\u00e4hti: Jouko Turkka on nero - Kuvien takaa","robots":{"index":"index","follow":"follow","max-snippet":"max-snippet:-1","max-image-preview":"max-image-preview:large","max-video-preview":"max-video-preview:-1"},"canonical":"https:\/\/suomenkuvalehti.fi\/kuvien-takaa\/miehet-jotka-vihaavat-naisia-tahti-jouko-turkka-on-nero\/","og_locale":"fi_FI","og_type":"article","og_title":"Miehet jotka vihaavat naisia -t\u00e4hti: Jouko Turkka on nero - Kuvien takaa","og_description":"Miehet jotka vihaavat naisia tuli muutama viikko sitten ensi-iltaan ja on l\u00f6yt\u00e4nyt yleis\u00f6ns\u00e4 Suomessakin. Stieg Larssonin j\u00e4nnitysromaaniin perustuvan elokuvan miesp\u00e4\u00e4osassa on Ruotsin tunnetuimpiin n\u00e4yttelij\u00f6ihin lukeutuva Michael Nyqvist. Tapasin Nyqvistin viime vuoden l&hellip;","og_url":"https:\/\/suomenkuvalehti.fi\/kuvien-takaa\/miehet-jotka-vihaavat-naisia-tahti-jouko-turkka-on-nero\/","og_site_name":"Kuvien takaa","article_author":"https:\/\/www.facebook.com\/pages\/Kalle-Kinnunen-Kuvien-takaa\/190326157715410?fref=ts","article_published_time":"2009-04-22T03:21:24+00:00","og_image":[{"width":2560,"height":1707,"url":"https:\/\/suomenkuvalehti.fi\/kuvien-takaa\/wp-content\/uploads\/sites\/11\/2022\/04\/kalle_kinnunen_blogi-1-scaled.jpg","type":"image\/jpeg"}],"author":"Kalle Kinnunen","twitter_card":"summary_large_image","twitter_creator":"@https:\/\/twitter.com\/kallekinnunen","twitter_misc":{"Written by":"Kalle Kinnunen","Est. reading time":"2 minuuttia"},"schema":{"@context":"https:\/\/schema.org","@graph":[{"@type":"WebPage","@id":"https:\/\/suomenkuvalehti.fi\/kuvien-takaa\/miehet-jotka-vihaavat-naisia-tahti-jouko-turkka-on-nero\/","url":"https:\/\/suomenkuvalehti.fi\/kuvien-takaa\/miehet-jotka-vihaavat-naisia-tahti-jouko-turkka-on-nero\/","name":"Miehet jotka vihaavat naisia -t\u00e4hti: Jouko Turkka on nero - Kuvien takaa","isPartOf":{"@id":"https:\/\/suomenkuvalehti.fi\/kuvien-takaa\/#website"},"datePublished":"2009-04-22T03:21:24+00:00","author":{"@id":"https:\/\/suomenkuvalehti.fi\/kuvien-takaa\/#\/schema\/person\/f3f657e4ad409e008f12af27bec60a23"},"breadcrumb":{"@id":"https:\/\/suomenkuvalehti.fi\/kuvien-takaa\/miehet-jotka-vihaavat-naisia-tahti-jouko-turkka-on-nero\/#breadcrumb"},"inLanguage":"fi","potentialAction":[{"@type":"ReadAction","target":["https:\/\/suomenkuvalehti.fi\/kuvien-takaa\/miehet-jotka-vihaavat-naisia-tahti-jouko-turkka-on-nero\/"]}]},{"@type":"BreadcrumbList","@id":"https:\/\/suomenkuvalehti.fi\/kuvien-takaa\/miehet-jotka-vihaavat-naisia-tahti-jouko-turkka-on-nero\/#breadcrumb","itemListElement":[{"@type":"ListItem","position":1,"name":"Home","item":"https:\/\/suomenkuvalehti.fi\/kuvien-takaa\/"},{"@type":"ListItem","position":2,"name":"Miehet jotka vihaavat naisia -t\u00e4hti: Jouko Turkka on nero"}]},{"@type":"WebSite","@id":"https:\/\/suomenkuvalehti.fi\/kuvien-takaa\/#website","url":"https:\/\/suomenkuvalehti.fi\/kuvien-takaa\/","name":"Kuvien takaa","description":"Elokuvakriitikko Kalle Kinnusen elokuvablogi.","potentialAction":[{"@type":"SearchAction","target":{"@type":"EntryPoint","urlTemplate":"https:\/\/suomenkuvalehti.fi\/haku\/?q={search_term_string}"},"query-input":{"@type":"PropertyValueSpecification","valueRequired":true,"valueName":"search_term_string"}}],"inLanguage":"fi"},{"@type":"Person","@id":"https:\/\/suomenkuvalehti.fi\/kuvien-takaa\/#\/schema\/person\/f3f657e4ad409e008f12af27bec60a23","name":"Kalle Kinnunen","image":{"@type":"ImageObject","inLanguage":"fi","@id":"https:\/\/suomenkuvalehti.fi\/kuvien-takaa\/#\/schema\/person\/image\/","url":"https:\/\/suomenkuvalehti.fi\/kuvien-takaa\/wp-content\/uploads\/sites\/11\/2022\/04\/kalle_kinnunen_blogi-1-150x150.jpg","contentUrl":"https:\/\/suomenkuvalehti.fi\/kuvien-takaa\/wp-content\/uploads\/sites\/11\/2022\/04\/kalle_kinnunen_blogi-1-150x150.jpg","caption":"Kalle Kinnunen"},"description":"Kalle Kinnunen on vapaa toimittaja ja Suomen Kuvalehden avustaja.","sameAs":["https:\/\/www.facebook.com\/pages\/Kalle-Kinnunen-Kuvien-takaa\/190326157715410?fref=ts","https:\/\/x.com\/https:\/\/twitter.com\/kallekinnunen"]}]}},"_links":{"self":[{"href":"https:\/\/suomenkuvalehti.fi\/kuvien-takaa\/wp-json\/wp\/v2\/posts\/1055","targetHints":{"allow":["GET"]}}],"collection":[{"href":"https:\/\/suomenkuvalehti.fi\/kuvien-takaa\/wp-json\/wp\/v2\/posts"}],"about":[{"href":"https:\/\/suomenkuvalehti.fi\/kuvien-takaa\/wp-json\/wp\/v2\/types\/post"}],"author":[{"embeddable":true,"href":"https:\/\/suomenkuvalehti.fi\/kuvien-takaa\/wp-json\/wp\/v2\/users\/144"}],"replies":[{"embeddable":true,"href":"https:\/\/suomenkuvalehti.fi\/kuvien-takaa\/wp-json\/wp\/v2\/comments?post=1055"}],"version-history":[{"count":0,"href":"https:\/\/suomenkuvalehti.fi\/kuvien-takaa\/wp-json\/wp\/v2\/posts\/1055\/revisions"}],"wp:attachment":[{"href":"https:\/\/suomenkuvalehti.fi\/kuvien-takaa\/wp-json\/wp\/v2\/media?parent=1055"}],"wp:term":[{"taxonomy":"category","embeddable":true,"href":"https:\/\/suomenkuvalehti.fi\/kuvien-takaa\/wp-json\/wp\/v2\/categories?post=1055"},{"taxonomy":"post_tag","embeddable":true,"href":"https:\/\/suomenkuvalehti.fi\/kuvien-takaa\/wp-json\/wp\/v2\/tags?post=1055"}],"curies":[{"name":"wp","href":"https:\/\/api.w.org\/{rel}","templated":true}]}}