{"id":1050,"date":"2009-05-13T21:58:53","date_gmt":"2009-05-13T18:58:53","guid":{"rendered":"https:\/\/suomenkuvalehti.fi\/kuvientakaa\/2009\/05\/13\/erikoinen-pixar-uutuus-itketti-ja-nauratti\/"},"modified":"2009-05-13T21:58:53","modified_gmt":"2009-05-13T18:58:53","slug":"erikoinen-pixar-uutuus-itketti-ja-nauratti","status":"publish","type":"post","link":"https:\/\/suomenkuvalehti.fi\/kuvien-takaa\/erikoinen-pixar-uutuus-itketti-ja-nauratti\/","title":{"rendered":"Erikoinen Pixar-uutuus itketti ja nauratti"},"content":{"rendered":"\n<p>My\u00f6nn\u00e4n kysym\u00e4tt\u00e4kin, etten ole suuri animaatioelokuvien yst\u00e4v\u00e4. Cannesin avannut, vanhan miehen seikkailusta kertova&nbsp;Pixar-elokuva teki silti suuren vaikutuksen.<\/p>\n\n\n\n\n<p><em>Up &#8211; kohti korkeuksia<\/em> on Disneyn ja muun muassa <em>Cars<\/em>&#8211; ja <em>Toy Story<\/em> -animaatioista tunnetun Pixarin uutuus. Se kertoo yli seitsem\u00e4nkymppisest\u00e4, \u00e4re\u00e4st\u00e4 leskimiehest\u00e4 Carlista, joka toteuttaa unelmansa ja lent\u00e4\u00e4 Etel\u00e4-Amerikkaan Paratiisiputouksille.<\/p>\n\n\n\n<p>Kulkuneuvona on v\u00e4rikk\u00e4iden ilmapallojen kannattelema kotitalo. Matkaseuraksi ilmaantuu kahdeksanvuotias partiopoika, jolla on hidas j\u00e4rki mutta hyv\u00e4 syd\u00e4n. Paratiisiputoksilla asuu my\u00f6s tarinan roisto, <strong>\u00c5ke Lindmanin<\/strong> (ja amerikkalaiskollegoideni mielest\u00e4 <strong>Kirk Douglasin<\/strong>) n\u00e4k\u00f6inen tutkimusmatkailijaerakko.<\/p>\n\n\n\n<p><strong>Pete Docterin<\/strong> ja <strong>Bob Petersonin<\/strong> ohjaama Up on fantasiaa ja komediaa, mutta my\u00f6s&nbsp;koskettava elokuva. Sill\u00e4 on hyvin v\u00e4h\u00e4n tekemist\u00e4 <em>Shrekien<\/em> ja <em>Hirvi\u00f6iden ja muukalaisten<\/em> kaltaisten viime aikojen isojen hittien kanssa.<\/p>\n\n\n\n<p>Tyyli on ison rahan animaatioksi harvinaisen hillitty, vaikka seikkailussa on mukana puhuvia koiria ja elastisesti t\u00f6rm\u00e4ilev\u00e4, dodoa muistuttava lintu. Vauhtihetketkin ovat klassisia kuin varhaisissa piirretyiss\u00e4, eiv\u00e4t digitaaliajan r\u00e4tin\u00e4\u00e4: mekkalointi tosiaan loistaa poissaolollaan. Sen sijaan&nbsp;Up k\u00e4sittelee yht\u00e4 paljon menett\u00e4misen kuin arjesta irtaantumisen teemaa. S\u00e4rkyneet unelmatkin ovat siin\u00e4 tosia, eiv\u00e4t vesitettyj\u00e4.<\/p>\n\n\n\n<p>N\u00e4yt\u00f6ksess\u00e4 saattoi aina v\u00e4lill\u00e4 kuulla niiskutusta.<\/p>\n\n\n\n<h3 class=\"wp-block-heading\">Kolmiulotteisuus harkittuna ja kauniina keinona<\/h3>\n\n\n\n<p><a href=\"http:\/\/www.variety.com\/index.asp?layout=festivals&amp;jump=review&amp;reviewid=VE1117940233&amp;cs=1\">Varietyn kriitikko<\/a> totesi, ett\u00e4 elokuva voisi toimia &#8221;tavallisessa&#8221; kaksiulotteisessa muodossa paremmin kuin 3d:n\u00e4. Enp\u00e4 tied\u00e4. Se, ett\u00e4 Up ei k\u00e4yt\u00e4 monien kolmiulotteisten uutuuksien tapaan ilmeisimpi\u00e4 temppuja, kuten tavaroiden heittely\u00e4 katsojaa kohti, ei tee sen 3d-vaikutelmasta v\u00e4hemm\u00e4n kiinnostavaa.<\/p>\n\n\n\n<p>P\u00e4invastoin, koin Upin 3d-vaikutelman kyps\u00e4ksi. Se on ensimm\u00e4inen n\u00e4kem\u00e4ni 3d-elokuva, jossa syvyysvaikutelmalla luodaan tunnelmaa, eik\u00e4 vain kikkailla halvasti.<\/p>\n\n\n\n<p>Varietyn kirjoittaja totesi my\u00f6s, ett\u00e4 elokuvan alkupuolen l\u00e4hes dialogiton jakso, jossa k\u00e4yd\u00e4\u00e4n Carlin el\u00e4m\u00e4 l\u00e4pi muutamassa minuutissa lapsuudentoiveiden, rakkauden ja surun kautta vanhuusik\u00e4\u00e4n on mykk\u00e4elokuvan mestarien veroista tyylittely\u00e4.<\/p>\n\n\n\n<p>Se on paljon sanottu, ja sit\u00e4 paitsi totta.<\/p>\n\n\n\n<p>Kun tuo avoimen sentimentaalinen, mutta lumoava&nbsp;jakso p\u00e4\u00e4ttyi, joka puolelta salia kuului niiskutusta. Kriitikko jos toinenkin pyyhki silm\u00e4kulmiaan&nbsp;pikeepaidan hihaan.&nbsp;Up voi hyvinkin olla ensimm\u00e4inen 3d-elokuva, jonka aikana joidenkin tunteellisempien katsojien lasit saattavat menn\u00e4 kyynelten suolavedest\u00e4 m\u00e4s\u00e4ksi.<\/p>\n\n\n\n<p>Salista poistuessani ja 3d-lasit j\u00e4tt\u00e4ess\u00e4ni jouduin itsekin asettamaan \u00e4kki\u00e4 Ray-Banit silmilleni, jo ennen kuin ehdin Rivieran aurinkoon. Ettei silmien punotus n\u00e4kyisi. T\u00e4m\u00e4 on Pixarin paras elokuva ja viel\u00e4 mukavampi yll\u00e4tys kuin <em>Wall-E<\/em>.<\/p>\n\n\n","protected":false},"excerpt":{"rendered":"<p>My\u00f6nn\u00e4n kysym\u00e4tt\u00e4kin, etten ole suuri animaatioelokuvien yst\u00e4v\u00e4. Cannesin avannut, vanhan miehen seikkailusta kertova&nbsp;Pixar-elokuva teki silti suuren vaikutuksen. Up &#8211; kohti korkeuksia on Disneyn ja muun muassa Cars&#8211; ja Toy Story -animaatioista tunnetun Pixarin<br \/>\nuutuu&hellip;<\/p>\n","protected":false},"author":144,"featured_media":0,"comment_status":"open","ping_status":"open","sticky":false,"template":"","format":"standard","meta":{"_acf_changed":false,"asauth_required_access_level":0,"asauth_cansharepaid":"","om_header_attributes":[],"footnotes":"","om_featured_image_focal_point":[],"om_primary_tag":0,"om_contributors":[],"om_co_authors":[],"beyondwords_generate_audio":"","beyondwords_project_id":"","beyondwords_content_id":"","beyondwords_preview_token":"","beyondwords_player_content":"","beyondwords_player_style":"","beyondwords_language_code":"","beyondwords_language_id":"","beyondwords_title_voice_id":"","beyondwords_body_voice_id":"","beyondwords_summary_voice_id":"","beyondwords_error_message":"","beyondwords_disabled":"","beyondwords_delete_content":"","beyondwords_podcast_id":"","beyondwords_hash":"","publish_post_to_speechkit":"","speechkit_hash":"","speechkit_generate_audio":"","speechkit_project_id":"","speechkit_podcast_id":"","speechkit_error_message":"","speechkit_disabled":"","speechkit_access_key":"","speechkit_error":"","speechkit_info":"","speechkit_response":"","speechkit_retries":"","speechkit_status":"","speechkit_updated_at":"","_speechkit_link":"","_speechkit_text":""},"categories":[1],"tags":[1532,432,1533],"class_list":["post-1050","post","type-post","status-publish","format-standard","hentry","category-kuvien-takaa","tag-animaatioelokuva","tag-disney","tag-pixar"],"om_views":null,"acf":{"tuuma_off":false,"tuuma_kysymys":"","tuuma_vastaus":""},"asauth":{"required_access_level":1,"share_token":"","is_paid":false},"yoast_head":"<!-- This site is optimized with the Yoast SEO plugin v26.4 - https:\/\/yoast.com\/wordpress\/plugins\/seo\/ -->\n<title>Erikoinen Pixar-uutuus itketti ja nauratti - Kuvien takaa<\/title>\n<meta name=\"robots\" content=\"index, follow, max-snippet:-1, max-image-preview:large, max-video-preview:-1\" \/>\n<link rel=\"canonical\" href=\"https:\/\/suomenkuvalehti.fi\/kuvien-takaa\/erikoinen-pixar-uutuus-itketti-ja-nauratti\/\" \/>\n<meta property=\"og:locale\" content=\"fi_FI\" \/>\n<meta property=\"og:type\" content=\"article\" \/>\n<meta property=\"og:title\" content=\"Erikoinen Pixar-uutuus itketti ja nauratti - Kuvien takaa\" \/>\n<meta property=\"og:description\" content=\"My\u00f6nn\u00e4n kysym\u00e4tt\u00e4kin, etten ole suuri animaatioelokuvien yst\u00e4v\u00e4. Cannesin avannut, vanhan miehen seikkailusta kertova&nbsp;Pixar-elokuva teki silti suuren vaikutuksen. Up &#8211; kohti korkeuksia on Disneyn ja muun muassa Cars&#8211; ja Toy Story -animaatioista tunnetun Pixarin uutuu&hellip;\" \/>\n<meta property=\"og:url\" content=\"https:\/\/suomenkuvalehti.fi\/kuvien-takaa\/erikoinen-pixar-uutuus-itketti-ja-nauratti\/\" \/>\n<meta property=\"og:site_name\" content=\"Kuvien takaa\" \/>\n<meta property=\"article:author\" content=\"https:\/\/www.facebook.com\/pages\/Kalle-Kinnunen-Kuvien-takaa\/190326157715410?fref=ts\" \/>\n<meta property=\"article:published_time\" content=\"2009-05-13T18:58:53+00:00\" \/>\n<meta property=\"og:image\" content=\"https:\/\/suomenkuvalehti.fi\/kuvien-takaa\/wp-content\/uploads\/sites\/11\/2022\/04\/kalle_kinnunen_blogi-1-scaled.jpg\" \/>\n\t<meta property=\"og:image:width\" content=\"2560\" \/>\n\t<meta property=\"og:image:height\" content=\"1707\" \/>\n\t<meta property=\"og:image:type\" content=\"image\/jpeg\" \/>\n<meta name=\"author\" content=\"Kalle Kinnunen\" \/>\n<meta name=\"twitter:card\" content=\"summary_large_image\" \/>\n<meta name=\"twitter:creator\" content=\"@https:\/\/twitter.com\/kallekinnunen\" \/>\n<meta name=\"twitter:label1\" content=\"Written by\" \/>\n\t<meta name=\"twitter:data1\" content=\"Kalle Kinnunen\" \/>\n\t<meta name=\"twitter:label2\" content=\"Est. reading time\" \/>\n\t<meta name=\"twitter:data2\" content=\"2 minuuttia\" \/>\n<script type=\"application\/ld+json\" class=\"yoast-schema-graph\">{\"@context\":\"https:\/\/schema.org\",\"@graph\":[{\"@type\":\"WebPage\",\"@id\":\"https:\/\/suomenkuvalehti.fi\/kuvien-takaa\/erikoinen-pixar-uutuus-itketti-ja-nauratti\/\",\"url\":\"https:\/\/suomenkuvalehti.fi\/kuvien-takaa\/erikoinen-pixar-uutuus-itketti-ja-nauratti\/\",\"name\":\"Erikoinen Pixar-uutuus itketti ja nauratti - Kuvien takaa\",\"isPartOf\":{\"@id\":\"https:\/\/suomenkuvalehti.fi\/kuvien-takaa\/#website\"},\"datePublished\":\"2009-05-13T18:58:53+00:00\",\"author\":{\"@id\":\"https:\/\/suomenkuvalehti.fi\/kuvien-takaa\/#\/schema\/person\/f3f657e4ad409e008f12af27bec60a23\"},\"breadcrumb\":{\"@id\":\"https:\/\/suomenkuvalehti.fi\/kuvien-takaa\/erikoinen-pixar-uutuus-itketti-ja-nauratti\/#breadcrumb\"},\"inLanguage\":\"fi\",\"potentialAction\":[{\"@type\":\"ReadAction\",\"target\":[\"https:\/\/suomenkuvalehti.fi\/kuvien-takaa\/erikoinen-pixar-uutuus-itketti-ja-nauratti\/\"]}]},{\"@type\":\"BreadcrumbList\",\"@id\":\"https:\/\/suomenkuvalehti.fi\/kuvien-takaa\/erikoinen-pixar-uutuus-itketti-ja-nauratti\/#breadcrumb\",\"itemListElement\":[{\"@type\":\"ListItem\",\"position\":1,\"name\":\"Home\",\"item\":\"https:\/\/suomenkuvalehti.fi\/kuvien-takaa\/\"},{\"@type\":\"ListItem\",\"position\":2,\"name\":\"Erikoinen Pixar-uutuus itketti ja nauratti\"}]},{\"@type\":\"WebSite\",\"@id\":\"https:\/\/suomenkuvalehti.fi\/kuvien-takaa\/#website\",\"url\":\"https:\/\/suomenkuvalehti.fi\/kuvien-takaa\/\",\"name\":\"Kuvien takaa\",\"description\":\"Elokuvakriitikko Kalle Kinnusen elokuvablogi.\",\"potentialAction\":[{\"@type\":\"SearchAction\",\"target\":{\"@type\":\"EntryPoint\",\"urlTemplate\":\"https:\/\/suomenkuvalehti.fi\/haku\/?q={search_term_string}\"},\"query-input\":{\"@type\":\"PropertyValueSpecification\",\"valueRequired\":true,\"valueName\":\"search_term_string\"}}],\"inLanguage\":\"fi\"},{\"@type\":\"Person\",\"@id\":\"https:\/\/suomenkuvalehti.fi\/kuvien-takaa\/#\/schema\/person\/f3f657e4ad409e008f12af27bec60a23\",\"name\":\"Kalle Kinnunen\",\"image\":{\"@type\":\"ImageObject\",\"inLanguage\":\"fi\",\"@id\":\"https:\/\/suomenkuvalehti.fi\/kuvien-takaa\/#\/schema\/person\/image\/\",\"url\":\"https:\/\/suomenkuvalehti.fi\/kuvien-takaa\/wp-content\/uploads\/sites\/11\/2022\/04\/kalle_kinnunen_blogi-1-150x150.jpg\",\"contentUrl\":\"https:\/\/suomenkuvalehti.fi\/kuvien-takaa\/wp-content\/uploads\/sites\/11\/2022\/04\/kalle_kinnunen_blogi-1-150x150.jpg\",\"caption\":\"Kalle Kinnunen\"},\"description\":\"Kalle Kinnunen on vapaa toimittaja ja Suomen Kuvalehden avustaja.\",\"sameAs\":[\"https:\/\/www.facebook.com\/pages\/Kalle-Kinnunen-Kuvien-takaa\/190326157715410?fref=ts\",\"https:\/\/x.com\/https:\/\/twitter.com\/kallekinnunen\"]}]}<\/script>\n<!-- \/ Yoast SEO plugin. -->","yoast_head_json":{"title":"Erikoinen Pixar-uutuus itketti ja nauratti - Kuvien takaa","robots":{"index":"index","follow":"follow","max-snippet":"max-snippet:-1","max-image-preview":"max-image-preview:large","max-video-preview":"max-video-preview:-1"},"canonical":"https:\/\/suomenkuvalehti.fi\/kuvien-takaa\/erikoinen-pixar-uutuus-itketti-ja-nauratti\/","og_locale":"fi_FI","og_type":"article","og_title":"Erikoinen Pixar-uutuus itketti ja nauratti - Kuvien takaa","og_description":"My\u00f6nn\u00e4n kysym\u00e4tt\u00e4kin, etten ole suuri animaatioelokuvien yst\u00e4v\u00e4. Cannesin avannut, vanhan miehen seikkailusta kertova&nbsp;Pixar-elokuva teki silti suuren vaikutuksen. Up &#8211; kohti korkeuksia on Disneyn ja muun muassa Cars&#8211; ja Toy Story -animaatioista tunnetun Pixarin uutuu&hellip;","og_url":"https:\/\/suomenkuvalehti.fi\/kuvien-takaa\/erikoinen-pixar-uutuus-itketti-ja-nauratti\/","og_site_name":"Kuvien takaa","article_author":"https:\/\/www.facebook.com\/pages\/Kalle-Kinnunen-Kuvien-takaa\/190326157715410?fref=ts","article_published_time":"2009-05-13T18:58:53+00:00","og_image":[{"width":2560,"height":1707,"url":"https:\/\/suomenkuvalehti.fi\/kuvien-takaa\/wp-content\/uploads\/sites\/11\/2022\/04\/kalle_kinnunen_blogi-1-scaled.jpg","type":"image\/jpeg"}],"author":"Kalle Kinnunen","twitter_card":"summary_large_image","twitter_creator":"@https:\/\/twitter.com\/kallekinnunen","twitter_misc":{"Written by":"Kalle Kinnunen","Est. reading time":"2 minuuttia"},"schema":{"@context":"https:\/\/schema.org","@graph":[{"@type":"WebPage","@id":"https:\/\/suomenkuvalehti.fi\/kuvien-takaa\/erikoinen-pixar-uutuus-itketti-ja-nauratti\/","url":"https:\/\/suomenkuvalehti.fi\/kuvien-takaa\/erikoinen-pixar-uutuus-itketti-ja-nauratti\/","name":"Erikoinen Pixar-uutuus itketti ja nauratti - Kuvien takaa","isPartOf":{"@id":"https:\/\/suomenkuvalehti.fi\/kuvien-takaa\/#website"},"datePublished":"2009-05-13T18:58:53+00:00","author":{"@id":"https:\/\/suomenkuvalehti.fi\/kuvien-takaa\/#\/schema\/person\/f3f657e4ad409e008f12af27bec60a23"},"breadcrumb":{"@id":"https:\/\/suomenkuvalehti.fi\/kuvien-takaa\/erikoinen-pixar-uutuus-itketti-ja-nauratti\/#breadcrumb"},"inLanguage":"fi","potentialAction":[{"@type":"ReadAction","target":["https:\/\/suomenkuvalehti.fi\/kuvien-takaa\/erikoinen-pixar-uutuus-itketti-ja-nauratti\/"]}]},{"@type":"BreadcrumbList","@id":"https:\/\/suomenkuvalehti.fi\/kuvien-takaa\/erikoinen-pixar-uutuus-itketti-ja-nauratti\/#breadcrumb","itemListElement":[{"@type":"ListItem","position":1,"name":"Home","item":"https:\/\/suomenkuvalehti.fi\/kuvien-takaa\/"},{"@type":"ListItem","position":2,"name":"Erikoinen Pixar-uutuus itketti ja nauratti"}]},{"@type":"WebSite","@id":"https:\/\/suomenkuvalehti.fi\/kuvien-takaa\/#website","url":"https:\/\/suomenkuvalehti.fi\/kuvien-takaa\/","name":"Kuvien takaa","description":"Elokuvakriitikko Kalle Kinnusen elokuvablogi.","potentialAction":[{"@type":"SearchAction","target":{"@type":"EntryPoint","urlTemplate":"https:\/\/suomenkuvalehti.fi\/haku\/?q={search_term_string}"},"query-input":{"@type":"PropertyValueSpecification","valueRequired":true,"valueName":"search_term_string"}}],"inLanguage":"fi"},{"@type":"Person","@id":"https:\/\/suomenkuvalehti.fi\/kuvien-takaa\/#\/schema\/person\/f3f657e4ad409e008f12af27bec60a23","name":"Kalle Kinnunen","image":{"@type":"ImageObject","inLanguage":"fi","@id":"https:\/\/suomenkuvalehti.fi\/kuvien-takaa\/#\/schema\/person\/image\/","url":"https:\/\/suomenkuvalehti.fi\/kuvien-takaa\/wp-content\/uploads\/sites\/11\/2022\/04\/kalle_kinnunen_blogi-1-150x150.jpg","contentUrl":"https:\/\/suomenkuvalehti.fi\/kuvien-takaa\/wp-content\/uploads\/sites\/11\/2022\/04\/kalle_kinnunen_blogi-1-150x150.jpg","caption":"Kalle Kinnunen"},"description":"Kalle Kinnunen on vapaa toimittaja ja Suomen Kuvalehden avustaja.","sameAs":["https:\/\/www.facebook.com\/pages\/Kalle-Kinnunen-Kuvien-takaa\/190326157715410?fref=ts","https:\/\/x.com\/https:\/\/twitter.com\/kallekinnunen"]}]}},"_links":{"self":[{"href":"https:\/\/suomenkuvalehti.fi\/kuvien-takaa\/wp-json\/wp\/v2\/posts\/1050","targetHints":{"allow":["GET"]}}],"collection":[{"href":"https:\/\/suomenkuvalehti.fi\/kuvien-takaa\/wp-json\/wp\/v2\/posts"}],"about":[{"href":"https:\/\/suomenkuvalehti.fi\/kuvien-takaa\/wp-json\/wp\/v2\/types\/post"}],"author":[{"embeddable":true,"href":"https:\/\/suomenkuvalehti.fi\/kuvien-takaa\/wp-json\/wp\/v2\/users\/144"}],"replies":[{"embeddable":true,"href":"https:\/\/suomenkuvalehti.fi\/kuvien-takaa\/wp-json\/wp\/v2\/comments?post=1050"}],"version-history":[{"count":0,"href":"https:\/\/suomenkuvalehti.fi\/kuvien-takaa\/wp-json\/wp\/v2\/posts\/1050\/revisions"}],"wp:attachment":[{"href":"https:\/\/suomenkuvalehti.fi\/kuvien-takaa\/wp-json\/wp\/v2\/media?parent=1050"}],"wp:term":[{"taxonomy":"category","embeddable":true,"href":"https:\/\/suomenkuvalehti.fi\/kuvien-takaa\/wp-json\/wp\/v2\/categories?post=1050"},{"taxonomy":"post_tag","embeddable":true,"href":"https:\/\/suomenkuvalehti.fi\/kuvien-takaa\/wp-json\/wp\/v2\/tags?post=1050"}],"curies":[{"name":"wp","href":"https:\/\/api.w.org\/{rel}","templated":true}]}}