{"id":1020,"date":"2009-07-10T15:05:00","date_gmt":"2009-07-10T12:05:00","guid":{"rendered":"https:\/\/suomenkuvalehti.fi\/kuvientakaa\/2009\/07\/10\/turku-menettaa-kolmanneksen-elokuvateatterisaleistaan\/"},"modified":"2013-11-29T15:26:19","modified_gmt":"2013-11-29T13:26:19","slug":"turku-menettaa-kolmanneksen-elokuvateatterisaleistaan","status":"publish","type":"post","link":"https:\/\/suomenkuvalehti.fi\/kuvien-takaa\/turku-menettaa-kolmanneksen-elokuvateatterisaleistaan\/","title":{"rendered":"Turku menett\u00e4\u00e4 kolmanneksen elokuvateatterisaleistaan"},"content":{"rendered":"\n<p>Turkuun j\u00e4\u00e4 vain yhdeks\u00e4n jatkuvassa k\u00e4yt\u00f6ss\u00e4 olevaa salia, kun Julia-teatteri pian suljetaan. Altavastaajiksi j\u00e4\u00e4v\u00e4t pienemm\u00e4t laatuelokuvat.<\/p>\n\n\n\n\n<p>Finnkinon elokuvalevitt\u00e4jille l\u00e4hett\u00e4m\u00e4 tiedote on karua luettavaa: &#8221;Turussa sijaitsevan Finnkinon elokuvateatteri Julian vuokrasopimus p\u00e4\u00e4ttyy 30.11.2009. Kiinteist\u00f6 Oy Julininkulma ei ollut halukas jatkamaan m\u00e4\u00e4r\u00e4aikaista sopimusta, vaan tilat saneerataan rakennuksessa sijaitsevan Hotelli Scandicin k\u00e4ytt\u00f6\u00f6n. Julian sulkemisen my\u00f6t\u00e4 Finnkino menett\u00e4\u00e4 Turussa viisi salia.&#8221;<\/p>\n\n\n\n<p>Suljettava Julia on ollut se Turun monisaliteatteri, jossa niinsanotut art house -elokuvat ovat py\u00f6rineet sen j\u00e4lkeen, kun <a href=\"http:\/\/www.hs.fi\/kulttuuri\/artikkeli\/Elokuvatarjonta+kapenee+Turussa+kun+Kino+Thalia+suljetaan\/1135232791893\">Thalia meni kiinni<\/a>.<\/p>\n\n\n\n<p>Jos Helsingin <a href=\"https:\/\/suomenkuvalehti.fi\/kuvientakaa\/2008\/10\/10\/naita-et-nae-valkokankaalla\/\">tilanne on tyls\u00e4<\/a> ja vaikuttaa <a href=\"https:\/\/suomenkuvalehti.fi\/kuvientakaa\/2009\/06\/24\/elokuvatarjonta-suomen-valkokankailla-supistuu\/\">koko levitystoimintaan<\/a>, eli suomalaisten mahdollisuuksiin ylip\u00e4\u00e4ns\u00e4 n\u00e4hd\u00e4 elokuvia valkokankaalla, niin Turun jama on katastrofaalinen. Kaupunkiin j\u00e4\u00e4 vain Kinopalatsin yhdeks\u00e4n salia sek\u00e4 yksityinen Domino, jossa on kuitenkin enemm\u00e4n seurakuntakirppis-tyyppist\u00e4 tapahtumaa kuin elokuvan\u00e4yt\u00f6ksi\u00e4.<\/p>\n\n\n\n<p>Kuten asiasta vihjannut tuttavani jo toisaalla totesi, t\u00e4llainen on Turku, Euroopan Kulttuurip\u00e4\u00e4kaupunki 2011.<\/p>\n\n\n\n\n\n","protected":false},"excerpt":{"rendered":"<p>Turkuun j\u00e4\u00e4 vain yhdeks\u00e4n jatkuvassa k\u00e4yt\u00f6ss\u00e4 olevaa salia, kun Julia-teatteri pian suljetaan. Altavastaajiksi j\u00e4\u00e4v\u00e4t pienemm\u00e4t laatuelokuvat. Finnkinon elokuvalevitt\u00e4jille l\u00e4hett\u00e4m\u00e4 tiedote on karua luettavaa: &#8221;Turussa sijaitsevan Finnkinon elokuvateatteri<br \/>\nJulian vuokra&hellip;<\/p>\n","protected":false},"author":144,"featured_media":0,"comment_status":"open","ping_status":"open","sticky":false,"template":"","format":"standard","meta":{"_acf_changed":false,"asauth_required_access_level":0,"asauth_cansharepaid":"","om_header_attributes":[],"footnotes":"","om_featured_image_focal_point":[],"om_primary_tag":0,"om_contributors":[],"om_co_authors":[],"beyondwords_generate_audio":"","beyondwords_project_id":"","beyondwords_content_id":"","beyondwords_preview_token":"","beyondwords_player_content":"","beyondwords_player_style":"","beyondwords_language_code":"","beyondwords_language_id":"","beyondwords_title_voice_id":"","beyondwords_body_voice_id":"","beyondwords_summary_voice_id":"","beyondwords_error_message":"","beyondwords_disabled":"","beyondwords_delete_content":"","beyondwords_podcast_id":"","beyondwords_hash":"","publish_post_to_speechkit":"","speechkit_hash":"","speechkit_generate_audio":"","speechkit_project_id":"","speechkit_podcast_id":"","speechkit_error_message":"","speechkit_disabled":"","speechkit_access_key":"","speechkit_error":"","speechkit_info":"","speechkit_response":"","speechkit_retries":"","speechkit_status":"","speechkit_updated_at":"","_speechkit_link":"","_speechkit_text":""},"categories":[1],"tags":[99,285,1613],"class_list":["post-1020","post","type-post","status-publish","format-standard","hentry","category-kuvien-takaa","tag-elokuvateatterit","tag-finnkino","tag-turku"],"om_views":null,"acf":{"tuuma_off":false,"tuuma_kysymys":"","tuuma_vastaus":""},"asauth":{"required_access_level":1,"share_token":"","is_paid":false},"yoast_head":"<!-- This site is optimized with the Yoast SEO plugin v26.4 - https:\/\/yoast.com\/wordpress\/plugins\/seo\/ -->\n<title>Turku menett\u00e4\u00e4 kolmanneksen elokuvateatterisaleistaan - Kuvien takaa<\/title>\n<meta name=\"robots\" content=\"index, follow, max-snippet:-1, max-image-preview:large, max-video-preview:-1\" \/>\n<link rel=\"canonical\" href=\"https:\/\/suomenkuvalehti.fi\/kuvien-takaa\/turku-menettaa-kolmanneksen-elokuvateatterisaleistaan\/\" \/>\n<meta property=\"og:locale\" content=\"fi_FI\" \/>\n<meta property=\"og:type\" content=\"article\" \/>\n<meta property=\"og:title\" content=\"Turku menett\u00e4\u00e4 kolmanneksen elokuvateatterisaleistaan - Kuvien takaa\" \/>\n<meta property=\"og:description\" content=\"Turkuun j\u00e4\u00e4 vain yhdeks\u00e4n jatkuvassa k\u00e4yt\u00f6ss\u00e4 olevaa salia, kun Julia-teatteri pian suljetaan. Altavastaajiksi j\u00e4\u00e4v\u00e4t pienemm\u00e4t laatuelokuvat. Finnkinon elokuvalevitt\u00e4jille l\u00e4hett\u00e4m\u00e4 tiedote on karua luettavaa: &#8221;Turussa sijaitsevan Finnkinon elokuvateatteri Julian vuokra&hellip;\" \/>\n<meta property=\"og:url\" content=\"https:\/\/suomenkuvalehti.fi\/kuvien-takaa\/turku-menettaa-kolmanneksen-elokuvateatterisaleistaan\/\" \/>\n<meta property=\"og:site_name\" content=\"Kuvien takaa\" \/>\n<meta property=\"article:author\" content=\"https:\/\/www.facebook.com\/pages\/Kalle-Kinnunen-Kuvien-takaa\/190326157715410?fref=ts\" \/>\n<meta property=\"article:published_time\" content=\"2009-07-10T12:05:00+00:00\" \/>\n<meta property=\"article:modified_time\" content=\"2013-11-29T13:26:19+00:00\" \/>\n<meta property=\"og:image\" content=\"https:\/\/suomenkuvalehti.fi\/kuvien-takaa\/wp-content\/uploads\/sites\/11\/2022\/04\/kalle_kinnunen_blogi-1-scaled.jpg\" \/>\n\t<meta property=\"og:image:width\" content=\"2560\" \/>\n\t<meta property=\"og:image:height\" content=\"1707\" \/>\n\t<meta property=\"og:image:type\" content=\"image\/jpeg\" \/>\n<meta name=\"author\" content=\"Kalle Kinnunen\" \/>\n<meta name=\"twitter:card\" content=\"summary_large_image\" \/>\n<meta name=\"twitter:creator\" content=\"@https:\/\/twitter.com\/kallekinnunen\" \/>\n<meta name=\"twitter:label1\" content=\"Written by\" \/>\n\t<meta name=\"twitter:data1\" content=\"Kalle Kinnunen\" \/>\n\t<meta name=\"twitter:label2\" content=\"Est. reading time\" \/>\n\t<meta name=\"twitter:data2\" content=\"1 minuutti\" \/>\n<script type=\"application\/ld+json\" class=\"yoast-schema-graph\">{\"@context\":\"https:\/\/schema.org\",\"@graph\":[{\"@type\":\"WebPage\",\"@id\":\"https:\/\/suomenkuvalehti.fi\/kuvien-takaa\/turku-menettaa-kolmanneksen-elokuvateatterisaleistaan\/\",\"url\":\"https:\/\/suomenkuvalehti.fi\/kuvien-takaa\/turku-menettaa-kolmanneksen-elokuvateatterisaleistaan\/\",\"name\":\"Turku menett\u00e4\u00e4 kolmanneksen elokuvateatterisaleistaan - Kuvien takaa\",\"isPartOf\":{\"@id\":\"https:\/\/suomenkuvalehti.fi\/kuvien-takaa\/#website\"},\"datePublished\":\"2009-07-10T12:05:00+00:00\",\"dateModified\":\"2013-11-29T13:26:19+00:00\",\"author\":{\"@id\":\"https:\/\/suomenkuvalehti.fi\/kuvien-takaa\/#\/schema\/person\/f3f657e4ad409e008f12af27bec60a23\"},\"breadcrumb\":{\"@id\":\"https:\/\/suomenkuvalehti.fi\/kuvien-takaa\/turku-menettaa-kolmanneksen-elokuvateatterisaleistaan\/#breadcrumb\"},\"inLanguage\":\"fi\",\"potentialAction\":[{\"@type\":\"ReadAction\",\"target\":[\"https:\/\/suomenkuvalehti.fi\/kuvien-takaa\/turku-menettaa-kolmanneksen-elokuvateatterisaleistaan\/\"]}]},{\"@type\":\"BreadcrumbList\",\"@id\":\"https:\/\/suomenkuvalehti.fi\/kuvien-takaa\/turku-menettaa-kolmanneksen-elokuvateatterisaleistaan\/#breadcrumb\",\"itemListElement\":[{\"@type\":\"ListItem\",\"position\":1,\"name\":\"Home\",\"item\":\"https:\/\/suomenkuvalehti.fi\/kuvien-takaa\/\"},{\"@type\":\"ListItem\",\"position\":2,\"name\":\"Turku menett\u00e4\u00e4 kolmanneksen elokuvateatterisaleistaan\"}]},{\"@type\":\"WebSite\",\"@id\":\"https:\/\/suomenkuvalehti.fi\/kuvien-takaa\/#website\",\"url\":\"https:\/\/suomenkuvalehti.fi\/kuvien-takaa\/\",\"name\":\"Kuvien takaa\",\"description\":\"Elokuvakriitikko Kalle Kinnusen elokuvablogi.\",\"potentialAction\":[{\"@type\":\"SearchAction\",\"target\":{\"@type\":\"EntryPoint\",\"urlTemplate\":\"https:\/\/suomenkuvalehti.fi\/haku\/?q={search_term_string}\"},\"query-input\":{\"@type\":\"PropertyValueSpecification\",\"valueRequired\":true,\"valueName\":\"search_term_string\"}}],\"inLanguage\":\"fi\"},{\"@type\":\"Person\",\"@id\":\"https:\/\/suomenkuvalehti.fi\/kuvien-takaa\/#\/schema\/person\/f3f657e4ad409e008f12af27bec60a23\",\"name\":\"Kalle Kinnunen\",\"image\":{\"@type\":\"ImageObject\",\"inLanguage\":\"fi\",\"@id\":\"https:\/\/suomenkuvalehti.fi\/kuvien-takaa\/#\/schema\/person\/image\/\",\"url\":\"https:\/\/suomenkuvalehti.fi\/kuvien-takaa\/wp-content\/uploads\/sites\/11\/2022\/04\/kalle_kinnunen_blogi-1-150x150.jpg\",\"contentUrl\":\"https:\/\/suomenkuvalehti.fi\/kuvien-takaa\/wp-content\/uploads\/sites\/11\/2022\/04\/kalle_kinnunen_blogi-1-150x150.jpg\",\"caption\":\"Kalle Kinnunen\"},\"description\":\"Kalle Kinnunen on vapaa toimittaja ja Suomen Kuvalehden avustaja.\",\"sameAs\":[\"https:\/\/www.facebook.com\/pages\/Kalle-Kinnunen-Kuvien-takaa\/190326157715410?fref=ts\",\"https:\/\/x.com\/https:\/\/twitter.com\/kallekinnunen\"]}]}<\/script>\n<!-- \/ Yoast SEO plugin. -->","yoast_head_json":{"title":"Turku menett\u00e4\u00e4 kolmanneksen elokuvateatterisaleistaan - Kuvien takaa","robots":{"index":"index","follow":"follow","max-snippet":"max-snippet:-1","max-image-preview":"max-image-preview:large","max-video-preview":"max-video-preview:-1"},"canonical":"https:\/\/suomenkuvalehti.fi\/kuvien-takaa\/turku-menettaa-kolmanneksen-elokuvateatterisaleistaan\/","og_locale":"fi_FI","og_type":"article","og_title":"Turku menett\u00e4\u00e4 kolmanneksen elokuvateatterisaleistaan - Kuvien takaa","og_description":"Turkuun j\u00e4\u00e4 vain yhdeks\u00e4n jatkuvassa k\u00e4yt\u00f6ss\u00e4 olevaa salia, kun Julia-teatteri pian suljetaan. Altavastaajiksi j\u00e4\u00e4v\u00e4t pienemm\u00e4t laatuelokuvat. Finnkinon elokuvalevitt\u00e4jille l\u00e4hett\u00e4m\u00e4 tiedote on karua luettavaa: &#8221;Turussa sijaitsevan Finnkinon elokuvateatteri Julian vuokra&hellip;","og_url":"https:\/\/suomenkuvalehti.fi\/kuvien-takaa\/turku-menettaa-kolmanneksen-elokuvateatterisaleistaan\/","og_site_name":"Kuvien takaa","article_author":"https:\/\/www.facebook.com\/pages\/Kalle-Kinnunen-Kuvien-takaa\/190326157715410?fref=ts","article_published_time":"2009-07-10T12:05:00+00:00","article_modified_time":"2013-11-29T13:26:19+00:00","og_image":[{"width":2560,"height":1707,"url":"https:\/\/suomenkuvalehti.fi\/kuvien-takaa\/wp-content\/uploads\/sites\/11\/2022\/04\/kalle_kinnunen_blogi-1-scaled.jpg","type":"image\/jpeg"}],"author":"Kalle Kinnunen","twitter_card":"summary_large_image","twitter_creator":"@https:\/\/twitter.com\/kallekinnunen","twitter_misc":{"Written by":"Kalle Kinnunen","Est. reading time":"1 minuutti"},"schema":{"@context":"https:\/\/schema.org","@graph":[{"@type":"WebPage","@id":"https:\/\/suomenkuvalehti.fi\/kuvien-takaa\/turku-menettaa-kolmanneksen-elokuvateatterisaleistaan\/","url":"https:\/\/suomenkuvalehti.fi\/kuvien-takaa\/turku-menettaa-kolmanneksen-elokuvateatterisaleistaan\/","name":"Turku menett\u00e4\u00e4 kolmanneksen elokuvateatterisaleistaan - Kuvien takaa","isPartOf":{"@id":"https:\/\/suomenkuvalehti.fi\/kuvien-takaa\/#website"},"datePublished":"2009-07-10T12:05:00+00:00","dateModified":"2013-11-29T13:26:19+00:00","author":{"@id":"https:\/\/suomenkuvalehti.fi\/kuvien-takaa\/#\/schema\/person\/f3f657e4ad409e008f12af27bec60a23"},"breadcrumb":{"@id":"https:\/\/suomenkuvalehti.fi\/kuvien-takaa\/turku-menettaa-kolmanneksen-elokuvateatterisaleistaan\/#breadcrumb"},"inLanguage":"fi","potentialAction":[{"@type":"ReadAction","target":["https:\/\/suomenkuvalehti.fi\/kuvien-takaa\/turku-menettaa-kolmanneksen-elokuvateatterisaleistaan\/"]}]},{"@type":"BreadcrumbList","@id":"https:\/\/suomenkuvalehti.fi\/kuvien-takaa\/turku-menettaa-kolmanneksen-elokuvateatterisaleistaan\/#breadcrumb","itemListElement":[{"@type":"ListItem","position":1,"name":"Home","item":"https:\/\/suomenkuvalehti.fi\/kuvien-takaa\/"},{"@type":"ListItem","position":2,"name":"Turku menett\u00e4\u00e4 kolmanneksen elokuvateatterisaleistaan"}]},{"@type":"WebSite","@id":"https:\/\/suomenkuvalehti.fi\/kuvien-takaa\/#website","url":"https:\/\/suomenkuvalehti.fi\/kuvien-takaa\/","name":"Kuvien takaa","description":"Elokuvakriitikko Kalle Kinnusen elokuvablogi.","potentialAction":[{"@type":"SearchAction","target":{"@type":"EntryPoint","urlTemplate":"https:\/\/suomenkuvalehti.fi\/haku\/?q={search_term_string}"},"query-input":{"@type":"PropertyValueSpecification","valueRequired":true,"valueName":"search_term_string"}}],"inLanguage":"fi"},{"@type":"Person","@id":"https:\/\/suomenkuvalehti.fi\/kuvien-takaa\/#\/schema\/person\/f3f657e4ad409e008f12af27bec60a23","name":"Kalle Kinnunen","image":{"@type":"ImageObject","inLanguage":"fi","@id":"https:\/\/suomenkuvalehti.fi\/kuvien-takaa\/#\/schema\/person\/image\/","url":"https:\/\/suomenkuvalehti.fi\/kuvien-takaa\/wp-content\/uploads\/sites\/11\/2022\/04\/kalle_kinnunen_blogi-1-150x150.jpg","contentUrl":"https:\/\/suomenkuvalehti.fi\/kuvien-takaa\/wp-content\/uploads\/sites\/11\/2022\/04\/kalle_kinnunen_blogi-1-150x150.jpg","caption":"Kalle Kinnunen"},"description":"Kalle Kinnunen on vapaa toimittaja ja Suomen Kuvalehden avustaja.","sameAs":["https:\/\/www.facebook.com\/pages\/Kalle-Kinnunen-Kuvien-takaa\/190326157715410?fref=ts","https:\/\/x.com\/https:\/\/twitter.com\/kallekinnunen"]}]}},"_links":{"self":[{"href":"https:\/\/suomenkuvalehti.fi\/kuvien-takaa\/wp-json\/wp\/v2\/posts\/1020","targetHints":{"allow":["GET"]}}],"collection":[{"href":"https:\/\/suomenkuvalehti.fi\/kuvien-takaa\/wp-json\/wp\/v2\/posts"}],"about":[{"href":"https:\/\/suomenkuvalehti.fi\/kuvien-takaa\/wp-json\/wp\/v2\/types\/post"}],"author":[{"embeddable":true,"href":"https:\/\/suomenkuvalehti.fi\/kuvien-takaa\/wp-json\/wp\/v2\/users\/144"}],"replies":[{"embeddable":true,"href":"https:\/\/suomenkuvalehti.fi\/kuvien-takaa\/wp-json\/wp\/v2\/comments?post=1020"}],"version-history":[{"count":1,"href":"https:\/\/suomenkuvalehti.fi\/kuvien-takaa\/wp-json\/wp\/v2\/posts\/1020\/revisions"}],"predecessor-version":[{"id":1542,"href":"https:\/\/suomenkuvalehti.fi\/kuvien-takaa\/wp-json\/wp\/v2\/posts\/1020\/revisions\/1542"}],"wp:attachment":[{"href":"https:\/\/suomenkuvalehti.fi\/kuvien-takaa\/wp-json\/wp\/v2\/media?parent=1020"}],"wp:term":[{"taxonomy":"category","embeddable":true,"href":"https:\/\/suomenkuvalehti.fi\/kuvien-takaa\/wp-json\/wp\/v2\/categories?post=1020"},{"taxonomy":"post_tag","embeddable":true,"href":"https:\/\/suomenkuvalehti.fi\/kuvien-takaa\/wp-json\/wp\/v2\/tags?post=1020"}],"curies":[{"name":"wp","href":"https:\/\/api.w.org\/{rel}","templated":true}]}}