{"id":102,"date":"2013-03-08T08:42:18","date_gmt":"2013-03-08T06:42:18","guid":{"rendered":"https:\/\/suomenkuvalehti.fi\/kuvientakaa\/2013\/03\/08\/pelle-hermannin-patkimisesta-nostalgian-kultareunuksista-ja-vahan-kepakostakin\/"},"modified":"2013-11-30T16:24:21","modified_gmt":"2013-11-30T14:24:21","slug":"pelle-hermannin-patkimisesta-nostalgian-kultareunuksista-ja-vahan-kepakostakin","status":"publish","type":"post","link":"https:\/\/suomenkuvalehti.fi\/kuvien-takaa\/pelle-hermannin-patkimisesta-nostalgian-kultareunuksista-ja-vahan-kepakostakin\/","title":{"rendered":"Pelle Hermannin p\u00e4tkimisest\u00e4, nostalgian kultareunuksista ja v\u00e4h\u00e4n Kepakostakin"},"content":{"rendered":"\n<p>Pelle Hermannin jaksoja on tiivistetty, koska rytmi on t\u00e4m\u00e4n ajan lapsille liian hidas. Ilta-Sanomien uutinen levisi eilen sosiaalisessa mediassa, ja oli siin\u00e4 kauhistelemista. Mihin t\u00e4m\u00e4 maailma on menossa, ovatko lapset jo noin pilalla, eik\u00f6 kukaan tee mit\u00e4\u00e4n jne, jne.<\/p>\n\n\n\n\n<p>Mieleen tuli <strong>Jouko Turkan<\/strong> 1980-luvulla kirjoittama nerokas tiivistys nostalgiasta: &#8221;Ennen kaikki oli paremmin, puolikarkeat vehn\u00e4jauhotkin olivat puolikarkeampia&#8221;.<\/p>\n\n\n\n<p>Rakastin pikkulapsena eli 1980-luvun alkupuoliskolla Pelle Hermannia. Jouduin tosin katsomaan jaksoja joskus olohuoneen p\u00f6yd\u00e4n alta piilosta. Syy ei ollut <strong>Veijo Pasasen<\/strong> pullanpehmoisessa olemuksessa, vaan hetkiss\u00e4, joina lent\u00e4v\u00e4, irvokkkasti naurava keppi Kepakko tuli ruutuun. Moni muukin muistaa luonnottoman Kepakon todella hirvitt\u00e4v\u00e4n\u00e4 entiteettin\u00e4. Kyse on samasta alkukantaisesta kauhusta ja kiehtovuudesta kuin <strong>Kauko R\u00f6yhk\u00e4n<\/strong> kappaleessa <a href=\"https:\/\/www.youtube.com\/watch?v=clz--0hIZhs\"><em>Nivelet<\/em><\/a>.<\/p>\n\n\n\n<p>Pelottavuus oli kuitenkin toissijaista. Hermanni-show oli usein todella, todella pitk\u00e4veteinen. Mit\u00e4\u00e4n ei tapahtunut. Kamera oli ik\u00e4\u00e4n kuin j\u00e4\u00e4nyt studiossa p\u00e4\u00e4lle. Hermannin ja kaverien sirkuspiha oli hermeettisesti suljettu unisen hidas maailma, jossa uupunut herra pelle mutisi monologeissaan jotain loputonta \u00e4itylist\u00e4 ja l\u00e4ttyjen sy\u00f6misest\u00e4.<\/p>\n\n\n\n<p>Kun Ilta-Sanomien shokkiuutinen <a href=\"http:\/\/www.iltasanomat.fi\/viihde\/art-1288546099536.html\">&#8221;Ei kelpaa nykylapselle&#8221;<\/a> eilen julkaistiin (<a href=\"http:\/\/yle.fi\/uutiset\/pelle_hermannia_patkitaan_nopean_nykylapsen_tarpeisiin\/6526676\">Ylen oman jutun<\/a> ja televisiouutisen pohjalta), en varsinaisesti yll\u00e4ttynyt.<\/p>\n\n\n\n<p>Mutta t\u00e4n\u00e4\u00e4n Ilta-Sanomissa tosin my\u00f6nnettiin, ett\u00e4 eilinen kohu oli kupla. Pelle Hermannin jaksojen leikkaaminen lyhemmiksi tapahtui 20 vuotta sitten, 1990-luvun alussa &#8211; kuten Ylen jutussa jo kerrottiin. Siit\u00e4 on siis kokonainen sukupolvi. &#8221;Eik\u00e4 syy ollut nopeutus&#8221;, kertoo Ylen tuottaja &#8211; vaan se, ett\u00e4 Hermannit olivat jopa 15-minuuttisia eli t\u00e4yttiv\u00e4t l\u00e4hes kokonaisen Pikku Kakkosen. &#8221;Jaksot olivat liian pitki\u00e4&#8221;, kun Pikku Kakkoseen haluttiin muutamia eri sarjaosuuksia, ei en\u00e4\u00e4 pelkk\u00e4\u00e4 yksin puhuvaa klovnia.<\/p>\n\n\n\n<p>Hei, pelleily sikseen. Hermanni on nasta hahmo ja on mainiota, ett\u00e4 h\u00e4n el\u00e4\u00e4 sukupolvelta toiselle.<\/p>\n\n\n\n<p>Seh\u00e4n t\u00e4ss\u00e4 on todellinen saavutus, ett\u00e4 jopa 35 vuotta vanhat ja sen ajan l\u00f6ys\u00e4\u00e4 kerrontaa edustavat Pelle Hermanni -jaksot kelpaavat t\u00e4m\u00e4n p\u00e4iv\u00e4n lapsille edes tiivistetyss\u00e4 muodossa. Mik\u00e4\u00e4n suomalaisen kulttuurin suuri klassikko ei ohjelma sis\u00e4lt\u00f6ns\u00e4 puolesta ole. Siin\u00e4 on pelle yksiss\u00e4 lavasteissa suoltamassa tajunnanvirtaa vuodesta toiseen.<\/p>\n\n\n\n<p>Sit\u00e4 paitsi olen kateellinen nykyskideille, mik\u00e4li Kepakko <em>ei<\/em> saa heit\u00e4 paniikkiin. Onnenpekat.<\/p>\n\n\n","protected":false},"excerpt":{"rendered":"<p>Pelle Hermannin jaksoja on tiivistetty, koska rytmi on t\u00e4m\u00e4n ajan lapsille liian hidas. Ilta-Sanomien uutinen levisi eilen sosiaalisessa mediassa, ja oli siin\u00e4 kauhistelemista. Mihin t\u00e4m\u00e4 maailma on menossa, ovatko lapset jo noin pilalla, eik\u00f6<br \/>\nkukaa&hellip;<\/p>\n","protected":false},"author":144,"featured_media":0,"comment_status":"open","ping_status":"open","sticky":false,"template":"","format":"standard","meta":{"_acf_changed":false,"asauth_required_access_level":0,"asauth_cansharepaid":"","om_header_attributes":[],"footnotes":"","om_featured_image_focal_point":[],"om_primary_tag":0,"om_contributors":[],"om_co_authors":[],"beyondwords_generate_audio":"","beyondwords_project_id":"","beyondwords_content_id":"","beyondwords_preview_token":"","beyondwords_player_content":"","beyondwords_player_style":"","beyondwords_language_code":"","beyondwords_language_id":"","beyondwords_title_voice_id":"","beyondwords_body_voice_id":"","beyondwords_summary_voice_id":"","beyondwords_error_message":"","beyondwords_disabled":"","beyondwords_delete_content":"","beyondwords_podcast_id":"","beyondwords_hash":"","publish_post_to_speechkit":"","speechkit_hash":"","speechkit_generate_audio":"","speechkit_project_id":"","speechkit_podcast_id":"","speechkit_error_message":"","speechkit_disabled":"","speechkit_access_key":"","speechkit_error":"","speechkit_info":"","speechkit_response":"","speechkit_retries":"","speechkit_status":"","speechkit_updated_at":"","_speechkit_link":"","_speechkit_text":""},"categories":[1],"tags":[304,302,303],"class_list":["post-102","post","type-post","status-publish","format-standard","hentry","category-kuvien-takaa","tag-nostalgia","tag-pelle-hermanni","tag-pikku-kakkonen"],"om_views":null,"acf":{"tuuma_off":false,"tuuma_kysymys":"","tuuma_vastaus":""},"asauth":{"required_access_level":1,"share_token":"","is_paid":false},"yoast_head":"<!-- This site is optimized with the Yoast SEO plugin v26.4 - https:\/\/yoast.com\/wordpress\/plugins\/seo\/ -->\n<title>Pelle Hermannin p\u00e4tkimisest\u00e4, nostalgian kultareunuksista ja v\u00e4h\u00e4n Kepakostakin - Kuvien takaa<\/title>\n<meta name=\"robots\" content=\"index, follow, max-snippet:-1, max-image-preview:large, max-video-preview:-1\" \/>\n<link rel=\"canonical\" href=\"https:\/\/suomenkuvalehti.fi\/kuvien-takaa\/pelle-hermannin-patkimisesta-nostalgian-kultareunuksista-ja-vahan-kepakostakin\/\" \/>\n<meta property=\"og:locale\" content=\"fi_FI\" \/>\n<meta property=\"og:type\" content=\"article\" \/>\n<meta property=\"og:title\" content=\"Pelle Hermannin p\u00e4tkimisest\u00e4, nostalgian kultareunuksista ja v\u00e4h\u00e4n Kepakostakin - Kuvien takaa\" \/>\n<meta property=\"og:description\" content=\"Pelle Hermannin jaksoja on tiivistetty, koska rytmi on t\u00e4m\u00e4n ajan lapsille liian hidas. Ilta-Sanomien uutinen levisi eilen sosiaalisessa mediassa, ja oli siin\u00e4 kauhistelemista. Mihin t\u00e4m\u00e4 maailma on menossa, ovatko lapset jo noin pilalla, eik\u00f6 kukaa&hellip;\" \/>\n<meta property=\"og:url\" content=\"https:\/\/suomenkuvalehti.fi\/kuvien-takaa\/pelle-hermannin-patkimisesta-nostalgian-kultareunuksista-ja-vahan-kepakostakin\/\" \/>\n<meta property=\"og:site_name\" content=\"Kuvien takaa\" \/>\n<meta property=\"article:author\" content=\"https:\/\/www.facebook.com\/pages\/Kalle-Kinnunen-Kuvien-takaa\/190326157715410?fref=ts\" \/>\n<meta property=\"article:published_time\" content=\"2013-03-08T06:42:18+00:00\" \/>\n<meta property=\"article:modified_time\" content=\"2013-11-30T14:24:21+00:00\" \/>\n<meta property=\"og:image\" content=\"https:\/\/suomenkuvalehti.fi\/kuvien-takaa\/wp-content\/uploads\/sites\/11\/2022\/04\/kalle_kinnunen_blogi-1-scaled.jpg\" \/>\n\t<meta property=\"og:image:width\" content=\"2560\" \/>\n\t<meta property=\"og:image:height\" content=\"1707\" \/>\n\t<meta property=\"og:image:type\" content=\"image\/jpeg\" \/>\n<meta name=\"author\" content=\"Kalle Kinnunen\" \/>\n<meta name=\"twitter:card\" content=\"summary_large_image\" \/>\n<meta name=\"twitter:creator\" content=\"@https:\/\/twitter.com\/kallekinnunen\" \/>\n<meta name=\"twitter:label1\" content=\"Written by\" \/>\n\t<meta name=\"twitter:data1\" content=\"Kalle Kinnunen\" \/>\n\t<meta name=\"twitter:label2\" content=\"Est. reading time\" \/>\n\t<meta name=\"twitter:data2\" content=\"2 minuuttia\" \/>\n<script type=\"application\/ld+json\" class=\"yoast-schema-graph\">{\"@context\":\"https:\/\/schema.org\",\"@graph\":[{\"@type\":\"WebPage\",\"@id\":\"https:\/\/suomenkuvalehti.fi\/kuvien-takaa\/pelle-hermannin-patkimisesta-nostalgian-kultareunuksista-ja-vahan-kepakostakin\/\",\"url\":\"https:\/\/suomenkuvalehti.fi\/kuvien-takaa\/pelle-hermannin-patkimisesta-nostalgian-kultareunuksista-ja-vahan-kepakostakin\/\",\"name\":\"Pelle Hermannin p\u00e4tkimisest\u00e4, nostalgian kultareunuksista ja v\u00e4h\u00e4n Kepakostakin - Kuvien takaa\",\"isPartOf\":{\"@id\":\"https:\/\/suomenkuvalehti.fi\/kuvien-takaa\/#website\"},\"datePublished\":\"2013-03-08T06:42:18+00:00\",\"dateModified\":\"2013-11-30T14:24:21+00:00\",\"author\":{\"@id\":\"https:\/\/suomenkuvalehti.fi\/kuvien-takaa\/#\/schema\/person\/f3f657e4ad409e008f12af27bec60a23\"},\"breadcrumb\":{\"@id\":\"https:\/\/suomenkuvalehti.fi\/kuvien-takaa\/pelle-hermannin-patkimisesta-nostalgian-kultareunuksista-ja-vahan-kepakostakin\/#breadcrumb\"},\"inLanguage\":\"fi\",\"potentialAction\":[{\"@type\":\"ReadAction\",\"target\":[\"https:\/\/suomenkuvalehti.fi\/kuvien-takaa\/pelle-hermannin-patkimisesta-nostalgian-kultareunuksista-ja-vahan-kepakostakin\/\"]}]},{\"@type\":\"BreadcrumbList\",\"@id\":\"https:\/\/suomenkuvalehti.fi\/kuvien-takaa\/pelle-hermannin-patkimisesta-nostalgian-kultareunuksista-ja-vahan-kepakostakin\/#breadcrumb\",\"itemListElement\":[{\"@type\":\"ListItem\",\"position\":1,\"name\":\"Home\",\"item\":\"https:\/\/suomenkuvalehti.fi\/kuvien-takaa\/\"},{\"@type\":\"ListItem\",\"position\":2,\"name\":\"Pelle Hermannin p\u00e4tkimisest\u00e4, nostalgian kultareunuksista ja v\u00e4h\u00e4n Kepakostakin\"}]},{\"@type\":\"WebSite\",\"@id\":\"https:\/\/suomenkuvalehti.fi\/kuvien-takaa\/#website\",\"url\":\"https:\/\/suomenkuvalehti.fi\/kuvien-takaa\/\",\"name\":\"Kuvien takaa\",\"description\":\"Elokuvakriitikko Kalle Kinnusen elokuvablogi.\",\"potentialAction\":[{\"@type\":\"SearchAction\",\"target\":{\"@type\":\"EntryPoint\",\"urlTemplate\":\"https:\/\/suomenkuvalehti.fi\/haku\/?q={search_term_string}\"},\"query-input\":{\"@type\":\"PropertyValueSpecification\",\"valueRequired\":true,\"valueName\":\"search_term_string\"}}],\"inLanguage\":\"fi\"},{\"@type\":\"Person\",\"@id\":\"https:\/\/suomenkuvalehti.fi\/kuvien-takaa\/#\/schema\/person\/f3f657e4ad409e008f12af27bec60a23\",\"name\":\"Kalle Kinnunen\",\"image\":{\"@type\":\"ImageObject\",\"inLanguage\":\"fi\",\"@id\":\"https:\/\/suomenkuvalehti.fi\/kuvien-takaa\/#\/schema\/person\/image\/\",\"url\":\"https:\/\/suomenkuvalehti.fi\/kuvien-takaa\/wp-content\/uploads\/sites\/11\/2022\/04\/kalle_kinnunen_blogi-1-150x150.jpg\",\"contentUrl\":\"https:\/\/suomenkuvalehti.fi\/kuvien-takaa\/wp-content\/uploads\/sites\/11\/2022\/04\/kalle_kinnunen_blogi-1-150x150.jpg\",\"caption\":\"Kalle Kinnunen\"},\"description\":\"Kalle Kinnunen on vapaa toimittaja ja Suomen Kuvalehden avustaja.\",\"sameAs\":[\"https:\/\/www.facebook.com\/pages\/Kalle-Kinnunen-Kuvien-takaa\/190326157715410?fref=ts\",\"https:\/\/x.com\/https:\/\/twitter.com\/kallekinnunen\"]}]}<\/script>\n<!-- \/ Yoast SEO plugin. -->","yoast_head_json":{"title":"Pelle Hermannin p\u00e4tkimisest\u00e4, nostalgian kultareunuksista ja v\u00e4h\u00e4n Kepakostakin - Kuvien takaa","robots":{"index":"index","follow":"follow","max-snippet":"max-snippet:-1","max-image-preview":"max-image-preview:large","max-video-preview":"max-video-preview:-1"},"canonical":"https:\/\/suomenkuvalehti.fi\/kuvien-takaa\/pelle-hermannin-patkimisesta-nostalgian-kultareunuksista-ja-vahan-kepakostakin\/","og_locale":"fi_FI","og_type":"article","og_title":"Pelle Hermannin p\u00e4tkimisest\u00e4, nostalgian kultareunuksista ja v\u00e4h\u00e4n Kepakostakin - Kuvien takaa","og_description":"Pelle Hermannin jaksoja on tiivistetty, koska rytmi on t\u00e4m\u00e4n ajan lapsille liian hidas. Ilta-Sanomien uutinen levisi eilen sosiaalisessa mediassa, ja oli siin\u00e4 kauhistelemista. Mihin t\u00e4m\u00e4 maailma on menossa, ovatko lapset jo noin pilalla, eik\u00f6 kukaa&hellip;","og_url":"https:\/\/suomenkuvalehti.fi\/kuvien-takaa\/pelle-hermannin-patkimisesta-nostalgian-kultareunuksista-ja-vahan-kepakostakin\/","og_site_name":"Kuvien takaa","article_author":"https:\/\/www.facebook.com\/pages\/Kalle-Kinnunen-Kuvien-takaa\/190326157715410?fref=ts","article_published_time":"2013-03-08T06:42:18+00:00","article_modified_time":"2013-11-30T14:24:21+00:00","og_image":[{"width":2560,"height":1707,"url":"https:\/\/suomenkuvalehti.fi\/kuvien-takaa\/wp-content\/uploads\/sites\/11\/2022\/04\/kalle_kinnunen_blogi-1-scaled.jpg","type":"image\/jpeg"}],"author":"Kalle Kinnunen","twitter_card":"summary_large_image","twitter_creator":"@https:\/\/twitter.com\/kallekinnunen","twitter_misc":{"Written by":"Kalle Kinnunen","Est. reading time":"2 minuuttia"},"schema":{"@context":"https:\/\/schema.org","@graph":[{"@type":"WebPage","@id":"https:\/\/suomenkuvalehti.fi\/kuvien-takaa\/pelle-hermannin-patkimisesta-nostalgian-kultareunuksista-ja-vahan-kepakostakin\/","url":"https:\/\/suomenkuvalehti.fi\/kuvien-takaa\/pelle-hermannin-patkimisesta-nostalgian-kultareunuksista-ja-vahan-kepakostakin\/","name":"Pelle Hermannin p\u00e4tkimisest\u00e4, nostalgian kultareunuksista ja v\u00e4h\u00e4n Kepakostakin - Kuvien takaa","isPartOf":{"@id":"https:\/\/suomenkuvalehti.fi\/kuvien-takaa\/#website"},"datePublished":"2013-03-08T06:42:18+00:00","dateModified":"2013-11-30T14:24:21+00:00","author":{"@id":"https:\/\/suomenkuvalehti.fi\/kuvien-takaa\/#\/schema\/person\/f3f657e4ad409e008f12af27bec60a23"},"breadcrumb":{"@id":"https:\/\/suomenkuvalehti.fi\/kuvien-takaa\/pelle-hermannin-patkimisesta-nostalgian-kultareunuksista-ja-vahan-kepakostakin\/#breadcrumb"},"inLanguage":"fi","potentialAction":[{"@type":"ReadAction","target":["https:\/\/suomenkuvalehti.fi\/kuvien-takaa\/pelle-hermannin-patkimisesta-nostalgian-kultareunuksista-ja-vahan-kepakostakin\/"]}]},{"@type":"BreadcrumbList","@id":"https:\/\/suomenkuvalehti.fi\/kuvien-takaa\/pelle-hermannin-patkimisesta-nostalgian-kultareunuksista-ja-vahan-kepakostakin\/#breadcrumb","itemListElement":[{"@type":"ListItem","position":1,"name":"Home","item":"https:\/\/suomenkuvalehti.fi\/kuvien-takaa\/"},{"@type":"ListItem","position":2,"name":"Pelle Hermannin p\u00e4tkimisest\u00e4, nostalgian kultareunuksista ja v\u00e4h\u00e4n Kepakostakin"}]},{"@type":"WebSite","@id":"https:\/\/suomenkuvalehti.fi\/kuvien-takaa\/#website","url":"https:\/\/suomenkuvalehti.fi\/kuvien-takaa\/","name":"Kuvien takaa","description":"Elokuvakriitikko Kalle Kinnusen elokuvablogi.","potentialAction":[{"@type":"SearchAction","target":{"@type":"EntryPoint","urlTemplate":"https:\/\/suomenkuvalehti.fi\/haku\/?q={search_term_string}"},"query-input":{"@type":"PropertyValueSpecification","valueRequired":true,"valueName":"search_term_string"}}],"inLanguage":"fi"},{"@type":"Person","@id":"https:\/\/suomenkuvalehti.fi\/kuvien-takaa\/#\/schema\/person\/f3f657e4ad409e008f12af27bec60a23","name":"Kalle Kinnunen","image":{"@type":"ImageObject","inLanguage":"fi","@id":"https:\/\/suomenkuvalehti.fi\/kuvien-takaa\/#\/schema\/person\/image\/","url":"https:\/\/suomenkuvalehti.fi\/kuvien-takaa\/wp-content\/uploads\/sites\/11\/2022\/04\/kalle_kinnunen_blogi-1-150x150.jpg","contentUrl":"https:\/\/suomenkuvalehti.fi\/kuvien-takaa\/wp-content\/uploads\/sites\/11\/2022\/04\/kalle_kinnunen_blogi-1-150x150.jpg","caption":"Kalle Kinnunen"},"description":"Kalle Kinnunen on vapaa toimittaja ja Suomen Kuvalehden avustaja.","sameAs":["https:\/\/www.facebook.com\/pages\/Kalle-Kinnunen-Kuvien-takaa\/190326157715410?fref=ts","https:\/\/x.com\/https:\/\/twitter.com\/kallekinnunen"]}]}},"_links":{"self":[{"href":"https:\/\/suomenkuvalehti.fi\/kuvien-takaa\/wp-json\/wp\/v2\/posts\/102","targetHints":{"allow":["GET"]}}],"collection":[{"href":"https:\/\/suomenkuvalehti.fi\/kuvien-takaa\/wp-json\/wp\/v2\/posts"}],"about":[{"href":"https:\/\/suomenkuvalehti.fi\/kuvien-takaa\/wp-json\/wp\/v2\/types\/post"}],"author":[{"embeddable":true,"href":"https:\/\/suomenkuvalehti.fi\/kuvien-takaa\/wp-json\/wp\/v2\/users\/144"}],"replies":[{"embeddable":true,"href":"https:\/\/suomenkuvalehti.fi\/kuvien-takaa\/wp-json\/wp\/v2\/comments?post=102"}],"version-history":[{"count":2,"href":"https:\/\/suomenkuvalehti.fi\/kuvien-takaa\/wp-json\/wp\/v2\/posts\/102\/revisions"}],"predecessor-version":[{"id":316,"href":"https:\/\/suomenkuvalehti.fi\/kuvien-takaa\/wp-json\/wp\/v2\/posts\/102\/revisions\/316"}],"wp:attachment":[{"href":"https:\/\/suomenkuvalehti.fi\/kuvien-takaa\/wp-json\/wp\/v2\/media?parent=102"}],"wp:term":[{"taxonomy":"category","embeddable":true,"href":"https:\/\/suomenkuvalehti.fi\/kuvien-takaa\/wp-json\/wp\/v2\/categories?post=102"},{"taxonomy":"post_tag","embeddable":true,"href":"https:\/\/suomenkuvalehti.fi\/kuvien-takaa\/wp-json\/wp\/v2\/tags?post=102"}],"curies":[{"name":"wp","href":"https:\/\/api.w.org\/{rel}","templated":true}]}}