{"id":1009,"date":"2009-08-04T10:23:14","date_gmt":"2009-08-04T07:23:14","guid":{"rendered":"https:\/\/suomenkuvalehti.fi\/kuvientakaa\/2009\/08\/04\/mannerheim-taas-jaihin-renny-harlin-leffantekoon-georgiaan\/"},"modified":"2013-11-29T15:26:17","modified_gmt":"2013-11-29T13:26:17","slug":"mannerheim-taas-jaihin-renny-harlin-leffantekoon-georgiaan","status":"publish","type":"post","link":"https:\/\/suomenkuvalehti.fi\/kuvien-takaa\/mannerheim-taas-jaihin-renny-harlin-leffantekoon-georgiaan\/","title":{"rendered":"Mannerheim taas j\u00e4ihin, Renny Harlin leffantekoon Georgiaan"},"content":{"rendered":"\n<p>Kauan odotetun marskielokuvan kuvaukset lykk\u00e4\u00e4ntyiv\u00e4t hamaan tulevaisuuteen, mutta <strong>Rennyll\u00e4<\/strong> on mieless\u00e4\u00e4n yll\u00e4tt\u00e4v\u00e4 hanke &#8211; ja haaste.<\/p>\n\n\n\n\n<p><a href=\"http:\/\/weblogs.variety.com\/bfdealmemo\/2009\/08\/harlin-has-georgia-on-mind.html\"><em>Variety <\/em>kertoo<\/a> hieman tarkemmin elokuvasta, jonka <a href=\"http:\/\/yle.fi\/uutiset\/viihde\/2009\/08\/mannerheim_lykkaantyy_edelleen__ohjaaja_ja_paatahti_toisen_elokuvan_pariin_905475.html?origin=rss\">Ylen<\/a> ja STT:n uutiset mainitsevat.<\/p>\n\n\n\n<p><a href=\"http:\/\/yle.fi\/uutiset\/ulkomaat\/2008\/08\/etela-ossetia_ruutitynnyri_313888.html\">Etel\u00e4-Ossetian <\/a>viisip\u00e4iv\u00e4iseen kriisiin sijoittuva elokuva kuvataan l\u00e4hell\u00e4 oikeita taistelupaikkoja. Fiktiivinen tarina kertoo amerikkalaisjournalistista ja h\u00e4nen kameramiehest\u00e4\u00e4n. Tarkemmat tiedot pidet\u00e4\u00e4n viel\u00e4 salassa elokuvantekij\u00f6iden turvallisuuden vuoksi.<\/p>\n\n\n\n<p>Harlin tekee elokuvan huomattavasti pienemm\u00e4ll\u00e4 rahalla kuin Hollywood-tuotantonsa, ja kuvaaja on entinen sotakuvaaja <a href=\"http:\/\/akas.imdb.com\/name\/nm0889678\/\"><strong>Checco Varese<\/strong><\/a>.<\/p>\n\n\n\n<p>Toiminta on ollut nopeaa &#8211; Harlin sai k\u00e4sikirjoituksen luettavakseen vasta viisi p\u00e4iv\u00e4\u00e4 sitten.<\/p>\n\n\n\n<p>Harlin kertoo Varietyssa tunteistaan ja halusta tehd\u00e4 vihdoin merkityksellinen elokuva: &#8221;I remember early on, something that my close friend <strong>Bob Shaye<\/strong> said to me, when I had a success directing <em>A Nightmare on Elm Street 4<\/em>, Harlin said. Bob said, `Renny, remember not to start smoking the Hollywood crack pipe, because it will give you a quick high, but you&#8217;ll get hooked and you&#8217;ll feel awful later on.&#8217; I did smoke the Hollywood crack pipe to a certain extent, I got sucked into making commercial movies. Now that I&#8217;m a little older, I feel differently. I understand it&#8217;s easy for some people to be cynical about this, but when I wake up in the morning, I think about doing something I believe in, and not doing entertainment for entertainment&#8217;s sake. I want to make a film that says something about the human condition, and even if only a few people see this and feel its impact and its anti-war message, then I will have done something that&#8217;s important and I will be proud of it.&#8221;<\/p>\n\n\n\n<p>Inspiraation l\u00e4hteeksi Harlin mainitsee Varietyn haastattelussa <strong>Kathryn Bigelowin<\/strong> hienon <a href=\"https:\/\/suomenkuvalehti.fi\/kuvientakaa\/2008\/12\/03\/tallinnan-festivaalit-miyazaki-tylsa-the-wrestler-toimii\/\"><em>The Hurt Lockerin<\/em><\/a> (joka on tulossa Suomeen syyskuun Rakkautta &amp; Anarkiaa -festivaaleile). My\u00f6s Bigelow tunnetaan isojen budjettien toimintaohjaajana, ja The Hurt Locker on h\u00e4nen urallaan onnistunut poikkeus: realistinen Irak-kuvaus.<\/p>\n\n\n\n\n<p>Meni syteen tai saveen, toistaiseksi nimet\u00f6n Georgia-elokuva on piristysruiske Harlinin uralle. Pitk\u00e4st\u00e4, pitk\u00e4st\u00e4 aikaa Harlinin uutta elokuvaa voi todella odottaa: tulossa on ainakin jotain aiemmasta ratkaisevasti poikkeavaa.<\/p>\n\n\n\n<p>Mutta <em>kuinka<\/em> paljon on lupa odottaa?<\/p>\n\n\n","protected":false},"excerpt":{"rendered":"<p>Kauan odotetun marskielokuvan kuvaukset lykk\u00e4\u00e4ntyiv\u00e4t hamaan tulevaisuuteen, mutta Rennyll\u00e4 on mieless\u00e4\u00e4n yll\u00e4tt\u00e4v\u00e4 hanke &#8211; ja haaste. Variety kertoo hieman tarkemmin elokuvasta, jonka Ylen ja STT:n uutiset mainitsevat. Etel\u00e4-Ossetian viisip\u00e4iv\u00e4iseen<br \/>\nkriisiin si&hellip;<\/p>\n","protected":false},"author":144,"featured_media":0,"comment_status":"open","ping_status":"open","sticky":false,"template":"","format":"standard","meta":{"_acf_changed":false,"asauth_required_access_level":0,"asauth_cansharepaid":"","om_header_attributes":[],"footnotes":"","om_featured_image_focal_point":[],"om_primary_tag":0,"om_contributors":[],"om_co_authors":[],"beyondwords_generate_audio":"","beyondwords_project_id":"","beyondwords_content_id":"","beyondwords_preview_token":"","beyondwords_player_content":"","beyondwords_player_style":"","beyondwords_language_code":"","beyondwords_language_id":"","beyondwords_title_voice_id":"","beyondwords_body_voice_id":"","beyondwords_summary_voice_id":"","beyondwords_error_message":"","beyondwords_disabled":"","beyondwords_delete_content":"","beyondwords_podcast_id":"","beyondwords_hash":"","publish_post_to_speechkit":"","speechkit_hash":"","speechkit_generate_audio":"","speechkit_project_id":"","speechkit_podcast_id":"","speechkit_error_message":"","speechkit_disabled":"","speechkit_access_key":"","speechkit_error":"","speechkit_info":"","speechkit_response":"","speechkit_retries":"","speechkit_status":"","speechkit_updated_at":"","_speechkit_link":"","_speechkit_text":""},"categories":[1],"tags":[1599,577,345,95],"class_list":["post-1009","post","type-post","status-publish","format-standard","hentry","category-kuvien-takaa","tag-georgia","tag-mannerheim","tag-renny-harlin","tag-venaja"],"om_views":null,"acf":{"tuuma_off":false,"tuuma_kysymys":"","tuuma_vastaus":""},"asauth":{"required_access_level":1,"share_token":"","is_paid":false},"yoast_head":"<!-- This site is optimized with the Yoast SEO plugin v26.4 - https:\/\/yoast.com\/wordpress\/plugins\/seo\/ -->\n<title>Mannerheim taas j\u00e4ihin, Renny Harlin leffantekoon Georgiaan - Kuvien takaa<\/title>\n<meta name=\"robots\" content=\"index, follow, max-snippet:-1, max-image-preview:large, max-video-preview:-1\" \/>\n<link rel=\"canonical\" href=\"https:\/\/suomenkuvalehti.fi\/kuvien-takaa\/mannerheim-taas-jaihin-renny-harlin-leffantekoon-georgiaan\/\" \/>\n<meta property=\"og:locale\" content=\"fi_FI\" \/>\n<meta property=\"og:type\" content=\"article\" \/>\n<meta property=\"og:title\" content=\"Mannerheim taas j\u00e4ihin, Renny Harlin leffantekoon Georgiaan - Kuvien takaa\" \/>\n<meta property=\"og:description\" content=\"Kauan odotetun marskielokuvan kuvaukset lykk\u00e4\u00e4ntyiv\u00e4t hamaan tulevaisuuteen, mutta Rennyll\u00e4 on mieless\u00e4\u00e4n yll\u00e4tt\u00e4v\u00e4 hanke &#8211; ja haaste. Variety kertoo hieman tarkemmin elokuvasta, jonka Ylen ja STT:n uutiset mainitsevat. Etel\u00e4-Ossetian viisip\u00e4iv\u00e4iseen kriisiin si&hellip;\" \/>\n<meta property=\"og:url\" content=\"https:\/\/suomenkuvalehti.fi\/kuvien-takaa\/mannerheim-taas-jaihin-renny-harlin-leffantekoon-georgiaan\/\" \/>\n<meta property=\"og:site_name\" content=\"Kuvien takaa\" \/>\n<meta property=\"article:author\" content=\"https:\/\/www.facebook.com\/pages\/Kalle-Kinnunen-Kuvien-takaa\/190326157715410?fref=ts\" \/>\n<meta property=\"article:published_time\" content=\"2009-08-04T07:23:14+00:00\" \/>\n<meta property=\"article:modified_time\" content=\"2013-11-29T13:26:17+00:00\" \/>\n<meta property=\"og:image\" content=\"https:\/\/suomenkuvalehti.fi\/kuvien-takaa\/wp-content\/uploads\/sites\/11\/2022\/04\/kalle_kinnunen_blogi-1-scaled.jpg\" \/>\n\t<meta property=\"og:image:width\" content=\"2560\" \/>\n\t<meta property=\"og:image:height\" content=\"1707\" \/>\n\t<meta property=\"og:image:type\" content=\"image\/jpeg\" \/>\n<meta name=\"author\" content=\"Kalle Kinnunen\" \/>\n<meta name=\"twitter:card\" content=\"summary_large_image\" \/>\n<meta name=\"twitter:creator\" content=\"@https:\/\/twitter.com\/kallekinnunen\" \/>\n<meta name=\"twitter:label1\" content=\"Written by\" \/>\n\t<meta name=\"twitter:data1\" content=\"Kalle Kinnunen\" \/>\n\t<meta name=\"twitter:label2\" content=\"Est. reading time\" \/>\n\t<meta name=\"twitter:data2\" content=\"2 minuuttia\" \/>\n<script type=\"application\/ld+json\" class=\"yoast-schema-graph\">{\"@context\":\"https:\/\/schema.org\",\"@graph\":[{\"@type\":\"WebPage\",\"@id\":\"https:\/\/suomenkuvalehti.fi\/kuvien-takaa\/mannerheim-taas-jaihin-renny-harlin-leffantekoon-georgiaan\/\",\"url\":\"https:\/\/suomenkuvalehti.fi\/kuvien-takaa\/mannerheim-taas-jaihin-renny-harlin-leffantekoon-georgiaan\/\",\"name\":\"Mannerheim taas j\u00e4ihin, Renny Harlin leffantekoon Georgiaan - Kuvien takaa\",\"isPartOf\":{\"@id\":\"https:\/\/suomenkuvalehti.fi\/kuvien-takaa\/#website\"},\"datePublished\":\"2009-08-04T07:23:14+00:00\",\"dateModified\":\"2013-11-29T13:26:17+00:00\",\"author\":{\"@id\":\"https:\/\/suomenkuvalehti.fi\/kuvien-takaa\/#\/schema\/person\/f3f657e4ad409e008f12af27bec60a23\"},\"breadcrumb\":{\"@id\":\"https:\/\/suomenkuvalehti.fi\/kuvien-takaa\/mannerheim-taas-jaihin-renny-harlin-leffantekoon-georgiaan\/#breadcrumb\"},\"inLanguage\":\"fi\",\"potentialAction\":[{\"@type\":\"ReadAction\",\"target\":[\"https:\/\/suomenkuvalehti.fi\/kuvien-takaa\/mannerheim-taas-jaihin-renny-harlin-leffantekoon-georgiaan\/\"]}]},{\"@type\":\"BreadcrumbList\",\"@id\":\"https:\/\/suomenkuvalehti.fi\/kuvien-takaa\/mannerheim-taas-jaihin-renny-harlin-leffantekoon-georgiaan\/#breadcrumb\",\"itemListElement\":[{\"@type\":\"ListItem\",\"position\":1,\"name\":\"Home\",\"item\":\"https:\/\/suomenkuvalehti.fi\/kuvien-takaa\/\"},{\"@type\":\"ListItem\",\"position\":2,\"name\":\"Mannerheim taas j\u00e4ihin, Renny Harlin leffantekoon Georgiaan\"}]},{\"@type\":\"WebSite\",\"@id\":\"https:\/\/suomenkuvalehti.fi\/kuvien-takaa\/#website\",\"url\":\"https:\/\/suomenkuvalehti.fi\/kuvien-takaa\/\",\"name\":\"Kuvien takaa\",\"description\":\"Elokuvakriitikko Kalle Kinnusen elokuvablogi.\",\"potentialAction\":[{\"@type\":\"SearchAction\",\"target\":{\"@type\":\"EntryPoint\",\"urlTemplate\":\"https:\/\/suomenkuvalehti.fi\/haku\/?q={search_term_string}\"},\"query-input\":{\"@type\":\"PropertyValueSpecification\",\"valueRequired\":true,\"valueName\":\"search_term_string\"}}],\"inLanguage\":\"fi\"},{\"@type\":\"Person\",\"@id\":\"https:\/\/suomenkuvalehti.fi\/kuvien-takaa\/#\/schema\/person\/f3f657e4ad409e008f12af27bec60a23\",\"name\":\"Kalle Kinnunen\",\"image\":{\"@type\":\"ImageObject\",\"inLanguage\":\"fi\",\"@id\":\"https:\/\/suomenkuvalehti.fi\/kuvien-takaa\/#\/schema\/person\/image\/\",\"url\":\"https:\/\/suomenkuvalehti.fi\/kuvien-takaa\/wp-content\/uploads\/sites\/11\/2022\/04\/kalle_kinnunen_blogi-1-150x150.jpg\",\"contentUrl\":\"https:\/\/suomenkuvalehti.fi\/kuvien-takaa\/wp-content\/uploads\/sites\/11\/2022\/04\/kalle_kinnunen_blogi-1-150x150.jpg\",\"caption\":\"Kalle Kinnunen\"},\"description\":\"Kalle Kinnunen on vapaa toimittaja ja Suomen Kuvalehden avustaja.\",\"sameAs\":[\"https:\/\/www.facebook.com\/pages\/Kalle-Kinnunen-Kuvien-takaa\/190326157715410?fref=ts\",\"https:\/\/x.com\/https:\/\/twitter.com\/kallekinnunen\"]}]}<\/script>\n<!-- \/ Yoast SEO plugin. -->","yoast_head_json":{"title":"Mannerheim taas j\u00e4ihin, Renny Harlin leffantekoon Georgiaan - Kuvien takaa","robots":{"index":"index","follow":"follow","max-snippet":"max-snippet:-1","max-image-preview":"max-image-preview:large","max-video-preview":"max-video-preview:-1"},"canonical":"https:\/\/suomenkuvalehti.fi\/kuvien-takaa\/mannerheim-taas-jaihin-renny-harlin-leffantekoon-georgiaan\/","og_locale":"fi_FI","og_type":"article","og_title":"Mannerheim taas j\u00e4ihin, Renny Harlin leffantekoon Georgiaan - Kuvien takaa","og_description":"Kauan odotetun marskielokuvan kuvaukset lykk\u00e4\u00e4ntyiv\u00e4t hamaan tulevaisuuteen, mutta Rennyll\u00e4 on mieless\u00e4\u00e4n yll\u00e4tt\u00e4v\u00e4 hanke &#8211; ja haaste. Variety kertoo hieman tarkemmin elokuvasta, jonka Ylen ja STT:n uutiset mainitsevat. Etel\u00e4-Ossetian viisip\u00e4iv\u00e4iseen kriisiin si&hellip;","og_url":"https:\/\/suomenkuvalehti.fi\/kuvien-takaa\/mannerheim-taas-jaihin-renny-harlin-leffantekoon-georgiaan\/","og_site_name":"Kuvien takaa","article_author":"https:\/\/www.facebook.com\/pages\/Kalle-Kinnunen-Kuvien-takaa\/190326157715410?fref=ts","article_published_time":"2009-08-04T07:23:14+00:00","article_modified_time":"2013-11-29T13:26:17+00:00","og_image":[{"width":2560,"height":1707,"url":"https:\/\/suomenkuvalehti.fi\/kuvien-takaa\/wp-content\/uploads\/sites\/11\/2022\/04\/kalle_kinnunen_blogi-1-scaled.jpg","type":"image\/jpeg"}],"author":"Kalle Kinnunen","twitter_card":"summary_large_image","twitter_creator":"@https:\/\/twitter.com\/kallekinnunen","twitter_misc":{"Written by":"Kalle Kinnunen","Est. reading time":"2 minuuttia"},"schema":{"@context":"https:\/\/schema.org","@graph":[{"@type":"WebPage","@id":"https:\/\/suomenkuvalehti.fi\/kuvien-takaa\/mannerheim-taas-jaihin-renny-harlin-leffantekoon-georgiaan\/","url":"https:\/\/suomenkuvalehti.fi\/kuvien-takaa\/mannerheim-taas-jaihin-renny-harlin-leffantekoon-georgiaan\/","name":"Mannerheim taas j\u00e4ihin, Renny Harlin leffantekoon Georgiaan - Kuvien takaa","isPartOf":{"@id":"https:\/\/suomenkuvalehti.fi\/kuvien-takaa\/#website"},"datePublished":"2009-08-04T07:23:14+00:00","dateModified":"2013-11-29T13:26:17+00:00","author":{"@id":"https:\/\/suomenkuvalehti.fi\/kuvien-takaa\/#\/schema\/person\/f3f657e4ad409e008f12af27bec60a23"},"breadcrumb":{"@id":"https:\/\/suomenkuvalehti.fi\/kuvien-takaa\/mannerheim-taas-jaihin-renny-harlin-leffantekoon-georgiaan\/#breadcrumb"},"inLanguage":"fi","potentialAction":[{"@type":"ReadAction","target":["https:\/\/suomenkuvalehti.fi\/kuvien-takaa\/mannerheim-taas-jaihin-renny-harlin-leffantekoon-georgiaan\/"]}]},{"@type":"BreadcrumbList","@id":"https:\/\/suomenkuvalehti.fi\/kuvien-takaa\/mannerheim-taas-jaihin-renny-harlin-leffantekoon-georgiaan\/#breadcrumb","itemListElement":[{"@type":"ListItem","position":1,"name":"Home","item":"https:\/\/suomenkuvalehti.fi\/kuvien-takaa\/"},{"@type":"ListItem","position":2,"name":"Mannerheim taas j\u00e4ihin, Renny Harlin leffantekoon Georgiaan"}]},{"@type":"WebSite","@id":"https:\/\/suomenkuvalehti.fi\/kuvien-takaa\/#website","url":"https:\/\/suomenkuvalehti.fi\/kuvien-takaa\/","name":"Kuvien takaa","description":"Elokuvakriitikko Kalle Kinnusen elokuvablogi.","potentialAction":[{"@type":"SearchAction","target":{"@type":"EntryPoint","urlTemplate":"https:\/\/suomenkuvalehti.fi\/haku\/?q={search_term_string}"},"query-input":{"@type":"PropertyValueSpecification","valueRequired":true,"valueName":"search_term_string"}}],"inLanguage":"fi"},{"@type":"Person","@id":"https:\/\/suomenkuvalehti.fi\/kuvien-takaa\/#\/schema\/person\/f3f657e4ad409e008f12af27bec60a23","name":"Kalle Kinnunen","image":{"@type":"ImageObject","inLanguage":"fi","@id":"https:\/\/suomenkuvalehti.fi\/kuvien-takaa\/#\/schema\/person\/image\/","url":"https:\/\/suomenkuvalehti.fi\/kuvien-takaa\/wp-content\/uploads\/sites\/11\/2022\/04\/kalle_kinnunen_blogi-1-150x150.jpg","contentUrl":"https:\/\/suomenkuvalehti.fi\/kuvien-takaa\/wp-content\/uploads\/sites\/11\/2022\/04\/kalle_kinnunen_blogi-1-150x150.jpg","caption":"Kalle Kinnunen"},"description":"Kalle Kinnunen on vapaa toimittaja ja Suomen Kuvalehden avustaja.","sameAs":["https:\/\/www.facebook.com\/pages\/Kalle-Kinnunen-Kuvien-takaa\/190326157715410?fref=ts","https:\/\/x.com\/https:\/\/twitter.com\/kallekinnunen"]}]}},"_links":{"self":[{"href":"https:\/\/suomenkuvalehti.fi\/kuvien-takaa\/wp-json\/wp\/v2\/posts\/1009","targetHints":{"allow":["GET"]}}],"collection":[{"href":"https:\/\/suomenkuvalehti.fi\/kuvien-takaa\/wp-json\/wp\/v2\/posts"}],"about":[{"href":"https:\/\/suomenkuvalehti.fi\/kuvien-takaa\/wp-json\/wp\/v2\/types\/post"}],"author":[{"embeddable":true,"href":"https:\/\/suomenkuvalehti.fi\/kuvien-takaa\/wp-json\/wp\/v2\/users\/144"}],"replies":[{"embeddable":true,"href":"https:\/\/suomenkuvalehti.fi\/kuvien-takaa\/wp-json\/wp\/v2\/comments?post=1009"}],"version-history":[{"count":1,"href":"https:\/\/suomenkuvalehti.fi\/kuvien-takaa\/wp-json\/wp\/v2\/posts\/1009\/revisions"}],"predecessor-version":[{"id":1538,"href":"https:\/\/suomenkuvalehti.fi\/kuvien-takaa\/wp-json\/wp\/v2\/posts\/1009\/revisions\/1538"}],"wp:attachment":[{"href":"https:\/\/suomenkuvalehti.fi\/kuvien-takaa\/wp-json\/wp\/v2\/media?parent=1009"}],"wp:term":[{"taxonomy":"category","embeddable":true,"href":"https:\/\/suomenkuvalehti.fi\/kuvien-takaa\/wp-json\/wp\/v2\/categories?post=1009"},{"taxonomy":"post_tag","embeddable":true,"href":"https:\/\/suomenkuvalehti.fi\/kuvien-takaa\/wp-json\/wp\/v2\/tags?post=1009"}],"curies":[{"name":"wp","href":"https:\/\/api.w.org\/{rel}","templated":true}]}}