{"id":93,"date":"2011-01-14T18:14:00","date_gmt":"2011-01-14T16:14:00","guid":{"rendered":"https:\/\/suomenkuvalehti.fi\/kohtaamiset\/2011\/01\/14\/linkin-takana-linnut-kaarmeet-pahan-kukat-ja-omituiset-kirjat\/"},"modified":"2018-01-22T12:16:19","modified_gmt":"2018-01-22T10:16:19","slug":"linkin-takana-linnut-kaarmeet-pahan-kukat-ja-omituiset-kirjat","status":"publish","type":"post","link":"https:\/\/suomenkuvalehti.fi\/kohtaamiset\/linkin-takana-linnut-kaarmeet-pahan-kukat-ja-omituiset-kirjat\/","title":{"rendered":"Linkin takana: Linnut, k\u00e4\u00e4rmeet, Pahan kukat ja omituiset kirjat"},"content":{"rendered":"\n<p>* Lintujen ja muiden el\u00e4inten mystiset <a href=\"http:\/\/www.hs.fi\/ulkomaat\/artikkeli\/Yhdysvalloissa+j%C3%A4lleen+lintujen+joukkokuolema+katso+video\/1135262822770\">joukkokuolemat<\/a> ovat j\u00e4\u00e4neet vaille tyydytt\u00e4v\u00e4\u00e4 selityst\u00e4. Googlen karttapalveluun kootut <a href=\"http:\/\/maps.google.co.uk\/maps\/ms?hl=en&amp;ie=UTF8&amp;vps=1&amp;jsv=304e&amp;oe=UTF8&amp;msa=0&amp;msid=214033381917754770249.00049914669207a782c3e\">tiedot<\/a> osoittavat, ettei kyse ole vain muutamasta yksitt\u00e4isest\u00e4 tapauksesta.<\/p>\n\n\n\n<p>* Viime viikolla viittasin runoilijayst\u00e4v\u00e4ni <strong>Mark Youngin <\/strong><a href=\"https:\/\/suomenkuvalehti.fi\/blogit\/kohtaamisia\/linkin-takana-vivian-maier-lavarunous-australian-tulvat-ja-mark-twain#kommentoi\">raportteihin<\/a> Australian tulva-alueilta. Uusimmassa <a href=\"http:\/\/mhcyoung.blogspot.com\/2011\/01\/somehow.html\">p\u00e4ivityksess\u00e4\u00e4n<\/a> Mark kertoo k\u00e4\u00e4rmeest\u00e4, joka hakeutui h\u00e4nen kotitaloonsa pakoon ulkona vy\u00f6ryvi\u00e4 vesimassoja.<\/p>\n\n\n\n<p>* British Libraryn <a href=\"http:\/\/www.bl.uk\/\">verkkosivuille<\/a> voisi uppoutua tuntikausiksi. Nyt kirjaston <a href=\"http:\/\/www.bl.uk\/app\/\">aarteisiin<\/a> p\u00e4\u00e4see tutustumaan my\u00f6s mukana kuljetettavilla laitteilla.<\/p>\n\n\n\n<p>* Kuinka runot syntyv\u00e4t &#8211; ja ennen muuta, miten ne viilautuvat valmiiksi teoksiksi? Ranskalaiset esittelev\u00e4t <a href=\"http:\/\/gallica.bnf.fr\/ark:\/12148\/btv1b86108314\/f23.image.pagination\">faksimilen<\/a> klassikkokirjailijansa <strong>Charles Baudelairen <\/strong>(1821-1867)<em><em><em> Pahan kukkien<\/em><\/em><\/em> oikovedoksiin tekemist\u00e4 korjauksista<em><em>.<\/em><\/em><\/p>\n\n\n\n<p>* Runoilija <strong>Eino Santasen<\/strong> komea essee &#8221;Jokainen kirja on omituinen&#8221; (HS 10.1.) vastasi avartavasti ep\u00e4ilyihin, joiden mukaan nykyrunous on liian outoa ymm\u00e4rrett\u00e4v\u00e4ksi. Valitettavasti Santasen <a href=\"http:\/\/www.hs.fi\/verkkolehti\/kulttuuri\/artikkeli\/Jokainen+kirja+on+omituinen\/1135262916194#\">teksti<\/a> on vain maksavien asiakkaiden tavoitettavissa, mutta kirjoituksen pohjalta k\u00e4ynnistynyt <a href=\"http:\/\/www.hs.fi\/keskustelu\/aihealue\/Kulttuuri\/ketju\/5692868\/\">keskustelu<\/a> on sent\u00e4\u00e4n vapaasti luettavissa.<\/p>\n\n\n\n<p>* Runoilija <strong>Reijo Valta<\/strong> tiivisti Santasen esseen pohjalta syntyneen mielipiteenvaihdon omalla tavallaan, <a href=\"http:\/\/haveatreee.blogspot.com\/2011\/01\/osallistu-keskusteluun.html\">runoksi<\/a>.<\/p>\n\n\n\n<p>* Filosofi <strong>Slavoj \u017di\u017eek <\/strong><a href=\"http:\/\/www.lrb.co.uk\/v33\/n02\/slavoj-zizek\/good-manners-in-the-age-of-wikileaks\">kirjoittaa<\/a> WikiLeaksista tuttuun tapaansa populaarikulttuurin kuvastoa viljellen. Jos <strong>Putin<\/strong> ja <strong>Medvedev<\/strong> ovat Batman ja Robin, onko <strong>Julian Assange<\/strong> analogian mukaisesti Jokeri?<\/p>\n\n\n\n<p>* Kirjailija <strong>David Foster Wallace<\/strong> (1962-2008) kiinnostaa jatkuvasti. Suomennoksia odotellessa <a href=\"http:\/\/chronicle.com\/article\/The-Afterlife-of-David-Foster\/125823\/\">t\u00e4ss\u00e4<\/a> hiukan taustaa h\u00e4nen teoksilleen.<\/p>\n\n\n\n<p>* Menovihje: <a href=\"http:\/\/www.valtimonteatteri.net\/index.php\">Runoja ja klassikoita<\/a>. Sanallinen lauluilta, jossa <strong>Jukka Viikil\u00e4n<\/strong> kirjoittamat ja lukemat runot limittyv\u00e4t <strong>Antti Korhosen<\/strong> esitt\u00e4miin lauluihin valaisten miehen arjen harmaan eri s\u00e4vyj\u00e4. Valtimonteatteri, Helsinki. La 15.1. klo 19.<\/p>\n\n\n\n","protected":false},"excerpt":{"rendered":"<p>* Lintujen ja muiden el\u00e4inten mystiset joukkokuolemat ovat j\u00e4\u00e4neet vaille tyydytt\u00e4v\u00e4\u00e4 selityst\u00e4. Googlen karttapalveluun kootut tiedot osoittavat, ettei kyse ole vain muutamasta yksitt\u00e4isest\u00e4 tapauksesta. * Viime viikolla viittasin runoilijayst\u00e4v\u00e4ni Mark<br \/>\nYoungin ra&hellip;<\/p>\n","protected":false},"author":40424,"featured_media":0,"comment_status":"open","ping_status":"open","sticky":false,"template":"","format":"standard","meta":{"_acf_changed":false,"asauth_required_access_level":0,"asauth_cansharepaid":"","om_header_attributes":[],"footnotes":"","om_featured_image_focal_point":[],"om_primary_tag":0,"om_contributors":[],"om_co_authors":[],"beyondwords_generate_audio":"","beyondwords_project_id":"","beyondwords_content_id":"","beyondwords_preview_token":"","beyondwords_player_content":"","beyondwords_player_style":"","beyondwords_language_code":"","beyondwords_language_id":"","beyondwords_title_voice_id":"","beyondwords_body_voice_id":"","beyondwords_summary_voice_id":"","beyondwords_error_message":"","beyondwords_disabled":"","beyondwords_delete_content":"","beyondwords_podcast_id":"","beyondwords_hash":"","publish_post_to_speechkit":"","speechkit_hash":"","speechkit_generate_audio":"","speechkit_project_id":"","speechkit_podcast_id":"","speechkit_error_message":"","speechkit_disabled":"","speechkit_access_key":"","speechkit_error":"","speechkit_info":"","speechkit_response":"","speechkit_retries":"","speechkit_status":"","speechkit_updated_at":"","_speechkit_link":"","_speechkit_text":""},"categories":[1],"tags":[246,247,252,248,251,245,234,249,250],"class_list":["post-93","post","type-post","status-publish","format-standard","hentry","category-kohtaamiset","tag-british-library","tag-charles-baudelaire","tag-davd-foster-wallace","tag-eino-santanen","tag-julian-assange","tag-lintukuolemat","tag-mark-young","tag-reijo-valta","tag-wikileaks"],"om_views":null,"acf":{"tuuma_off":false,"tuuma_kysymys":"","tuuma_vastaus":""},"asauth":{"required_access_level":1,"share_token":"","is_paid":false},"yoast_head":"<!-- This site is optimized with the Yoast SEO plugin v26.4 - https:\/\/yoast.com\/wordpress\/plugins\/seo\/ -->\n<title>Linkin takana: Linnut, k\u00e4\u00e4rmeet, Pahan kukat ja omituiset kirjat - Kohtaamiset<\/title>\n<meta name=\"robots\" content=\"index, follow, max-snippet:-1, max-image-preview:large, max-video-preview:-1\" \/>\n<link rel=\"canonical\" href=\"https:\/\/suomenkuvalehti.fi\/kohtaamiset\/linkin-takana-linnut-kaarmeet-pahan-kukat-ja-omituiset-kirjat\/\" \/>\n<meta property=\"og:locale\" content=\"fi_FI\" \/>\n<meta property=\"og:type\" content=\"article\" \/>\n<meta property=\"og:title\" content=\"Linkin takana: Linnut, k\u00e4\u00e4rmeet, Pahan kukat ja omituiset kirjat - Kohtaamiset\" \/>\n<meta property=\"og:description\" content=\"* Lintujen ja muiden el\u00e4inten mystiset joukkokuolemat ovat j\u00e4\u00e4neet vaille tyydytt\u00e4v\u00e4\u00e4 selityst\u00e4. Googlen karttapalveluun kootut tiedot osoittavat, ettei kyse ole vain muutamasta yksitt\u00e4isest\u00e4 tapauksesta. * Viime viikolla viittasin runoilijayst\u00e4v\u00e4ni Mark Youngin ra&hellip;\" \/>\n<meta property=\"og:url\" content=\"https:\/\/suomenkuvalehti.fi\/kohtaamiset\/linkin-takana-linnut-kaarmeet-pahan-kukat-ja-omituiset-kirjat\/\" \/>\n<meta property=\"og:site_name\" content=\"Kohtaamiset\" \/>\n<meta property=\"article:published_time\" content=\"2011-01-14T16:14:00+00:00\" \/>\n<meta property=\"article:modified_time\" content=\"2018-01-22T10:16:19+00:00\" \/>\n<meta name=\"author\" content=\"Karri Kokko\" \/>\n<meta name=\"twitter:label1\" content=\"Written by\" \/>\n\t<meta name=\"twitter:data1\" content=\"Karri Kokko\" \/>\n\t<meta name=\"twitter:label2\" content=\"Est. reading time\" \/>\n\t<meta name=\"twitter:data2\" content=\"1 minuutti\" \/>\n<script type=\"application\/ld+json\" class=\"yoast-schema-graph\">{\"@context\":\"https:\/\/schema.org\",\"@graph\":[{\"@type\":\"WebPage\",\"@id\":\"https:\/\/suomenkuvalehti.fi\/kohtaamiset\/linkin-takana-linnut-kaarmeet-pahan-kukat-ja-omituiset-kirjat\/\",\"url\":\"https:\/\/suomenkuvalehti.fi\/kohtaamiset\/linkin-takana-linnut-kaarmeet-pahan-kukat-ja-omituiset-kirjat\/\",\"name\":\"Linkin takana: Linnut, k\u00e4\u00e4rmeet, Pahan kukat ja omituiset kirjat - Kohtaamiset\",\"isPartOf\":{\"@id\":\"https:\/\/suomenkuvalehti.fi\/kohtaamiset\/#website\"},\"datePublished\":\"2011-01-14T16:14:00+00:00\",\"dateModified\":\"2018-01-22T10:16:19+00:00\",\"author\":{\"@id\":\"https:\/\/suomenkuvalehti.fi\/kohtaamiset\/#\/schema\/person\/71dc0f8e27e96911b6c8a510fa150d3e\"},\"breadcrumb\":{\"@id\":\"https:\/\/suomenkuvalehti.fi\/kohtaamiset\/linkin-takana-linnut-kaarmeet-pahan-kukat-ja-omituiset-kirjat\/#breadcrumb\"},\"inLanguage\":\"fi\",\"potentialAction\":[{\"@type\":\"ReadAction\",\"target\":[\"https:\/\/suomenkuvalehti.fi\/kohtaamiset\/linkin-takana-linnut-kaarmeet-pahan-kukat-ja-omituiset-kirjat\/\"]}]},{\"@type\":\"BreadcrumbList\",\"@id\":\"https:\/\/suomenkuvalehti.fi\/kohtaamiset\/linkin-takana-linnut-kaarmeet-pahan-kukat-ja-omituiset-kirjat\/#breadcrumb\",\"itemListElement\":[{\"@type\":\"ListItem\",\"position\":1,\"name\":\"Home\",\"item\":\"https:\/\/suomenkuvalehti.fi\/kohtaamiset\/\"},{\"@type\":\"ListItem\",\"position\":2,\"name\":\"Linkin takana: Linnut, k\u00e4\u00e4rmeet, Pahan kukat ja omituiset kirjat\"}]},{\"@type\":\"WebSite\",\"@id\":\"https:\/\/suomenkuvalehti.fi\/kohtaamiset\/#website\",\"url\":\"https:\/\/suomenkuvalehti.fi\/kohtaamiset\/\",\"name\":\"Kohtaamiset\",\"description\":\"Kohtaamiset-blogi k\u00e4sittelee kirjallisuutta ja kulttuuria.\",\"potentialAction\":[{\"@type\":\"SearchAction\",\"target\":{\"@type\":\"EntryPoint\",\"urlTemplate\":\"https:\/\/suomenkuvalehti.fi\/haku\/?q={search_term_string}\"},\"query-input\":{\"@type\":\"PropertyValueSpecification\",\"valueRequired\":true,\"valueName\":\"search_term_string\"}}],\"inLanguage\":\"fi\"},{\"@type\":\"Person\",\"@id\":\"https:\/\/suomenkuvalehti.fi\/kohtaamiset\/#\/schema\/person\/71dc0f8e27e96911b6c8a510fa150d3e\",\"name\":\"Karri Kokko\",\"image\":{\"@type\":\"ImageObject\",\"inLanguage\":\"fi\",\"@id\":\"https:\/\/suomenkuvalehti.fi\/kohtaamiset\/#\/schema\/person\/image\/\",\"url\":\"https:\/\/suomenkuvalehti.fi\/kohtaamiset\/wp-content\/uploads\/sites\/9\/2013\/11\/sk_leijona_kulta-150x150.png\",\"contentUrl\":\"https:\/\/suomenkuvalehti.fi\/kohtaamiset\/wp-content\/uploads\/sites\/9\/2013\/11\/sk_leijona_kulta-150x150.png\",\"caption\":\"Karri Kokko\"}}]}<\/script>\n<!-- \/ Yoast SEO plugin. -->","yoast_head_json":{"title":"Linkin takana: Linnut, k\u00e4\u00e4rmeet, Pahan kukat ja omituiset kirjat - Kohtaamiset","robots":{"index":"index","follow":"follow","max-snippet":"max-snippet:-1","max-image-preview":"max-image-preview:large","max-video-preview":"max-video-preview:-1"},"canonical":"https:\/\/suomenkuvalehti.fi\/kohtaamiset\/linkin-takana-linnut-kaarmeet-pahan-kukat-ja-omituiset-kirjat\/","og_locale":"fi_FI","og_type":"article","og_title":"Linkin takana: Linnut, k\u00e4\u00e4rmeet, Pahan kukat ja omituiset kirjat - Kohtaamiset","og_description":"* Lintujen ja muiden el\u00e4inten mystiset joukkokuolemat ovat j\u00e4\u00e4neet vaille tyydytt\u00e4v\u00e4\u00e4 selityst\u00e4. Googlen karttapalveluun kootut tiedot osoittavat, ettei kyse ole vain muutamasta yksitt\u00e4isest\u00e4 tapauksesta. * Viime viikolla viittasin runoilijayst\u00e4v\u00e4ni Mark Youngin ra&hellip;","og_url":"https:\/\/suomenkuvalehti.fi\/kohtaamiset\/linkin-takana-linnut-kaarmeet-pahan-kukat-ja-omituiset-kirjat\/","og_site_name":"Kohtaamiset","article_published_time":"2011-01-14T16:14:00+00:00","article_modified_time":"2018-01-22T10:16:19+00:00","author":"Karri Kokko","twitter_misc":{"Written by":"Karri Kokko","Est. reading time":"1 minuutti"},"schema":{"@context":"https:\/\/schema.org","@graph":[{"@type":"WebPage","@id":"https:\/\/suomenkuvalehti.fi\/kohtaamiset\/linkin-takana-linnut-kaarmeet-pahan-kukat-ja-omituiset-kirjat\/","url":"https:\/\/suomenkuvalehti.fi\/kohtaamiset\/linkin-takana-linnut-kaarmeet-pahan-kukat-ja-omituiset-kirjat\/","name":"Linkin takana: Linnut, k\u00e4\u00e4rmeet, Pahan kukat ja omituiset kirjat - Kohtaamiset","isPartOf":{"@id":"https:\/\/suomenkuvalehti.fi\/kohtaamiset\/#website"},"datePublished":"2011-01-14T16:14:00+00:00","dateModified":"2018-01-22T10:16:19+00:00","author":{"@id":"https:\/\/suomenkuvalehti.fi\/kohtaamiset\/#\/schema\/person\/71dc0f8e27e96911b6c8a510fa150d3e"},"breadcrumb":{"@id":"https:\/\/suomenkuvalehti.fi\/kohtaamiset\/linkin-takana-linnut-kaarmeet-pahan-kukat-ja-omituiset-kirjat\/#breadcrumb"},"inLanguage":"fi","potentialAction":[{"@type":"ReadAction","target":["https:\/\/suomenkuvalehti.fi\/kohtaamiset\/linkin-takana-linnut-kaarmeet-pahan-kukat-ja-omituiset-kirjat\/"]}]},{"@type":"BreadcrumbList","@id":"https:\/\/suomenkuvalehti.fi\/kohtaamiset\/linkin-takana-linnut-kaarmeet-pahan-kukat-ja-omituiset-kirjat\/#breadcrumb","itemListElement":[{"@type":"ListItem","position":1,"name":"Home","item":"https:\/\/suomenkuvalehti.fi\/kohtaamiset\/"},{"@type":"ListItem","position":2,"name":"Linkin takana: Linnut, k\u00e4\u00e4rmeet, Pahan kukat ja omituiset kirjat"}]},{"@type":"WebSite","@id":"https:\/\/suomenkuvalehti.fi\/kohtaamiset\/#website","url":"https:\/\/suomenkuvalehti.fi\/kohtaamiset\/","name":"Kohtaamiset","description":"Kohtaamiset-blogi k\u00e4sittelee kirjallisuutta ja kulttuuria.","potentialAction":[{"@type":"SearchAction","target":{"@type":"EntryPoint","urlTemplate":"https:\/\/suomenkuvalehti.fi\/haku\/?q={search_term_string}"},"query-input":{"@type":"PropertyValueSpecification","valueRequired":true,"valueName":"search_term_string"}}],"inLanguage":"fi"},{"@type":"Person","@id":"https:\/\/suomenkuvalehti.fi\/kohtaamiset\/#\/schema\/person\/71dc0f8e27e96911b6c8a510fa150d3e","name":"Karri Kokko","image":{"@type":"ImageObject","inLanguage":"fi","@id":"https:\/\/suomenkuvalehti.fi\/kohtaamiset\/#\/schema\/person\/image\/","url":"https:\/\/suomenkuvalehti.fi\/kohtaamiset\/wp-content\/uploads\/sites\/9\/2013\/11\/sk_leijona_kulta-150x150.png","contentUrl":"https:\/\/suomenkuvalehti.fi\/kohtaamiset\/wp-content\/uploads\/sites\/9\/2013\/11\/sk_leijona_kulta-150x150.png","caption":"Karri Kokko"}}]}},"_links":{"self":[{"href":"https:\/\/suomenkuvalehti.fi\/kohtaamiset\/wp-json\/wp\/v2\/posts\/93","targetHints":{"allow":["GET"]}}],"collection":[{"href":"https:\/\/suomenkuvalehti.fi\/kohtaamiset\/wp-json\/wp\/v2\/posts"}],"about":[{"href":"https:\/\/suomenkuvalehti.fi\/kohtaamiset\/wp-json\/wp\/v2\/types\/post"}],"author":[{"embeddable":true,"href":"https:\/\/suomenkuvalehti.fi\/kohtaamiset\/wp-json\/wp\/v2\/users\/40424"}],"replies":[{"embeddable":true,"href":"https:\/\/suomenkuvalehti.fi\/kohtaamiset\/wp-json\/wp\/v2\/comments?post=93"}],"version-history":[{"count":1,"href":"https:\/\/suomenkuvalehti.fi\/kohtaamiset\/wp-json\/wp\/v2\/posts\/93\/revisions"}],"predecessor-version":[{"id":305,"href":"https:\/\/suomenkuvalehti.fi\/kohtaamiset\/wp-json\/wp\/v2\/posts\/93\/revisions\/305"}],"wp:attachment":[{"href":"https:\/\/suomenkuvalehti.fi\/kohtaamiset\/wp-json\/wp\/v2\/media?parent=93"}],"wp:term":[{"taxonomy":"category","embeddable":true,"href":"https:\/\/suomenkuvalehti.fi\/kohtaamiset\/wp-json\/wp\/v2\/categories?post=93"},{"taxonomy":"post_tag","embeddable":true,"href":"https:\/\/suomenkuvalehti.fi\/kohtaamiset\/wp-json\/wp\/v2\/tags?post=93"}],"curies":[{"name":"wp","href":"https:\/\/api.w.org\/{rel}","templated":true}]}}