{"id":9,"date":"2013-04-18T13:00:01","date_gmt":"2013-04-18T10:00:01","guid":{"rendered":"https:\/\/suomenkuvalehti.fi\/kohtaamiset\/2013\/04\/18\/kyse-on-hapean-syyllisyydentunteen-ja-masennuksen-voittamisesta\/"},"modified":"2013-11-30T12:04:54","modified_gmt":"2013-11-30T10:04:54","slug":"kyse-on-hapean-syyllisyydentunteen-ja-masennuksen-voittamisesta","status":"publish","type":"post","link":"https:\/\/suomenkuvalehti.fi\/kohtaamiset\/kyse-on-hapean-syyllisyydentunteen-ja-masennuksen-voittamisesta\/","title":{"rendered":"Kyse on h\u00e4pe\u00e4n, syyllisyydentunteen ja masennuksen voittamisesta"},"content":{"rendered":"\n\n<p>Kyll\u00e4, <strong>Jonathan Franzen<\/strong> kertoi l\u00e4htev\u00e4ns\u00e4 sin\u00e4 syksyn\u00e4 Etel\u00e4-Amerikkaan lintuja katselemaan. Tietenk\u00e4\u00e4n en osannut kysy\u00e4 h\u00e4nelt\u00e4 liittyisik\u00f6 matka h\u00e4nen itsemurhan tehneeseen kirjailijayst\u00e4v\u00e4\u00e4ns\u00e4 <strong>David Foster Wallaceen<\/strong>. H\u00e4n ei ollut edes halukas puhumaan h\u00e4nest\u00e4. Viel\u00e4 silloin.<\/p>\n\n\n\n\n<p>Oli kes\u00e4kuu 2010. Viikkoja kest\u00e4nyt helle oli purkautunut monin paikoin ukkosmyrskyiksi ja rankkasateiksi, mutta New Yorkissa aurinko helotti edelleen pilvett\u00f6m\u00e4lt\u00e4 taivaalta ja l\u00e4mp\u00f6 v\u00e4reili katujen yll\u00e4. Ohimoilla poreili hiki, vaatteet liimaantuivat ihoon.<\/p>\n\n\n\n<p>Sellaisena p\u00e4iv\u00e4n\u00e4 Jonathan Franzenin ilmastoitu huoneisto Keskuspuiston tuntumassa tuntui taivaalliselta keitaalta. Franzen itse toi mieleen enemminkin h\u00e4kkiin suljetun el\u00e4imen kuin menestyskirjailijan. H\u00e4n k\u00e4veli hermostuneena huoneessaan kykenem\u00e4tt\u00e4 asettumaan paikoilleen. No, aluksi.<\/p>\n\n\n\n<p>Haastattelu oli Franzenin 130. h\u00e4nen romaaninsa Vapaus tiimoilta, h\u00e4n lopulta tunnusti.<\/p>\n\n\n\n<p>Ei ole helppoa olla maailmanluokan kirjailija. Kirjailijan on osallistuttava my\u00f6s teoksensa markkinointiin ja annettava haastatteluja. Vaikka  Franzen antoi kaksi tai  kolme haastattelua maata kohden, kertyi niit\u00e4 valtava m\u00e4\u00e4r\u00e4, koska kirja ilmestyi yli 40:ssa maassa. Yleens\u00e4 h\u00e4n tapasi toimittajat New Yorkin kodissaan.<\/p>\n\n\n\n<p>H\u00e4n kertoo tuosta kes\u00e4st\u00e4 \u00e4llistytt\u00e4v\u00e4n rehellisess\u00e4 esseekokoelmassaan uudessa suomennoksessa <em>Yksin ja kaukana<\/em> (Siltala).<\/p>\n\n\n\n<p>Haastattelurumba on ohi. H\u00e4n on vihdoin yksin Masafueran (suom. Kauempana) saarella Chiless\u00e4. Saaren virallinen nimi on Alexander Selkirkin saari samannimisen skottilaisen merenk\u00e4vij\u00e4n mukaan. Selkirk oli el\u00e4nyt yksin haaksirikkoutuneen saarella. H\u00e4nen tarinansa on luultavasti <strong>Daniel Defoin<\/strong> romaanin <em>Robinson Crusoe <\/em>pohjana.<\/p>\n\n\n\n<p>Franzen kirjoittaa: &#8221;Olin markkinoinut romaania tauotta nelj\u00e4 kuukautta, noudattanut ohjelmaani tahdottomasti, ja tunsin itseni p\u00e4iv\u00e4 p\u00e4iv\u00e4lt\u00e4 vahvemmin tietokonen\u00e4yt\u00f6n alareunaksi liukuvaksi mediasoittimen osoittimeksi. T\u00e4rke\u00e4t kappaleet menneisyytt\u00e4ni olivat menossa turraksi, koska puhuin niist\u00e4 liian usein. Ja joka aamu samat potkua antavat annokset kahvia ja nikotiinia; joka ilta sama p\u00e4\u00e4lle kaatuva suma s\u00e4hk\u00f6postissa; joka ilta sama lasinkallistelu aivot turruttavan nautinnon saamiseksi.&#8221;<\/p>\n\n\n\n<p>No, kyll\u00e4h\u00e4n framilla olo my\u00f6s kannatti; kirjaa on myyty useita miljoonia kappaleita.<\/p>\n\n\n\n<p>Mutta nyt h\u00e4n oli Masafueran saarella. H\u00e4nell\u00e4 on mukanaan tulitikkurasiallinen kirjailijayst\u00e4v\u00e4ns\u00e4 David Foster Wallacen tuhkaa. Sade ja sankka sumu hidastavat h\u00e4nen liikkumistaan, h\u00e4n eksyy ja ottaa riskej\u00e4. H\u00e4neen iskee koti-ik\u00e4v\u00e4, h\u00e4n kaipaa my\u00f6s kuollutta yst\u00e4v\u00e4\u00e4ns\u00e4.<\/p>\n\n\n\n<p>Monet lukijat saivat lohtua Wallacen teksteist\u00e4 ja rakastivat h\u00e4nt\u00e4, mutta Wallace ei uskonut heit\u00e4. H\u00e4n ei mielest\u00e4\u00e4n ansainnut ihailijoidensa rakkautta. Syykin oli selv\u00e4: h\u00e4n ei mielest\u00e4\u00e4n ollut riitt\u00e4v\u00e4n hyv\u00e4 kirjailija. H\u00e4nen olisi pit\u00e4nyt olla parempi, t\u00e4ydellinen. V\u00e4h\u00e4isempi ei riitt\u00e4nyt h\u00e4nelle ja se koitui h\u00e4nen kohtalokseen.<\/p>\n\n\n\n<p>&#8221;H\u00e4n oli elinkautisvanki oman min\u00e4ns\u00e4 saarella.&#8221; H\u00e4n oli se &#8221;kauimmainen saari&#8221;, Franzen kirjoittaa.<\/p>\n\n\n\n<p>Lopulta Wallace teki itsemurhan.<\/p>\n\n\n\n<p>Viimein pilvet kaikkoavat ja Franzen avaa laatikon. Tuuli levitt\u00e4\u00e4 h\u00e4nen yst\u00e4v\u00e4ns\u00e4 tuhkan j\u00e4rjett\u00f6m\u00e4n kauniiseen maisemaan. Franzen ymm\u00e4rt\u00e4\u00e4, ett\u00e4 h\u00e4nen pelastuksensa on se, ett\u00e4 h\u00e4n kykenee hyv\u00e4ksym\u00e4\u00e4n omat puutteensa, my\u00f6s ep\u00e4t\u00e4ydellisyytens\u00e4 kirjailijana.<\/p>\n\n\n\n<p>Ja senkin, ett\u00e4 tietyt linnut j\u00e4\u00e4v\u00e4t h\u00e4nelt\u00e4 n\u00e4kem\u00e4tt\u00e4 ikiajoiksi. H\u00e4n kokee sen lahjana, jota ei ollut annettu h\u00e4nen yst\u00e4v\u00e4lleen.<\/p>\n\n\n\n<p>Franzen j\u00e4tt\u00e4\u00e4 aution saaren helpottuneena. H\u00e4n kiitt\u00e4\u00e4 Daniel Defoita ensimm\u00e4isest\u00e4 realistisesta kuvauksesta \u00e4\u00e4rimm\u00e4isess\u00e4 yksin\u00e4isyydess\u00e4 el\u00e4v\u00e4st\u00e4 ihmisest\u00e4. Ja siit\u00e4, kuinka t\u00e4m\u00e4 pystyy osoittamaan kirjassaan, kuinka sairasta ja hullua \u00e4\u00e4rimm\u00e4inen erist\u00e4ytyneisyys on.<\/p>\n\n\n\n<p>\u00c4kki\u00e4 Franzen on tavattoman kiitollinen, ja se jatkuu esseest\u00e4 toiseen. H\u00e4n kiitt\u00e4\u00e4 \u00e4iti\u00e4\u00e4n, joka kuolinvuoteellaan osoitti h\u00e4nelle, pojalleen, kuinka yhdentekev\u00e4\u00e4 h\u00e4nelle oli, millainen ihminen t\u00e4m\u00e4 on. Ja ett\u00e4 h\u00e4nen, siis pojan el\u00e4m\u00e4 on t\u00e4rke\u00e4mpi asia pojalle itselleen kuin h\u00e4nen \u00e4idilleen. Ja ett\u00e4 pojan tulee olla oma itsens\u00e4 aivan kuin h\u00e4nen \u00e4itins\u00e4kin oli.<\/p>\n\n\n\n<p>My\u00f6s yst\u00e4v\u00e4\u00e4ns\u00e4 <strong>David Meansia<\/strong> Franzen kiitt\u00e4\u00e4. Franzen on tulla hulluksi romaanihenkil\u00f6ns\u00e4 h\u00e4pe\u00e4llisten tekojen kanssa. Teksti ei tyydyt\u00e4 h\u00e4nt\u00e4 eik\u00e4 h\u00e4n tied\u00e4 miten edet\u00e4. Tuolloin Means neuvoo h\u00e4nt\u00e4: &#8221;Ei pid\u00e4 kirjoittaa h\u00e4pe\u00e4n l\u00e4pi vaan ymp\u00e4ri.&#8221;<\/p>\n\n\n\n<p>Vaikka Franzen ei heti ymm\u00e4rr\u00e4k\u00e4\u00e4n, mit\u00e4 Means tarkoittaa, kirjoittaminen alkaa taas sujua. H\u00e4n huomaa osaavansa jopa nauraa monille h\u00e4pe\u00e4llisiksi kokemilleen asioille.<\/p>\n\n\n\n<p>Kafkallekin h\u00e4n on kiitollinen. &#8221;Kafka opettaa meille, miten ihminen voi rakastaa itse\u00e4\u00e4n silloinkin kun on itse\u00e4\u00e4n kohtaan armoton; miten h\u00e4n voi s\u00e4ilytt\u00e4\u00e4 inhimillisyytens\u00e4 joutuessaan kohtaamaan kaikkein hirveimm\u00e4t itse\u00e4\u00e4n koskevat totuudet.&#8221;<\/p>\n\n\n\n<p>Tarina \u00e4idist\u00e4, Meansista ja Kafkasta liittyv\u00e4t Franzenin kamppailuun tulla kirjailijaksi. &#8221;&#8230;suurelta osin niiss\u00e4 oli kyse h\u00e4pe\u00e4n, syyllisyydentunteen ja masennuksen voittamisesta.&#8221;<\/p>\n\n\n","protected":false},"excerpt":{"rendered":"<p>Kyll\u00e4, Jonathan Franzen kertoi l\u00e4htev\u00e4ns\u00e4 sin\u00e4 syksyn\u00e4 Etel\u00e4-Amerikkaan lintuja katselemaan. Tietenk\u00e4\u00e4n en osannut kysy\u00e4 h\u00e4nelt\u00e4 liittyisik\u00f6 matka h\u00e4nen itsemurhan tehneeseen kirjailijayst\u00e4v\u00e4\u00e4ns\u00e4 David Foster Wallaceen. H\u00e4n ei ollut edes halukas<br \/>\npuhumaan h\u00e4nest\u00e4. &hellip;<\/p>\n","protected":false},"author":130,"featured_media":0,"comment_status":"open","ping_status":"open","sticky":false,"template":"","format":"standard","meta":{"_acf_changed":false,"asauth_required_access_level":0,"asauth_cansharepaid":"","om_header_attributes":[],"footnotes":"","om_featured_image_focal_point":[],"om_primary_tag":0,"om_contributors":[],"om_co_authors":[],"beyondwords_generate_audio":"","beyondwords_project_id":"","beyondwords_content_id":"","beyondwords_preview_token":"","beyondwords_player_content":"","beyondwords_player_style":"","beyondwords_language_code":"","beyondwords_language_id":"","beyondwords_title_voice_id":"","beyondwords_body_voice_id":"","beyondwords_summary_voice_id":"","beyondwords_error_message":"","beyondwords_disabled":"","beyondwords_delete_content":"","beyondwords_podcast_id":"","beyondwords_hash":"","publish_post_to_speechkit":"","speechkit_hash":"","speechkit_generate_audio":"","speechkit_project_id":"","speechkit_podcast_id":"","speechkit_error_message":"","speechkit_disabled":"","speechkit_access_key":"","speechkit_error":"","speechkit_info":"","speechkit_response":"","speechkit_retries":"","speechkit_status":"","speechkit_updated_at":"","_speechkit_link":"","_speechkit_text":""},"categories":[1],"tags":[10,9],"class_list":["post-9","post","type-post","status-publish","format-standard","hentry","category-kohtaamiset","tag-david-foster-wallace","tag-jonathan-franzen"],"om_views":null,"acf":{"tuuma_off":false,"tuuma_kysymys":"","tuuma_vastaus":""},"asauth":{"required_access_level":1,"share_token":"","is_paid":false},"yoast_head":"<!-- This site is optimized with the Yoast SEO plugin v26.4 - https:\/\/yoast.com\/wordpress\/plugins\/seo\/ -->\n<title>Kyse on h\u00e4pe\u00e4n, syyllisyydentunteen ja masennuksen voittamisesta - Kohtaamiset<\/title>\n<meta name=\"robots\" content=\"index, follow, max-snippet:-1, max-image-preview:large, max-video-preview:-1\" \/>\n<link rel=\"canonical\" href=\"https:\/\/suomenkuvalehti.fi\/kohtaamiset\/kyse-on-hapean-syyllisyydentunteen-ja-masennuksen-voittamisesta\/\" \/>\n<meta property=\"og:locale\" content=\"fi_FI\" \/>\n<meta property=\"og:type\" content=\"article\" \/>\n<meta property=\"og:title\" content=\"Kyse on h\u00e4pe\u00e4n, syyllisyydentunteen ja masennuksen voittamisesta - Kohtaamiset\" \/>\n<meta property=\"og:description\" content=\"Kyll\u00e4, Jonathan Franzen kertoi l\u00e4htev\u00e4ns\u00e4 sin\u00e4 syksyn\u00e4 Etel\u00e4-Amerikkaan lintuja katselemaan. Tietenk\u00e4\u00e4n en osannut kysy\u00e4 h\u00e4nelt\u00e4 liittyisik\u00f6 matka h\u00e4nen itsemurhan tehneeseen kirjailijayst\u00e4v\u00e4\u00e4ns\u00e4 David Foster Wallaceen. H\u00e4n ei ollut edes halukas puhumaan h\u00e4nest\u00e4. &hellip;\" \/>\n<meta property=\"og:url\" content=\"https:\/\/suomenkuvalehti.fi\/kohtaamiset\/kyse-on-hapean-syyllisyydentunteen-ja-masennuksen-voittamisesta\/\" \/>\n<meta property=\"og:site_name\" content=\"Kohtaamiset\" \/>\n<meta property=\"article:published_time\" content=\"2013-04-18T10:00:01+00:00\" \/>\n<meta property=\"article:modified_time\" content=\"2013-11-30T10:04:54+00:00\" \/>\n<meta name=\"author\" content=\"Riitta Kyl\u00e4np\u00e4\u00e4\" \/>\n<meta name=\"twitter:label1\" content=\"Written by\" \/>\n\t<meta name=\"twitter:data1\" content=\"Riitta Kyl\u00e4np\u00e4\u00e4\" \/>\n\t<meta name=\"twitter:label2\" content=\"Est. reading time\" \/>\n\t<meta name=\"twitter:data2\" content=\"4 minuuttia\" \/>\n<script type=\"application\/ld+json\" class=\"yoast-schema-graph\">{\"@context\":\"https:\/\/schema.org\",\"@graph\":[{\"@type\":\"WebPage\",\"@id\":\"https:\/\/suomenkuvalehti.fi\/kohtaamiset\/kyse-on-hapean-syyllisyydentunteen-ja-masennuksen-voittamisesta\/\",\"url\":\"https:\/\/suomenkuvalehti.fi\/kohtaamiset\/kyse-on-hapean-syyllisyydentunteen-ja-masennuksen-voittamisesta\/\",\"name\":\"Kyse on h\u00e4pe\u00e4n, syyllisyydentunteen ja masennuksen voittamisesta - Kohtaamiset\",\"isPartOf\":{\"@id\":\"https:\/\/suomenkuvalehti.fi\/kohtaamiset\/#website\"},\"datePublished\":\"2013-04-18T10:00:01+00:00\",\"dateModified\":\"2013-11-30T10:04:54+00:00\",\"author\":{\"@id\":\"https:\/\/suomenkuvalehti.fi\/kohtaamiset\/#\/schema\/person\/da7f684fb0579e356a3b258598e62e9b\"},\"breadcrumb\":{\"@id\":\"https:\/\/suomenkuvalehti.fi\/kohtaamiset\/kyse-on-hapean-syyllisyydentunteen-ja-masennuksen-voittamisesta\/#breadcrumb\"},\"inLanguage\":\"fi\",\"potentialAction\":[{\"@type\":\"ReadAction\",\"target\":[\"https:\/\/suomenkuvalehti.fi\/kohtaamiset\/kyse-on-hapean-syyllisyydentunteen-ja-masennuksen-voittamisesta\/\"]}]},{\"@type\":\"BreadcrumbList\",\"@id\":\"https:\/\/suomenkuvalehti.fi\/kohtaamiset\/kyse-on-hapean-syyllisyydentunteen-ja-masennuksen-voittamisesta\/#breadcrumb\",\"itemListElement\":[{\"@type\":\"ListItem\",\"position\":1,\"name\":\"Home\",\"item\":\"https:\/\/suomenkuvalehti.fi\/kohtaamiset\/\"},{\"@type\":\"ListItem\",\"position\":2,\"name\":\"Kyse on h\u00e4pe\u00e4n, syyllisyydentunteen ja masennuksen voittamisesta\"}]},{\"@type\":\"WebSite\",\"@id\":\"https:\/\/suomenkuvalehti.fi\/kohtaamiset\/#website\",\"url\":\"https:\/\/suomenkuvalehti.fi\/kohtaamiset\/\",\"name\":\"Kohtaamiset\",\"description\":\"Kohtaamiset-blogi k\u00e4sittelee kirjallisuutta ja kulttuuria.\",\"potentialAction\":[{\"@type\":\"SearchAction\",\"target\":{\"@type\":\"EntryPoint\",\"urlTemplate\":\"https:\/\/suomenkuvalehti.fi\/haku\/?q={search_term_string}\"},\"query-input\":{\"@type\":\"PropertyValueSpecification\",\"valueRequired\":true,\"valueName\":\"search_term_string\"}}],\"inLanguage\":\"fi\"},{\"@type\":\"Person\",\"@id\":\"https:\/\/suomenkuvalehti.fi\/kohtaamiset\/#\/schema\/person\/da7f684fb0579e356a3b258598e62e9b\",\"name\":\"Riitta Kyl\u00e4np\u00e4\u00e4\",\"image\":{\"@type\":\"ImageObject\",\"inLanguage\":\"fi\",\"@id\":\"https:\/\/suomenkuvalehti.fi\/kohtaamiset\/#\/schema\/person\/image\/\",\"url\":\"https:\/\/suomenkuvalehti.fi\/kohtaamiset\/wp-content\/uploads\/sites\/9\/2013\/11\/SK_KYL\u00c4NP\u00c4\u00c4_Riitta_pieni_MV-1-300x300-150x150.jpg\",\"contentUrl\":\"https:\/\/suomenkuvalehti.fi\/kohtaamiset\/wp-content\/uploads\/sites\/9\/2013\/11\/SK_KYL\u00c4NP\u00c4\u00c4_Riitta_pieni_MV-1-300x300-150x150.jpg\",\"caption\":\"Riitta Kyl\u00e4np\u00e4\u00e4\"},\"description\":\"Kirjoittaja on Suomen Kuvalehden toimittaja.\",\"sameAs\":[\"https:\/\/x.com\/https:\/\/twitter.com\/KylaRiitta\"]}]}<\/script>\n<!-- \/ Yoast SEO plugin. -->","yoast_head_json":{"title":"Kyse on h\u00e4pe\u00e4n, syyllisyydentunteen ja masennuksen voittamisesta - Kohtaamiset","robots":{"index":"index","follow":"follow","max-snippet":"max-snippet:-1","max-image-preview":"max-image-preview:large","max-video-preview":"max-video-preview:-1"},"canonical":"https:\/\/suomenkuvalehti.fi\/kohtaamiset\/kyse-on-hapean-syyllisyydentunteen-ja-masennuksen-voittamisesta\/","og_locale":"fi_FI","og_type":"article","og_title":"Kyse on h\u00e4pe\u00e4n, syyllisyydentunteen ja masennuksen voittamisesta - Kohtaamiset","og_description":"Kyll\u00e4, Jonathan Franzen kertoi l\u00e4htev\u00e4ns\u00e4 sin\u00e4 syksyn\u00e4 Etel\u00e4-Amerikkaan lintuja katselemaan. Tietenk\u00e4\u00e4n en osannut kysy\u00e4 h\u00e4nelt\u00e4 liittyisik\u00f6 matka h\u00e4nen itsemurhan tehneeseen kirjailijayst\u00e4v\u00e4\u00e4ns\u00e4 David Foster Wallaceen. H\u00e4n ei ollut edes halukas puhumaan h\u00e4nest\u00e4. &hellip;","og_url":"https:\/\/suomenkuvalehti.fi\/kohtaamiset\/kyse-on-hapean-syyllisyydentunteen-ja-masennuksen-voittamisesta\/","og_site_name":"Kohtaamiset","article_published_time":"2013-04-18T10:00:01+00:00","article_modified_time":"2013-11-30T10:04:54+00:00","author":"Riitta Kyl\u00e4np\u00e4\u00e4","twitter_misc":{"Written by":"Riitta Kyl\u00e4np\u00e4\u00e4","Est. reading time":"4 minuuttia"},"schema":{"@context":"https:\/\/schema.org","@graph":[{"@type":"WebPage","@id":"https:\/\/suomenkuvalehti.fi\/kohtaamiset\/kyse-on-hapean-syyllisyydentunteen-ja-masennuksen-voittamisesta\/","url":"https:\/\/suomenkuvalehti.fi\/kohtaamiset\/kyse-on-hapean-syyllisyydentunteen-ja-masennuksen-voittamisesta\/","name":"Kyse on h\u00e4pe\u00e4n, syyllisyydentunteen ja masennuksen voittamisesta - Kohtaamiset","isPartOf":{"@id":"https:\/\/suomenkuvalehti.fi\/kohtaamiset\/#website"},"datePublished":"2013-04-18T10:00:01+00:00","dateModified":"2013-11-30T10:04:54+00:00","author":{"@id":"https:\/\/suomenkuvalehti.fi\/kohtaamiset\/#\/schema\/person\/da7f684fb0579e356a3b258598e62e9b"},"breadcrumb":{"@id":"https:\/\/suomenkuvalehti.fi\/kohtaamiset\/kyse-on-hapean-syyllisyydentunteen-ja-masennuksen-voittamisesta\/#breadcrumb"},"inLanguage":"fi","potentialAction":[{"@type":"ReadAction","target":["https:\/\/suomenkuvalehti.fi\/kohtaamiset\/kyse-on-hapean-syyllisyydentunteen-ja-masennuksen-voittamisesta\/"]}]},{"@type":"BreadcrumbList","@id":"https:\/\/suomenkuvalehti.fi\/kohtaamiset\/kyse-on-hapean-syyllisyydentunteen-ja-masennuksen-voittamisesta\/#breadcrumb","itemListElement":[{"@type":"ListItem","position":1,"name":"Home","item":"https:\/\/suomenkuvalehti.fi\/kohtaamiset\/"},{"@type":"ListItem","position":2,"name":"Kyse on h\u00e4pe\u00e4n, syyllisyydentunteen ja masennuksen voittamisesta"}]},{"@type":"WebSite","@id":"https:\/\/suomenkuvalehti.fi\/kohtaamiset\/#website","url":"https:\/\/suomenkuvalehti.fi\/kohtaamiset\/","name":"Kohtaamiset","description":"Kohtaamiset-blogi k\u00e4sittelee kirjallisuutta ja kulttuuria.","potentialAction":[{"@type":"SearchAction","target":{"@type":"EntryPoint","urlTemplate":"https:\/\/suomenkuvalehti.fi\/haku\/?q={search_term_string}"},"query-input":{"@type":"PropertyValueSpecification","valueRequired":true,"valueName":"search_term_string"}}],"inLanguage":"fi"},{"@type":"Person","@id":"https:\/\/suomenkuvalehti.fi\/kohtaamiset\/#\/schema\/person\/da7f684fb0579e356a3b258598e62e9b","name":"Riitta Kyl\u00e4np\u00e4\u00e4","image":{"@type":"ImageObject","inLanguage":"fi","@id":"https:\/\/suomenkuvalehti.fi\/kohtaamiset\/#\/schema\/person\/image\/","url":"https:\/\/suomenkuvalehti.fi\/kohtaamiset\/wp-content\/uploads\/sites\/9\/2013\/11\/SK_KYL\u00c4NP\u00c4\u00c4_Riitta_pieni_MV-1-300x300-150x150.jpg","contentUrl":"https:\/\/suomenkuvalehti.fi\/kohtaamiset\/wp-content\/uploads\/sites\/9\/2013\/11\/SK_KYL\u00c4NP\u00c4\u00c4_Riitta_pieni_MV-1-300x300-150x150.jpg","caption":"Riitta Kyl\u00e4np\u00e4\u00e4"},"description":"Kirjoittaja on Suomen Kuvalehden toimittaja.","sameAs":["https:\/\/x.com\/https:\/\/twitter.com\/KylaRiitta"]}]}},"_links":{"self":[{"href":"https:\/\/suomenkuvalehti.fi\/kohtaamiset\/wp-json\/wp\/v2\/posts\/9","targetHints":{"allow":["GET"]}}],"collection":[{"href":"https:\/\/suomenkuvalehti.fi\/kohtaamiset\/wp-json\/wp\/v2\/posts"}],"about":[{"href":"https:\/\/suomenkuvalehti.fi\/kohtaamiset\/wp-json\/wp\/v2\/types\/post"}],"author":[{"embeddable":true,"href":"https:\/\/suomenkuvalehti.fi\/kohtaamiset\/wp-json\/wp\/v2\/users\/130"}],"replies":[{"embeddable":true,"href":"https:\/\/suomenkuvalehti.fi\/kohtaamiset\/wp-json\/wp\/v2\/comments?post=9"}],"version-history":[{"count":1,"href":"https:\/\/suomenkuvalehti.fi\/kohtaamiset\/wp-json\/wp\/v2\/posts\/9\/revisions"}],"predecessor-version":[{"id":204,"href":"https:\/\/suomenkuvalehti.fi\/kohtaamiset\/wp-json\/wp\/v2\/posts\/9\/revisions\/204"}],"wp:attachment":[{"href":"https:\/\/suomenkuvalehti.fi\/kohtaamiset\/wp-json\/wp\/v2\/media?parent=9"}],"wp:term":[{"taxonomy":"category","embeddable":true,"href":"https:\/\/suomenkuvalehti.fi\/kohtaamiset\/wp-json\/wp\/v2\/categories?post=9"},{"taxonomy":"post_tag","embeddable":true,"href":"https:\/\/suomenkuvalehti.fi\/kohtaamiset\/wp-json\/wp\/v2\/tags?post=9"}],"curies":[{"name":"wp","href":"https:\/\/api.w.org\/{rel}","templated":true}]}}