{"id":81,"date":"2011-02-25T18:58:52","date_gmt":"2011-02-25T16:58:52","guid":{"rendered":"https:\/\/suomenkuvalehti.fi\/kohtaamiset\/2011\/02\/25\/persujen-kulttuuripolitiikka-kyytia-tekotaiteellisille-kokeiluille\/"},"modified":"2018-01-22T12:13:29","modified_gmt":"2018-01-22T10:13:29","slug":"persujen-kulttuuripolitiikka-kyytia-tekotaiteellisille-kokeiluille","status":"publish","type":"post","link":"https:\/\/suomenkuvalehti.fi\/kohtaamiset\/persujen-kulttuuripolitiikka-kyytia-tekotaiteellisille-kokeiluille\/","title":{"rendered":"Persujen kulttuuripolitiikka &#8211; kyyti\u00e4 &#8221;tekotaiteellisille kokeiluille&#8221;"},"content":{"rendered":"\n<p>Perussuomalaisten kulttuuripoliittisessa ohjelmassa yll\u00e4tt\u00e4v\u00e4\u00e4 on vain sen t\u00e4ydellinen odotuksenmukaisuus.<\/p>\n\n\n\n<p>Puolueen t\u00e4n\u00e4\u00e4n julkaiseman <a href=\"http:\/\/www.perussuomalaiset.fi\/getfile.php?file=1536\">vaaliohjelman<\/a> (pdf) mukaan perussuomalaisten kannattama kulttuuripolitiikka l\u00e4htee totta kai suomalaiskansalliselta pohjalta. Julkilausumassa kalevalainen kansanperinne nostetaan kunniaan yhdess\u00e4 <strong>Edelfeltin<\/strong>, <strong>Gallen-Kallelan<\/strong> ja <strong>Sibeliuksen<\/strong> saavutusten kanssa.<\/p>\n\n\n\n<p>Suomalaisen taiteen kultakauteen perussuomalaisten mielest\u00e4 kulttuuri sitten loppuukin. Sen j\u00e4lkeen on odotettavissa vain rappion merkkej\u00e4.<\/p>\n\n\n\n<p>&#8221;Perussuomalaiset kokevat suomalaisen kulttuuriperinn\u00f6n s\u00e4ilytt\u00e4misen olevan ensisijaista postmodernin nykytaiteen tukemiseen verrattuna&#8221;, ohjelmassa sanotaan.<\/p>\n\n\n\n<p>Sen sijaan uutta etsivilt\u00e4 taiteilijoilta oteaan luulot pois. Valtion my\u00f6nt\u00e4mi\u00e4 kulttuuritukirahoja on persujen mukaan ohjattava siten, ett\u00e4 ne vahvistavat suomalaista identiteetti\u00e4.<\/p>\n\n\n\n<p>Loppuhuipennus on j\u00e4m\u00e4kk\u00e4.<\/p>\n\n\n\n<p>&#8221;Tekotaiteelliset postmodernit kokeilut sen sijaan olisi syyt\u00e4 j\u00e4tt\u00e4\u00e4 taloudellisesti yksitt\u00e4isten henkil\u00f6iden ja markkinoiden vastuulle&#8221;, julistus p\u00e4\u00e4ttyy.<\/p>\n\n\n\n<p>Hohhoijaa.<\/p>\n\n\n\n<p>Naurettavuuteen asti populistinen ja uutta luovaa kulttuuria vastustava linjanveto menee kaikenlaisilla ennakkoluuloilla ratsastavan protestiliikkeen piikkiin, mutta on siin\u00e4 aistittavissa yleisempikin tendenssi.<\/p>\n\n\n\n<p>Suuntaus nousi esiin t\u00e4n\u00e4\u00e4n kulttuuriyhdistys <a href=\"http:\/\/www.mustekala.info\/\">Mustekalan<\/a> j\u00e4rjest\u00e4m\u00e4ss\u00e4 seminaarissa, jossa pohdittiin taiteen tulevaisuutta.<\/p>\n\n\n\n<p>Perussuomalaisten kulttuuripoliittista ohjelmaa ei tilaisuudessa mainittu. Sen sijaan huutia saivat muun muassa vallitseva oikeistolainen hegemonia ja sen my\u00f6t\u00e4 taiteen tekemiseen liitetty tulosvastuullisuus.<\/p>\n\n\n\n<p>&#8221;Valtakoneisto hy\u00f6tyy korkeakulttuurin ja viihteen sulauttamisesta&#8221;, Kuvataideakatemian maalauksen professori, taidemaalari <strong>Silja Rantanen<\/strong> sanoi.<\/p>\n\n\n\n<p>Kulttuuriin kohdistetulla tyhment\u00e4misprosessilla pyrit\u00e4\u00e4n est\u00e4m\u00e4\u00e4n taiteen teht\u00e4v\u00e4 ja sen merkitt\u00e4vimm\u00e4n aseen eli mielikuvituksen k\u00e4ytt\u00f6. Nykymenolla kulttuuri typistyy entisen toistamiseen, kun se tulisi n\u00e4hd\u00e4 uutta luovana voimavarana.<\/p>\n\n\n\n<p>&#8221;Taiteen asiantuntijuutta arvostetaan yh\u00e4 v\u00e4hemm\u00e4n ja v\u00e4hemm\u00e4n&#8221;, Rantanen sanoi.<\/p>\n\n\n\n<p>Tutkija <strong>Marko Gyl\u00e9n<\/strong> etsi alustuksessaan mahdollisia vaihtoehtoja. H\u00e4nen mielest\u00e4\u00e4n taide jos mik\u00e4\u00e4n on sijoitus tulevaan.<\/p>\n\n\n\n<p>&#8221;Taide vie etsim\u00e4\u00e4n yhteis\u00f6llisyyden mielt\u00e4 ja mahdollisuutta&#8221;, Gyl\u00e9n sanoi. &#8221;Se avautuu kohti kysymyksi\u00e4 ja tulevaisuutta.&#8221;<\/p>\n\n\n\n<p>&#8221;Taide osoittaa aina siihen suuntaan, miss\u00e4 on ammottavin tarve l\u00e4hesty\u00e4 toisia ja muuttaa maailmaa.&#8221;<\/p>\n\n\n\n<p><em>Korjaus: Tekstiss\u00e4 mainittu keskustelutilaisuus pidettiin toki Kuvataideakatemian tiloissa, mutta sen j\u00e4rjest\u00e4j\u00e4n\u00e4 toimi kulttuuriyhdistys Mustekala, joka yll\u00e4pit\u00e4\u00e4 t\u00e4sskin blogissa tiuhaan mainittua verkkolehte\u00e4 nimelt\u00e4 <a href=\"http:\/\/www.mustekala.info\/\">Mustekala.info<\/a>. Pahoitteluni.<\/em><\/p>\n\n\n","protected":false},"excerpt":{"rendered":"<p>Perussuomalaisten kulttuuripoliittisessa ohjelmassa yll\u00e4tt\u00e4v\u00e4\u00e4 on vain sen t\u00e4ydellinen odotuksenmukaisuus. Puolueen t\u00e4n\u00e4\u00e4n julkaiseman vaaliohjelman (pdf) mukaan perussuomalaisten kannattama kulttuuripolitiikka l\u00e4htee totta kai<br \/>\nsuomalai&hellip;<\/p>\n","protected":false},"author":40424,"featured_media":0,"comment_status":"open","ping_status":"open","sticky":false,"template":"","format":"standard","meta":{"_acf_changed":false,"asauth_required_access_level":0,"asauth_cansharepaid":"","om_header_attributes":[],"footnotes":"","om_featured_image_focal_point":[],"om_primary_tag":0,"om_contributors":[],"om_co_authors":[],"beyondwords_generate_audio":"","beyondwords_project_id":"","beyondwords_content_id":"","beyondwords_preview_token":"","beyondwords_player_content":"","beyondwords_player_style":"","beyondwords_language_code":"","beyondwords_language_id":"","beyondwords_title_voice_id":"","beyondwords_body_voice_id":"","beyondwords_summary_voice_id":"","beyondwords_error_message":"","beyondwords_disabled":"","beyondwords_delete_content":"","beyondwords_podcast_id":"","beyondwords_hash":"","publish_post_to_speechkit":"","speechkit_hash":"","speechkit_generate_audio":"","speechkit_project_id":"","speechkit_podcast_id":"","speechkit_error_message":"","speechkit_disabled":"","speechkit_access_key":"","speechkit_error":"","speechkit_info":"","speechkit_response":"","speechkit_retries":"","speechkit_status":"","speechkit_updated_at":"","_speechkit_link":"","_speechkit_text":""},"categories":[1],"tags":[221,200,128,220],"class_list":["post-81","post","type-post","status-publish","format-standard","hentry","category-kohtaamiset","tag-kulttuuripolitiikka","tag-marko-gylen","tag-perussuomalaiset","tag-silja-rantanen"],"om_views":null,"acf":{"tuuma_off":false,"tuuma_kysymys":"","tuuma_vastaus":""},"asauth":{"required_access_level":1,"share_token":"","is_paid":false},"yoast_head":"<!-- This site is optimized with the Yoast SEO plugin v26.4 - https:\/\/yoast.com\/wordpress\/plugins\/seo\/ -->\n<title>Persujen kulttuuripolitiikka - kyyti\u00e4 &quot;tekotaiteellisille kokeiluille&quot; - Kohtaamiset<\/title>\n<meta name=\"robots\" content=\"index, follow, max-snippet:-1, max-image-preview:large, max-video-preview:-1\" \/>\n<link rel=\"canonical\" href=\"https:\/\/suomenkuvalehti.fi\/kohtaamiset\/persujen-kulttuuripolitiikka-kyytia-tekotaiteellisille-kokeiluille\/\" \/>\n<meta property=\"og:locale\" content=\"fi_FI\" \/>\n<meta property=\"og:type\" content=\"article\" \/>\n<meta property=\"og:title\" content=\"Persujen kulttuuripolitiikka - kyyti\u00e4 &quot;tekotaiteellisille kokeiluille&quot; - Kohtaamiset\" \/>\n<meta property=\"og:description\" content=\"Perussuomalaisten kulttuuripoliittisessa ohjelmassa yll\u00e4tt\u00e4v\u00e4\u00e4 on vain sen t\u00e4ydellinen odotuksenmukaisuus. Puolueen t\u00e4n\u00e4\u00e4n julkaiseman vaaliohjelman (pdf) mukaan perussuomalaisten kannattama kulttuuripolitiikka l\u00e4htee totta kai suomalai&hellip;\" \/>\n<meta property=\"og:url\" content=\"https:\/\/suomenkuvalehti.fi\/kohtaamiset\/persujen-kulttuuripolitiikka-kyytia-tekotaiteellisille-kokeiluille\/\" \/>\n<meta property=\"og:site_name\" content=\"Kohtaamiset\" \/>\n<meta property=\"article:published_time\" content=\"2011-02-25T16:58:52+00:00\" \/>\n<meta property=\"article:modified_time\" content=\"2018-01-22T10:13:29+00:00\" \/>\n<meta name=\"author\" content=\"Karri Kokko\" \/>\n<meta name=\"twitter:label1\" content=\"Written by\" \/>\n\t<meta name=\"twitter:data1\" content=\"Karri Kokko\" \/>\n\t<meta name=\"twitter:label2\" content=\"Est. reading time\" \/>\n\t<meta name=\"twitter:data2\" content=\"2 minuuttia\" \/>\n<script type=\"application\/ld+json\" class=\"yoast-schema-graph\">{\"@context\":\"https:\/\/schema.org\",\"@graph\":[{\"@type\":\"WebPage\",\"@id\":\"https:\/\/suomenkuvalehti.fi\/kohtaamiset\/persujen-kulttuuripolitiikka-kyytia-tekotaiteellisille-kokeiluille\/\",\"url\":\"https:\/\/suomenkuvalehti.fi\/kohtaamiset\/persujen-kulttuuripolitiikka-kyytia-tekotaiteellisille-kokeiluille\/\",\"name\":\"Persujen kulttuuripolitiikka - kyyti\u00e4 \\\"tekotaiteellisille kokeiluille\\\" - Kohtaamiset\",\"isPartOf\":{\"@id\":\"https:\/\/suomenkuvalehti.fi\/kohtaamiset\/#website\"},\"datePublished\":\"2011-02-25T16:58:52+00:00\",\"dateModified\":\"2018-01-22T10:13:29+00:00\",\"author\":{\"@id\":\"https:\/\/suomenkuvalehti.fi\/kohtaamiset\/#\/schema\/person\/71dc0f8e27e96911b6c8a510fa150d3e\"},\"breadcrumb\":{\"@id\":\"https:\/\/suomenkuvalehti.fi\/kohtaamiset\/persujen-kulttuuripolitiikka-kyytia-tekotaiteellisille-kokeiluille\/#breadcrumb\"},\"inLanguage\":\"fi\",\"potentialAction\":[{\"@type\":\"ReadAction\",\"target\":[\"https:\/\/suomenkuvalehti.fi\/kohtaamiset\/persujen-kulttuuripolitiikka-kyytia-tekotaiteellisille-kokeiluille\/\"]}]},{\"@type\":\"BreadcrumbList\",\"@id\":\"https:\/\/suomenkuvalehti.fi\/kohtaamiset\/persujen-kulttuuripolitiikka-kyytia-tekotaiteellisille-kokeiluille\/#breadcrumb\",\"itemListElement\":[{\"@type\":\"ListItem\",\"position\":1,\"name\":\"Home\",\"item\":\"https:\/\/suomenkuvalehti.fi\/kohtaamiset\/\"},{\"@type\":\"ListItem\",\"position\":2,\"name\":\"Persujen kulttuuripolitiikka &#8211; kyyti\u00e4 &#8221;tekotaiteellisille kokeiluille&#8221;\"}]},{\"@type\":\"WebSite\",\"@id\":\"https:\/\/suomenkuvalehti.fi\/kohtaamiset\/#website\",\"url\":\"https:\/\/suomenkuvalehti.fi\/kohtaamiset\/\",\"name\":\"Kohtaamiset\",\"description\":\"Kohtaamiset-blogi k\u00e4sittelee kirjallisuutta ja kulttuuria.\",\"potentialAction\":[{\"@type\":\"SearchAction\",\"target\":{\"@type\":\"EntryPoint\",\"urlTemplate\":\"https:\/\/suomenkuvalehti.fi\/haku\/?q={search_term_string}\"},\"query-input\":{\"@type\":\"PropertyValueSpecification\",\"valueRequired\":true,\"valueName\":\"search_term_string\"}}],\"inLanguage\":\"fi\"},{\"@type\":\"Person\",\"@id\":\"https:\/\/suomenkuvalehti.fi\/kohtaamiset\/#\/schema\/person\/71dc0f8e27e96911b6c8a510fa150d3e\",\"name\":\"Karri Kokko\",\"image\":{\"@type\":\"ImageObject\",\"inLanguage\":\"fi\",\"@id\":\"https:\/\/suomenkuvalehti.fi\/kohtaamiset\/#\/schema\/person\/image\/\",\"url\":\"https:\/\/suomenkuvalehti.fi\/kohtaamiset\/wp-content\/uploads\/sites\/9\/2013\/11\/sk_leijona_kulta-150x150.png\",\"contentUrl\":\"https:\/\/suomenkuvalehti.fi\/kohtaamiset\/wp-content\/uploads\/sites\/9\/2013\/11\/sk_leijona_kulta-150x150.png\",\"caption\":\"Karri Kokko\"}}]}<\/script>\n<!-- \/ Yoast SEO plugin. -->","yoast_head_json":{"title":"Persujen kulttuuripolitiikka - kyyti\u00e4 \"tekotaiteellisille kokeiluille\" - Kohtaamiset","robots":{"index":"index","follow":"follow","max-snippet":"max-snippet:-1","max-image-preview":"max-image-preview:large","max-video-preview":"max-video-preview:-1"},"canonical":"https:\/\/suomenkuvalehti.fi\/kohtaamiset\/persujen-kulttuuripolitiikka-kyytia-tekotaiteellisille-kokeiluille\/","og_locale":"fi_FI","og_type":"article","og_title":"Persujen kulttuuripolitiikka - kyyti\u00e4 \"tekotaiteellisille kokeiluille\" - Kohtaamiset","og_description":"Perussuomalaisten kulttuuripoliittisessa ohjelmassa yll\u00e4tt\u00e4v\u00e4\u00e4 on vain sen t\u00e4ydellinen odotuksenmukaisuus. Puolueen t\u00e4n\u00e4\u00e4n julkaiseman vaaliohjelman (pdf) mukaan perussuomalaisten kannattama kulttuuripolitiikka l\u00e4htee totta kai suomalai&hellip;","og_url":"https:\/\/suomenkuvalehti.fi\/kohtaamiset\/persujen-kulttuuripolitiikka-kyytia-tekotaiteellisille-kokeiluille\/","og_site_name":"Kohtaamiset","article_published_time":"2011-02-25T16:58:52+00:00","article_modified_time":"2018-01-22T10:13:29+00:00","author":"Karri Kokko","twitter_misc":{"Written by":"Karri Kokko","Est. reading time":"2 minuuttia"},"schema":{"@context":"https:\/\/schema.org","@graph":[{"@type":"WebPage","@id":"https:\/\/suomenkuvalehti.fi\/kohtaamiset\/persujen-kulttuuripolitiikka-kyytia-tekotaiteellisille-kokeiluille\/","url":"https:\/\/suomenkuvalehti.fi\/kohtaamiset\/persujen-kulttuuripolitiikka-kyytia-tekotaiteellisille-kokeiluille\/","name":"Persujen kulttuuripolitiikka - kyyti\u00e4 \"tekotaiteellisille kokeiluille\" - Kohtaamiset","isPartOf":{"@id":"https:\/\/suomenkuvalehti.fi\/kohtaamiset\/#website"},"datePublished":"2011-02-25T16:58:52+00:00","dateModified":"2018-01-22T10:13:29+00:00","author":{"@id":"https:\/\/suomenkuvalehti.fi\/kohtaamiset\/#\/schema\/person\/71dc0f8e27e96911b6c8a510fa150d3e"},"breadcrumb":{"@id":"https:\/\/suomenkuvalehti.fi\/kohtaamiset\/persujen-kulttuuripolitiikka-kyytia-tekotaiteellisille-kokeiluille\/#breadcrumb"},"inLanguage":"fi","potentialAction":[{"@type":"ReadAction","target":["https:\/\/suomenkuvalehti.fi\/kohtaamiset\/persujen-kulttuuripolitiikka-kyytia-tekotaiteellisille-kokeiluille\/"]}]},{"@type":"BreadcrumbList","@id":"https:\/\/suomenkuvalehti.fi\/kohtaamiset\/persujen-kulttuuripolitiikka-kyytia-tekotaiteellisille-kokeiluille\/#breadcrumb","itemListElement":[{"@type":"ListItem","position":1,"name":"Home","item":"https:\/\/suomenkuvalehti.fi\/kohtaamiset\/"},{"@type":"ListItem","position":2,"name":"Persujen kulttuuripolitiikka &#8211; kyyti\u00e4 &#8221;tekotaiteellisille kokeiluille&#8221;"}]},{"@type":"WebSite","@id":"https:\/\/suomenkuvalehti.fi\/kohtaamiset\/#website","url":"https:\/\/suomenkuvalehti.fi\/kohtaamiset\/","name":"Kohtaamiset","description":"Kohtaamiset-blogi k\u00e4sittelee kirjallisuutta ja kulttuuria.","potentialAction":[{"@type":"SearchAction","target":{"@type":"EntryPoint","urlTemplate":"https:\/\/suomenkuvalehti.fi\/haku\/?q={search_term_string}"},"query-input":{"@type":"PropertyValueSpecification","valueRequired":true,"valueName":"search_term_string"}}],"inLanguage":"fi"},{"@type":"Person","@id":"https:\/\/suomenkuvalehti.fi\/kohtaamiset\/#\/schema\/person\/71dc0f8e27e96911b6c8a510fa150d3e","name":"Karri Kokko","image":{"@type":"ImageObject","inLanguage":"fi","@id":"https:\/\/suomenkuvalehti.fi\/kohtaamiset\/#\/schema\/person\/image\/","url":"https:\/\/suomenkuvalehti.fi\/kohtaamiset\/wp-content\/uploads\/sites\/9\/2013\/11\/sk_leijona_kulta-150x150.png","contentUrl":"https:\/\/suomenkuvalehti.fi\/kohtaamiset\/wp-content\/uploads\/sites\/9\/2013\/11\/sk_leijona_kulta-150x150.png","caption":"Karri Kokko"}}]}},"_links":{"self":[{"href":"https:\/\/suomenkuvalehti.fi\/kohtaamiset\/wp-json\/wp\/v2\/posts\/81","targetHints":{"allow":["GET"]}}],"collection":[{"href":"https:\/\/suomenkuvalehti.fi\/kohtaamiset\/wp-json\/wp\/v2\/posts"}],"about":[{"href":"https:\/\/suomenkuvalehti.fi\/kohtaamiset\/wp-json\/wp\/v2\/types\/post"}],"author":[{"embeddable":true,"href":"https:\/\/suomenkuvalehti.fi\/kohtaamiset\/wp-json\/wp\/v2\/users\/40424"}],"replies":[{"embeddable":true,"href":"https:\/\/suomenkuvalehti.fi\/kohtaamiset\/wp-json\/wp\/v2\/comments?post=81"}],"version-history":[{"count":1,"href":"https:\/\/suomenkuvalehti.fi\/kohtaamiset\/wp-json\/wp\/v2\/posts\/81\/revisions"}],"predecessor-version":[{"id":294,"href":"https:\/\/suomenkuvalehti.fi\/kohtaamiset\/wp-json\/wp\/v2\/posts\/81\/revisions\/294"}],"wp:attachment":[{"href":"https:\/\/suomenkuvalehti.fi\/kohtaamiset\/wp-json\/wp\/v2\/media?parent=81"}],"wp:term":[{"taxonomy":"category","embeddable":true,"href":"https:\/\/suomenkuvalehti.fi\/kohtaamiset\/wp-json\/wp\/v2\/categories?post=81"},{"taxonomy":"post_tag","embeddable":true,"href":"https:\/\/suomenkuvalehti.fi\/kohtaamiset\/wp-json\/wp\/v2\/tags?post=81"}],"curies":[{"name":"wp","href":"https:\/\/api.w.org\/{rel}","templated":true}]}}