{"id":80,"date":"2011-02-27T01:38:36","date_gmt":"2011-02-26T23:38:36","guid":{"rendered":"https:\/\/suomenkuvalehti.fi\/kohtaamiset\/2011\/02\/27\/aleksis-salusjarvi-persukulttuuri-on-pateettinen-porilaisten-marssi\/"},"modified":"2018-01-22T12:13:23","modified_gmt":"2018-01-22T10:13:23","slug":"aleksis-salusjarvi-persukulttuuri-on-pateettinen-porilaisten-marssi","status":"publish","type":"post","link":"https:\/\/suomenkuvalehti.fi\/kohtaamiset\/aleksis-salusjarvi-persukulttuuri-on-pateettinen-porilaisten-marssi\/","title":{"rendered":"Aleksis Salusj\u00e4rvi: &#8221;Persukulttuuri on pateettinen porilaisten marssi&#8221;"},"content":{"rendered":"\n<p>Unhojen y\u00f6st\u00e4 esiin kaivettu perussuomalainen kulttuurin\u00e4kemys her\u00e4tti taidepiireiss\u00e4 ep\u00e4uskon ja tyrmistyksen sekaisia reaktioita.<\/p>\n\n\n\n<p>Puolueen ja sen mit\u00e4\u00e4n kaihtamattoman propagandaosaston muotoilema linjaus on niin typer\u00e4, ettei se oikeastaan ansaitse asiallista k\u00e4sittely\u00e4.<\/p>\n\n\n\n<p>Vasemmistoliiton kannattajaksi tunnustautuva <strong>Heikki Ruusunen<\/strong> reagoi julistukseen ly\u00f6m\u00e4ll\u00e4 leikiksi. H\u00e4nen <a href=\"http:\/\/heikkiruusunen.puheenvuoro.uusisuomi.fi\/63176-persut-ja-rappiotaide\">blogikirjoituksensa<\/a> on &#8221;pilailuversio&#8221; Wikipedian artikkelista <a href=\"http:\/\/fi.wikipedia.org\/wiki\/Rappiotaide\">&#8221;Rappiotaide&#8221;<\/a>.<\/p>\n\n\n\n<p>Vakavasti aiheeseen tarttui kriitikko ja <em>Kritiikin uutisten<\/em> p\u00e4\u00e4toimittaja <strong>Aleksis Salusj\u00e4rvi<\/strong>. H\u00e4nen <a href=\"http:\/\/www.luutii.ma-pe.net\/?p=284\">analyysinsa<\/a> on kirkas ja syv\u00e4, raivokas ja s\u00e4\u00e4lim\u00e4t\u00f6n, eik\u00e4 siihen ole juuri lis\u00e4tt\u00e4v\u00e4\u00e4.<\/p>\n\n\n\n<p>&#8221;Persukulttuuri on pateettinen pomp\u00f6\u00f6si laahaava porilaisten marssi, persutaideteoria katsoo niin pitk\u00e4lle taaksep\u00e4in, ett\u00e4 nykyisyys saa kansallisromanttisen hehkunsa vain museaalisesta kontekstistaan&#8221;, Salusj\u00e4rvi kirjoittaa.<\/p>\n\n\n\n\n<p>&#8221;Kansallisen kuvaston uusi tuleminen (kun siit\u00e4 vihdoin oli p\u00e4\u00e4sty eroon) ei tule s\u00e4\u00e4st\u00e4m\u00e4\u00e4n my\u00f6sk\u00e4\u00e4n piispa Henriki\u00e4 ja Lallia, Suomi-konepistoolia, pes\u00e4pallon uutta nousua, sisua, saunapainia, tervaa kosmetiikkatuotteena, puukkoa asusteena tai m\u00e4mmi\u00e4 elintarvikkeena. Kun t\u00e4m\u00e4 sotku liitet\u00e4\u00e4n Suomi-br\u00e4ndity\u00f6ryhm\u00e4n uuteen teht\u00e4v\u00e4njakoon, alkaa serbinationalismi tai kroaattien usta\u0161a-joukot saamaan pohjoista uhoa ymm\u00e4rt\u00e4j\u00e4kseen.&#8221;<\/p>\n\n\n\n<p><em>Edit: Ruususen blogiin viittaava linkki korjattu.<\/em><\/p>\n\n\n\n","protected":false},"excerpt":{"rendered":"<p>Unhojen y\u00f6st\u00e4 esiin kaivettu perussuomalainen kulttuurin\u00e4kemys her\u00e4tti taidepiireiss\u00e4 ep\u00e4uskon ja tyrmistyksen sekaisia reaktioita. Puolueen ja sen mit\u00e4\u00e4n kaihtamattoman propagandaosaston muotoilema linjaus on niin typer\u00e4, ettei se<br \/>\noikeasta&hellip;<\/p>\n","protected":false},"author":40424,"featured_media":0,"comment_status":"open","ping_status":"open","sticky":false,"template":"","format":"standard","meta":{"_acf_changed":false,"asauth_required_access_level":0,"asauth_cansharepaid":"","om_header_attributes":[],"footnotes":"","om_featured_image_focal_point":[],"om_primary_tag":0,"om_contributors":[],"om_co_authors":[],"beyondwords_generate_audio":"","beyondwords_project_id":"","beyondwords_content_id":"","beyondwords_preview_token":"","beyondwords_player_content":"","beyondwords_player_style":"","beyondwords_language_code":"","beyondwords_language_id":"","beyondwords_title_voice_id":"","beyondwords_body_voice_id":"","beyondwords_summary_voice_id":"","beyondwords_error_message":"","beyondwords_disabled":"","beyondwords_delete_content":"","beyondwords_podcast_id":"","beyondwords_hash":"","publish_post_to_speechkit":"","speechkit_hash":"","speechkit_generate_audio":"","speechkit_project_id":"","speechkit_podcast_id":"","speechkit_error_message":"","speechkit_disabled":"","speechkit_access_key":"","speechkit_error":"","speechkit_info":"","speechkit_response":"","speechkit_retries":"","speechkit_status":"","speechkit_updated_at":"","_speechkit_link":"","_speechkit_text":""},"categories":[1],"tags":[183,219,128],"class_list":["post-80","post","type-post","status-publish","format-standard","hentry","category-kohtaamiset","tag-aleksis-salusjarvi","tag-heikki-ruusunen","tag-perussuomalaiset"],"om_views":null,"acf":{"tuuma_off":false,"tuuma_kysymys":"","tuuma_vastaus":""},"asauth":{"required_access_level":1,"share_token":"","is_paid":false},"yoast_head":"<!-- This site is optimized with the Yoast SEO plugin v26.4 - https:\/\/yoast.com\/wordpress\/plugins\/seo\/ -->\n<title>Aleksis Salusj\u00e4rvi: &quot;Persukulttuuri on pateettinen porilaisten marssi&quot; - Kohtaamiset<\/title>\n<meta name=\"robots\" content=\"index, follow, max-snippet:-1, max-image-preview:large, max-video-preview:-1\" \/>\n<link rel=\"canonical\" href=\"https:\/\/suomenkuvalehti.fi\/kohtaamiset\/aleksis-salusjarvi-persukulttuuri-on-pateettinen-porilaisten-marssi\/\" \/>\n<meta property=\"og:locale\" content=\"fi_FI\" \/>\n<meta property=\"og:type\" content=\"article\" \/>\n<meta property=\"og:title\" content=\"Aleksis Salusj\u00e4rvi: &quot;Persukulttuuri on pateettinen porilaisten marssi&quot; - Kohtaamiset\" \/>\n<meta property=\"og:description\" content=\"Unhojen y\u00f6st\u00e4 esiin kaivettu perussuomalainen kulttuurin\u00e4kemys her\u00e4tti taidepiireiss\u00e4 ep\u00e4uskon ja tyrmistyksen sekaisia reaktioita. Puolueen ja sen mit\u00e4\u00e4n kaihtamattoman propagandaosaston muotoilema linjaus on niin typer\u00e4, ettei se oikeasta&hellip;\" \/>\n<meta property=\"og:url\" content=\"https:\/\/suomenkuvalehti.fi\/kohtaamiset\/aleksis-salusjarvi-persukulttuuri-on-pateettinen-porilaisten-marssi\/\" \/>\n<meta property=\"og:site_name\" content=\"Kohtaamiset\" \/>\n<meta property=\"article:published_time\" content=\"2011-02-26T23:38:36+00:00\" \/>\n<meta property=\"article:modified_time\" content=\"2018-01-22T10:13:23+00:00\" \/>\n<meta name=\"author\" content=\"Karri Kokko\" \/>\n<meta name=\"twitter:label1\" content=\"Written by\" \/>\n\t<meta name=\"twitter:data1\" content=\"Karri Kokko\" \/>\n\t<meta name=\"twitter:label2\" content=\"Est. reading time\" \/>\n\t<meta name=\"twitter:data2\" content=\"1 minuutti\" \/>\n<script type=\"application\/ld+json\" class=\"yoast-schema-graph\">{\"@context\":\"https:\/\/schema.org\",\"@graph\":[{\"@type\":\"WebPage\",\"@id\":\"https:\/\/suomenkuvalehti.fi\/kohtaamiset\/aleksis-salusjarvi-persukulttuuri-on-pateettinen-porilaisten-marssi\/\",\"url\":\"https:\/\/suomenkuvalehti.fi\/kohtaamiset\/aleksis-salusjarvi-persukulttuuri-on-pateettinen-porilaisten-marssi\/\",\"name\":\"Aleksis Salusj\u00e4rvi: \\\"Persukulttuuri on pateettinen porilaisten marssi\\\" - Kohtaamiset\",\"isPartOf\":{\"@id\":\"https:\/\/suomenkuvalehti.fi\/kohtaamiset\/#website\"},\"datePublished\":\"2011-02-26T23:38:36+00:00\",\"dateModified\":\"2018-01-22T10:13:23+00:00\",\"author\":{\"@id\":\"https:\/\/suomenkuvalehti.fi\/kohtaamiset\/#\/schema\/person\/71dc0f8e27e96911b6c8a510fa150d3e\"},\"breadcrumb\":{\"@id\":\"https:\/\/suomenkuvalehti.fi\/kohtaamiset\/aleksis-salusjarvi-persukulttuuri-on-pateettinen-porilaisten-marssi\/#breadcrumb\"},\"inLanguage\":\"fi\",\"potentialAction\":[{\"@type\":\"ReadAction\",\"target\":[\"https:\/\/suomenkuvalehti.fi\/kohtaamiset\/aleksis-salusjarvi-persukulttuuri-on-pateettinen-porilaisten-marssi\/\"]}]},{\"@type\":\"BreadcrumbList\",\"@id\":\"https:\/\/suomenkuvalehti.fi\/kohtaamiset\/aleksis-salusjarvi-persukulttuuri-on-pateettinen-porilaisten-marssi\/#breadcrumb\",\"itemListElement\":[{\"@type\":\"ListItem\",\"position\":1,\"name\":\"Home\",\"item\":\"https:\/\/suomenkuvalehti.fi\/kohtaamiset\/\"},{\"@type\":\"ListItem\",\"position\":2,\"name\":\"Aleksis Salusj\u00e4rvi: &#8221;Persukulttuuri on pateettinen porilaisten marssi&#8221;\"}]},{\"@type\":\"WebSite\",\"@id\":\"https:\/\/suomenkuvalehti.fi\/kohtaamiset\/#website\",\"url\":\"https:\/\/suomenkuvalehti.fi\/kohtaamiset\/\",\"name\":\"Kohtaamiset\",\"description\":\"Kohtaamiset-blogi k\u00e4sittelee kirjallisuutta ja kulttuuria.\",\"potentialAction\":[{\"@type\":\"SearchAction\",\"target\":{\"@type\":\"EntryPoint\",\"urlTemplate\":\"https:\/\/suomenkuvalehti.fi\/haku\/?q={search_term_string}\"},\"query-input\":{\"@type\":\"PropertyValueSpecification\",\"valueRequired\":true,\"valueName\":\"search_term_string\"}}],\"inLanguage\":\"fi\"},{\"@type\":\"Person\",\"@id\":\"https:\/\/suomenkuvalehti.fi\/kohtaamiset\/#\/schema\/person\/71dc0f8e27e96911b6c8a510fa150d3e\",\"name\":\"Karri Kokko\",\"image\":{\"@type\":\"ImageObject\",\"inLanguage\":\"fi\",\"@id\":\"https:\/\/suomenkuvalehti.fi\/kohtaamiset\/#\/schema\/person\/image\/\",\"url\":\"https:\/\/suomenkuvalehti.fi\/kohtaamiset\/wp-content\/uploads\/sites\/9\/2013\/11\/sk_leijona_kulta-150x150.png\",\"contentUrl\":\"https:\/\/suomenkuvalehti.fi\/kohtaamiset\/wp-content\/uploads\/sites\/9\/2013\/11\/sk_leijona_kulta-150x150.png\",\"caption\":\"Karri Kokko\"}}]}<\/script>\n<!-- \/ Yoast SEO plugin. -->","yoast_head_json":{"title":"Aleksis Salusj\u00e4rvi: \"Persukulttuuri on pateettinen porilaisten marssi\" - Kohtaamiset","robots":{"index":"index","follow":"follow","max-snippet":"max-snippet:-1","max-image-preview":"max-image-preview:large","max-video-preview":"max-video-preview:-1"},"canonical":"https:\/\/suomenkuvalehti.fi\/kohtaamiset\/aleksis-salusjarvi-persukulttuuri-on-pateettinen-porilaisten-marssi\/","og_locale":"fi_FI","og_type":"article","og_title":"Aleksis Salusj\u00e4rvi: \"Persukulttuuri on pateettinen porilaisten marssi\" - Kohtaamiset","og_description":"Unhojen y\u00f6st\u00e4 esiin kaivettu perussuomalainen kulttuurin\u00e4kemys her\u00e4tti taidepiireiss\u00e4 ep\u00e4uskon ja tyrmistyksen sekaisia reaktioita. Puolueen ja sen mit\u00e4\u00e4n kaihtamattoman propagandaosaston muotoilema linjaus on niin typer\u00e4, ettei se oikeasta&hellip;","og_url":"https:\/\/suomenkuvalehti.fi\/kohtaamiset\/aleksis-salusjarvi-persukulttuuri-on-pateettinen-porilaisten-marssi\/","og_site_name":"Kohtaamiset","article_published_time":"2011-02-26T23:38:36+00:00","article_modified_time":"2018-01-22T10:13:23+00:00","author":"Karri Kokko","twitter_misc":{"Written by":"Karri Kokko","Est. reading time":"1 minuutti"},"schema":{"@context":"https:\/\/schema.org","@graph":[{"@type":"WebPage","@id":"https:\/\/suomenkuvalehti.fi\/kohtaamiset\/aleksis-salusjarvi-persukulttuuri-on-pateettinen-porilaisten-marssi\/","url":"https:\/\/suomenkuvalehti.fi\/kohtaamiset\/aleksis-salusjarvi-persukulttuuri-on-pateettinen-porilaisten-marssi\/","name":"Aleksis Salusj\u00e4rvi: \"Persukulttuuri on pateettinen porilaisten marssi\" - Kohtaamiset","isPartOf":{"@id":"https:\/\/suomenkuvalehti.fi\/kohtaamiset\/#website"},"datePublished":"2011-02-26T23:38:36+00:00","dateModified":"2018-01-22T10:13:23+00:00","author":{"@id":"https:\/\/suomenkuvalehti.fi\/kohtaamiset\/#\/schema\/person\/71dc0f8e27e96911b6c8a510fa150d3e"},"breadcrumb":{"@id":"https:\/\/suomenkuvalehti.fi\/kohtaamiset\/aleksis-salusjarvi-persukulttuuri-on-pateettinen-porilaisten-marssi\/#breadcrumb"},"inLanguage":"fi","potentialAction":[{"@type":"ReadAction","target":["https:\/\/suomenkuvalehti.fi\/kohtaamiset\/aleksis-salusjarvi-persukulttuuri-on-pateettinen-porilaisten-marssi\/"]}]},{"@type":"BreadcrumbList","@id":"https:\/\/suomenkuvalehti.fi\/kohtaamiset\/aleksis-salusjarvi-persukulttuuri-on-pateettinen-porilaisten-marssi\/#breadcrumb","itemListElement":[{"@type":"ListItem","position":1,"name":"Home","item":"https:\/\/suomenkuvalehti.fi\/kohtaamiset\/"},{"@type":"ListItem","position":2,"name":"Aleksis Salusj\u00e4rvi: &#8221;Persukulttuuri on pateettinen porilaisten marssi&#8221;"}]},{"@type":"WebSite","@id":"https:\/\/suomenkuvalehti.fi\/kohtaamiset\/#website","url":"https:\/\/suomenkuvalehti.fi\/kohtaamiset\/","name":"Kohtaamiset","description":"Kohtaamiset-blogi k\u00e4sittelee kirjallisuutta ja kulttuuria.","potentialAction":[{"@type":"SearchAction","target":{"@type":"EntryPoint","urlTemplate":"https:\/\/suomenkuvalehti.fi\/haku\/?q={search_term_string}"},"query-input":{"@type":"PropertyValueSpecification","valueRequired":true,"valueName":"search_term_string"}}],"inLanguage":"fi"},{"@type":"Person","@id":"https:\/\/suomenkuvalehti.fi\/kohtaamiset\/#\/schema\/person\/71dc0f8e27e96911b6c8a510fa150d3e","name":"Karri Kokko","image":{"@type":"ImageObject","inLanguage":"fi","@id":"https:\/\/suomenkuvalehti.fi\/kohtaamiset\/#\/schema\/person\/image\/","url":"https:\/\/suomenkuvalehti.fi\/kohtaamiset\/wp-content\/uploads\/sites\/9\/2013\/11\/sk_leijona_kulta-150x150.png","contentUrl":"https:\/\/suomenkuvalehti.fi\/kohtaamiset\/wp-content\/uploads\/sites\/9\/2013\/11\/sk_leijona_kulta-150x150.png","caption":"Karri Kokko"}}]}},"_links":{"self":[{"href":"https:\/\/suomenkuvalehti.fi\/kohtaamiset\/wp-json\/wp\/v2\/posts\/80","targetHints":{"allow":["GET"]}}],"collection":[{"href":"https:\/\/suomenkuvalehti.fi\/kohtaamiset\/wp-json\/wp\/v2\/posts"}],"about":[{"href":"https:\/\/suomenkuvalehti.fi\/kohtaamiset\/wp-json\/wp\/v2\/types\/post"}],"author":[{"embeddable":true,"href":"https:\/\/suomenkuvalehti.fi\/kohtaamiset\/wp-json\/wp\/v2\/users\/40424"}],"replies":[{"embeddable":true,"href":"https:\/\/suomenkuvalehti.fi\/kohtaamiset\/wp-json\/wp\/v2\/comments?post=80"}],"version-history":[{"count":1,"href":"https:\/\/suomenkuvalehti.fi\/kohtaamiset\/wp-json\/wp\/v2\/posts\/80\/revisions"}],"predecessor-version":[{"id":293,"href":"https:\/\/suomenkuvalehti.fi\/kohtaamiset\/wp-json\/wp\/v2\/posts\/80\/revisions\/293"}],"wp:attachment":[{"href":"https:\/\/suomenkuvalehti.fi\/kohtaamiset\/wp-json\/wp\/v2\/media?parent=80"}],"wp:term":[{"taxonomy":"category","embeddable":true,"href":"https:\/\/suomenkuvalehti.fi\/kohtaamiset\/wp-json\/wp\/v2\/categories?post=80"},{"taxonomy":"post_tag","embeddable":true,"href":"https:\/\/suomenkuvalehti.fi\/kohtaamiset\/wp-json\/wp\/v2\/tags?post=80"}],"curies":[{"name":"wp","href":"https:\/\/api.w.org\/{rel}","templated":true}]}}