{"id":78,"date":"2011-03-02T17:27:26","date_gmt":"2011-03-02T15:27:26","guid":{"rendered":"https:\/\/suomenkuvalehti.fi\/kohtaamiset\/2011\/03\/02\/sofi-oksanen-reagoi-kirja-alan-muutoksiin-perustamalla-kustantamon\/"},"modified":"2018-01-22T12:13:11","modified_gmt":"2018-01-22T10:13:11","slug":"sofi-oksanen-reagoi-kirja-alan-muutoksiin-perustamalla-kustantamon","status":"publish","type":"post","link":"https:\/\/suomenkuvalehti.fi\/kohtaamiset\/sofi-oksanen-reagoi-kirja-alan-muutoksiin-perustamalla-kustantamon\/","title":{"rendered":"Sofi Oksanen reagoi kirja-alan muutoksiin perustamalla kustantamon"},"content":{"rendered":"\n<p><strong>Sofi Oksasen <\/strong><a href=\"http:\/\/www.hs.fi\/kulttuuri\/artikkeli\/Sofi+Oksanen+perusti+uuden+kustantamon+vanhalle+kirjalleen\/1135264209517?ref=fb-share\">p\u00e4\u00e4t\u00f6s<\/a> julkaista 2005 ilmestynyt romaaninsa <em>Baby Jane<\/em> pokkariversiona oman kustantamon kautta kertoo kustannusalan pirstoutumisesta. S\u00e4hk\u00f6kirjojen yleistyminen pakottaa kirjailijat ja kustantajat kehitt\u00e4m\u00e4\u00e4n sis\u00e4ll\u00f6ille uusia julkaisumuotoja ja jakelutapoja.<\/p>\n\n\n\n<p>Yhdysvalloissa on jo lukuisia esimerkkej\u00e4 siit\u00e4, ett\u00e4 kirjailijat ty\u00f6nt\u00e4v\u00e4t itse teoksensa markkinoille s\u00e4hk\u00f6isess\u00e4 muodossa ohi perinteisten kustantajien ja jakelukanavien.<\/p>\n\n\n\n<p>K\u00e4yt\u00e4nt\u00f6 on my\u00f6s halpa keino testata kysynt\u00e4\u00e4. Jos kirja menestyy digiversiona, sen julkaisemista paperilla kannattaa harkita my\u00f6hemmin joko perinteiseen tapaan painettuna tai tarvepainatuksena.<\/p>\n\n\n\n<p>Erilaisilla kirjoilla on erilaiset elinkaaret. Toisten kohdalla on t\u00e4rke\u00e4\u00e4, ett\u00e4 ne saadaan lukijoille v\u00e4litt\u00f6m\u00e4sti kirjan ilmestytty\u00e4. Toiset ovat pitk\u00e4n h\u00e4nn\u00e4n omaavia steady-sellereit\u00e4, kirjoja joita ei kannata painaa varastoon tuhansin kappalein, mutta joita kannattaa pit\u00e4\u00e4 silti jatkuvasti saatavilla.<\/p>\n\n\n\n<p>Tulevaisuudessa kustantajina menestyv\u00e4t ne, jotka osaavat paketoida tuotteensa houkuttelevasti n\u00e4ihin erilaisiin tarpeisiin. Sofi Oksasen p\u00e4\u00e4t\u00f6s jukaista <em>Baby Jane<\/em> pokkarina juuri nyt on yksi reaktio muutokseen.<\/p>\n\n\n","protected":false},"excerpt":{"rendered":"<p>Sofi Oksasen p\u00e4\u00e4t\u00f6s julkaista 2005 ilmestynyt romaaninsa Baby Jane pokkariversiona oman kustantamon kautta kertoo kustannusalan pirstoutumisesta. S\u00e4hk\u00f6kirjojen yleistyminen pakottaa kirjailijat ja kustantajat kehitt\u00e4m\u00e4\u00e4n sis\u00e4ll\u00f6ille uusia julkaisumuotoja<br \/>\nja jakelu&hellip;<\/p>\n","protected":false},"author":40424,"featured_media":0,"comment_status":"open","ping_status":"open","sticky":false,"template":"","format":"standard","meta":{"_acf_changed":false,"asauth_required_access_level":0,"asauth_cansharepaid":"","om_header_attributes":[],"footnotes":"","om_featured_image_focal_point":[],"om_primary_tag":0,"om_contributors":[],"om_co_authors":[],"beyondwords_generate_audio":"","beyondwords_project_id":"","beyondwords_content_id":"","beyondwords_preview_token":"","beyondwords_player_content":"","beyondwords_player_style":"","beyondwords_language_code":"","beyondwords_language_id":"","beyondwords_title_voice_id":"","beyondwords_body_voice_id":"","beyondwords_summary_voice_id":"","beyondwords_error_message":"","beyondwords_disabled":"","beyondwords_delete_content":"","beyondwords_podcast_id":"","beyondwords_hash":"","publish_post_to_speechkit":"","speechkit_hash":"","speechkit_generate_audio":"","speechkit_project_id":"","speechkit_podcast_id":"","speechkit_error_message":"","speechkit_disabled":"","speechkit_access_key":"","speechkit_error":"","speechkit_info":"","speechkit_response":"","speechkit_retries":"","speechkit_status":"","speechkit_updated_at":"","_speechkit_link":"","_speechkit_text":""},"categories":[1],"tags":[196,158,63],"class_list":["post-78","post","type-post","status-publish","format-standard","hentry","category-kohtaamiset","tag-e-kirjat","tag-kustannusala","tag-sofi-oksanen"],"om_views":null,"acf":{"tuuma_off":false,"tuuma_kysymys":"","tuuma_vastaus":""},"asauth":{"required_access_level":1,"share_token":"","is_paid":false},"yoast_head":"<!-- This site is optimized with the Yoast SEO plugin v26.4 - https:\/\/yoast.com\/wordpress\/plugins\/seo\/ -->\n<title>Sofi Oksanen reagoi kirja-alan muutoksiin perustamalla kustantamon - Kohtaamiset<\/title>\n<meta name=\"robots\" content=\"index, follow, max-snippet:-1, max-image-preview:large, max-video-preview:-1\" \/>\n<link rel=\"canonical\" href=\"https:\/\/suomenkuvalehti.fi\/kohtaamiset\/sofi-oksanen-reagoi-kirja-alan-muutoksiin-perustamalla-kustantamon\/\" \/>\n<meta property=\"og:locale\" content=\"fi_FI\" \/>\n<meta property=\"og:type\" content=\"article\" \/>\n<meta property=\"og:title\" content=\"Sofi Oksanen reagoi kirja-alan muutoksiin perustamalla kustantamon - Kohtaamiset\" \/>\n<meta property=\"og:description\" content=\"Sofi Oksasen p\u00e4\u00e4t\u00f6s julkaista 2005 ilmestynyt romaaninsa Baby Jane pokkariversiona oman kustantamon kautta kertoo kustannusalan pirstoutumisesta. S\u00e4hk\u00f6kirjojen yleistyminen pakottaa kirjailijat ja kustantajat kehitt\u00e4m\u00e4\u00e4n sis\u00e4ll\u00f6ille uusia julkaisumuotoja ja jakelu&hellip;\" \/>\n<meta property=\"og:url\" content=\"https:\/\/suomenkuvalehti.fi\/kohtaamiset\/sofi-oksanen-reagoi-kirja-alan-muutoksiin-perustamalla-kustantamon\/\" \/>\n<meta property=\"og:site_name\" content=\"Kohtaamiset\" \/>\n<meta property=\"article:published_time\" content=\"2011-03-02T15:27:26+00:00\" \/>\n<meta property=\"article:modified_time\" content=\"2018-01-22T10:13:11+00:00\" \/>\n<meta name=\"author\" content=\"Karri Kokko\" \/>\n<meta name=\"twitter:label1\" content=\"Written by\" \/>\n\t<meta name=\"twitter:data1\" content=\"Karri Kokko\" \/>\n\t<meta name=\"twitter:label2\" content=\"Est. reading time\" \/>\n\t<meta name=\"twitter:data2\" content=\"1 minuutti\" \/>\n<script type=\"application\/ld+json\" class=\"yoast-schema-graph\">{\"@context\":\"https:\/\/schema.org\",\"@graph\":[{\"@type\":\"WebPage\",\"@id\":\"https:\/\/suomenkuvalehti.fi\/kohtaamiset\/sofi-oksanen-reagoi-kirja-alan-muutoksiin-perustamalla-kustantamon\/\",\"url\":\"https:\/\/suomenkuvalehti.fi\/kohtaamiset\/sofi-oksanen-reagoi-kirja-alan-muutoksiin-perustamalla-kustantamon\/\",\"name\":\"Sofi Oksanen reagoi kirja-alan muutoksiin perustamalla kustantamon - Kohtaamiset\",\"isPartOf\":{\"@id\":\"https:\/\/suomenkuvalehti.fi\/kohtaamiset\/#website\"},\"datePublished\":\"2011-03-02T15:27:26+00:00\",\"dateModified\":\"2018-01-22T10:13:11+00:00\",\"author\":{\"@id\":\"https:\/\/suomenkuvalehti.fi\/kohtaamiset\/#\/schema\/person\/71dc0f8e27e96911b6c8a510fa150d3e\"},\"breadcrumb\":{\"@id\":\"https:\/\/suomenkuvalehti.fi\/kohtaamiset\/sofi-oksanen-reagoi-kirja-alan-muutoksiin-perustamalla-kustantamon\/#breadcrumb\"},\"inLanguage\":\"fi\",\"potentialAction\":[{\"@type\":\"ReadAction\",\"target\":[\"https:\/\/suomenkuvalehti.fi\/kohtaamiset\/sofi-oksanen-reagoi-kirja-alan-muutoksiin-perustamalla-kustantamon\/\"]}]},{\"@type\":\"BreadcrumbList\",\"@id\":\"https:\/\/suomenkuvalehti.fi\/kohtaamiset\/sofi-oksanen-reagoi-kirja-alan-muutoksiin-perustamalla-kustantamon\/#breadcrumb\",\"itemListElement\":[{\"@type\":\"ListItem\",\"position\":1,\"name\":\"Home\",\"item\":\"https:\/\/suomenkuvalehti.fi\/kohtaamiset\/\"},{\"@type\":\"ListItem\",\"position\":2,\"name\":\"Sofi Oksanen reagoi kirja-alan muutoksiin perustamalla kustantamon\"}]},{\"@type\":\"WebSite\",\"@id\":\"https:\/\/suomenkuvalehti.fi\/kohtaamiset\/#website\",\"url\":\"https:\/\/suomenkuvalehti.fi\/kohtaamiset\/\",\"name\":\"Kohtaamiset\",\"description\":\"Kohtaamiset-blogi k\u00e4sittelee kirjallisuutta ja kulttuuria.\",\"potentialAction\":[{\"@type\":\"SearchAction\",\"target\":{\"@type\":\"EntryPoint\",\"urlTemplate\":\"https:\/\/suomenkuvalehti.fi\/haku\/?q={search_term_string}\"},\"query-input\":{\"@type\":\"PropertyValueSpecification\",\"valueRequired\":true,\"valueName\":\"search_term_string\"}}],\"inLanguage\":\"fi\"},{\"@type\":\"Person\",\"@id\":\"https:\/\/suomenkuvalehti.fi\/kohtaamiset\/#\/schema\/person\/71dc0f8e27e96911b6c8a510fa150d3e\",\"name\":\"Karri Kokko\",\"image\":{\"@type\":\"ImageObject\",\"inLanguage\":\"fi\",\"@id\":\"https:\/\/suomenkuvalehti.fi\/kohtaamiset\/#\/schema\/person\/image\/\",\"url\":\"https:\/\/suomenkuvalehti.fi\/kohtaamiset\/wp-content\/uploads\/sites\/9\/2013\/11\/sk_leijona_kulta-150x150.png\",\"contentUrl\":\"https:\/\/suomenkuvalehti.fi\/kohtaamiset\/wp-content\/uploads\/sites\/9\/2013\/11\/sk_leijona_kulta-150x150.png\",\"caption\":\"Karri Kokko\"}}]}<\/script>\n<!-- \/ Yoast SEO plugin. -->","yoast_head_json":{"title":"Sofi Oksanen reagoi kirja-alan muutoksiin perustamalla kustantamon - Kohtaamiset","robots":{"index":"index","follow":"follow","max-snippet":"max-snippet:-1","max-image-preview":"max-image-preview:large","max-video-preview":"max-video-preview:-1"},"canonical":"https:\/\/suomenkuvalehti.fi\/kohtaamiset\/sofi-oksanen-reagoi-kirja-alan-muutoksiin-perustamalla-kustantamon\/","og_locale":"fi_FI","og_type":"article","og_title":"Sofi Oksanen reagoi kirja-alan muutoksiin perustamalla kustantamon - Kohtaamiset","og_description":"Sofi Oksasen p\u00e4\u00e4t\u00f6s julkaista 2005 ilmestynyt romaaninsa Baby Jane pokkariversiona oman kustantamon kautta kertoo kustannusalan pirstoutumisesta. S\u00e4hk\u00f6kirjojen yleistyminen pakottaa kirjailijat ja kustantajat kehitt\u00e4m\u00e4\u00e4n sis\u00e4ll\u00f6ille uusia julkaisumuotoja ja jakelu&hellip;","og_url":"https:\/\/suomenkuvalehti.fi\/kohtaamiset\/sofi-oksanen-reagoi-kirja-alan-muutoksiin-perustamalla-kustantamon\/","og_site_name":"Kohtaamiset","article_published_time":"2011-03-02T15:27:26+00:00","article_modified_time":"2018-01-22T10:13:11+00:00","author":"Karri Kokko","twitter_misc":{"Written by":"Karri Kokko","Est. reading time":"1 minuutti"},"schema":{"@context":"https:\/\/schema.org","@graph":[{"@type":"WebPage","@id":"https:\/\/suomenkuvalehti.fi\/kohtaamiset\/sofi-oksanen-reagoi-kirja-alan-muutoksiin-perustamalla-kustantamon\/","url":"https:\/\/suomenkuvalehti.fi\/kohtaamiset\/sofi-oksanen-reagoi-kirja-alan-muutoksiin-perustamalla-kustantamon\/","name":"Sofi Oksanen reagoi kirja-alan muutoksiin perustamalla kustantamon - Kohtaamiset","isPartOf":{"@id":"https:\/\/suomenkuvalehti.fi\/kohtaamiset\/#website"},"datePublished":"2011-03-02T15:27:26+00:00","dateModified":"2018-01-22T10:13:11+00:00","author":{"@id":"https:\/\/suomenkuvalehti.fi\/kohtaamiset\/#\/schema\/person\/71dc0f8e27e96911b6c8a510fa150d3e"},"breadcrumb":{"@id":"https:\/\/suomenkuvalehti.fi\/kohtaamiset\/sofi-oksanen-reagoi-kirja-alan-muutoksiin-perustamalla-kustantamon\/#breadcrumb"},"inLanguage":"fi","potentialAction":[{"@type":"ReadAction","target":["https:\/\/suomenkuvalehti.fi\/kohtaamiset\/sofi-oksanen-reagoi-kirja-alan-muutoksiin-perustamalla-kustantamon\/"]}]},{"@type":"BreadcrumbList","@id":"https:\/\/suomenkuvalehti.fi\/kohtaamiset\/sofi-oksanen-reagoi-kirja-alan-muutoksiin-perustamalla-kustantamon\/#breadcrumb","itemListElement":[{"@type":"ListItem","position":1,"name":"Home","item":"https:\/\/suomenkuvalehti.fi\/kohtaamiset\/"},{"@type":"ListItem","position":2,"name":"Sofi Oksanen reagoi kirja-alan muutoksiin perustamalla kustantamon"}]},{"@type":"WebSite","@id":"https:\/\/suomenkuvalehti.fi\/kohtaamiset\/#website","url":"https:\/\/suomenkuvalehti.fi\/kohtaamiset\/","name":"Kohtaamiset","description":"Kohtaamiset-blogi k\u00e4sittelee kirjallisuutta ja kulttuuria.","potentialAction":[{"@type":"SearchAction","target":{"@type":"EntryPoint","urlTemplate":"https:\/\/suomenkuvalehti.fi\/haku\/?q={search_term_string}"},"query-input":{"@type":"PropertyValueSpecification","valueRequired":true,"valueName":"search_term_string"}}],"inLanguage":"fi"},{"@type":"Person","@id":"https:\/\/suomenkuvalehti.fi\/kohtaamiset\/#\/schema\/person\/71dc0f8e27e96911b6c8a510fa150d3e","name":"Karri Kokko","image":{"@type":"ImageObject","inLanguage":"fi","@id":"https:\/\/suomenkuvalehti.fi\/kohtaamiset\/#\/schema\/person\/image\/","url":"https:\/\/suomenkuvalehti.fi\/kohtaamiset\/wp-content\/uploads\/sites\/9\/2013\/11\/sk_leijona_kulta-150x150.png","contentUrl":"https:\/\/suomenkuvalehti.fi\/kohtaamiset\/wp-content\/uploads\/sites\/9\/2013\/11\/sk_leijona_kulta-150x150.png","caption":"Karri Kokko"}}]}},"_links":{"self":[{"href":"https:\/\/suomenkuvalehti.fi\/kohtaamiset\/wp-json\/wp\/v2\/posts\/78","targetHints":{"allow":["GET"]}}],"collection":[{"href":"https:\/\/suomenkuvalehti.fi\/kohtaamiset\/wp-json\/wp\/v2\/posts"}],"about":[{"href":"https:\/\/suomenkuvalehti.fi\/kohtaamiset\/wp-json\/wp\/v2\/types\/post"}],"author":[{"embeddable":true,"href":"https:\/\/suomenkuvalehti.fi\/kohtaamiset\/wp-json\/wp\/v2\/users\/40424"}],"replies":[{"embeddable":true,"href":"https:\/\/suomenkuvalehti.fi\/kohtaamiset\/wp-json\/wp\/v2\/comments?post=78"}],"version-history":[{"count":1,"href":"https:\/\/suomenkuvalehti.fi\/kohtaamiset\/wp-json\/wp\/v2\/posts\/78\/revisions"}],"predecessor-version":[{"id":291,"href":"https:\/\/suomenkuvalehti.fi\/kohtaamiset\/wp-json\/wp\/v2\/posts\/78\/revisions\/291"}],"wp:attachment":[{"href":"https:\/\/suomenkuvalehti.fi\/kohtaamiset\/wp-json\/wp\/v2\/media?parent=78"}],"wp:term":[{"taxonomy":"category","embeddable":true,"href":"https:\/\/suomenkuvalehti.fi\/kohtaamiset\/wp-json\/wp\/v2\/categories?post=78"},{"taxonomy":"post_tag","embeddable":true,"href":"https:\/\/suomenkuvalehti.fi\/kohtaamiset\/wp-json\/wp\/v2\/tags?post=78"}],"curies":[{"name":"wp","href":"https:\/\/api.w.org\/{rel}","templated":true}]}}