{"id":76,"date":"2011-03-04T17:33:00","date_gmt":"2011-03-04T15:33:00","guid":{"rendered":"https:\/\/suomenkuvalehti.fi\/kohtaamiset\/2011\/03\/04\/jukka-relander-ehdottaa-kurin-tilalle-lisaa-luovia-voimia\/"},"modified":"2018-01-22T12:12:59","modified_gmt":"2018-01-22T10:12:59","slug":"jukka-relander-ehdottaa-kurin-tilalle-lisaa-luovia-voimia","status":"publish","type":"post","link":"https:\/\/suomenkuvalehti.fi\/kohtaamiset\/jukka-relander-ehdottaa-kurin-tilalle-lisaa-luovia-voimia\/","title":{"rendered":"Jukka Relander ehdottaa kurin tilalle lis\u00e4\u00e4 luovia voimia"},"content":{"rendered":"\n<p>Vihreiden ehdokas <strong>Jukka Relander<\/strong> syytt\u00e4\u00e4 Nokiaa luovien voimien alasajosta ja suosittaa postmodernia tekotaidetta pakolliseksi oppiaineeksi.<\/p>\n\n\n\n<p>Suomen ja Nokian yhteisess\u00e4 projektissa oli kyse ennen muuta teknologiavetoisesta hankkeesta, Relander toteaa <em>Uudelle Suomelle<\/em> laatimassaan <a href=\"http:\/\/jukkarelander.puheenvuoro.uusisuomi.fi\/63942-postmoderni-tekotaide-pakolliseksi-oppiaineeksi\">puheenvuorossa<\/a>.<\/p>\n\n\n\n<p>Relanderin mielest\u00e4 j\u00e4hme\u00e4 teknologinen osaaminen ei kuitenkaan en\u00e4\u00e4 riit\u00e4.<\/p>\n\n\n\n<p>&#8221;Nokian kriisi on my\u00f6s Suomen kriisi. Kehityksen veturista tuli sen jarru.&#8221;<\/p>\n\n\n\n<p>Relanderin mukaan j\u00e4lkeenp\u00e4in voidaan todeta, ettei Nokia ollut &#8221;tietoyhteiskunnan airut, vaan teollisen yhteiskunnan viimeinen parahdus&#8221;.<\/p>\n\n\n\n<p>&#8221;K\u00e4nnykk\u00e4tuotanto on tavarantuotantoa ihan siin\u00e4 miss\u00e4 sellun keitto, ter\u00e4ksen takominen tai laivanrakennus. Ty\u00f6n lopputuotteena on esine, johon voi ly\u00f6d\u00e4 p\u00e4\u00e4ns\u00e4, mutta ei ideaa, joka loisi uutta&#8221;, Relander kirjoittaa.<\/p>\n\n\n\n<p>Kirjoittajan mielest\u00e4 luova talous ei ole kurin, j\u00e4rjestyksen ja auktoriteettien talous.<\/p>\n\n\n\n<p>&#8221;Tarvitsemme kuritonta uteliaisuutta, emme herran pelkoa ja kurinalaista tuotantoprosessia. Jos halaumme menesty\u00e4, ajatukset on nyrj\u00e4ytett\u00e4v\u00e4 ihan uuteen asentoon.&#8221;<\/p>\n\n\n\n<p>Relanderin mielest\u00e4 nyt on loistava hetki muuttaa koko yritystukien strategia: Nokian paapomisen sijasta on panostettava satoihin pieniin yrityksiin.<\/p>\n\n\n\n<p>&#8221;N\u00e4iden kohtalonkysymysten \u00e4\u00e4rell\u00e4 on j\u00e4rkytt\u00e4v\u00e4\u00e4 ja pelottavaa, ett\u00e4 kev\u00e4\u00e4n vaalien keskeisin vaatimus on paluu kansalliseen yhten\u00e4iskulttuuriin ja muihin teollisen yhteiskunnan kuri-ideologioihin&#8221;, Relander kirjoittaa.<\/p>\n\n\n\n<p>Relanderin mielest\u00e4 <a href=\"http:\/\/www.hs.fi\/kulttuuri\/artikkeli\/Perussuomalaisten+ohjelmajohtaja+haluaa+puolueet+p%C3%A4%C3%A4tt%C3%A4m%C3%A4%C3%A4n+taiteesta\/1135264271754\">perussuomalaisten karsastama postmoderni tekotaide<\/a> pit\u00e4isi p\u00e4invastoin &#8221;m\u00e4\u00e4r\u00e4t\u00e4 pakolliseksi oppiaineeksi, koska vain sit\u00e4 kautta syntyy abstraktia ajattelua ja kyky\u00e4 k\u00e4ytt\u00e4\u00e4 symboleita.&#8221;<\/p>\n\n\n\n<p>&#8221;N\u00e4m\u00e4 ovat uuden talouden tuotantovoimia, soi Sibelius sitten taustalla tai ei&#8221;, Relander kirjoittaa.<\/p>\n\n\n\n<p>Lis\u00e4\u00e4 aiheesta: <a href=\"http:\/\/koiranmutkia.blogspot.com\/2011\/03\/muodon-erotiikasta.html\">Koiranmutkia-blogi<\/a> pilkkoo <strong>Vesa-Matti Saarakkalan<\/strong> HS:lle esitt\u00e4mi\u00e4 kulttuurik\u00e4sityksi\u00e4 otsikolla &#8221;Muodon erotiikasta&#8221;.<\/p>\n\n\n\n","protected":false},"excerpt":{"rendered":"<p>Vihreiden ehdokas Jukka Relander syytt\u00e4\u00e4 Nokiaa luovien voimien alasajosta ja suosittaa postmodernia tekotaidetta pakolliseksi oppiaineeksi. Suomen ja Nokian yhteisess\u00e4 projektissa oli kyse ennen muuta teknologiavetoisesta hankkeesta, Relander toteaa Uudelle Suomelle<br \/>\nla&hellip;<\/p>\n","protected":false},"author":40424,"featured_media":0,"comment_status":"open","ping_status":"open","sticky":false,"template":"","format":"standard","meta":{"_acf_changed":false,"asauth_required_access_level":0,"asauth_cansharepaid":"","om_header_attributes":[],"footnotes":"","om_featured_image_focal_point":[],"om_primary_tag":0,"om_contributors":[],"om_co_authors":[],"beyondwords_generate_audio":"","beyondwords_project_id":"","beyondwords_content_id":"","beyondwords_preview_token":"","beyondwords_player_content":"","beyondwords_player_style":"","beyondwords_language_code":"","beyondwords_language_id":"","beyondwords_title_voice_id":"","beyondwords_body_voice_id":"","beyondwords_summary_voice_id":"","beyondwords_error_message":"","beyondwords_disabled":"","beyondwords_delete_content":"","beyondwords_podcast_id":"","beyondwords_hash":"","publish_post_to_speechkit":"","speechkit_hash":"","speechkit_generate_audio":"","speechkit_project_id":"","speechkit_podcast_id":"","speechkit_error_message":"","speechkit_disabled":"","speechkit_access_key":"","speechkit_error":"","speechkit_info":"","speechkit_response":"","speechkit_retries":"","speechkit_status":"","speechkit_updated_at":"","_speechkit_link":"","_speechkit_text":""},"categories":[1],"tags":[209,210,128,212,211],"class_list":["post-76","post","type-post","status-publish","format-standard","hentry","category-kohtaamiset","tag-jukka-relander","tag-nokia","tag-perussuomalaiset","tag-vesa-matti-saarakkala","tag-vihreat"],"om_views":null,"acf":{"tuuma_off":false,"tuuma_kysymys":"","tuuma_vastaus":""},"asauth":{"required_access_level":1,"share_token":"","is_paid":false},"yoast_head":"<!-- This site is optimized with the Yoast SEO plugin v26.4 - https:\/\/yoast.com\/wordpress\/plugins\/seo\/ -->\n<title>Jukka Relander ehdottaa kurin tilalle lis\u00e4\u00e4 luovia voimia - Kohtaamiset<\/title>\n<meta name=\"robots\" content=\"index, follow, max-snippet:-1, max-image-preview:large, max-video-preview:-1\" \/>\n<link rel=\"canonical\" href=\"https:\/\/suomenkuvalehti.fi\/kohtaamiset\/jukka-relander-ehdottaa-kurin-tilalle-lisaa-luovia-voimia\/\" \/>\n<meta property=\"og:locale\" content=\"fi_FI\" \/>\n<meta property=\"og:type\" content=\"article\" \/>\n<meta property=\"og:title\" content=\"Jukka Relander ehdottaa kurin tilalle lis\u00e4\u00e4 luovia voimia - Kohtaamiset\" \/>\n<meta property=\"og:description\" content=\"Vihreiden ehdokas Jukka Relander syytt\u00e4\u00e4 Nokiaa luovien voimien alasajosta ja suosittaa postmodernia tekotaidetta pakolliseksi oppiaineeksi. Suomen ja Nokian yhteisess\u00e4 projektissa oli kyse ennen muuta teknologiavetoisesta hankkeesta, Relander toteaa Uudelle Suomelle la&hellip;\" \/>\n<meta property=\"og:url\" content=\"https:\/\/suomenkuvalehti.fi\/kohtaamiset\/jukka-relander-ehdottaa-kurin-tilalle-lisaa-luovia-voimia\/\" \/>\n<meta property=\"og:site_name\" content=\"Kohtaamiset\" \/>\n<meta property=\"article:published_time\" content=\"2011-03-04T15:33:00+00:00\" \/>\n<meta property=\"article:modified_time\" content=\"2018-01-22T10:12:59+00:00\" \/>\n<meta name=\"author\" content=\"Karri Kokko\" \/>\n<meta name=\"twitter:label1\" content=\"Written by\" \/>\n\t<meta name=\"twitter:data1\" content=\"Karri Kokko\" \/>\n\t<meta name=\"twitter:label2\" content=\"Est. reading time\" \/>\n\t<meta name=\"twitter:data2\" content=\"1 minuutti\" \/>\n<script type=\"application\/ld+json\" class=\"yoast-schema-graph\">{\"@context\":\"https:\/\/schema.org\",\"@graph\":[{\"@type\":\"WebPage\",\"@id\":\"https:\/\/suomenkuvalehti.fi\/kohtaamiset\/jukka-relander-ehdottaa-kurin-tilalle-lisaa-luovia-voimia\/\",\"url\":\"https:\/\/suomenkuvalehti.fi\/kohtaamiset\/jukka-relander-ehdottaa-kurin-tilalle-lisaa-luovia-voimia\/\",\"name\":\"Jukka Relander ehdottaa kurin tilalle lis\u00e4\u00e4 luovia voimia - Kohtaamiset\",\"isPartOf\":{\"@id\":\"https:\/\/suomenkuvalehti.fi\/kohtaamiset\/#website\"},\"datePublished\":\"2011-03-04T15:33:00+00:00\",\"dateModified\":\"2018-01-22T10:12:59+00:00\",\"author\":{\"@id\":\"https:\/\/suomenkuvalehti.fi\/kohtaamiset\/#\/schema\/person\/71dc0f8e27e96911b6c8a510fa150d3e\"},\"breadcrumb\":{\"@id\":\"https:\/\/suomenkuvalehti.fi\/kohtaamiset\/jukka-relander-ehdottaa-kurin-tilalle-lisaa-luovia-voimia\/#breadcrumb\"},\"inLanguage\":\"fi\",\"potentialAction\":[{\"@type\":\"ReadAction\",\"target\":[\"https:\/\/suomenkuvalehti.fi\/kohtaamiset\/jukka-relander-ehdottaa-kurin-tilalle-lisaa-luovia-voimia\/\"]}]},{\"@type\":\"BreadcrumbList\",\"@id\":\"https:\/\/suomenkuvalehti.fi\/kohtaamiset\/jukka-relander-ehdottaa-kurin-tilalle-lisaa-luovia-voimia\/#breadcrumb\",\"itemListElement\":[{\"@type\":\"ListItem\",\"position\":1,\"name\":\"Home\",\"item\":\"https:\/\/suomenkuvalehti.fi\/kohtaamiset\/\"},{\"@type\":\"ListItem\",\"position\":2,\"name\":\"Jukka Relander ehdottaa kurin tilalle lis\u00e4\u00e4 luovia voimia\"}]},{\"@type\":\"WebSite\",\"@id\":\"https:\/\/suomenkuvalehti.fi\/kohtaamiset\/#website\",\"url\":\"https:\/\/suomenkuvalehti.fi\/kohtaamiset\/\",\"name\":\"Kohtaamiset\",\"description\":\"Kohtaamiset-blogi k\u00e4sittelee kirjallisuutta ja kulttuuria.\",\"potentialAction\":[{\"@type\":\"SearchAction\",\"target\":{\"@type\":\"EntryPoint\",\"urlTemplate\":\"https:\/\/suomenkuvalehti.fi\/haku\/?q={search_term_string}\"},\"query-input\":{\"@type\":\"PropertyValueSpecification\",\"valueRequired\":true,\"valueName\":\"search_term_string\"}}],\"inLanguage\":\"fi\"},{\"@type\":\"Person\",\"@id\":\"https:\/\/suomenkuvalehti.fi\/kohtaamiset\/#\/schema\/person\/71dc0f8e27e96911b6c8a510fa150d3e\",\"name\":\"Karri Kokko\",\"image\":{\"@type\":\"ImageObject\",\"inLanguage\":\"fi\",\"@id\":\"https:\/\/suomenkuvalehti.fi\/kohtaamiset\/#\/schema\/person\/image\/\",\"url\":\"https:\/\/suomenkuvalehti.fi\/kohtaamiset\/wp-content\/uploads\/sites\/9\/2013\/11\/sk_leijona_kulta-150x150.png\",\"contentUrl\":\"https:\/\/suomenkuvalehti.fi\/kohtaamiset\/wp-content\/uploads\/sites\/9\/2013\/11\/sk_leijona_kulta-150x150.png\",\"caption\":\"Karri Kokko\"}}]}<\/script>\n<!-- \/ Yoast SEO plugin. -->","yoast_head_json":{"title":"Jukka Relander ehdottaa kurin tilalle lis\u00e4\u00e4 luovia voimia - Kohtaamiset","robots":{"index":"index","follow":"follow","max-snippet":"max-snippet:-1","max-image-preview":"max-image-preview:large","max-video-preview":"max-video-preview:-1"},"canonical":"https:\/\/suomenkuvalehti.fi\/kohtaamiset\/jukka-relander-ehdottaa-kurin-tilalle-lisaa-luovia-voimia\/","og_locale":"fi_FI","og_type":"article","og_title":"Jukka Relander ehdottaa kurin tilalle lis\u00e4\u00e4 luovia voimia - Kohtaamiset","og_description":"Vihreiden ehdokas Jukka Relander syytt\u00e4\u00e4 Nokiaa luovien voimien alasajosta ja suosittaa postmodernia tekotaidetta pakolliseksi oppiaineeksi. Suomen ja Nokian yhteisess\u00e4 projektissa oli kyse ennen muuta teknologiavetoisesta hankkeesta, Relander toteaa Uudelle Suomelle la&hellip;","og_url":"https:\/\/suomenkuvalehti.fi\/kohtaamiset\/jukka-relander-ehdottaa-kurin-tilalle-lisaa-luovia-voimia\/","og_site_name":"Kohtaamiset","article_published_time":"2011-03-04T15:33:00+00:00","article_modified_time":"2018-01-22T10:12:59+00:00","author":"Karri Kokko","twitter_misc":{"Written by":"Karri Kokko","Est. reading time":"1 minuutti"},"schema":{"@context":"https:\/\/schema.org","@graph":[{"@type":"WebPage","@id":"https:\/\/suomenkuvalehti.fi\/kohtaamiset\/jukka-relander-ehdottaa-kurin-tilalle-lisaa-luovia-voimia\/","url":"https:\/\/suomenkuvalehti.fi\/kohtaamiset\/jukka-relander-ehdottaa-kurin-tilalle-lisaa-luovia-voimia\/","name":"Jukka Relander ehdottaa kurin tilalle lis\u00e4\u00e4 luovia voimia - Kohtaamiset","isPartOf":{"@id":"https:\/\/suomenkuvalehti.fi\/kohtaamiset\/#website"},"datePublished":"2011-03-04T15:33:00+00:00","dateModified":"2018-01-22T10:12:59+00:00","author":{"@id":"https:\/\/suomenkuvalehti.fi\/kohtaamiset\/#\/schema\/person\/71dc0f8e27e96911b6c8a510fa150d3e"},"breadcrumb":{"@id":"https:\/\/suomenkuvalehti.fi\/kohtaamiset\/jukka-relander-ehdottaa-kurin-tilalle-lisaa-luovia-voimia\/#breadcrumb"},"inLanguage":"fi","potentialAction":[{"@type":"ReadAction","target":["https:\/\/suomenkuvalehti.fi\/kohtaamiset\/jukka-relander-ehdottaa-kurin-tilalle-lisaa-luovia-voimia\/"]}]},{"@type":"BreadcrumbList","@id":"https:\/\/suomenkuvalehti.fi\/kohtaamiset\/jukka-relander-ehdottaa-kurin-tilalle-lisaa-luovia-voimia\/#breadcrumb","itemListElement":[{"@type":"ListItem","position":1,"name":"Home","item":"https:\/\/suomenkuvalehti.fi\/kohtaamiset\/"},{"@type":"ListItem","position":2,"name":"Jukka Relander ehdottaa kurin tilalle lis\u00e4\u00e4 luovia voimia"}]},{"@type":"WebSite","@id":"https:\/\/suomenkuvalehti.fi\/kohtaamiset\/#website","url":"https:\/\/suomenkuvalehti.fi\/kohtaamiset\/","name":"Kohtaamiset","description":"Kohtaamiset-blogi k\u00e4sittelee kirjallisuutta ja kulttuuria.","potentialAction":[{"@type":"SearchAction","target":{"@type":"EntryPoint","urlTemplate":"https:\/\/suomenkuvalehti.fi\/haku\/?q={search_term_string}"},"query-input":{"@type":"PropertyValueSpecification","valueRequired":true,"valueName":"search_term_string"}}],"inLanguage":"fi"},{"@type":"Person","@id":"https:\/\/suomenkuvalehti.fi\/kohtaamiset\/#\/schema\/person\/71dc0f8e27e96911b6c8a510fa150d3e","name":"Karri Kokko","image":{"@type":"ImageObject","inLanguage":"fi","@id":"https:\/\/suomenkuvalehti.fi\/kohtaamiset\/#\/schema\/person\/image\/","url":"https:\/\/suomenkuvalehti.fi\/kohtaamiset\/wp-content\/uploads\/sites\/9\/2013\/11\/sk_leijona_kulta-150x150.png","contentUrl":"https:\/\/suomenkuvalehti.fi\/kohtaamiset\/wp-content\/uploads\/sites\/9\/2013\/11\/sk_leijona_kulta-150x150.png","caption":"Karri Kokko"}}]}},"_links":{"self":[{"href":"https:\/\/suomenkuvalehti.fi\/kohtaamiset\/wp-json\/wp\/v2\/posts\/76","targetHints":{"allow":["GET"]}}],"collection":[{"href":"https:\/\/suomenkuvalehti.fi\/kohtaamiset\/wp-json\/wp\/v2\/posts"}],"about":[{"href":"https:\/\/suomenkuvalehti.fi\/kohtaamiset\/wp-json\/wp\/v2\/types\/post"}],"author":[{"embeddable":true,"href":"https:\/\/suomenkuvalehti.fi\/kohtaamiset\/wp-json\/wp\/v2\/users\/40424"}],"replies":[{"embeddable":true,"href":"https:\/\/suomenkuvalehti.fi\/kohtaamiset\/wp-json\/wp\/v2\/comments?post=76"}],"version-history":[{"count":1,"href":"https:\/\/suomenkuvalehti.fi\/kohtaamiset\/wp-json\/wp\/v2\/posts\/76\/revisions"}],"predecessor-version":[{"id":289,"href":"https:\/\/suomenkuvalehti.fi\/kohtaamiset\/wp-json\/wp\/v2\/posts\/76\/revisions\/289"}],"wp:attachment":[{"href":"https:\/\/suomenkuvalehti.fi\/kohtaamiset\/wp-json\/wp\/v2\/media?parent=76"}],"wp:term":[{"taxonomy":"category","embeddable":true,"href":"https:\/\/suomenkuvalehti.fi\/kohtaamiset\/wp-json\/wp\/v2\/categories?post=76"},{"taxonomy":"post_tag","embeddable":true,"href":"https:\/\/suomenkuvalehti.fi\/kohtaamiset\/wp-json\/wp\/v2\/tags?post=76"}],"curies":[{"name":"wp","href":"https:\/\/api.w.org\/{rel}","templated":true}]}}