{"id":71,"date":"2011-03-28T16:36:00","date_gmt":"2011-03-28T13:36:00","guid":{"rendered":"https:\/\/suomenkuvalehti.fi\/kohtaamiset\/2011\/03\/28\/linkin-takana-paskarunous-poesia-ja-rappiotaiteen-festivaali\/"},"modified":"2018-01-22T12:11:26","modified_gmt":"2018-01-22T10:11:26","slug":"linkin-takana-paskarunous-poesia-ja-rappiotaiteen-festivaali","status":"publish","type":"post","link":"https:\/\/suomenkuvalehti.fi\/kohtaamiset\/linkin-takana-paskarunous-poesia-ja-rappiotaiteen-festivaali\/","title":{"rendered":"Linkin takana: Paskarunous, Poesia ja Rappiotaiteen Festivaali"},"content":{"rendered":"\n<p>* Enemm\u00e4n tai v\u00e4hemm\u00e4n lempe\u00e4t t\u00f6lv\u00e4isyt runoutta kohtaan jatkuvat, t\u00e4ll\u00e4 kertaa vuorossa on <em>Ylioppilaslehti<\/em> ja nimimerkki <a href=\"http:\/\/ylioppilaslehti.fi\/2011\/03\/tero-paskapaa-runous-on-paskaa\/\">Tero Paskap\u00e4\u00e4<\/a>. Koseria on naamioitu &#8221;paskarunouden&#8221; vastaiseksi, mutta ei voi v\u00e4ltty\u00e4 vaikutelmalta, ett\u00e4 kyse on runoudesta ja taiteesta yleens\u00e4 (ks. linkit nimimerkin aiempiin juttuihin tekstin lopussa).<\/p>\n\n\n\n<p>* Nuoren Voiman Liitto tempaisee j\u00e4rjest\u00e4m\u00e4ll\u00e4 tapahtuman nimelt\u00e4 <a href=\"http:\/\/www.kaapeli.fi\/nvl\/rappiotaide.html\">Suomalainen Rappiotaiteen Festivaali<\/a>. Ajatus on varmasti hyv\u00e4, mutta her\u00e4\u00e4 <a href=\"http:\/\/www.pulvis.net\/sip\/blog\/2011\/03\/26\/suomalainen-rappiotaiteen-festivaali\/\">kysymys<\/a>, onkohan tapahtuman luonne mietitty ihan loppuun asti. Onko esimerkiksi tarkoitus esitell\u00e4 rappiotaidetta vai lausua sympatiat sit\u00e4 kohtaan?<\/p>\n\n\n\n<p>Tapahtuma on perustaltaan hiukan outo, sill\u00e4 kuka haluaisi tieten tahtoen itse ilmoittautua rappiotaiteen tekij\u00e4ksi? En ainakaan min\u00e4, eik\u00e4 varmaan moni mukaan esiintyj\u00e4listalla mainituista. My\u00f6nn\u00e4n toki syyllistyneeni taiteellisiin kokeiluihin, mutta runoni eiv\u00e4t ole rappiotaidetta kuin korkeintaan toisten mielest\u00e4. Toisaalta en my\u00f6sk\u00e4\u00e4n tohtisi esitt\u00e4\u00e4 tukeani rappiotaiteen tekij\u00f6iksi oletetuille tai sen tekemisest\u00e4 syytetyille. Sellainen olisi alentuvaa, ylimielist\u00e4 ja opportunistista.<\/p>\n\n\n\n<p>* Hyvi\u00e4 runouutisia on se, ett\u00e4 runokustantaja <a href=\"http:\/\/www.poesia.fi\/2011\/03\/poesia-on-nyt-osuuskunta-poesia\/\">Poesia<\/a> (joka on julkaissut my\u00f6s allekirjoittaneen teoksia) on muuttanut toimintamuotonsa osuuskunnaksi. Lukijoiden kannalta vanha systeemi kuitenkin jatkuu: my\u00f6s uuden Poesian kirjat ovat <a href=\"http:\/\/www.poesia.fi\/teokset\/\">netiss\u00e4 vapaasti saatavilla<\/a>.<\/p>\n\n\n","protected":false},"excerpt":{"rendered":"<p>* Enemm\u00e4n tai v\u00e4hemm\u00e4n lempe\u00e4t t\u00f6lv\u00e4isyt runoutta kohtaan jatkuvat, t\u00e4ll\u00e4 kertaa vuorossa on Ylioppilaslehti ja nimimerkki Tero Paskap\u00e4\u00e4. Koseria on naamioitu &#8221;paskarunouden&#8221; vastaiseksi, mutta ei voi v\u00e4ltty\u00e4 vaikutelmalta, ett\u00e4 kyse on<br \/>\nrunoudesta j&hellip;<\/p>\n","protected":false},"author":40424,"featured_media":0,"comment_status":"open","ping_status":"open","sticky":false,"template":"","format":"standard","meta":{"_acf_changed":false,"asauth_required_access_level":0,"asauth_cansharepaid":"","om_header_attributes":[],"footnotes":"","om_featured_image_focal_point":[],"om_primary_tag":0,"om_contributors":[],"om_co_authors":[],"beyondwords_generate_audio":"","beyondwords_project_id":"","beyondwords_content_id":"","beyondwords_preview_token":"","beyondwords_player_content":"","beyondwords_player_style":"","beyondwords_language_code":"","beyondwords_language_id":"","beyondwords_title_voice_id":"","beyondwords_body_voice_id":"","beyondwords_summary_voice_id":"","beyondwords_error_message":"","beyondwords_disabled":"","beyondwords_delete_content":"","beyondwords_podcast_id":"","beyondwords_hash":"","publish_post_to_speechkit":"","speechkit_hash":"","speechkit_generate_audio":"","speechkit_project_id":"","speechkit_podcast_id":"","speechkit_error_message":"","speechkit_disabled":"","speechkit_access_key":"","speechkit_error":"","speechkit_info":"","speechkit_response":"","speechkit_retries":"","speechkit_status":"","speechkit_updated_at":"","_speechkit_link":"","_speechkit_text":""},"categories":[1],"tags":[182,193,181,192],"class_list":["post-71","post","type-post","status-publish","format-standard","hentry","category-kohtaamiset","tag-nuoren-voiman-liitto","tag-poesia","tag-rappiotaide","tag-ylioppilaslehti"],"om_views":null,"acf":{"tuuma_off":false,"tuuma_kysymys":"","tuuma_vastaus":""},"asauth":{"required_access_level":1,"share_token":"","is_paid":false},"yoast_head":"<!-- This site is optimized with the Yoast SEO plugin v26.4 - https:\/\/yoast.com\/wordpress\/plugins\/seo\/ -->\n<title>Linkin takana: Paskarunous, Poesia ja Rappiotaiteen Festivaali - Kohtaamiset<\/title>\n<meta name=\"robots\" content=\"index, follow, max-snippet:-1, max-image-preview:large, max-video-preview:-1\" \/>\n<link rel=\"canonical\" href=\"https:\/\/suomenkuvalehti.fi\/kohtaamiset\/linkin-takana-paskarunous-poesia-ja-rappiotaiteen-festivaali\/\" \/>\n<meta property=\"og:locale\" content=\"fi_FI\" \/>\n<meta property=\"og:type\" content=\"article\" \/>\n<meta property=\"og:title\" content=\"Linkin takana: Paskarunous, Poesia ja Rappiotaiteen Festivaali - Kohtaamiset\" \/>\n<meta property=\"og:description\" content=\"* Enemm\u00e4n tai v\u00e4hemm\u00e4n lempe\u00e4t t\u00f6lv\u00e4isyt runoutta kohtaan jatkuvat, t\u00e4ll\u00e4 kertaa vuorossa on Ylioppilaslehti ja nimimerkki Tero Paskap\u00e4\u00e4. Koseria on naamioitu &#8221;paskarunouden&#8221; vastaiseksi, mutta ei voi v\u00e4ltty\u00e4 vaikutelmalta, ett\u00e4 kyse on runoudesta j&hellip;\" \/>\n<meta property=\"og:url\" content=\"https:\/\/suomenkuvalehti.fi\/kohtaamiset\/linkin-takana-paskarunous-poesia-ja-rappiotaiteen-festivaali\/\" \/>\n<meta property=\"og:site_name\" content=\"Kohtaamiset\" \/>\n<meta property=\"article:published_time\" content=\"2011-03-28T13:36:00+00:00\" \/>\n<meta property=\"article:modified_time\" content=\"2018-01-22T10:11:26+00:00\" \/>\n<meta name=\"author\" content=\"Karri Kokko\" \/>\n<meta name=\"twitter:label1\" content=\"Written by\" \/>\n\t<meta name=\"twitter:data1\" content=\"Karri Kokko\" \/>\n\t<meta name=\"twitter:label2\" content=\"Est. reading time\" \/>\n\t<meta name=\"twitter:data2\" content=\"1 minuutti\" \/>\n<script type=\"application\/ld+json\" class=\"yoast-schema-graph\">{\"@context\":\"https:\/\/schema.org\",\"@graph\":[{\"@type\":\"WebPage\",\"@id\":\"https:\/\/suomenkuvalehti.fi\/kohtaamiset\/linkin-takana-paskarunous-poesia-ja-rappiotaiteen-festivaali\/\",\"url\":\"https:\/\/suomenkuvalehti.fi\/kohtaamiset\/linkin-takana-paskarunous-poesia-ja-rappiotaiteen-festivaali\/\",\"name\":\"Linkin takana: Paskarunous, Poesia ja Rappiotaiteen Festivaali - Kohtaamiset\",\"isPartOf\":{\"@id\":\"https:\/\/suomenkuvalehti.fi\/kohtaamiset\/#website\"},\"datePublished\":\"2011-03-28T13:36:00+00:00\",\"dateModified\":\"2018-01-22T10:11:26+00:00\",\"author\":{\"@id\":\"https:\/\/suomenkuvalehti.fi\/kohtaamiset\/#\/schema\/person\/71dc0f8e27e96911b6c8a510fa150d3e\"},\"breadcrumb\":{\"@id\":\"https:\/\/suomenkuvalehti.fi\/kohtaamiset\/linkin-takana-paskarunous-poesia-ja-rappiotaiteen-festivaali\/#breadcrumb\"},\"inLanguage\":\"fi\",\"potentialAction\":[{\"@type\":\"ReadAction\",\"target\":[\"https:\/\/suomenkuvalehti.fi\/kohtaamiset\/linkin-takana-paskarunous-poesia-ja-rappiotaiteen-festivaali\/\"]}]},{\"@type\":\"BreadcrumbList\",\"@id\":\"https:\/\/suomenkuvalehti.fi\/kohtaamiset\/linkin-takana-paskarunous-poesia-ja-rappiotaiteen-festivaali\/#breadcrumb\",\"itemListElement\":[{\"@type\":\"ListItem\",\"position\":1,\"name\":\"Home\",\"item\":\"https:\/\/suomenkuvalehti.fi\/kohtaamiset\/\"},{\"@type\":\"ListItem\",\"position\":2,\"name\":\"Linkin takana: Paskarunous, Poesia ja Rappiotaiteen Festivaali\"}]},{\"@type\":\"WebSite\",\"@id\":\"https:\/\/suomenkuvalehti.fi\/kohtaamiset\/#website\",\"url\":\"https:\/\/suomenkuvalehti.fi\/kohtaamiset\/\",\"name\":\"Kohtaamiset\",\"description\":\"Kohtaamiset-blogi k\u00e4sittelee kirjallisuutta ja kulttuuria.\",\"potentialAction\":[{\"@type\":\"SearchAction\",\"target\":{\"@type\":\"EntryPoint\",\"urlTemplate\":\"https:\/\/suomenkuvalehti.fi\/haku\/?q={search_term_string}\"},\"query-input\":{\"@type\":\"PropertyValueSpecification\",\"valueRequired\":true,\"valueName\":\"search_term_string\"}}],\"inLanguage\":\"fi\"},{\"@type\":\"Person\",\"@id\":\"https:\/\/suomenkuvalehti.fi\/kohtaamiset\/#\/schema\/person\/71dc0f8e27e96911b6c8a510fa150d3e\",\"name\":\"Karri Kokko\",\"image\":{\"@type\":\"ImageObject\",\"inLanguage\":\"fi\",\"@id\":\"https:\/\/suomenkuvalehti.fi\/kohtaamiset\/#\/schema\/person\/image\/\",\"url\":\"https:\/\/suomenkuvalehti.fi\/kohtaamiset\/wp-content\/uploads\/sites\/9\/2013\/11\/sk_leijona_kulta-150x150.png\",\"contentUrl\":\"https:\/\/suomenkuvalehti.fi\/kohtaamiset\/wp-content\/uploads\/sites\/9\/2013\/11\/sk_leijona_kulta-150x150.png\",\"caption\":\"Karri Kokko\"}}]}<\/script>\n<!-- \/ Yoast SEO plugin. -->","yoast_head_json":{"title":"Linkin takana: Paskarunous, Poesia ja Rappiotaiteen Festivaali - Kohtaamiset","robots":{"index":"index","follow":"follow","max-snippet":"max-snippet:-1","max-image-preview":"max-image-preview:large","max-video-preview":"max-video-preview:-1"},"canonical":"https:\/\/suomenkuvalehti.fi\/kohtaamiset\/linkin-takana-paskarunous-poesia-ja-rappiotaiteen-festivaali\/","og_locale":"fi_FI","og_type":"article","og_title":"Linkin takana: Paskarunous, Poesia ja Rappiotaiteen Festivaali - Kohtaamiset","og_description":"* Enemm\u00e4n tai v\u00e4hemm\u00e4n lempe\u00e4t t\u00f6lv\u00e4isyt runoutta kohtaan jatkuvat, t\u00e4ll\u00e4 kertaa vuorossa on Ylioppilaslehti ja nimimerkki Tero Paskap\u00e4\u00e4. Koseria on naamioitu &#8221;paskarunouden&#8221; vastaiseksi, mutta ei voi v\u00e4ltty\u00e4 vaikutelmalta, ett\u00e4 kyse on runoudesta j&hellip;","og_url":"https:\/\/suomenkuvalehti.fi\/kohtaamiset\/linkin-takana-paskarunous-poesia-ja-rappiotaiteen-festivaali\/","og_site_name":"Kohtaamiset","article_published_time":"2011-03-28T13:36:00+00:00","article_modified_time":"2018-01-22T10:11:26+00:00","author":"Karri Kokko","twitter_misc":{"Written by":"Karri Kokko","Est. reading time":"1 minuutti"},"schema":{"@context":"https:\/\/schema.org","@graph":[{"@type":"WebPage","@id":"https:\/\/suomenkuvalehti.fi\/kohtaamiset\/linkin-takana-paskarunous-poesia-ja-rappiotaiteen-festivaali\/","url":"https:\/\/suomenkuvalehti.fi\/kohtaamiset\/linkin-takana-paskarunous-poesia-ja-rappiotaiteen-festivaali\/","name":"Linkin takana: Paskarunous, Poesia ja Rappiotaiteen Festivaali - Kohtaamiset","isPartOf":{"@id":"https:\/\/suomenkuvalehti.fi\/kohtaamiset\/#website"},"datePublished":"2011-03-28T13:36:00+00:00","dateModified":"2018-01-22T10:11:26+00:00","author":{"@id":"https:\/\/suomenkuvalehti.fi\/kohtaamiset\/#\/schema\/person\/71dc0f8e27e96911b6c8a510fa150d3e"},"breadcrumb":{"@id":"https:\/\/suomenkuvalehti.fi\/kohtaamiset\/linkin-takana-paskarunous-poesia-ja-rappiotaiteen-festivaali\/#breadcrumb"},"inLanguage":"fi","potentialAction":[{"@type":"ReadAction","target":["https:\/\/suomenkuvalehti.fi\/kohtaamiset\/linkin-takana-paskarunous-poesia-ja-rappiotaiteen-festivaali\/"]}]},{"@type":"BreadcrumbList","@id":"https:\/\/suomenkuvalehti.fi\/kohtaamiset\/linkin-takana-paskarunous-poesia-ja-rappiotaiteen-festivaali\/#breadcrumb","itemListElement":[{"@type":"ListItem","position":1,"name":"Home","item":"https:\/\/suomenkuvalehti.fi\/kohtaamiset\/"},{"@type":"ListItem","position":2,"name":"Linkin takana: Paskarunous, Poesia ja Rappiotaiteen Festivaali"}]},{"@type":"WebSite","@id":"https:\/\/suomenkuvalehti.fi\/kohtaamiset\/#website","url":"https:\/\/suomenkuvalehti.fi\/kohtaamiset\/","name":"Kohtaamiset","description":"Kohtaamiset-blogi k\u00e4sittelee kirjallisuutta ja kulttuuria.","potentialAction":[{"@type":"SearchAction","target":{"@type":"EntryPoint","urlTemplate":"https:\/\/suomenkuvalehti.fi\/haku\/?q={search_term_string}"},"query-input":{"@type":"PropertyValueSpecification","valueRequired":true,"valueName":"search_term_string"}}],"inLanguage":"fi"},{"@type":"Person","@id":"https:\/\/suomenkuvalehti.fi\/kohtaamiset\/#\/schema\/person\/71dc0f8e27e96911b6c8a510fa150d3e","name":"Karri Kokko","image":{"@type":"ImageObject","inLanguage":"fi","@id":"https:\/\/suomenkuvalehti.fi\/kohtaamiset\/#\/schema\/person\/image\/","url":"https:\/\/suomenkuvalehti.fi\/kohtaamiset\/wp-content\/uploads\/sites\/9\/2013\/11\/sk_leijona_kulta-150x150.png","contentUrl":"https:\/\/suomenkuvalehti.fi\/kohtaamiset\/wp-content\/uploads\/sites\/9\/2013\/11\/sk_leijona_kulta-150x150.png","caption":"Karri Kokko"}}]}},"_links":{"self":[{"href":"https:\/\/suomenkuvalehti.fi\/kohtaamiset\/wp-json\/wp\/v2\/posts\/71","targetHints":{"allow":["GET"]}}],"collection":[{"href":"https:\/\/suomenkuvalehti.fi\/kohtaamiset\/wp-json\/wp\/v2\/posts"}],"about":[{"href":"https:\/\/suomenkuvalehti.fi\/kohtaamiset\/wp-json\/wp\/v2\/types\/post"}],"author":[{"embeddable":true,"href":"https:\/\/suomenkuvalehti.fi\/kohtaamiset\/wp-json\/wp\/v2\/users\/40424"}],"replies":[{"embeddable":true,"href":"https:\/\/suomenkuvalehti.fi\/kohtaamiset\/wp-json\/wp\/v2\/comments?post=71"}],"version-history":[{"count":1,"href":"https:\/\/suomenkuvalehti.fi\/kohtaamiset\/wp-json\/wp\/v2\/posts\/71\/revisions"}],"predecessor-version":[{"id":284,"href":"https:\/\/suomenkuvalehti.fi\/kohtaamiset\/wp-json\/wp\/v2\/posts\/71\/revisions\/284"}],"wp:attachment":[{"href":"https:\/\/suomenkuvalehti.fi\/kohtaamiset\/wp-json\/wp\/v2\/media?parent=71"}],"wp:term":[{"taxonomy":"category","embeddable":true,"href":"https:\/\/suomenkuvalehti.fi\/kohtaamiset\/wp-json\/wp\/v2\/categories?post=71"},{"taxonomy":"post_tag","embeddable":true,"href":"https:\/\/suomenkuvalehti.fi\/kohtaamiset\/wp-json\/wp\/v2\/tags?post=71"}],"curies":[{"name":"wp","href":"https:\/\/api.w.org\/{rel}","templated":true}]}}