{"id":68,"date":"2011-04-11T17:31:00","date_gmt":"2011-04-11T14:31:00","guid":{"rendered":"https:\/\/suomenkuvalehti.fi\/kohtaamiset\/2011\/04\/11\/keskustelu-jatkuu-rappiolla-on-hyva-olla\/"},"modified":"2018-01-22T12:10:59","modified_gmt":"2018-01-22T10:10:59","slug":"keskustelu-jatkuu-rappiolla-on-hyva-olla","status":"publish","type":"post","link":"https:\/\/suomenkuvalehti.fi\/kohtaamiset\/keskustelu-jatkuu-rappiolla-on-hyva-olla\/","title":{"rendered":"Keskustelu jatkuu: Rappiolla on hyv\u00e4 olla?"},"content":{"rendered":"\n<p>&#8221;Rappiotaiteen Festivaali ei j\u00e4tt\u00e4nyt juuri toivomisen varaa tarjontansa puolesta&#8221;, kiteytt\u00e4\u00e4 <em>Kritiikin Uutisten<\/em> p\u00e4\u00e4toimittaja <strong>Aleksis Salusj\u00e4rvi <\/strong><a href=\"http:\/\/www.luutii.ma-pe.net\/?p=340\">arvionsa<\/a> viime lauantain huomiota her\u00e4tt\u00e4neest\u00e4 kulttuuritapahtumasta.<\/p>\n\n\n\n<p>Salusj\u00e4rvi piti Nuoren Voiman Liiton j\u00e4rjest\u00e4m\u00e4n tempauksen ohjelmaa erinomaisena, mutta katsoo aiheelliseksi pohtia tapahtuman ja sen otsikon nostattamia poliittisia kysymyksi\u00e4. Salusj\u00e4rve\u00e4 askarruttaa natsi-Saksasta lainattu <a href=\"http:\/\/fi.wikipedia.org\/wiki\/Rappiotaide\">&#8221;rappiotaiteen&#8221;<\/a> k\u00e4site, joka h\u00e4nen mielest\u00e4\u00e4n istuu huonosti kuvaamaan suomalaistaiteilijoiden nykytilannetta.<\/p>\n\n\n\n<p>&#8221;Saksalaiset avantgardetaiteilijat leimattiin sek\u00e4 valtion vihollisiksi ett\u00e4 uhkaksi Saksan kansakunnalle&#8221;, Salusj\u00e4rvi kirjoittaa.<\/p>\n\n\n\n<p>&#8221;V\u00e4lit\u00f6n seuraus oli, ett\u00e4 he menettiv\u00e4t maineensa sek\u00e4 luotettavuutensa. Natsiviranomaiset, jotka valvoivat kulttuuria, estiv\u00e4t taiteilijoita hankkimasta mm. maalausmateriaaleja. Ne, jotka j\u00e4iv\u00e4t Saksaan, joutuivat virkakieltoon ja Gestapon yll\u00e4tystarkastusten kohteiksi, joilla huolehdittiin, ett\u00e4 he eiv\u00e4t rikkoneet taiteen tekemisen kieltoa. Rappiotaiteilijoita hakattiin, karkotettiin maasta, ammuttiin ja suljettiin keskitysleireihin. V\u00e4\u00e4nn\u00e4n rautalangasta: rappiotaiteilijat eiv\u00e4t tehneet taidettaan henkens\u00e4 kaupalla, vaan he maksoivat tekem\u00e4st\u00e4\u00e4n taiteesta hengell\u00e4\u00e4n.&#8221;<\/p>\n\n\n\n<p>Salusj\u00e4rven mielest\u00e4 tilaisuudessa esiintyneet taitelijat eiv\u00e4t edustaneet kulttuurimme syrjitty\u00e4 marginaalia, vaan syyllistyiv\u00e4t marttyyriromantiikaan ilmoittaessaan itsens\u00e4 uhreiksi vailla todellista syyt\u00e4.<\/p>\n\n\n\n<p>&#8221;En ole ollenkaan varma siit\u00e4, kuinka uhattuna yksik\u00e4\u00e4n suomalainen taiteilija t\u00e4ll\u00e4 hetkell\u00e4 on&#8221;, Salusj\u00e4rvi huomauttaa.<\/p>\n\n\n\n<p>&#8221;Sananvapaus on t\u00e4ss\u00e4 maassa paremmassa kunnossa kuin ikin\u00e4 aikaisemmin. Kaikenlaiset taiteilijat ovat yhteiskunnassa hyv\u00e4ksyttyj\u00e4. Mihin sill\u00e4 pyrit\u00e4\u00e4n, ett\u00e4 poliittinen nykytaidekeskustelu rinnastetaan banaalisti natsi-Saksaan? Se on kehnoa ja k\u00f6mpel\u00f6\u00e4 retoriikkaa, mutta se on samalla jollain tavalla halventavaa niit\u00e4 ihmisi\u00e4 kohtaan, jotka on tapettu rappiotaiteilijoina. T\u00e4llaisella asialla vitsailu on kovin helposti mautonta. Kuinka moni nauraisi, jos Amnesty j\u00e4rjest\u00e4isi keskitysleirifestivaalin?&#8221; Salusj\u00e4rvi ihmettelee.<\/p>\n\n\n","protected":false},"excerpt":{"rendered":"<p>&#8221;Rappiotaiteen Festivaali ei j\u00e4tt\u00e4nyt juuri toivomisen varaa tarjontansa puolesta&#8221;, kiteytt\u00e4\u00e4 Kritiikin Uutisten p\u00e4\u00e4toimittaja Aleksis Salusj\u00e4rvi arvionsa viime lauantain huomiota her\u00e4tt\u00e4neest\u00e4 kulttuuritapahtumasta. Salusj\u00e4rvi piti Nuoren Voiman Liiton<br \/>\nj\u00e4rjest\u00e4m\u00e4&hellip;<\/p>\n","protected":false},"author":40424,"featured_media":0,"comment_status":"open","ping_status":"open","sticky":false,"template":"","format":"standard","meta":{"_acf_changed":false,"asauth_required_access_level":0,"asauth_cansharepaid":"","om_header_attributes":[],"footnotes":"","om_featured_image_focal_point":[],"om_primary_tag":0,"om_contributors":[],"om_co_authors":[],"beyondwords_generate_audio":"","beyondwords_project_id":"","beyondwords_content_id":"","beyondwords_preview_token":"","beyondwords_player_content":"","beyondwords_player_style":"","beyondwords_language_code":"","beyondwords_language_id":"","beyondwords_title_voice_id":"","beyondwords_body_voice_id":"","beyondwords_summary_voice_id":"","beyondwords_error_message":"","beyondwords_disabled":"","beyondwords_delete_content":"","beyondwords_podcast_id":"","beyondwords_hash":"","publish_post_to_speechkit":"","speechkit_hash":"","speechkit_generate_audio":"","speechkit_project_id":"","speechkit_podcast_id":"","speechkit_error_message":"","speechkit_disabled":"","speechkit_access_key":"","speechkit_error":"","speechkit_info":"","speechkit_response":"","speechkit_retries":"","speechkit_status":"","speechkit_updated_at":"","_speechkit_link":"","_speechkit_text":""},"categories":[1],"tags":[183,182,181],"class_list":["post-68","post","type-post","status-publish","format-standard","hentry","category-kohtaamiset","tag-aleksis-salusjarvi","tag-nuoren-voiman-liitto","tag-rappiotaide"],"om_views":null,"acf":{"tuuma_off":false,"tuuma_kysymys":"","tuuma_vastaus":""},"asauth":{"required_access_level":1,"share_token":"","is_paid":false},"yoast_head":"<!-- This site is optimized with the Yoast SEO plugin v26.4 - https:\/\/yoast.com\/wordpress\/plugins\/seo\/ -->\n<title>Keskustelu jatkuu: Rappiolla on hyv\u00e4 olla? - Kohtaamiset<\/title>\n<meta name=\"robots\" content=\"index, follow, max-snippet:-1, max-image-preview:large, max-video-preview:-1\" \/>\n<link rel=\"canonical\" href=\"https:\/\/suomenkuvalehti.fi\/kohtaamiset\/keskustelu-jatkuu-rappiolla-on-hyva-olla\/\" \/>\n<meta property=\"og:locale\" content=\"fi_FI\" \/>\n<meta property=\"og:type\" content=\"article\" \/>\n<meta property=\"og:title\" content=\"Keskustelu jatkuu: Rappiolla on hyv\u00e4 olla? - Kohtaamiset\" \/>\n<meta property=\"og:description\" content=\"&#8221;Rappiotaiteen Festivaali ei j\u00e4tt\u00e4nyt juuri toivomisen varaa tarjontansa puolesta&#8221;, kiteytt\u00e4\u00e4 Kritiikin Uutisten p\u00e4\u00e4toimittaja Aleksis Salusj\u00e4rvi arvionsa viime lauantain huomiota her\u00e4tt\u00e4neest\u00e4 kulttuuritapahtumasta. Salusj\u00e4rvi piti Nuoren Voiman Liiton j\u00e4rjest\u00e4m\u00e4&hellip;\" \/>\n<meta property=\"og:url\" content=\"https:\/\/suomenkuvalehti.fi\/kohtaamiset\/keskustelu-jatkuu-rappiolla-on-hyva-olla\/\" \/>\n<meta property=\"og:site_name\" content=\"Kohtaamiset\" \/>\n<meta property=\"article:published_time\" content=\"2011-04-11T14:31:00+00:00\" \/>\n<meta property=\"article:modified_time\" content=\"2018-01-22T10:10:59+00:00\" \/>\n<meta name=\"author\" content=\"Karri Kokko\" \/>\n<meta name=\"twitter:label1\" content=\"Written by\" \/>\n\t<meta name=\"twitter:data1\" content=\"Karri Kokko\" \/>\n\t<meta name=\"twitter:label2\" content=\"Est. reading time\" \/>\n\t<meta name=\"twitter:data2\" content=\"1 minuutti\" \/>\n<script type=\"application\/ld+json\" class=\"yoast-schema-graph\">{\"@context\":\"https:\/\/schema.org\",\"@graph\":[{\"@type\":\"WebPage\",\"@id\":\"https:\/\/suomenkuvalehti.fi\/kohtaamiset\/keskustelu-jatkuu-rappiolla-on-hyva-olla\/\",\"url\":\"https:\/\/suomenkuvalehti.fi\/kohtaamiset\/keskustelu-jatkuu-rappiolla-on-hyva-olla\/\",\"name\":\"Keskustelu jatkuu: Rappiolla on hyv\u00e4 olla? - Kohtaamiset\",\"isPartOf\":{\"@id\":\"https:\/\/suomenkuvalehti.fi\/kohtaamiset\/#website\"},\"datePublished\":\"2011-04-11T14:31:00+00:00\",\"dateModified\":\"2018-01-22T10:10:59+00:00\",\"author\":{\"@id\":\"https:\/\/suomenkuvalehti.fi\/kohtaamiset\/#\/schema\/person\/71dc0f8e27e96911b6c8a510fa150d3e\"},\"breadcrumb\":{\"@id\":\"https:\/\/suomenkuvalehti.fi\/kohtaamiset\/keskustelu-jatkuu-rappiolla-on-hyva-olla\/#breadcrumb\"},\"inLanguage\":\"fi\",\"potentialAction\":[{\"@type\":\"ReadAction\",\"target\":[\"https:\/\/suomenkuvalehti.fi\/kohtaamiset\/keskustelu-jatkuu-rappiolla-on-hyva-olla\/\"]}]},{\"@type\":\"BreadcrumbList\",\"@id\":\"https:\/\/suomenkuvalehti.fi\/kohtaamiset\/keskustelu-jatkuu-rappiolla-on-hyva-olla\/#breadcrumb\",\"itemListElement\":[{\"@type\":\"ListItem\",\"position\":1,\"name\":\"Home\",\"item\":\"https:\/\/suomenkuvalehti.fi\/kohtaamiset\/\"},{\"@type\":\"ListItem\",\"position\":2,\"name\":\"Keskustelu jatkuu: Rappiolla on hyv\u00e4 olla?\"}]},{\"@type\":\"WebSite\",\"@id\":\"https:\/\/suomenkuvalehti.fi\/kohtaamiset\/#website\",\"url\":\"https:\/\/suomenkuvalehti.fi\/kohtaamiset\/\",\"name\":\"Kohtaamiset\",\"description\":\"Kohtaamiset-blogi k\u00e4sittelee kirjallisuutta ja kulttuuria.\",\"potentialAction\":[{\"@type\":\"SearchAction\",\"target\":{\"@type\":\"EntryPoint\",\"urlTemplate\":\"https:\/\/suomenkuvalehti.fi\/haku\/?q={search_term_string}\"},\"query-input\":{\"@type\":\"PropertyValueSpecification\",\"valueRequired\":true,\"valueName\":\"search_term_string\"}}],\"inLanguage\":\"fi\"},{\"@type\":\"Person\",\"@id\":\"https:\/\/suomenkuvalehti.fi\/kohtaamiset\/#\/schema\/person\/71dc0f8e27e96911b6c8a510fa150d3e\",\"name\":\"Karri Kokko\",\"image\":{\"@type\":\"ImageObject\",\"inLanguage\":\"fi\",\"@id\":\"https:\/\/suomenkuvalehti.fi\/kohtaamiset\/#\/schema\/person\/image\/\",\"url\":\"https:\/\/suomenkuvalehti.fi\/kohtaamiset\/wp-content\/uploads\/sites\/9\/2013\/11\/sk_leijona_kulta-150x150.png\",\"contentUrl\":\"https:\/\/suomenkuvalehti.fi\/kohtaamiset\/wp-content\/uploads\/sites\/9\/2013\/11\/sk_leijona_kulta-150x150.png\",\"caption\":\"Karri Kokko\"}}]}<\/script>\n<!-- \/ Yoast SEO plugin. -->","yoast_head_json":{"title":"Keskustelu jatkuu: Rappiolla on hyv\u00e4 olla? - Kohtaamiset","robots":{"index":"index","follow":"follow","max-snippet":"max-snippet:-1","max-image-preview":"max-image-preview:large","max-video-preview":"max-video-preview:-1"},"canonical":"https:\/\/suomenkuvalehti.fi\/kohtaamiset\/keskustelu-jatkuu-rappiolla-on-hyva-olla\/","og_locale":"fi_FI","og_type":"article","og_title":"Keskustelu jatkuu: Rappiolla on hyv\u00e4 olla? - Kohtaamiset","og_description":"&#8221;Rappiotaiteen Festivaali ei j\u00e4tt\u00e4nyt juuri toivomisen varaa tarjontansa puolesta&#8221;, kiteytt\u00e4\u00e4 Kritiikin Uutisten p\u00e4\u00e4toimittaja Aleksis Salusj\u00e4rvi arvionsa viime lauantain huomiota her\u00e4tt\u00e4neest\u00e4 kulttuuritapahtumasta. Salusj\u00e4rvi piti Nuoren Voiman Liiton j\u00e4rjest\u00e4m\u00e4&hellip;","og_url":"https:\/\/suomenkuvalehti.fi\/kohtaamiset\/keskustelu-jatkuu-rappiolla-on-hyva-olla\/","og_site_name":"Kohtaamiset","article_published_time":"2011-04-11T14:31:00+00:00","article_modified_time":"2018-01-22T10:10:59+00:00","author":"Karri Kokko","twitter_misc":{"Written by":"Karri Kokko","Est. reading time":"1 minuutti"},"schema":{"@context":"https:\/\/schema.org","@graph":[{"@type":"WebPage","@id":"https:\/\/suomenkuvalehti.fi\/kohtaamiset\/keskustelu-jatkuu-rappiolla-on-hyva-olla\/","url":"https:\/\/suomenkuvalehti.fi\/kohtaamiset\/keskustelu-jatkuu-rappiolla-on-hyva-olla\/","name":"Keskustelu jatkuu: Rappiolla on hyv\u00e4 olla? - Kohtaamiset","isPartOf":{"@id":"https:\/\/suomenkuvalehti.fi\/kohtaamiset\/#website"},"datePublished":"2011-04-11T14:31:00+00:00","dateModified":"2018-01-22T10:10:59+00:00","author":{"@id":"https:\/\/suomenkuvalehti.fi\/kohtaamiset\/#\/schema\/person\/71dc0f8e27e96911b6c8a510fa150d3e"},"breadcrumb":{"@id":"https:\/\/suomenkuvalehti.fi\/kohtaamiset\/keskustelu-jatkuu-rappiolla-on-hyva-olla\/#breadcrumb"},"inLanguage":"fi","potentialAction":[{"@type":"ReadAction","target":["https:\/\/suomenkuvalehti.fi\/kohtaamiset\/keskustelu-jatkuu-rappiolla-on-hyva-olla\/"]}]},{"@type":"BreadcrumbList","@id":"https:\/\/suomenkuvalehti.fi\/kohtaamiset\/keskustelu-jatkuu-rappiolla-on-hyva-olla\/#breadcrumb","itemListElement":[{"@type":"ListItem","position":1,"name":"Home","item":"https:\/\/suomenkuvalehti.fi\/kohtaamiset\/"},{"@type":"ListItem","position":2,"name":"Keskustelu jatkuu: Rappiolla on hyv\u00e4 olla?"}]},{"@type":"WebSite","@id":"https:\/\/suomenkuvalehti.fi\/kohtaamiset\/#website","url":"https:\/\/suomenkuvalehti.fi\/kohtaamiset\/","name":"Kohtaamiset","description":"Kohtaamiset-blogi k\u00e4sittelee kirjallisuutta ja kulttuuria.","potentialAction":[{"@type":"SearchAction","target":{"@type":"EntryPoint","urlTemplate":"https:\/\/suomenkuvalehti.fi\/haku\/?q={search_term_string}"},"query-input":{"@type":"PropertyValueSpecification","valueRequired":true,"valueName":"search_term_string"}}],"inLanguage":"fi"},{"@type":"Person","@id":"https:\/\/suomenkuvalehti.fi\/kohtaamiset\/#\/schema\/person\/71dc0f8e27e96911b6c8a510fa150d3e","name":"Karri Kokko","image":{"@type":"ImageObject","inLanguage":"fi","@id":"https:\/\/suomenkuvalehti.fi\/kohtaamiset\/#\/schema\/person\/image\/","url":"https:\/\/suomenkuvalehti.fi\/kohtaamiset\/wp-content\/uploads\/sites\/9\/2013\/11\/sk_leijona_kulta-150x150.png","contentUrl":"https:\/\/suomenkuvalehti.fi\/kohtaamiset\/wp-content\/uploads\/sites\/9\/2013\/11\/sk_leijona_kulta-150x150.png","caption":"Karri Kokko"}}]}},"_links":{"self":[{"href":"https:\/\/suomenkuvalehti.fi\/kohtaamiset\/wp-json\/wp\/v2\/posts\/68","targetHints":{"allow":["GET"]}}],"collection":[{"href":"https:\/\/suomenkuvalehti.fi\/kohtaamiset\/wp-json\/wp\/v2\/posts"}],"about":[{"href":"https:\/\/suomenkuvalehti.fi\/kohtaamiset\/wp-json\/wp\/v2\/types\/post"}],"author":[{"embeddable":true,"href":"https:\/\/suomenkuvalehti.fi\/kohtaamiset\/wp-json\/wp\/v2\/users\/40424"}],"replies":[{"embeddable":true,"href":"https:\/\/suomenkuvalehti.fi\/kohtaamiset\/wp-json\/wp\/v2\/comments?post=68"}],"version-history":[{"count":1,"href":"https:\/\/suomenkuvalehti.fi\/kohtaamiset\/wp-json\/wp\/v2\/posts\/68\/revisions"}],"predecessor-version":[{"id":281,"href":"https:\/\/suomenkuvalehti.fi\/kohtaamiset\/wp-json\/wp\/v2\/posts\/68\/revisions\/281"}],"wp:attachment":[{"href":"https:\/\/suomenkuvalehti.fi\/kohtaamiset\/wp-json\/wp\/v2\/media?parent=68"}],"wp:term":[{"taxonomy":"category","embeddable":true,"href":"https:\/\/suomenkuvalehti.fi\/kohtaamiset\/wp-json\/wp\/v2\/categories?post=68"},{"taxonomy":"post_tag","embeddable":true,"href":"https:\/\/suomenkuvalehti.fi\/kohtaamiset\/wp-json\/wp\/v2\/tags?post=68"}],"curies":[{"name":"wp","href":"https:\/\/api.w.org\/{rel}","templated":true}]}}