{"id":61,"date":"2011-04-29T16:30:00","date_gmt":"2011-04-29T13:30:00","guid":{"rendered":"https:\/\/suomenkuvalehti.fi\/kohtaamiset\/2011\/04\/29\/sanoma-myi-pienet-perunansa-ruotsiin\/"},"modified":"2018-01-22T12:10:15","modified_gmt":"2018-01-22T10:10:15","slug":"sanoma-myi-pienet-perunansa-ruotsiin","status":"publish","type":"post","link":"https:\/\/suomenkuvalehti.fi\/kohtaamiset\/sanoma-myi-pienet-perunansa-ruotsiin\/","title":{"rendered":"Sanoma myi &#8221;pienet perunansa&#8221; Ruotsiin"},"content":{"rendered":"\n\n<p>Kustannusalan mullistukset jatkuvat: Sanoma on myynyt WSOY:n ruotsalaiselle Bonnierille.<\/p>\n\n\n\n<p>En tied\u00e4, voiko p\u00e4iv\u00e4n kirjauutisesta laatia p\u00e4tev\u00e4mp\u00e4\u00e4 analyysia kuin se, jonka <strong>Niklas Herlin<\/strong> ehti tehd\u00e4 <em>Uuden Suomen <\/em><a href=\"http:\/\/niklasherlin.puheenvuoro.uusisuomi.fi\/71427-kirja-porssi-ja-tuotekehitys\">blogissaan<\/a>.<\/p>\n\n\n\n<p>Kauppaa oli osattu odottaa ja Herlin piti sit\u00e4 luontevana ratkaisuna. Hidas kustannusala ei sovi kvartaalitaloudessa el\u00e4v\u00e4n p\u00f6rssiyhti\u00f6n rytmiin. Kirjailija on sijoitus, joka k\u00e4\u00e4ntyy voitolliseksi (jos k\u00e4\u00e4ntyy) vasta hyvinkin pitk\u00e4n tuotekehittelyn tuloksena.<\/p>\n\n\n\n<p>Ehk\u00e4 t\u00e4m\u00e4n kustantamolle vieraan kiivastahtisen kehityksen aisti aikoinaan my\u00f6s Reenp\u00e4iden suku, joka osti Otavan osakkeet pois p\u00f6rssist\u00e4 ja palautti yhti\u00f6n yksityisomistukseen.<\/p>\n\n\n\n<p>Montakin kysymyst\u00e4 odottaa vastausta. Mit\u00e4 tapahtuu WSOY:n ja aiemmin Bonnierin leiriin siirtyneen Tammen kirjailijoille? Se on asia, joka taatusti askarruttaa kirjailijoita ja on jo ehtinyt synnytt\u00e4\u00e4 liikett\u00e4 eri kustantamoiden v\u00e4lill\u00e4.<\/p>\n\n\n\n<p>Ainakin talon sis\u00e4ll\u00e4 uutinen otettiin my\u00f6nteisesti vastaan. Pitk\u00e4\u00e4n jatkunut ep\u00e4tietoisuus p\u00e4\u00e4ttyi, ja nyt voidaan keskitty\u00e4 olennaiseen.<\/p>\n\n\n\n<p>Toinen Herlinin esiin nostama asia on S\u00f6dikan valtava backlist. Miten saada t\u00e4m\u00e4 p\u00e4\u00e4osin passiivisena makaava pitk\u00e4 h\u00e4nt\u00e4 hy\u00f6tyk\u00e4ytt\u00f6\u00f6n? Eik\u00f6 s\u00e4hk\u00f6inen kirja olisi siihen omiaan?<\/p>\n\n\n\n<p>&#8221;Koska Tuntematon sotilas ja Sinuhe egyptil\u00e4inen ovat ladattavissa lukulaitteeseen? Ne ovat nimitt\u00e4in saletteja s\u00e4hk\u00f6kirjahittej\u00e4. P\u00e4\u00e4tt\u00e4v\u00e4tk\u00f6 ruotsalaiset asiasta?&#8221; Herlin pohtii.<\/p>\n\n\n\n<p><em>Suomen Kuvalehti on osa Otava-konsernia, joka kustantaa aikakauslehti\u00e4 ja kirjoja.<\/em><\/p>\n\n\n\n<p><strong>Lis\u00e4\u00e4 aiheesta<\/strong><\/p>\n\n\n\n<p><a href=\"https:\/\/suomenkuvalehti.fi\/jutut\/talous\/kirja-alan-myllerrys-jatkuu-wsoy-myydaan-bonnierille\">Kirja-alan myllerrys jatkuu &#8211; WSOY myyd\u00e4\u00e4n Bonnierille<\/a> (Suomenkuvalehti.fi 29.4.2011)<\/p>\n\n\n\n<p><a href=\"https:\/\/suomenkuvalehti.fi\/jutut\/kulttuuri\/nyt-wsoylla-on-omistaja-joka-uskoo-kirjallisuuteen\">&#8221;Nyt WSOY:lla on omistaja, joka uskoo kirjallisuuteen&#8221;<\/a> (Suomenkuvalehti.fi 29.4.2011)<\/p>\n\n\n\n","protected":false},"excerpt":{"rendered":"<p>Kustannusalan mullistukset jatkuvat: Sanoma on myynyt WSOY:n ruotsalaiselle Bonnierille. En tied\u00e4, voiko p\u00e4iv\u00e4n kirjauutisesta laatia p\u00e4tev\u00e4mp\u00e4\u00e4 analyysia kuin se, jonka Niklas Herlin ehti tehd\u00e4 Uuden Suomen blogissaan. Kauppaa oli osattu odottaa ja Herlin piti sit\u00e4<br \/>\nluonteva&hellip;<\/p>\n","protected":false},"author":40424,"featured_media":0,"comment_status":"open","ping_status":"open","sticky":false,"template":"","format":"standard","meta":{"_acf_changed":false,"asauth_required_access_level":0,"asauth_cansharepaid":"","om_header_attributes":[],"footnotes":"","om_featured_image_focal_point":[],"om_primary_tag":0,"om_contributors":[],"om_co_authors":[],"beyondwords_generate_audio":"","beyondwords_project_id":"","beyondwords_content_id":"","beyondwords_preview_token":"","beyondwords_player_content":"","beyondwords_player_style":"","beyondwords_language_code":"","beyondwords_language_id":"","beyondwords_title_voice_id":"","beyondwords_body_voice_id":"","beyondwords_summary_voice_id":"","beyondwords_error_message":"","beyondwords_disabled":"","beyondwords_delete_content":"","beyondwords_podcast_id":"","beyondwords_hash":"","publish_post_to_speechkit":"","speechkit_hash":"","speechkit_generate_audio":"","speechkit_project_id":"","speechkit_podcast_id":"","speechkit_error_message":"","speechkit_disabled":"","speechkit_access_key":"","speechkit_error":"","speechkit_info":"","speechkit_response":"","speechkit_retries":"","speechkit_status":"","speechkit_updated_at":"","_speechkit_link":"","_speechkit_text":""},"categories":[1],"tags":[157,158,160,159,74],"class_list":["post-61","post","type-post","status-publish","format-standard","hentry","category-kohtaamiset","tag-bonnier","tag-kustannusala","tag-otava","tag-tammi","tag-wsoy"],"om_views":null,"acf":{"tuuma_off":false,"tuuma_kysymys":"","tuuma_vastaus":""},"asauth":{"required_access_level":1,"share_token":"","is_paid":false},"yoast_head":"<!-- This site is optimized with the Yoast SEO plugin v26.4 - https:\/\/yoast.com\/wordpress\/plugins\/seo\/ -->\n<title>Sanoma myi &quot;pienet perunansa&quot; Ruotsiin - Kohtaamiset<\/title>\n<meta name=\"robots\" content=\"index, follow, max-snippet:-1, max-image-preview:large, max-video-preview:-1\" \/>\n<link rel=\"canonical\" href=\"https:\/\/suomenkuvalehti.fi\/kohtaamiset\/sanoma-myi-pienet-perunansa-ruotsiin\/\" \/>\n<meta property=\"og:locale\" content=\"fi_FI\" \/>\n<meta property=\"og:type\" content=\"article\" \/>\n<meta property=\"og:title\" content=\"Sanoma myi &quot;pienet perunansa&quot; Ruotsiin - Kohtaamiset\" \/>\n<meta property=\"og:description\" content=\"Kustannusalan mullistukset jatkuvat: Sanoma on myynyt WSOY:n ruotsalaiselle Bonnierille. En tied\u00e4, voiko p\u00e4iv\u00e4n kirjauutisesta laatia p\u00e4tev\u00e4mp\u00e4\u00e4 analyysia kuin se, jonka Niklas Herlin ehti tehd\u00e4 Uuden Suomen blogissaan. Kauppaa oli osattu odottaa ja Herlin piti sit\u00e4 luonteva&hellip;\" \/>\n<meta property=\"og:url\" content=\"https:\/\/suomenkuvalehti.fi\/kohtaamiset\/sanoma-myi-pienet-perunansa-ruotsiin\/\" \/>\n<meta property=\"og:site_name\" content=\"Kohtaamiset\" \/>\n<meta property=\"article:published_time\" content=\"2011-04-29T13:30:00+00:00\" \/>\n<meta property=\"article:modified_time\" content=\"2018-01-22T10:10:15+00:00\" \/>\n<meta name=\"author\" content=\"Karri Kokko\" \/>\n<meta name=\"twitter:label1\" content=\"Written by\" \/>\n\t<meta name=\"twitter:data1\" content=\"Karri Kokko\" \/>\n\t<meta name=\"twitter:label2\" content=\"Est. reading time\" \/>\n\t<meta name=\"twitter:data2\" content=\"1 minuutti\" \/>\n<script type=\"application\/ld+json\" class=\"yoast-schema-graph\">{\"@context\":\"https:\/\/schema.org\",\"@graph\":[{\"@type\":\"WebPage\",\"@id\":\"https:\/\/suomenkuvalehti.fi\/kohtaamiset\/sanoma-myi-pienet-perunansa-ruotsiin\/\",\"url\":\"https:\/\/suomenkuvalehti.fi\/kohtaamiset\/sanoma-myi-pienet-perunansa-ruotsiin\/\",\"name\":\"Sanoma myi \\\"pienet perunansa\\\" Ruotsiin - Kohtaamiset\",\"isPartOf\":{\"@id\":\"https:\/\/suomenkuvalehti.fi\/kohtaamiset\/#website\"},\"datePublished\":\"2011-04-29T13:30:00+00:00\",\"dateModified\":\"2018-01-22T10:10:15+00:00\",\"author\":{\"@id\":\"https:\/\/suomenkuvalehti.fi\/kohtaamiset\/#\/schema\/person\/71dc0f8e27e96911b6c8a510fa150d3e\"},\"breadcrumb\":{\"@id\":\"https:\/\/suomenkuvalehti.fi\/kohtaamiset\/sanoma-myi-pienet-perunansa-ruotsiin\/#breadcrumb\"},\"inLanguage\":\"fi\",\"potentialAction\":[{\"@type\":\"ReadAction\",\"target\":[\"https:\/\/suomenkuvalehti.fi\/kohtaamiset\/sanoma-myi-pienet-perunansa-ruotsiin\/\"]}]},{\"@type\":\"BreadcrumbList\",\"@id\":\"https:\/\/suomenkuvalehti.fi\/kohtaamiset\/sanoma-myi-pienet-perunansa-ruotsiin\/#breadcrumb\",\"itemListElement\":[{\"@type\":\"ListItem\",\"position\":1,\"name\":\"Home\",\"item\":\"https:\/\/suomenkuvalehti.fi\/kohtaamiset\/\"},{\"@type\":\"ListItem\",\"position\":2,\"name\":\"Sanoma myi &#8221;pienet perunansa&#8221; Ruotsiin\"}]},{\"@type\":\"WebSite\",\"@id\":\"https:\/\/suomenkuvalehti.fi\/kohtaamiset\/#website\",\"url\":\"https:\/\/suomenkuvalehti.fi\/kohtaamiset\/\",\"name\":\"Kohtaamiset\",\"description\":\"Kohtaamiset-blogi k\u00e4sittelee kirjallisuutta ja kulttuuria.\",\"potentialAction\":[{\"@type\":\"SearchAction\",\"target\":{\"@type\":\"EntryPoint\",\"urlTemplate\":\"https:\/\/suomenkuvalehti.fi\/haku\/?q={search_term_string}\"},\"query-input\":{\"@type\":\"PropertyValueSpecification\",\"valueRequired\":true,\"valueName\":\"search_term_string\"}}],\"inLanguage\":\"fi\"},{\"@type\":\"Person\",\"@id\":\"https:\/\/suomenkuvalehti.fi\/kohtaamiset\/#\/schema\/person\/71dc0f8e27e96911b6c8a510fa150d3e\",\"name\":\"Karri Kokko\",\"image\":{\"@type\":\"ImageObject\",\"inLanguage\":\"fi\",\"@id\":\"https:\/\/suomenkuvalehti.fi\/kohtaamiset\/#\/schema\/person\/image\/\",\"url\":\"https:\/\/suomenkuvalehti.fi\/kohtaamiset\/wp-content\/uploads\/sites\/9\/2013\/11\/sk_leijona_kulta-150x150.png\",\"contentUrl\":\"https:\/\/suomenkuvalehti.fi\/kohtaamiset\/wp-content\/uploads\/sites\/9\/2013\/11\/sk_leijona_kulta-150x150.png\",\"caption\":\"Karri Kokko\"}}]}<\/script>\n<!-- \/ Yoast SEO plugin. -->","yoast_head_json":{"title":"Sanoma myi \"pienet perunansa\" Ruotsiin - Kohtaamiset","robots":{"index":"index","follow":"follow","max-snippet":"max-snippet:-1","max-image-preview":"max-image-preview:large","max-video-preview":"max-video-preview:-1"},"canonical":"https:\/\/suomenkuvalehti.fi\/kohtaamiset\/sanoma-myi-pienet-perunansa-ruotsiin\/","og_locale":"fi_FI","og_type":"article","og_title":"Sanoma myi \"pienet perunansa\" Ruotsiin - Kohtaamiset","og_description":"Kustannusalan mullistukset jatkuvat: Sanoma on myynyt WSOY:n ruotsalaiselle Bonnierille. En tied\u00e4, voiko p\u00e4iv\u00e4n kirjauutisesta laatia p\u00e4tev\u00e4mp\u00e4\u00e4 analyysia kuin se, jonka Niklas Herlin ehti tehd\u00e4 Uuden Suomen blogissaan. Kauppaa oli osattu odottaa ja Herlin piti sit\u00e4 luonteva&hellip;","og_url":"https:\/\/suomenkuvalehti.fi\/kohtaamiset\/sanoma-myi-pienet-perunansa-ruotsiin\/","og_site_name":"Kohtaamiset","article_published_time":"2011-04-29T13:30:00+00:00","article_modified_time":"2018-01-22T10:10:15+00:00","author":"Karri Kokko","twitter_misc":{"Written by":"Karri Kokko","Est. reading time":"1 minuutti"},"schema":{"@context":"https:\/\/schema.org","@graph":[{"@type":"WebPage","@id":"https:\/\/suomenkuvalehti.fi\/kohtaamiset\/sanoma-myi-pienet-perunansa-ruotsiin\/","url":"https:\/\/suomenkuvalehti.fi\/kohtaamiset\/sanoma-myi-pienet-perunansa-ruotsiin\/","name":"Sanoma myi \"pienet perunansa\" Ruotsiin - Kohtaamiset","isPartOf":{"@id":"https:\/\/suomenkuvalehti.fi\/kohtaamiset\/#website"},"datePublished":"2011-04-29T13:30:00+00:00","dateModified":"2018-01-22T10:10:15+00:00","author":{"@id":"https:\/\/suomenkuvalehti.fi\/kohtaamiset\/#\/schema\/person\/71dc0f8e27e96911b6c8a510fa150d3e"},"breadcrumb":{"@id":"https:\/\/suomenkuvalehti.fi\/kohtaamiset\/sanoma-myi-pienet-perunansa-ruotsiin\/#breadcrumb"},"inLanguage":"fi","potentialAction":[{"@type":"ReadAction","target":["https:\/\/suomenkuvalehti.fi\/kohtaamiset\/sanoma-myi-pienet-perunansa-ruotsiin\/"]}]},{"@type":"BreadcrumbList","@id":"https:\/\/suomenkuvalehti.fi\/kohtaamiset\/sanoma-myi-pienet-perunansa-ruotsiin\/#breadcrumb","itemListElement":[{"@type":"ListItem","position":1,"name":"Home","item":"https:\/\/suomenkuvalehti.fi\/kohtaamiset\/"},{"@type":"ListItem","position":2,"name":"Sanoma myi &#8221;pienet perunansa&#8221; Ruotsiin"}]},{"@type":"WebSite","@id":"https:\/\/suomenkuvalehti.fi\/kohtaamiset\/#website","url":"https:\/\/suomenkuvalehti.fi\/kohtaamiset\/","name":"Kohtaamiset","description":"Kohtaamiset-blogi k\u00e4sittelee kirjallisuutta ja kulttuuria.","potentialAction":[{"@type":"SearchAction","target":{"@type":"EntryPoint","urlTemplate":"https:\/\/suomenkuvalehti.fi\/haku\/?q={search_term_string}"},"query-input":{"@type":"PropertyValueSpecification","valueRequired":true,"valueName":"search_term_string"}}],"inLanguage":"fi"},{"@type":"Person","@id":"https:\/\/suomenkuvalehti.fi\/kohtaamiset\/#\/schema\/person\/71dc0f8e27e96911b6c8a510fa150d3e","name":"Karri Kokko","image":{"@type":"ImageObject","inLanguage":"fi","@id":"https:\/\/suomenkuvalehti.fi\/kohtaamiset\/#\/schema\/person\/image\/","url":"https:\/\/suomenkuvalehti.fi\/kohtaamiset\/wp-content\/uploads\/sites\/9\/2013\/11\/sk_leijona_kulta-150x150.png","contentUrl":"https:\/\/suomenkuvalehti.fi\/kohtaamiset\/wp-content\/uploads\/sites\/9\/2013\/11\/sk_leijona_kulta-150x150.png","caption":"Karri Kokko"}}]}},"_links":{"self":[{"href":"https:\/\/suomenkuvalehti.fi\/kohtaamiset\/wp-json\/wp\/v2\/posts\/61","targetHints":{"allow":["GET"]}}],"collection":[{"href":"https:\/\/suomenkuvalehti.fi\/kohtaamiset\/wp-json\/wp\/v2\/posts"}],"about":[{"href":"https:\/\/suomenkuvalehti.fi\/kohtaamiset\/wp-json\/wp\/v2\/types\/post"}],"author":[{"embeddable":true,"href":"https:\/\/suomenkuvalehti.fi\/kohtaamiset\/wp-json\/wp\/v2\/users\/40424"}],"replies":[{"embeddable":true,"href":"https:\/\/suomenkuvalehti.fi\/kohtaamiset\/wp-json\/wp\/v2\/comments?post=61"}],"version-history":[{"count":1,"href":"https:\/\/suomenkuvalehti.fi\/kohtaamiset\/wp-json\/wp\/v2\/posts\/61\/revisions"}],"predecessor-version":[{"id":274,"href":"https:\/\/suomenkuvalehti.fi\/kohtaamiset\/wp-json\/wp\/v2\/posts\/61\/revisions\/274"}],"wp:attachment":[{"href":"https:\/\/suomenkuvalehti.fi\/kohtaamiset\/wp-json\/wp\/v2\/media?parent=61"}],"wp:term":[{"taxonomy":"category","embeddable":true,"href":"https:\/\/suomenkuvalehti.fi\/kohtaamiset\/wp-json\/wp\/v2\/categories?post=61"},{"taxonomy":"post_tag","embeddable":true,"href":"https:\/\/suomenkuvalehti.fi\/kohtaamiset\/wp-json\/wp\/v2\/tags?post=61"}],"curies":[{"name":"wp","href":"https:\/\/api.w.org\/{rel}","templated":true}]}}