{"id":59,"date":"2011-05-06T18:09:35","date_gmt":"2011-05-06T15:09:35","guid":{"rendered":"https:\/\/suomenkuvalehti.fi\/kohtaamiset\/2011\/05\/06\/assisi-kutsuu-runoilija-lahtee-residenssiin\/"},"modified":"2018-01-22T12:10:02","modified_gmt":"2018-01-22T10:10:02","slug":"assisi-kutsuu-runoilija-lahtee-residenssiin","status":"publish","type":"post","link":"https:\/\/suomenkuvalehti.fi\/kohtaamiset\/assisi-kutsuu-runoilija-lahtee-residenssiin\/","title":{"rendered":"Assisi kutsuu &#8211; runoilija l\u00e4htee residenssiin"},"content":{"rendered":"\n\n<p>Huomenna lauantaina nousen laivaan, joka kuljettaa minut ja pienen autonkotteroni runsaassa vuorokaudessa Travem\u00fcndeen Saksaan.<\/p>\n\n\n\n<p>Siit\u00e4 alkaa navigaattorin ohjauksessa seikkailu, joka vie ensin Saksan l\u00e4pi ja siit\u00e4 Alppien yli Italiaan. Perill\u00e4 Umbriassa, <a href=\"http:\/\/artestudioginestrelle.wordpress.com\/\">Arte Studio Ginestrellen<\/a> taiteilijaresidenssiss\u00e4, arvelen olevani keskiviikon tiet\u00e4miss\u00e4.<\/p>\n\n\n\n<p>Residenssi, jossa viet\u00e4n seuraavat kaksi kuukautta, sijaitsee Umbrian kukkulaisissa maisemissa, Assisin historiallisen kaupungin tuntumassa. Taiteilijoiden asunnoiksi kunnostettu vanha maatalo <a href=\"http:\/\/artestudioginestrelle.files.wordpress.com\/2011\/01\/ginestrelle-in-the-forest.jpg\">n\u00e4ytt\u00e4\u00e4<\/a> kielt\u00e4m\u00e4tt\u00e4 ldylliselt\u00e4.<\/p>\n\n\n\n<p>Oleskelu residenssiss\u00e4 on tarkoitettu taiteellista ty\u00f6skentely\u00e4 varten. Minun tapauksessani se tarkoittaa runojen pohtimista ja kirjoittamista, mutta todenn\u00e4k\u00f6isesti my\u00f6s visuaalisten runojen parissa askartelua. Ja mik\u00e4li ennusmerkit pit\u00e4v\u00e4t paikkansa, tietokoneeni mikrofonille l\u00f6ytyy sillekin k\u00e4ytt\u00f6\u00e4. \u00c4\u00e4nirunous on uusi houkuttava juttu.<\/p>\n\n\n\n<p>Residenssiss\u00e4 olo ei ole kuitenkaan pelkk\u00e4\u00e4 nelj\u00e4n sein\u00e4n sis\u00e4ll\u00e4 istumista. Umbrian ja Toscanan loistavat kohteet vet\u00e4v\u00e4t varmasti puoleensa. Siin\u00e4 syy, miksi p\u00e4\u00e4tin l\u00e4hte\u00e4 reissuun omalla autolla.<\/p>\n\n\n\n<p>Kohtaamisistakin on sovittu. Jo menomatkalla heti Italian puolelle saavuttuani tapaan kollegani <strong>Anny Ballardinin<\/strong>, joka asuu ja opettaa Bolzanossa alppien juurella. Hieno tilaisuus tutustua runoilijaan, jonka olen t\u00e4h\u00e4n asti tuntenut ainoastaan tekstien ja verkon v\u00e4lityksell\u00e4.<\/p>\n\n\n\n<p>Viikko sitten Manchesterissa tapasin my\u00f6s vihdoin italialaisen visuaalisen runoilijan <strong>Marco Giovenalen<\/strong>. Residenssist\u00e4 kuultuaan Marco kutsui minut heti k\u00e4ym\u00e4\u00e4n luonaan Roomassa. N\u00e4in syntyy sit\u00e4 kaksisuuntaista kulttuurivaihtoa, jota varten valtion my\u00f6nt\u00e4m\u00e4 residenssitukikin on olemassa.<\/p>\n\n\n\n<p>Osan ajasta jaan my\u00f6s toisen suomalaisen residenssivieraan, runoilija <strong>Matti Kilposen<\/strong> kanssa.<\/p>\n\n\n\n<p>Mit\u00e4 kaikkea oleskeluni Assisissa lopulta tuottaa, siit\u00e4 on vain aavistus. T\u00e4t\u00e4 blogia seuraamalla sekin selvi\u00e4\u00e4. Tiiviit raporttini aloitan viimeist\u00e4\u00e4n siin\u00e4 vaiheessa, kun saan koneeni kytketty\u00e4 verkkoon perill\u00e4 Arte Studio Ginestrelless\u00e4.<\/p>\n\n\n\n<p>Mutta nyt pakkaamaan!<\/p>\n\n\n\n\n","protected":false},"excerpt":{"rendered":"<p>Huomenna lauantaina nousen laivaan, joka kuljettaa minut ja pienen autonkotteroni runsaassa vuorokaudessa Travem\u00fcndeen Saksaan. Siit\u00e4 alkaa navigaattorin ohjauksessa seikkailu, joka vie ensin Saksan l\u00e4pi ja siit\u00e4 Alppien yli Italiaan. Perill\u00e4 Umbriassa, Arte Studio<br \/>\nGine&hellip;<\/p>\n","protected":false},"author":40424,"featured_media":0,"comment_status":"open","ping_status":"open","sticky":false,"template":"","format":"standard","meta":{"_acf_changed":false,"asauth_required_access_level":0,"asauth_cansharepaid":"","om_header_attributes":[],"footnotes":"","om_featured_image_focal_point":[],"om_primary_tag":0,"om_contributors":[],"om_co_authors":[],"beyondwords_generate_audio":"","beyondwords_project_id":"","beyondwords_content_id":"","beyondwords_preview_token":"","beyondwords_player_content":"","beyondwords_player_style":"","beyondwords_language_code":"","beyondwords_language_id":"","beyondwords_title_voice_id":"","beyondwords_body_voice_id":"","beyondwords_summary_voice_id":"","beyondwords_error_message":"","beyondwords_disabled":"","beyondwords_delete_content":"","beyondwords_podcast_id":"","beyondwords_hash":"","publish_post_to_speechkit":"","speechkit_hash":"","speechkit_generate_audio":"","speechkit_project_id":"","speechkit_podcast_id":"","speechkit_error_message":"","speechkit_disabled":"","speechkit_access_key":"","speechkit_error":"","speechkit_info":"","speechkit_response":"","speechkit_retries":"","speechkit_status":"","speechkit_updated_at":"","_speechkit_link":"","_speechkit_text":""},"categories":[1],"tags":[144,101,102,108,143],"class_list":["post-59","post","type-post","status-publish","format-standard","hentry","category-kohtaamiset","tag-anny-ballardini","tag-assisi","tag-kirjailijaresidenssi","tag-marco-giovenale","tag-matti-kilponen"],"om_views":null,"acf":{"tuuma_off":false,"tuuma_kysymys":"","tuuma_vastaus":""},"asauth":{"required_access_level":1,"share_token":"","is_paid":false},"yoast_head":"<!-- This site is optimized with the Yoast SEO plugin v26.4 - https:\/\/yoast.com\/wordpress\/plugins\/seo\/ -->\n<title>Assisi kutsuu - runoilija l\u00e4htee residenssiin - Kohtaamiset<\/title>\n<meta name=\"robots\" content=\"index, follow, max-snippet:-1, max-image-preview:large, max-video-preview:-1\" \/>\n<link rel=\"canonical\" href=\"https:\/\/suomenkuvalehti.fi\/kohtaamiset\/assisi-kutsuu-runoilija-lahtee-residenssiin\/\" \/>\n<meta property=\"og:locale\" content=\"fi_FI\" \/>\n<meta property=\"og:type\" content=\"article\" \/>\n<meta property=\"og:title\" content=\"Assisi kutsuu - runoilija l\u00e4htee residenssiin - Kohtaamiset\" \/>\n<meta property=\"og:description\" content=\"Huomenna lauantaina nousen laivaan, joka kuljettaa minut ja pienen autonkotteroni runsaassa vuorokaudessa Travem\u00fcndeen Saksaan. Siit\u00e4 alkaa navigaattorin ohjauksessa seikkailu, joka vie ensin Saksan l\u00e4pi ja siit\u00e4 Alppien yli Italiaan. Perill\u00e4 Umbriassa, Arte Studio Gine&hellip;\" \/>\n<meta property=\"og:url\" content=\"https:\/\/suomenkuvalehti.fi\/kohtaamiset\/assisi-kutsuu-runoilija-lahtee-residenssiin\/\" \/>\n<meta property=\"og:site_name\" content=\"Kohtaamiset\" \/>\n<meta property=\"article:published_time\" content=\"2011-05-06T15:09:35+00:00\" \/>\n<meta property=\"article:modified_time\" content=\"2018-01-22T10:10:02+00:00\" \/>\n<meta name=\"author\" content=\"Karri Kokko\" \/>\n<meta name=\"twitter:label1\" content=\"Written by\" \/>\n\t<meta name=\"twitter:data1\" content=\"Karri Kokko\" \/>\n\t<meta name=\"twitter:label2\" content=\"Est. reading time\" \/>\n\t<meta name=\"twitter:data2\" content=\"1 minuutti\" \/>\n<script type=\"application\/ld+json\" class=\"yoast-schema-graph\">{\"@context\":\"https:\/\/schema.org\",\"@graph\":[{\"@type\":\"WebPage\",\"@id\":\"https:\/\/suomenkuvalehti.fi\/kohtaamiset\/assisi-kutsuu-runoilija-lahtee-residenssiin\/\",\"url\":\"https:\/\/suomenkuvalehti.fi\/kohtaamiset\/assisi-kutsuu-runoilija-lahtee-residenssiin\/\",\"name\":\"Assisi kutsuu - runoilija l\u00e4htee residenssiin - Kohtaamiset\",\"isPartOf\":{\"@id\":\"https:\/\/suomenkuvalehti.fi\/kohtaamiset\/#website\"},\"datePublished\":\"2011-05-06T15:09:35+00:00\",\"dateModified\":\"2018-01-22T10:10:02+00:00\",\"author\":{\"@id\":\"https:\/\/suomenkuvalehti.fi\/kohtaamiset\/#\/schema\/person\/71dc0f8e27e96911b6c8a510fa150d3e\"},\"breadcrumb\":{\"@id\":\"https:\/\/suomenkuvalehti.fi\/kohtaamiset\/assisi-kutsuu-runoilija-lahtee-residenssiin\/#breadcrumb\"},\"inLanguage\":\"fi\",\"potentialAction\":[{\"@type\":\"ReadAction\",\"target\":[\"https:\/\/suomenkuvalehti.fi\/kohtaamiset\/assisi-kutsuu-runoilija-lahtee-residenssiin\/\"]}]},{\"@type\":\"BreadcrumbList\",\"@id\":\"https:\/\/suomenkuvalehti.fi\/kohtaamiset\/assisi-kutsuu-runoilija-lahtee-residenssiin\/#breadcrumb\",\"itemListElement\":[{\"@type\":\"ListItem\",\"position\":1,\"name\":\"Home\",\"item\":\"https:\/\/suomenkuvalehti.fi\/kohtaamiset\/\"},{\"@type\":\"ListItem\",\"position\":2,\"name\":\"Assisi kutsuu &#8211; runoilija l\u00e4htee residenssiin\"}]},{\"@type\":\"WebSite\",\"@id\":\"https:\/\/suomenkuvalehti.fi\/kohtaamiset\/#website\",\"url\":\"https:\/\/suomenkuvalehti.fi\/kohtaamiset\/\",\"name\":\"Kohtaamiset\",\"description\":\"Kohtaamiset-blogi k\u00e4sittelee kirjallisuutta ja kulttuuria.\",\"potentialAction\":[{\"@type\":\"SearchAction\",\"target\":{\"@type\":\"EntryPoint\",\"urlTemplate\":\"https:\/\/suomenkuvalehti.fi\/haku\/?q={search_term_string}\"},\"query-input\":{\"@type\":\"PropertyValueSpecification\",\"valueRequired\":true,\"valueName\":\"search_term_string\"}}],\"inLanguage\":\"fi\"},{\"@type\":\"Person\",\"@id\":\"https:\/\/suomenkuvalehti.fi\/kohtaamiset\/#\/schema\/person\/71dc0f8e27e96911b6c8a510fa150d3e\",\"name\":\"Karri Kokko\",\"image\":{\"@type\":\"ImageObject\",\"inLanguage\":\"fi\",\"@id\":\"https:\/\/suomenkuvalehti.fi\/kohtaamiset\/#\/schema\/person\/image\/\",\"url\":\"https:\/\/suomenkuvalehti.fi\/kohtaamiset\/wp-content\/uploads\/sites\/9\/2013\/11\/sk_leijona_kulta-150x150.png\",\"contentUrl\":\"https:\/\/suomenkuvalehti.fi\/kohtaamiset\/wp-content\/uploads\/sites\/9\/2013\/11\/sk_leijona_kulta-150x150.png\",\"caption\":\"Karri Kokko\"}}]}<\/script>\n<!-- \/ Yoast SEO plugin. -->","yoast_head_json":{"title":"Assisi kutsuu - runoilija l\u00e4htee residenssiin - Kohtaamiset","robots":{"index":"index","follow":"follow","max-snippet":"max-snippet:-1","max-image-preview":"max-image-preview:large","max-video-preview":"max-video-preview:-1"},"canonical":"https:\/\/suomenkuvalehti.fi\/kohtaamiset\/assisi-kutsuu-runoilija-lahtee-residenssiin\/","og_locale":"fi_FI","og_type":"article","og_title":"Assisi kutsuu - runoilija l\u00e4htee residenssiin - Kohtaamiset","og_description":"Huomenna lauantaina nousen laivaan, joka kuljettaa minut ja pienen autonkotteroni runsaassa vuorokaudessa Travem\u00fcndeen Saksaan. Siit\u00e4 alkaa navigaattorin ohjauksessa seikkailu, joka vie ensin Saksan l\u00e4pi ja siit\u00e4 Alppien yli Italiaan. Perill\u00e4 Umbriassa, Arte Studio Gine&hellip;","og_url":"https:\/\/suomenkuvalehti.fi\/kohtaamiset\/assisi-kutsuu-runoilija-lahtee-residenssiin\/","og_site_name":"Kohtaamiset","article_published_time":"2011-05-06T15:09:35+00:00","article_modified_time":"2018-01-22T10:10:02+00:00","author":"Karri Kokko","twitter_misc":{"Written by":"Karri Kokko","Est. reading time":"1 minuutti"},"schema":{"@context":"https:\/\/schema.org","@graph":[{"@type":"WebPage","@id":"https:\/\/suomenkuvalehti.fi\/kohtaamiset\/assisi-kutsuu-runoilija-lahtee-residenssiin\/","url":"https:\/\/suomenkuvalehti.fi\/kohtaamiset\/assisi-kutsuu-runoilija-lahtee-residenssiin\/","name":"Assisi kutsuu - runoilija l\u00e4htee residenssiin - Kohtaamiset","isPartOf":{"@id":"https:\/\/suomenkuvalehti.fi\/kohtaamiset\/#website"},"datePublished":"2011-05-06T15:09:35+00:00","dateModified":"2018-01-22T10:10:02+00:00","author":{"@id":"https:\/\/suomenkuvalehti.fi\/kohtaamiset\/#\/schema\/person\/71dc0f8e27e96911b6c8a510fa150d3e"},"breadcrumb":{"@id":"https:\/\/suomenkuvalehti.fi\/kohtaamiset\/assisi-kutsuu-runoilija-lahtee-residenssiin\/#breadcrumb"},"inLanguage":"fi","potentialAction":[{"@type":"ReadAction","target":["https:\/\/suomenkuvalehti.fi\/kohtaamiset\/assisi-kutsuu-runoilija-lahtee-residenssiin\/"]}]},{"@type":"BreadcrumbList","@id":"https:\/\/suomenkuvalehti.fi\/kohtaamiset\/assisi-kutsuu-runoilija-lahtee-residenssiin\/#breadcrumb","itemListElement":[{"@type":"ListItem","position":1,"name":"Home","item":"https:\/\/suomenkuvalehti.fi\/kohtaamiset\/"},{"@type":"ListItem","position":2,"name":"Assisi kutsuu &#8211; runoilija l\u00e4htee residenssiin"}]},{"@type":"WebSite","@id":"https:\/\/suomenkuvalehti.fi\/kohtaamiset\/#website","url":"https:\/\/suomenkuvalehti.fi\/kohtaamiset\/","name":"Kohtaamiset","description":"Kohtaamiset-blogi k\u00e4sittelee kirjallisuutta ja kulttuuria.","potentialAction":[{"@type":"SearchAction","target":{"@type":"EntryPoint","urlTemplate":"https:\/\/suomenkuvalehti.fi\/haku\/?q={search_term_string}"},"query-input":{"@type":"PropertyValueSpecification","valueRequired":true,"valueName":"search_term_string"}}],"inLanguage":"fi"},{"@type":"Person","@id":"https:\/\/suomenkuvalehti.fi\/kohtaamiset\/#\/schema\/person\/71dc0f8e27e96911b6c8a510fa150d3e","name":"Karri Kokko","image":{"@type":"ImageObject","inLanguage":"fi","@id":"https:\/\/suomenkuvalehti.fi\/kohtaamiset\/#\/schema\/person\/image\/","url":"https:\/\/suomenkuvalehti.fi\/kohtaamiset\/wp-content\/uploads\/sites\/9\/2013\/11\/sk_leijona_kulta-150x150.png","contentUrl":"https:\/\/suomenkuvalehti.fi\/kohtaamiset\/wp-content\/uploads\/sites\/9\/2013\/11\/sk_leijona_kulta-150x150.png","caption":"Karri Kokko"}}]}},"_links":{"self":[{"href":"https:\/\/suomenkuvalehti.fi\/kohtaamiset\/wp-json\/wp\/v2\/posts\/59","targetHints":{"allow":["GET"]}}],"collection":[{"href":"https:\/\/suomenkuvalehti.fi\/kohtaamiset\/wp-json\/wp\/v2\/posts"}],"about":[{"href":"https:\/\/suomenkuvalehti.fi\/kohtaamiset\/wp-json\/wp\/v2\/types\/post"}],"author":[{"embeddable":true,"href":"https:\/\/suomenkuvalehti.fi\/kohtaamiset\/wp-json\/wp\/v2\/users\/40424"}],"replies":[{"embeddable":true,"href":"https:\/\/suomenkuvalehti.fi\/kohtaamiset\/wp-json\/wp\/v2\/comments?post=59"}],"version-history":[{"count":1,"href":"https:\/\/suomenkuvalehti.fi\/kohtaamiset\/wp-json\/wp\/v2\/posts\/59\/revisions"}],"predecessor-version":[{"id":272,"href":"https:\/\/suomenkuvalehti.fi\/kohtaamiset\/wp-json\/wp\/v2\/posts\/59\/revisions\/272"}],"wp:attachment":[{"href":"https:\/\/suomenkuvalehti.fi\/kohtaamiset\/wp-json\/wp\/v2\/media?parent=59"}],"wp:term":[{"taxonomy":"category","embeddable":true,"href":"https:\/\/suomenkuvalehti.fi\/kohtaamiset\/wp-json\/wp\/v2\/categories?post=59"},{"taxonomy":"post_tag","embeddable":true,"href":"https:\/\/suomenkuvalehti.fi\/kohtaamiset\/wp-json\/wp\/v2\/tags?post=59"}],"curies":[{"name":"wp","href":"https:\/\/api.w.org\/{rel}","templated":true}]}}