{"id":58,"date":"2011-05-12T22:17:57","date_gmt":"2011-05-12T19:17:57","guid":{"rendered":"https:\/\/suomenkuvalehti.fi\/kohtaamiset\/2011\/05\/12\/alppien-yli-ja-koukkaus-venetsiaan\/"},"modified":"2018-01-22T12:09:54","modified_gmt":"2018-01-22T10:09:54","slug":"alppien-yli-ja-koukkaus-venetsiaan","status":"publish","type":"post","link":"https:\/\/suomenkuvalehti.fi\/kohtaamiset\/alppien-yli-ja-koukkaus-venetsiaan\/","title":{"rendered":"Alppien yli ja koukkaus Venetsiaan"},"content":{"rendered":"\n<p>Pitk\u00e4ll\u00e4 matkalla ainoat kommellukset osuvat heti alkuun ja viime metreille.<\/p>\n\n\n\n<p>L\u00e4ht\u00f6 Helsingist\u00e4 on yli nelj\u00e4 tuntia my\u00f6h\u00e4ss\u00e4 ahtaajien pistelakon takia. Vaan mik\u00e4s kiire t\u00e4ss\u00e4, koska perill\u00e4 kirjailijaresidenssiss\u00e4 Assisissa on tarkoitus viett\u00e4\u00e4 kaksi kuukautta.<\/p>\n\n\n\n<p>It\u00e4meren poikki kulkeva koruton alus on varustettu rekkamiesten tarpeisiin. Ruokailuaikaan ravintolasalissa istuu satakunta kuskia, mutta vain parikymment\u00e4 muuta matkustajaa.<\/p>\n\n\n\n<p>T\u00e4m\u00e4n t\u00e4st\u00e4 kuuluu tuttu kopina. Puukenki\u00e4 k\u00e4ytt\u00e4v\u00e4t en\u00e4\u00e4 rekkakuskit, kun sairaanhoitajatkin ovat siirtyneet crocseihin.<\/p>\n\n\n\n<p>Travem\u00fcndess\u00e4 rekat purkautuvat laivasta hajaantuakseen Euroopan valtateille. Kaupunkilomilla ei n\u00e4e maaseutua, muttei my\u00f6sk\u00e4\u00e4n maanteiden todellisuutta: maanosaa halkoo katkeamattomien rekkajonojen verkosto, kaksi jonoa tiet\u00e4 kohti, yksi kumpaankin suuntaan. Tiukat s\u00e4\u00e4nn\u00f6kset edellytt\u00e4v\u00e4t s\u00e4\u00e4nn\u00f6llisi\u00e4 ajotaukoja, ja siksi tienvarret ovat yht\u00e4 valtavaa parkkialuetta. Miten ruokitaan ja huolletaan sanotaanko satatuhatta rekkakuskia joka p\u00e4iv\u00e4?<\/p>\n\n\n\n<p>Pys\u00e4hdyn huoltoasemalle, ja viereen seisahtuu ensimm\u00e4inen Maserati. Kassalta saan vaihtorahaksi kahden sentin kolikon. Rikkaan Saksan ihmeellisyyksi\u00e4.<\/p>\n\n\n\n<p>Sivuutan Berliinin l\u00e4hes pys\u00e4htym\u00e4tt\u00e4, koska kaupungissa asuva runoilijayst\u00e4v\u00e4 on matkoilla ja l\u00e4hett\u00e4\u00e4 terveisi\u00e4 aurinkoisesta Tbilisist\u00e4.<\/p>\n\n\n\n<p>Berliinin j\u00e4lkeen n\u00e4kee, ett\u00e4 tuulivoiman kanssa ollaan tosissaan. Viidensadan kilometrin matkalta lasken arviolta parituhatta mylly\u00e4.<\/p>\n\n\n\n<p>Yht\u00e4kki\u00e4 ollaan viinialueella. Sitten maisema muuttuu taas, ja tullaan alpeille.<\/p>\n\n\n\n<p>Italian puolella Bolzanossa yrit\u00e4n tavoittaa toista runoilijayst\u00e4v\u00e4\u00e4ni siin\u00e4 kuitenkaan onnistumatta. Aamulla kiertelen kaupungilla. Kauppakadulla vierekk\u00e4in pit\u00e4v\u00e4t majaa kiinteist\u00f6v\u00e4litt\u00e4j\u00e4 &#8221;Goethe&#8221; ja autokoulu &#8221;Dante&#8221;. Edellisen omistaja hermostuu, kun kuvaan h\u00e4nen liikkeens\u00e4 julkisivua, mutta leppyy selitt\u00e4ess\u00e4ni, ett\u00e4 min\u00e4kin olen &#8221;poeta&#8221;.<\/p>\n\n\n\n<p>Dolomiitit loppuvat yht\u00e4 \u00e4kki\u00e4 kuin ovat alkaneetkin. Kun n\u00e4en kyltin, jossa lukee Venetsia, houkutus on liian suuri ja p\u00e4\u00e4t\u00e4n poiketa reitilt\u00e4 &#8211; vain siksi, ett\u00e4 minulla on vapaus tehd\u00e4 niin.<\/p>\n\n\n\n<p>Kiertelen Venetsiaa yhteens\u00e4 nelisen tuntia. K\u00e4yn sy\u00f6m\u00e4ss\u00e4 simpukkaspagetin ja pist\u00e4ydyn muutamassa kirkossa. Yhden Tizianin ja yhden Bellinin n\u00e4keminen korvaa satojen kilometrien koukkauksesta aiheutuneet menetykset.<\/p>\n\n\n\n<p>Venetsian &#8221;ideassa&#8221; riitt\u00e4\u00e4 ihmetelt\u00e4v\u00e4\u00e4. Tyhj\u00e4n p\u00e4\u00e4lle rakennetussa kaupungissa ei ole mit\u00e4\u00e4n alkuper\u00e4ist\u00e4, jokaista kive\u00e4 my\u00f6ten kaikki on tuotu sinne jostain muualta. Jos olisin saanut olla mukana kokouksessa, jossa Venetsian perustamisesta p\u00e4\u00e4tettiin, kummalle kannalle olisin asettunut?<\/p>\n\n\n\n<p>Firenzen j\u00e4lkeen, kun Assisiin on en\u00e4\u00e4 puolensataa kilometri\u00e4, navigaattori neuvoo poikkeamaan p\u00e4\u00e4tielt\u00e4. Umbrian kukkuloiden pimeill\u00e4 k\u00e4rrypoluilla kiertely tuntuu loputtomalta. Runsaat kaksituhatta kilometri\u00e4 48 tunnissa tuntuvat j\u00e4seniss\u00e4, kun p\u00e4\u00e4sen vihdoin nukkumaan.<\/p>\n\n\n\n<p>P\u00e4iv\u00e4nvalossa laakso ja sit\u00e4 reunustavat vuoret n\u00e4ytt\u00e4v\u00e4t kauneutensa. Residenssiin noustaan jyrkk\u00e4\u00e4, osin p\u00e4\u00e4llyst\u00e4m\u00e4t\u00f6nt\u00e4 tiet\u00e4 aina runsaan 600 metrin korkeuteen. Sirkat soittavat, sylviat laulavat ja k\u00e4ki kukkuu.<\/p>\n\n\n\n<p>Em\u00e4nt\u00e4mme Marina esittelee paikkoja. Saan oman viihtyis\u00e4n huoneen vanhasta maatalosta kunnostetun rakennuksen toisesta kerroksesta. Uskon viihtyv\u00e4ni paikassa erinomaisesti, mist\u00e4 todistaa my\u00f6s ensimm\u00e4inen hyvin nukuttu y\u00f6.<\/p>\n\n\n\n<p>Aamulla teemme ostosretken Assisiin. Pist\u00e4ydymme parissa kirkossa, joissa saan esimakua tulevasta. Alhaalla laaksossa erottuu Fransiskuksen nime\u00e4 kantavan kirkon komea kupoli. Basilikan kuuluisat Jumalan pienen k\u00f6yh\u00e4n el\u00e4m\u00e4\u00e4 ja ihmetekoja kuvaavat freskot on maalannut Giotto. Mik\u00e4 on, mutta ajatus niiden n\u00e4kemisest\u00e4 saa vedet nousemaan silmiini.<\/p>\n\n\n\n<p>Illan viiletess\u00e4 istuskelemme residenssitoverini Matin kanssa ulkona pihalla juttelemassa kollegiaalisia. Keskin\u00e4iset puheemme vanhoista ja tuloillaan olevista t\u00f6ist\u00e4 lupaavat hyv\u00e4\u00e4. Kukaan runoilija ei ole saari.<\/p>\n\n\n\n<p><a href=\"https:\/\/suomenkuvalehti.fi\/kohtaamiset\/2011\/05\/06\/assisi-kutsuu-runoilija-lahtee-residenssiin\/\">Assisi kutsuu &#8211; runoilija l\u00e4htee residenssiin<\/a> (Kohtaamisia 6.5.2011)<\/p>\n\n\n","protected":false},"excerpt":{"rendered":"<p>Pitk\u00e4ll\u00e4 matkalla ainoat kommellukset osuvat heti alkuun ja viime metreille. L\u00e4ht\u00f6 Helsingist\u00e4 on yli nelj\u00e4 tuntia my\u00f6h\u00e4ss\u00e4 ahtaajien pistelakon takia. Vaan mik\u00e4s kiire t\u00e4ss\u00e4, koska perill\u00e4 kirjailijaresidenssiss\u00e4 Assisissa on tarkoitus viett\u00e4\u00e4 kaksi kuukautta. It\u00e4meren poikki<br \/>\nkulkeva koruton &hellip;<\/p>\n","protected":false},"author":40424,"featured_media":0,"comment_status":"open","ping_status":"open","sticky":false,"template":"","format":"standard","meta":{"_acf_changed":false,"asauth_required_access_level":0,"asauth_cansharepaid":"","om_header_attributes":[],"footnotes":"","om_featured_image_focal_point":[],"om_primary_tag":0,"om_contributors":[],"om_co_authors":[],"beyondwords_generate_audio":"","beyondwords_project_id":"","beyondwords_content_id":"","beyondwords_preview_token":"","beyondwords_player_content":"","beyondwords_player_style":"","beyondwords_language_code":"","beyondwords_language_id":"","beyondwords_title_voice_id":"","beyondwords_body_voice_id":"","beyondwords_summary_voice_id":"","beyondwords_error_message":"","beyondwords_disabled":"","beyondwords_delete_content":"","beyondwords_podcast_id":"","beyondwords_hash":"","publish_post_to_speechkit":"","speechkit_hash":"","speechkit_generate_audio":"","speechkit_project_id":"","speechkit_podcast_id":"","speechkit_error_message":"","speechkit_disabled":"","speechkit_access_key":"","speechkit_error":"","speechkit_info":"","speechkit_response":"","speechkit_retries":"","speechkit_status":"","speechkit_updated_at":"","_speechkit_link":"","_speechkit_text":""},"categories":[1],"tags":[101,102,143],"class_list":["post-58","post","type-post","status-publish","format-standard","hentry","category-kohtaamiset","tag-assisi","tag-kirjailijaresidenssi","tag-matti-kilponen"],"om_views":null,"acf":{"tuuma_off":false,"tuuma_kysymys":"","tuuma_vastaus":""},"asauth":{"required_access_level":1,"share_token":"","is_paid":false},"yoast_head":"<!-- This site is optimized with the Yoast SEO plugin v26.4 - https:\/\/yoast.com\/wordpress\/plugins\/seo\/ -->\n<title>Alppien yli ja koukkaus Venetsiaan - Kohtaamiset<\/title>\n<meta name=\"robots\" content=\"index, follow, max-snippet:-1, max-image-preview:large, max-video-preview:-1\" \/>\n<link rel=\"canonical\" href=\"https:\/\/suomenkuvalehti.fi\/kohtaamiset\/alppien-yli-ja-koukkaus-venetsiaan\/\" \/>\n<meta property=\"og:locale\" content=\"fi_FI\" \/>\n<meta property=\"og:type\" content=\"article\" \/>\n<meta property=\"og:title\" content=\"Alppien yli ja koukkaus Venetsiaan - Kohtaamiset\" \/>\n<meta property=\"og:description\" content=\"Pitk\u00e4ll\u00e4 matkalla ainoat kommellukset osuvat heti alkuun ja viime metreille. L\u00e4ht\u00f6 Helsingist\u00e4 on yli nelj\u00e4 tuntia my\u00f6h\u00e4ss\u00e4 ahtaajien pistelakon takia. Vaan mik\u00e4s kiire t\u00e4ss\u00e4, koska perill\u00e4 kirjailijaresidenssiss\u00e4 Assisissa on tarkoitus viett\u00e4\u00e4 kaksi kuukautta. It\u00e4meren poikki kulkeva koruton &hellip;\" \/>\n<meta property=\"og:url\" content=\"https:\/\/suomenkuvalehti.fi\/kohtaamiset\/alppien-yli-ja-koukkaus-venetsiaan\/\" \/>\n<meta property=\"og:site_name\" content=\"Kohtaamiset\" \/>\n<meta property=\"article:published_time\" content=\"2011-05-12T19:17:57+00:00\" \/>\n<meta property=\"article:modified_time\" content=\"2018-01-22T10:09:54+00:00\" \/>\n<meta name=\"author\" content=\"Karri Kokko\" \/>\n<meta name=\"twitter:label1\" content=\"Written by\" \/>\n\t<meta name=\"twitter:data1\" content=\"Karri Kokko\" \/>\n\t<meta name=\"twitter:label2\" content=\"Est. reading time\" \/>\n\t<meta name=\"twitter:data2\" content=\"3 minuuttia\" \/>\n<script type=\"application\/ld+json\" class=\"yoast-schema-graph\">{\"@context\":\"https:\/\/schema.org\",\"@graph\":[{\"@type\":\"WebPage\",\"@id\":\"https:\/\/suomenkuvalehti.fi\/kohtaamiset\/alppien-yli-ja-koukkaus-venetsiaan\/\",\"url\":\"https:\/\/suomenkuvalehti.fi\/kohtaamiset\/alppien-yli-ja-koukkaus-venetsiaan\/\",\"name\":\"Alppien yli ja koukkaus Venetsiaan - Kohtaamiset\",\"isPartOf\":{\"@id\":\"https:\/\/suomenkuvalehti.fi\/kohtaamiset\/#website\"},\"datePublished\":\"2011-05-12T19:17:57+00:00\",\"dateModified\":\"2018-01-22T10:09:54+00:00\",\"author\":{\"@id\":\"https:\/\/suomenkuvalehti.fi\/kohtaamiset\/#\/schema\/person\/71dc0f8e27e96911b6c8a510fa150d3e\"},\"breadcrumb\":{\"@id\":\"https:\/\/suomenkuvalehti.fi\/kohtaamiset\/alppien-yli-ja-koukkaus-venetsiaan\/#breadcrumb\"},\"inLanguage\":\"fi\",\"potentialAction\":[{\"@type\":\"ReadAction\",\"target\":[\"https:\/\/suomenkuvalehti.fi\/kohtaamiset\/alppien-yli-ja-koukkaus-venetsiaan\/\"]}]},{\"@type\":\"BreadcrumbList\",\"@id\":\"https:\/\/suomenkuvalehti.fi\/kohtaamiset\/alppien-yli-ja-koukkaus-venetsiaan\/#breadcrumb\",\"itemListElement\":[{\"@type\":\"ListItem\",\"position\":1,\"name\":\"Home\",\"item\":\"https:\/\/suomenkuvalehti.fi\/kohtaamiset\/\"},{\"@type\":\"ListItem\",\"position\":2,\"name\":\"Alppien yli ja koukkaus Venetsiaan\"}]},{\"@type\":\"WebSite\",\"@id\":\"https:\/\/suomenkuvalehti.fi\/kohtaamiset\/#website\",\"url\":\"https:\/\/suomenkuvalehti.fi\/kohtaamiset\/\",\"name\":\"Kohtaamiset\",\"description\":\"Kohtaamiset-blogi k\u00e4sittelee kirjallisuutta ja kulttuuria.\",\"potentialAction\":[{\"@type\":\"SearchAction\",\"target\":{\"@type\":\"EntryPoint\",\"urlTemplate\":\"https:\/\/suomenkuvalehti.fi\/haku\/?q={search_term_string}\"},\"query-input\":{\"@type\":\"PropertyValueSpecification\",\"valueRequired\":true,\"valueName\":\"search_term_string\"}}],\"inLanguage\":\"fi\"},{\"@type\":\"Person\",\"@id\":\"https:\/\/suomenkuvalehti.fi\/kohtaamiset\/#\/schema\/person\/71dc0f8e27e96911b6c8a510fa150d3e\",\"name\":\"Karri Kokko\",\"image\":{\"@type\":\"ImageObject\",\"inLanguage\":\"fi\",\"@id\":\"https:\/\/suomenkuvalehti.fi\/kohtaamiset\/#\/schema\/person\/image\/\",\"url\":\"https:\/\/suomenkuvalehti.fi\/kohtaamiset\/wp-content\/uploads\/sites\/9\/2013\/11\/sk_leijona_kulta-150x150.png\",\"contentUrl\":\"https:\/\/suomenkuvalehti.fi\/kohtaamiset\/wp-content\/uploads\/sites\/9\/2013\/11\/sk_leijona_kulta-150x150.png\",\"caption\":\"Karri Kokko\"}}]}<\/script>\n<!-- \/ Yoast SEO plugin. -->","yoast_head_json":{"title":"Alppien yli ja koukkaus Venetsiaan - Kohtaamiset","robots":{"index":"index","follow":"follow","max-snippet":"max-snippet:-1","max-image-preview":"max-image-preview:large","max-video-preview":"max-video-preview:-1"},"canonical":"https:\/\/suomenkuvalehti.fi\/kohtaamiset\/alppien-yli-ja-koukkaus-venetsiaan\/","og_locale":"fi_FI","og_type":"article","og_title":"Alppien yli ja koukkaus Venetsiaan - Kohtaamiset","og_description":"Pitk\u00e4ll\u00e4 matkalla ainoat kommellukset osuvat heti alkuun ja viime metreille. L\u00e4ht\u00f6 Helsingist\u00e4 on yli nelj\u00e4 tuntia my\u00f6h\u00e4ss\u00e4 ahtaajien pistelakon takia. Vaan mik\u00e4s kiire t\u00e4ss\u00e4, koska perill\u00e4 kirjailijaresidenssiss\u00e4 Assisissa on tarkoitus viett\u00e4\u00e4 kaksi kuukautta. It\u00e4meren poikki kulkeva koruton &hellip;","og_url":"https:\/\/suomenkuvalehti.fi\/kohtaamiset\/alppien-yli-ja-koukkaus-venetsiaan\/","og_site_name":"Kohtaamiset","article_published_time":"2011-05-12T19:17:57+00:00","article_modified_time":"2018-01-22T10:09:54+00:00","author":"Karri Kokko","twitter_misc":{"Written by":"Karri Kokko","Est. reading time":"3 minuuttia"},"schema":{"@context":"https:\/\/schema.org","@graph":[{"@type":"WebPage","@id":"https:\/\/suomenkuvalehti.fi\/kohtaamiset\/alppien-yli-ja-koukkaus-venetsiaan\/","url":"https:\/\/suomenkuvalehti.fi\/kohtaamiset\/alppien-yli-ja-koukkaus-venetsiaan\/","name":"Alppien yli ja koukkaus Venetsiaan - Kohtaamiset","isPartOf":{"@id":"https:\/\/suomenkuvalehti.fi\/kohtaamiset\/#website"},"datePublished":"2011-05-12T19:17:57+00:00","dateModified":"2018-01-22T10:09:54+00:00","author":{"@id":"https:\/\/suomenkuvalehti.fi\/kohtaamiset\/#\/schema\/person\/71dc0f8e27e96911b6c8a510fa150d3e"},"breadcrumb":{"@id":"https:\/\/suomenkuvalehti.fi\/kohtaamiset\/alppien-yli-ja-koukkaus-venetsiaan\/#breadcrumb"},"inLanguage":"fi","potentialAction":[{"@type":"ReadAction","target":["https:\/\/suomenkuvalehti.fi\/kohtaamiset\/alppien-yli-ja-koukkaus-venetsiaan\/"]}]},{"@type":"BreadcrumbList","@id":"https:\/\/suomenkuvalehti.fi\/kohtaamiset\/alppien-yli-ja-koukkaus-venetsiaan\/#breadcrumb","itemListElement":[{"@type":"ListItem","position":1,"name":"Home","item":"https:\/\/suomenkuvalehti.fi\/kohtaamiset\/"},{"@type":"ListItem","position":2,"name":"Alppien yli ja koukkaus Venetsiaan"}]},{"@type":"WebSite","@id":"https:\/\/suomenkuvalehti.fi\/kohtaamiset\/#website","url":"https:\/\/suomenkuvalehti.fi\/kohtaamiset\/","name":"Kohtaamiset","description":"Kohtaamiset-blogi k\u00e4sittelee kirjallisuutta ja kulttuuria.","potentialAction":[{"@type":"SearchAction","target":{"@type":"EntryPoint","urlTemplate":"https:\/\/suomenkuvalehti.fi\/haku\/?q={search_term_string}"},"query-input":{"@type":"PropertyValueSpecification","valueRequired":true,"valueName":"search_term_string"}}],"inLanguage":"fi"},{"@type":"Person","@id":"https:\/\/suomenkuvalehti.fi\/kohtaamiset\/#\/schema\/person\/71dc0f8e27e96911b6c8a510fa150d3e","name":"Karri Kokko","image":{"@type":"ImageObject","inLanguage":"fi","@id":"https:\/\/suomenkuvalehti.fi\/kohtaamiset\/#\/schema\/person\/image\/","url":"https:\/\/suomenkuvalehti.fi\/kohtaamiset\/wp-content\/uploads\/sites\/9\/2013\/11\/sk_leijona_kulta-150x150.png","contentUrl":"https:\/\/suomenkuvalehti.fi\/kohtaamiset\/wp-content\/uploads\/sites\/9\/2013\/11\/sk_leijona_kulta-150x150.png","caption":"Karri Kokko"}}]}},"_links":{"self":[{"href":"https:\/\/suomenkuvalehti.fi\/kohtaamiset\/wp-json\/wp\/v2\/posts\/58","targetHints":{"allow":["GET"]}}],"collection":[{"href":"https:\/\/suomenkuvalehti.fi\/kohtaamiset\/wp-json\/wp\/v2\/posts"}],"about":[{"href":"https:\/\/suomenkuvalehti.fi\/kohtaamiset\/wp-json\/wp\/v2\/types\/post"}],"author":[{"embeddable":true,"href":"https:\/\/suomenkuvalehti.fi\/kohtaamiset\/wp-json\/wp\/v2\/users\/40424"}],"replies":[{"embeddable":true,"href":"https:\/\/suomenkuvalehti.fi\/kohtaamiset\/wp-json\/wp\/v2\/comments?post=58"}],"version-history":[{"count":1,"href":"https:\/\/suomenkuvalehti.fi\/kohtaamiset\/wp-json\/wp\/v2\/posts\/58\/revisions"}],"predecessor-version":[{"id":225,"href":"https:\/\/suomenkuvalehti.fi\/kohtaamiset\/wp-json\/wp\/v2\/posts\/58\/revisions\/225"}],"wp:attachment":[{"href":"https:\/\/suomenkuvalehti.fi\/kohtaamiset\/wp-json\/wp\/v2\/media?parent=58"}],"wp:term":[{"taxonomy":"category","embeddable":true,"href":"https:\/\/suomenkuvalehti.fi\/kohtaamiset\/wp-json\/wp\/v2\/categories?post=58"},{"taxonomy":"post_tag","embeddable":true,"href":"https:\/\/suomenkuvalehti.fi\/kohtaamiset\/wp-json\/wp\/v2\/tags?post=58"}],"curies":[{"name":"wp","href":"https:\/\/api.w.org\/{rel}","templated":true}]}}