{"id":56,"date":"2011-05-16T18:09:41","date_gmt":"2011-05-16T15:09:41","guid":{"rendered":"https:\/\/suomenkuvalehti.fi\/kohtaamiset\/2011\/05\/16\/ensin-rillattiin-ja-sitten-pestiin-pyykit\/"},"modified":"2018-01-22T12:09:40","modified_gmt":"2018-01-22T10:09:40","slug":"ensin-rillattiin-ja-sitten-pestiin-pyykit","status":"publish","type":"post","link":"https:\/\/suomenkuvalehti.fi\/kohtaamiset\/ensin-rillattiin-ja-sitten-pestiin-pyykit\/","title":{"rendered":"Ensin rillattiin ja sitten pestiin pyykit"},"content":{"rendered":"\n<p>J\u00e4\u00e4kiekon loppuottelun seuraaminen korkealla Umbrian kukkuloilla oli mielenkiintoinen kokemus. Emme tainneet n\u00e4hd\u00e4 ainuttakaan maalia suorana, sill\u00e4 nettiyhteys p\u00e4tki ja tv-kuva oli enimm\u00e4n aikaa pys\u00e4hdyksiss\u00e4.<\/p>\n\n\n\n<p>Sen sijaan Radio Suomen selostus jatkui katkeamatta, mutta oli ainakin minuutin reaaliajasta j\u00e4ljess\u00e4. Niinp\u00e4 selostaja <strong>Mika Hannula<\/strong> j\u00e4nnitti viel\u00e4 loppuvihellyksen tuloa, kun kuvassa <strong>Jarkko Immonen<\/strong> ja kumppanit jo kaulailivat toisiaan maailmanmestareina.<\/p>\n\n\n\n<p>Mutta v\u00e4h\u00e4t me tekniikan pett\u00e4misest\u00e4, kun lopputulos oli oikea. Assisin kujille emme sent\u00e4\u00e4n rohjenneet l\u00e4hte\u00e4 juhlimaan. Otsikkonikin kanssa on v\u00e4h\u00e4n niin ja n\u00e4in. Yst\u00e4vieni facebook-p\u00e4ivitysten perusteella arvelen ja toivon, ett\u00e4 se liittyy kuitenkin j\u00e4\u00e4kiekkoon.<\/p>\n\n\n\n<p>Joka tapauksessa mestaruus pyyhki pois sis\u00e4ll\u00e4 vietetyn sadep\u00e4iv\u00e4n tunnelmat. Sunnuntai kului nen\u00e4 kiinni kirjassa, sill\u00e4 ulkona oli koleaa eik\u00e4 maisemissakaan ollut paljon katsomista, ellei pilvien kulkua vastap\u00e4isen vuorenhuipun editse lasketa.<\/p>\n\n\n\n<p>Ensimm\u00e4inen kokonainen arkiviikko alkoi ty\u00f6n ja rutiinien merkeiss\u00e4. Nyt voi huoletta sanoa, ett\u00e4 kirjoitusv\u00e4lineet on otettu esiin ja kyn\u00e4\u00e4kin v\u00e4h\u00e4n py\u00f6r\u00e4ytetty paperilla.<\/p>\n\n\n\n<p>Iltap\u00e4iv\u00e4ll\u00e4 t\u00e4ydennettiin ruokavarastoja ja pestiin pyykki\u00e4 paikallisessa itsepalvelupesulassa. Supermarketin tuoretiskej\u00e4 katselee t\u00e4\u00e4ll\u00e4 syv\u00e4sti huokaillen. Melkein kaikki on my\u00f6s paikallisten tuottamaa l\u00e4hiruokaa, ja siit\u00e4 ilmoitetaan n\u00e4kyv\u00e4sti.<\/p>\n\n\n\n<p>Illan tullen ennen nukkumaanmenoa voisi viel\u00e4 v\u00e4h\u00e4n mietti\u00e4 runoa &#8211; joko omaa taikka toisen. Samapa tuo, molemmista on saman verran hy\u00f6ty\u00e4.<\/p>\n\n\n","protected":false},"excerpt":{"rendered":"<p>J\u00e4\u00e4kiekon loppuottelun seuraaminen korkealla Umbrian kukkuloilla oli mielenkiintoinen kokemus. Emme tainneet n\u00e4hd\u00e4 ainuttakaan maalia suorana, sill\u00e4 nettiyhteys p\u00e4tki ja tv-kuva oli enimm\u00e4n aikaa pys\u00e4hdyksiss\u00e4. Sen sijaan Radio Suomen selostus jatkui katkeamatta, mutta oli<br \/>\nainakin &hellip;<\/p>\n","protected":false},"author":40424,"featured_media":0,"comment_status":"open","ping_status":"open","sticky":false,"template":"","format":"standard","meta":{"_acf_changed":false,"asauth_required_access_level":0,"asauth_cansharepaid":"","om_header_attributes":[],"footnotes":"","om_featured_image_focal_point":[],"om_primary_tag":0,"om_contributors":[],"om_co_authors":[],"beyondwords_generate_audio":"","beyondwords_project_id":"","beyondwords_content_id":"","beyondwords_preview_token":"","beyondwords_player_content":"","beyondwords_player_style":"","beyondwords_language_code":"","beyondwords_language_id":"","beyondwords_title_voice_id":"","beyondwords_body_voice_id":"","beyondwords_summary_voice_id":"","beyondwords_error_message":"","beyondwords_disabled":"","beyondwords_delete_content":"","beyondwords_podcast_id":"","beyondwords_hash":"","publish_post_to_speechkit":"","speechkit_hash":"","speechkit_generate_audio":"","speechkit_project_id":"","speechkit_podcast_id":"","speechkit_error_message":"","speechkit_disabled":"","speechkit_access_key":"","speechkit_error":"","speechkit_info":"","speechkit_response":"","speechkit_retries":"","speechkit_status":"","speechkit_updated_at":"","_speechkit_link":"","_speechkit_text":""},"categories":[1],"tags":[101,139,102],"class_list":["post-56","post","type-post","status-publish","format-standard","hentry","category-kohtaamiset","tag-assisi","tag-jaakiekko","tag-kirjailijaresidenssi"],"om_views":null,"acf":{"tuuma_off":false,"tuuma_kysymys":"","tuuma_vastaus":""},"asauth":{"required_access_level":1,"share_token":"","is_paid":false},"yoast_head":"<!-- This site is optimized with the Yoast SEO plugin v26.4 - https:\/\/yoast.com\/wordpress\/plugins\/seo\/ -->\n<title>Ensin rillattiin ja sitten pestiin pyykit - Kohtaamiset<\/title>\n<meta name=\"robots\" content=\"index, follow, max-snippet:-1, max-image-preview:large, max-video-preview:-1\" \/>\n<link rel=\"canonical\" href=\"https:\/\/suomenkuvalehti.fi\/kohtaamiset\/ensin-rillattiin-ja-sitten-pestiin-pyykit\/\" \/>\n<meta property=\"og:locale\" content=\"fi_FI\" \/>\n<meta property=\"og:type\" content=\"article\" \/>\n<meta property=\"og:title\" content=\"Ensin rillattiin ja sitten pestiin pyykit - Kohtaamiset\" \/>\n<meta property=\"og:description\" content=\"J\u00e4\u00e4kiekon loppuottelun seuraaminen korkealla Umbrian kukkuloilla oli mielenkiintoinen kokemus. Emme tainneet n\u00e4hd\u00e4 ainuttakaan maalia suorana, sill\u00e4 nettiyhteys p\u00e4tki ja tv-kuva oli enimm\u00e4n aikaa pys\u00e4hdyksiss\u00e4. Sen sijaan Radio Suomen selostus jatkui katkeamatta, mutta oli ainakin &hellip;\" \/>\n<meta property=\"og:url\" content=\"https:\/\/suomenkuvalehti.fi\/kohtaamiset\/ensin-rillattiin-ja-sitten-pestiin-pyykit\/\" \/>\n<meta property=\"og:site_name\" content=\"Kohtaamiset\" \/>\n<meta property=\"article:published_time\" content=\"2011-05-16T15:09:41+00:00\" \/>\n<meta property=\"article:modified_time\" content=\"2018-01-22T10:09:40+00:00\" \/>\n<meta name=\"author\" content=\"Karri Kokko\" \/>\n<meta name=\"twitter:label1\" content=\"Written by\" \/>\n\t<meta name=\"twitter:data1\" content=\"Karri Kokko\" \/>\n\t<meta name=\"twitter:label2\" content=\"Est. reading time\" \/>\n\t<meta name=\"twitter:data2\" content=\"1 minuutti\" \/>\n<script type=\"application\/ld+json\" class=\"yoast-schema-graph\">{\"@context\":\"https:\/\/schema.org\",\"@graph\":[{\"@type\":\"WebPage\",\"@id\":\"https:\/\/suomenkuvalehti.fi\/kohtaamiset\/ensin-rillattiin-ja-sitten-pestiin-pyykit\/\",\"url\":\"https:\/\/suomenkuvalehti.fi\/kohtaamiset\/ensin-rillattiin-ja-sitten-pestiin-pyykit\/\",\"name\":\"Ensin rillattiin ja sitten pestiin pyykit - Kohtaamiset\",\"isPartOf\":{\"@id\":\"https:\/\/suomenkuvalehti.fi\/kohtaamiset\/#website\"},\"datePublished\":\"2011-05-16T15:09:41+00:00\",\"dateModified\":\"2018-01-22T10:09:40+00:00\",\"author\":{\"@id\":\"https:\/\/suomenkuvalehti.fi\/kohtaamiset\/#\/schema\/person\/71dc0f8e27e96911b6c8a510fa150d3e\"},\"breadcrumb\":{\"@id\":\"https:\/\/suomenkuvalehti.fi\/kohtaamiset\/ensin-rillattiin-ja-sitten-pestiin-pyykit\/#breadcrumb\"},\"inLanguage\":\"fi\",\"potentialAction\":[{\"@type\":\"ReadAction\",\"target\":[\"https:\/\/suomenkuvalehti.fi\/kohtaamiset\/ensin-rillattiin-ja-sitten-pestiin-pyykit\/\"]}]},{\"@type\":\"BreadcrumbList\",\"@id\":\"https:\/\/suomenkuvalehti.fi\/kohtaamiset\/ensin-rillattiin-ja-sitten-pestiin-pyykit\/#breadcrumb\",\"itemListElement\":[{\"@type\":\"ListItem\",\"position\":1,\"name\":\"Home\",\"item\":\"https:\/\/suomenkuvalehti.fi\/kohtaamiset\/\"},{\"@type\":\"ListItem\",\"position\":2,\"name\":\"Ensin rillattiin ja sitten pestiin pyykit\"}]},{\"@type\":\"WebSite\",\"@id\":\"https:\/\/suomenkuvalehti.fi\/kohtaamiset\/#website\",\"url\":\"https:\/\/suomenkuvalehti.fi\/kohtaamiset\/\",\"name\":\"Kohtaamiset\",\"description\":\"Kohtaamiset-blogi k\u00e4sittelee kirjallisuutta ja kulttuuria.\",\"potentialAction\":[{\"@type\":\"SearchAction\",\"target\":{\"@type\":\"EntryPoint\",\"urlTemplate\":\"https:\/\/suomenkuvalehti.fi\/haku\/?q={search_term_string}\"},\"query-input\":{\"@type\":\"PropertyValueSpecification\",\"valueRequired\":true,\"valueName\":\"search_term_string\"}}],\"inLanguage\":\"fi\"},{\"@type\":\"Person\",\"@id\":\"https:\/\/suomenkuvalehti.fi\/kohtaamiset\/#\/schema\/person\/71dc0f8e27e96911b6c8a510fa150d3e\",\"name\":\"Karri Kokko\",\"image\":{\"@type\":\"ImageObject\",\"inLanguage\":\"fi\",\"@id\":\"https:\/\/suomenkuvalehti.fi\/kohtaamiset\/#\/schema\/person\/image\/\",\"url\":\"https:\/\/suomenkuvalehti.fi\/kohtaamiset\/wp-content\/uploads\/sites\/9\/2013\/11\/sk_leijona_kulta-150x150.png\",\"contentUrl\":\"https:\/\/suomenkuvalehti.fi\/kohtaamiset\/wp-content\/uploads\/sites\/9\/2013\/11\/sk_leijona_kulta-150x150.png\",\"caption\":\"Karri Kokko\"}}]}<\/script>\n<!-- \/ Yoast SEO plugin. -->","yoast_head_json":{"title":"Ensin rillattiin ja sitten pestiin pyykit - Kohtaamiset","robots":{"index":"index","follow":"follow","max-snippet":"max-snippet:-1","max-image-preview":"max-image-preview:large","max-video-preview":"max-video-preview:-1"},"canonical":"https:\/\/suomenkuvalehti.fi\/kohtaamiset\/ensin-rillattiin-ja-sitten-pestiin-pyykit\/","og_locale":"fi_FI","og_type":"article","og_title":"Ensin rillattiin ja sitten pestiin pyykit - Kohtaamiset","og_description":"J\u00e4\u00e4kiekon loppuottelun seuraaminen korkealla Umbrian kukkuloilla oli mielenkiintoinen kokemus. Emme tainneet n\u00e4hd\u00e4 ainuttakaan maalia suorana, sill\u00e4 nettiyhteys p\u00e4tki ja tv-kuva oli enimm\u00e4n aikaa pys\u00e4hdyksiss\u00e4. Sen sijaan Radio Suomen selostus jatkui katkeamatta, mutta oli ainakin &hellip;","og_url":"https:\/\/suomenkuvalehti.fi\/kohtaamiset\/ensin-rillattiin-ja-sitten-pestiin-pyykit\/","og_site_name":"Kohtaamiset","article_published_time":"2011-05-16T15:09:41+00:00","article_modified_time":"2018-01-22T10:09:40+00:00","author":"Karri Kokko","twitter_misc":{"Written by":"Karri Kokko","Est. reading time":"1 minuutti"},"schema":{"@context":"https:\/\/schema.org","@graph":[{"@type":"WebPage","@id":"https:\/\/suomenkuvalehti.fi\/kohtaamiset\/ensin-rillattiin-ja-sitten-pestiin-pyykit\/","url":"https:\/\/suomenkuvalehti.fi\/kohtaamiset\/ensin-rillattiin-ja-sitten-pestiin-pyykit\/","name":"Ensin rillattiin ja sitten pestiin pyykit - Kohtaamiset","isPartOf":{"@id":"https:\/\/suomenkuvalehti.fi\/kohtaamiset\/#website"},"datePublished":"2011-05-16T15:09:41+00:00","dateModified":"2018-01-22T10:09:40+00:00","author":{"@id":"https:\/\/suomenkuvalehti.fi\/kohtaamiset\/#\/schema\/person\/71dc0f8e27e96911b6c8a510fa150d3e"},"breadcrumb":{"@id":"https:\/\/suomenkuvalehti.fi\/kohtaamiset\/ensin-rillattiin-ja-sitten-pestiin-pyykit\/#breadcrumb"},"inLanguage":"fi","potentialAction":[{"@type":"ReadAction","target":["https:\/\/suomenkuvalehti.fi\/kohtaamiset\/ensin-rillattiin-ja-sitten-pestiin-pyykit\/"]}]},{"@type":"BreadcrumbList","@id":"https:\/\/suomenkuvalehti.fi\/kohtaamiset\/ensin-rillattiin-ja-sitten-pestiin-pyykit\/#breadcrumb","itemListElement":[{"@type":"ListItem","position":1,"name":"Home","item":"https:\/\/suomenkuvalehti.fi\/kohtaamiset\/"},{"@type":"ListItem","position":2,"name":"Ensin rillattiin ja sitten pestiin pyykit"}]},{"@type":"WebSite","@id":"https:\/\/suomenkuvalehti.fi\/kohtaamiset\/#website","url":"https:\/\/suomenkuvalehti.fi\/kohtaamiset\/","name":"Kohtaamiset","description":"Kohtaamiset-blogi k\u00e4sittelee kirjallisuutta ja kulttuuria.","potentialAction":[{"@type":"SearchAction","target":{"@type":"EntryPoint","urlTemplate":"https:\/\/suomenkuvalehti.fi\/haku\/?q={search_term_string}"},"query-input":{"@type":"PropertyValueSpecification","valueRequired":true,"valueName":"search_term_string"}}],"inLanguage":"fi"},{"@type":"Person","@id":"https:\/\/suomenkuvalehti.fi\/kohtaamiset\/#\/schema\/person\/71dc0f8e27e96911b6c8a510fa150d3e","name":"Karri Kokko","image":{"@type":"ImageObject","inLanguage":"fi","@id":"https:\/\/suomenkuvalehti.fi\/kohtaamiset\/#\/schema\/person\/image\/","url":"https:\/\/suomenkuvalehti.fi\/kohtaamiset\/wp-content\/uploads\/sites\/9\/2013\/11\/sk_leijona_kulta-150x150.png","contentUrl":"https:\/\/suomenkuvalehti.fi\/kohtaamiset\/wp-content\/uploads\/sites\/9\/2013\/11\/sk_leijona_kulta-150x150.png","caption":"Karri Kokko"}}]}},"_links":{"self":[{"href":"https:\/\/suomenkuvalehti.fi\/kohtaamiset\/wp-json\/wp\/v2\/posts\/56","targetHints":{"allow":["GET"]}}],"collection":[{"href":"https:\/\/suomenkuvalehti.fi\/kohtaamiset\/wp-json\/wp\/v2\/posts"}],"about":[{"href":"https:\/\/suomenkuvalehti.fi\/kohtaamiset\/wp-json\/wp\/v2\/types\/post"}],"author":[{"embeddable":true,"href":"https:\/\/suomenkuvalehti.fi\/kohtaamiset\/wp-json\/wp\/v2\/users\/40424"}],"replies":[{"embeddable":true,"href":"https:\/\/suomenkuvalehti.fi\/kohtaamiset\/wp-json\/wp\/v2\/comments?post=56"}],"version-history":[{"count":1,"href":"https:\/\/suomenkuvalehti.fi\/kohtaamiset\/wp-json\/wp\/v2\/posts\/56\/revisions"}],"predecessor-version":[{"id":270,"href":"https:\/\/suomenkuvalehti.fi\/kohtaamiset\/wp-json\/wp\/v2\/posts\/56\/revisions\/270"}],"wp:attachment":[{"href":"https:\/\/suomenkuvalehti.fi\/kohtaamiset\/wp-json\/wp\/v2\/media?parent=56"}],"wp:term":[{"taxonomy":"category","embeddable":true,"href":"https:\/\/suomenkuvalehti.fi\/kohtaamiset\/wp-json\/wp\/v2\/categories?post=56"},{"taxonomy":"post_tag","embeddable":true,"href":"https:\/\/suomenkuvalehti.fi\/kohtaamiset\/wp-json\/wp\/v2\/tags?post=56"}],"curies":[{"name":"wp","href":"https:\/\/api.w.org\/{rel}","templated":true}]}}