{"id":54,"date":"2011-05-20T06:31:00","date_gmt":"2011-05-20T03:31:00","guid":{"rendered":"https:\/\/suomenkuvalehti.fi\/kohtaamiset\/2011\/05\/20\/rip-matti-pulkkinen\/"},"modified":"2018-01-22T12:09:15","modified_gmt":"2018-01-22T10:09:15","slug":"rip-matti-pulkkinen","status":"publish","type":"post","link":"https:\/\/suomenkuvalehti.fi\/kohtaamiset\/rip-matti-pulkkinen\/","title":{"rendered":"RIP Matti Pulkkinen"},"content":{"rendered":"\n<p>Kesken p\u00e4iv\u00e4n t\u00f6iden tulee tieto kirjailija <strong>Matti Pulkkisen<\/strong> kuolemasta.<\/p>\n\n\n\n<p>Ensimm\u00e4isen kerran tapasin Matin pian esikoisteoksen ilmestymisen j\u00e4lkeen. Muutama hassu tosifani oli ker\u00e4\u00e4ntynyt Munkkivuoren kirkon seurakuntatiloihin kuulemaan kauas Helsinkiin saapunutta kirjailijaa, joka oli kirjoittanut koskettavan romaanin nimelt\u00e4 <em>Ja pes\u00e4puu itki<\/em>. Sen tekij\u00e4 oli pakko n\u00e4hd\u00e4 el\u00e4v\u00e4n\u00e4.<\/p>\n\n\n\n<p>Seuraava kohtaaminen olikin sitten kollegiaalinen. Sain nimitt\u00e4in teht\u00e4v\u00e4kseni toimittaa h\u00e4nen seuraavan kirjansa <em>Romaanihenkil\u00f6n kuolema<\/em>. Suurempaa kunniaa on vaikea kuvitella.<\/p>\n\n\n\n<p>Viimeksi olin Mattiin yhteydess\u00e4 kev\u00e4\u00e4ll\u00e4 2003, <a href=\"http:\/\/www.parnasso.fi\/2011\/05\/mahdottomien-romaanien-mies\/\">samoissa aikeissa<\/a> kuin <em>Parnasson<\/em> p\u00e4\u00e4toimittaja, tuleva pomoni ja yst\u00e4v\u00e4ni <strong>Jarmo Papinniemi<\/strong> muutamia vuosia my\u00f6hemmin. Pyysin kirjailijalta juttua, johon h\u00e4n ei kuitenkaan en\u00e4\u00e4 pystynyt.<\/p>\n\n\n\n<p>Niin tai n\u00e4in, kotiin palattuani aion noudattaa Jarmon esimerkki\u00e4. Noudattakaa tekin. <em>Pes\u00e4puu<\/em> on romaani, joka ei lakkaa vaikuttamasta.<\/p>\n\n\n\n","protected":false},"excerpt":{"rendered":"<p>Kesken p\u00e4iv\u00e4n t\u00f6iden tulee tieto kirjailija Matti Pulkkisen kuolemasta. Ensimm\u00e4isen kerran tapasin Matin pian esikoisteoksen ilmestymisen j\u00e4lkeen. Muutama hassu tosifani oli ker\u00e4\u00e4ntynyt Munkkivuoren kirkon seurakuntatiloihin kuulemaan kauas Helsinkiin saapunutta kirjailijaa, joka oli kirjoittanut<br \/>\nkosket&hellip;<\/p>\n","protected":false},"author":40424,"featured_media":0,"comment_status":"open","ping_status":"open","sticky":false,"template":"","format":"standard","meta":{"_acf_changed":false,"asauth_required_access_level":0,"asauth_cansharepaid":"","om_header_attributes":[],"footnotes":"","om_featured_image_focal_point":[],"om_primary_tag":0,"om_contributors":[],"om_co_authors":[],"beyondwords_generate_audio":"","beyondwords_project_id":"","beyondwords_content_id":"","beyondwords_preview_token":"","beyondwords_player_content":"","beyondwords_player_style":"","beyondwords_language_code":"","beyondwords_language_id":"","beyondwords_title_voice_id":"","beyondwords_body_voice_id":"","beyondwords_summary_voice_id":"","beyondwords_error_message":"","beyondwords_disabled":"","beyondwords_delete_content":"","beyondwords_podcast_id":"","beyondwords_hash":"","publish_post_to_speechkit":"","speechkit_hash":"","speechkit_generate_audio":"","speechkit_project_id":"","speechkit_podcast_id":"","speechkit_error_message":"","speechkit_disabled":"","speechkit_access_key":"","speechkit_error":"","speechkit_info":"","speechkit_response":"","speechkit_retries":"","speechkit_status":"","speechkit_updated_at":"","_speechkit_link":"","_speechkit_text":""},"categories":[1],"tags":[101,102,137],"class_list":["post-54","post","type-post","status-publish","format-standard","hentry","category-kohtaamiset","tag-assisi","tag-kirjailijaresidenssi","tag-matti-pulkkinen"],"om_views":null,"acf":{"tuuma_off":false,"tuuma_kysymys":"","tuuma_vastaus":""},"asauth":{"required_access_level":1,"share_token":"","is_paid":false},"yoast_head":"<!-- This site is optimized with the Yoast SEO plugin v26.4 - https:\/\/yoast.com\/wordpress\/plugins\/seo\/ -->\n<title>RIP Matti Pulkkinen - Kohtaamiset<\/title>\n<meta name=\"robots\" content=\"index, follow, max-snippet:-1, max-image-preview:large, max-video-preview:-1\" \/>\n<link rel=\"canonical\" href=\"https:\/\/suomenkuvalehti.fi\/kohtaamiset\/rip-matti-pulkkinen\/\" \/>\n<meta property=\"og:locale\" content=\"fi_FI\" \/>\n<meta property=\"og:type\" content=\"article\" \/>\n<meta property=\"og:title\" content=\"RIP Matti Pulkkinen - Kohtaamiset\" \/>\n<meta property=\"og:description\" content=\"Kesken p\u00e4iv\u00e4n t\u00f6iden tulee tieto kirjailija Matti Pulkkisen kuolemasta. Ensimm\u00e4isen kerran tapasin Matin pian esikoisteoksen ilmestymisen j\u00e4lkeen. Muutama hassu tosifani oli ker\u00e4\u00e4ntynyt Munkkivuoren kirkon seurakuntatiloihin kuulemaan kauas Helsinkiin saapunutta kirjailijaa, joka oli kirjoittanut kosket&hellip;\" \/>\n<meta property=\"og:url\" content=\"https:\/\/suomenkuvalehti.fi\/kohtaamiset\/rip-matti-pulkkinen\/\" \/>\n<meta property=\"og:site_name\" content=\"Kohtaamiset\" \/>\n<meta property=\"article:published_time\" content=\"2011-05-20T03:31:00+00:00\" \/>\n<meta property=\"article:modified_time\" content=\"2018-01-22T10:09:15+00:00\" \/>\n<meta name=\"author\" content=\"Karri Kokko\" \/>\n<meta name=\"twitter:label1\" content=\"Written by\" \/>\n\t<meta name=\"twitter:data1\" content=\"Karri Kokko\" \/>\n\t<meta name=\"twitter:label2\" content=\"Est. reading time\" \/>\n\t<meta name=\"twitter:data2\" content=\"1 minuutti\" \/>\n<script type=\"application\/ld+json\" class=\"yoast-schema-graph\">{\"@context\":\"https:\/\/schema.org\",\"@graph\":[{\"@type\":\"WebPage\",\"@id\":\"https:\/\/suomenkuvalehti.fi\/kohtaamiset\/rip-matti-pulkkinen\/\",\"url\":\"https:\/\/suomenkuvalehti.fi\/kohtaamiset\/rip-matti-pulkkinen\/\",\"name\":\"RIP Matti Pulkkinen - Kohtaamiset\",\"isPartOf\":{\"@id\":\"https:\/\/suomenkuvalehti.fi\/kohtaamiset\/#website\"},\"datePublished\":\"2011-05-20T03:31:00+00:00\",\"dateModified\":\"2018-01-22T10:09:15+00:00\",\"author\":{\"@id\":\"https:\/\/suomenkuvalehti.fi\/kohtaamiset\/#\/schema\/person\/71dc0f8e27e96911b6c8a510fa150d3e\"},\"breadcrumb\":{\"@id\":\"https:\/\/suomenkuvalehti.fi\/kohtaamiset\/rip-matti-pulkkinen\/#breadcrumb\"},\"inLanguage\":\"fi\",\"potentialAction\":[{\"@type\":\"ReadAction\",\"target\":[\"https:\/\/suomenkuvalehti.fi\/kohtaamiset\/rip-matti-pulkkinen\/\"]}]},{\"@type\":\"BreadcrumbList\",\"@id\":\"https:\/\/suomenkuvalehti.fi\/kohtaamiset\/rip-matti-pulkkinen\/#breadcrumb\",\"itemListElement\":[{\"@type\":\"ListItem\",\"position\":1,\"name\":\"Home\",\"item\":\"https:\/\/suomenkuvalehti.fi\/kohtaamiset\/\"},{\"@type\":\"ListItem\",\"position\":2,\"name\":\"RIP Matti Pulkkinen\"}]},{\"@type\":\"WebSite\",\"@id\":\"https:\/\/suomenkuvalehti.fi\/kohtaamiset\/#website\",\"url\":\"https:\/\/suomenkuvalehti.fi\/kohtaamiset\/\",\"name\":\"Kohtaamiset\",\"description\":\"Kohtaamiset-blogi k\u00e4sittelee kirjallisuutta ja kulttuuria.\",\"potentialAction\":[{\"@type\":\"SearchAction\",\"target\":{\"@type\":\"EntryPoint\",\"urlTemplate\":\"https:\/\/suomenkuvalehti.fi\/haku\/?q={search_term_string}\"},\"query-input\":{\"@type\":\"PropertyValueSpecification\",\"valueRequired\":true,\"valueName\":\"search_term_string\"}}],\"inLanguage\":\"fi\"},{\"@type\":\"Person\",\"@id\":\"https:\/\/suomenkuvalehti.fi\/kohtaamiset\/#\/schema\/person\/71dc0f8e27e96911b6c8a510fa150d3e\",\"name\":\"Karri Kokko\",\"image\":{\"@type\":\"ImageObject\",\"inLanguage\":\"fi\",\"@id\":\"https:\/\/suomenkuvalehti.fi\/kohtaamiset\/#\/schema\/person\/image\/\",\"url\":\"https:\/\/suomenkuvalehti.fi\/kohtaamiset\/wp-content\/uploads\/sites\/9\/2013\/11\/sk_leijona_kulta-150x150.png\",\"contentUrl\":\"https:\/\/suomenkuvalehti.fi\/kohtaamiset\/wp-content\/uploads\/sites\/9\/2013\/11\/sk_leijona_kulta-150x150.png\",\"caption\":\"Karri Kokko\"}}]}<\/script>\n<!-- \/ Yoast SEO plugin. -->","yoast_head_json":{"title":"RIP Matti Pulkkinen - Kohtaamiset","robots":{"index":"index","follow":"follow","max-snippet":"max-snippet:-1","max-image-preview":"max-image-preview:large","max-video-preview":"max-video-preview:-1"},"canonical":"https:\/\/suomenkuvalehti.fi\/kohtaamiset\/rip-matti-pulkkinen\/","og_locale":"fi_FI","og_type":"article","og_title":"RIP Matti Pulkkinen - Kohtaamiset","og_description":"Kesken p\u00e4iv\u00e4n t\u00f6iden tulee tieto kirjailija Matti Pulkkisen kuolemasta. Ensimm\u00e4isen kerran tapasin Matin pian esikoisteoksen ilmestymisen j\u00e4lkeen. Muutama hassu tosifani oli ker\u00e4\u00e4ntynyt Munkkivuoren kirkon seurakuntatiloihin kuulemaan kauas Helsinkiin saapunutta kirjailijaa, joka oli kirjoittanut kosket&hellip;","og_url":"https:\/\/suomenkuvalehti.fi\/kohtaamiset\/rip-matti-pulkkinen\/","og_site_name":"Kohtaamiset","article_published_time":"2011-05-20T03:31:00+00:00","article_modified_time":"2018-01-22T10:09:15+00:00","author":"Karri Kokko","twitter_misc":{"Written by":"Karri Kokko","Est. reading time":"1 minuutti"},"schema":{"@context":"https:\/\/schema.org","@graph":[{"@type":"WebPage","@id":"https:\/\/suomenkuvalehti.fi\/kohtaamiset\/rip-matti-pulkkinen\/","url":"https:\/\/suomenkuvalehti.fi\/kohtaamiset\/rip-matti-pulkkinen\/","name":"RIP Matti Pulkkinen - Kohtaamiset","isPartOf":{"@id":"https:\/\/suomenkuvalehti.fi\/kohtaamiset\/#website"},"datePublished":"2011-05-20T03:31:00+00:00","dateModified":"2018-01-22T10:09:15+00:00","author":{"@id":"https:\/\/suomenkuvalehti.fi\/kohtaamiset\/#\/schema\/person\/71dc0f8e27e96911b6c8a510fa150d3e"},"breadcrumb":{"@id":"https:\/\/suomenkuvalehti.fi\/kohtaamiset\/rip-matti-pulkkinen\/#breadcrumb"},"inLanguage":"fi","potentialAction":[{"@type":"ReadAction","target":["https:\/\/suomenkuvalehti.fi\/kohtaamiset\/rip-matti-pulkkinen\/"]}]},{"@type":"BreadcrumbList","@id":"https:\/\/suomenkuvalehti.fi\/kohtaamiset\/rip-matti-pulkkinen\/#breadcrumb","itemListElement":[{"@type":"ListItem","position":1,"name":"Home","item":"https:\/\/suomenkuvalehti.fi\/kohtaamiset\/"},{"@type":"ListItem","position":2,"name":"RIP Matti Pulkkinen"}]},{"@type":"WebSite","@id":"https:\/\/suomenkuvalehti.fi\/kohtaamiset\/#website","url":"https:\/\/suomenkuvalehti.fi\/kohtaamiset\/","name":"Kohtaamiset","description":"Kohtaamiset-blogi k\u00e4sittelee kirjallisuutta ja kulttuuria.","potentialAction":[{"@type":"SearchAction","target":{"@type":"EntryPoint","urlTemplate":"https:\/\/suomenkuvalehti.fi\/haku\/?q={search_term_string}"},"query-input":{"@type":"PropertyValueSpecification","valueRequired":true,"valueName":"search_term_string"}}],"inLanguage":"fi"},{"@type":"Person","@id":"https:\/\/suomenkuvalehti.fi\/kohtaamiset\/#\/schema\/person\/71dc0f8e27e96911b6c8a510fa150d3e","name":"Karri Kokko","image":{"@type":"ImageObject","inLanguage":"fi","@id":"https:\/\/suomenkuvalehti.fi\/kohtaamiset\/#\/schema\/person\/image\/","url":"https:\/\/suomenkuvalehti.fi\/kohtaamiset\/wp-content\/uploads\/sites\/9\/2013\/11\/sk_leijona_kulta-150x150.png","contentUrl":"https:\/\/suomenkuvalehti.fi\/kohtaamiset\/wp-content\/uploads\/sites\/9\/2013\/11\/sk_leijona_kulta-150x150.png","caption":"Karri Kokko"}}]}},"_links":{"self":[{"href":"https:\/\/suomenkuvalehti.fi\/kohtaamiset\/wp-json\/wp\/v2\/posts\/54","targetHints":{"allow":["GET"]}}],"collection":[{"href":"https:\/\/suomenkuvalehti.fi\/kohtaamiset\/wp-json\/wp\/v2\/posts"}],"about":[{"href":"https:\/\/suomenkuvalehti.fi\/kohtaamiset\/wp-json\/wp\/v2\/types\/post"}],"author":[{"embeddable":true,"href":"https:\/\/suomenkuvalehti.fi\/kohtaamiset\/wp-json\/wp\/v2\/users\/40424"}],"replies":[{"embeddable":true,"href":"https:\/\/suomenkuvalehti.fi\/kohtaamiset\/wp-json\/wp\/v2\/comments?post=54"}],"version-history":[{"count":1,"href":"https:\/\/suomenkuvalehti.fi\/kohtaamiset\/wp-json\/wp\/v2\/posts\/54\/revisions"}],"predecessor-version":[{"id":268,"href":"https:\/\/suomenkuvalehti.fi\/kohtaamiset\/wp-json\/wp\/v2\/posts\/54\/revisions\/268"}],"wp:attachment":[{"href":"https:\/\/suomenkuvalehti.fi\/kohtaamiset\/wp-json\/wp\/v2\/media?parent=54"}],"wp:term":[{"taxonomy":"category","embeddable":true,"href":"https:\/\/suomenkuvalehti.fi\/kohtaamiset\/wp-json\/wp\/v2\/categories?post=54"},{"taxonomy":"post_tag","embeddable":true,"href":"https:\/\/suomenkuvalehti.fi\/kohtaamiset\/wp-json\/wp\/v2\/tags?post=54"}],"curies":[{"name":"wp","href":"https:\/\/api.w.org\/{rel}","templated":true}]}}