{"id":50,"date":"2011-05-29T12:42:34","date_gmt":"2011-05-29T09:42:34","guid":{"rendered":"https:\/\/suomenkuvalehti.fi\/kohtaamiset\/2011\/05\/29\/halla-aho-vedatti-omiaan-muttei-hamannyt-kaikkia-lukijoitaan\/"},"modified":"2018-01-22T12:08:47","modified_gmt":"2018-01-22T10:08:47","slug":"halla-aho-vedatti-omiaan-muttei-hamannyt-kaikkia-lukijoitaan","status":"publish","type":"post","link":"https:\/\/suomenkuvalehti.fi\/kohtaamiset\/halla-aho-vedatti-omiaan-muttei-hamannyt-kaikkia-lukijoitaan\/","title":{"rendered":"Halla-aho ved\u00e4tti omiaan, muttei h\u00e4m\u00e4nnyt kaikkia lukijoitaan"},"content":{"rendered":"\n<p>Perussuomalaisten rasisminvastainen julkilausuma on osoittautumassa tarkkaan harkituksi sanahelin\u00e4ksi ja rasismin v\u00e4h\u00e4ttelyksi.<\/p>\n\n\n\n<p>Keskiviikkona julkaistu <a href=\"http:\/\/www.yle.fi\/tvuutiset\/uutiset\/upics\/liitetiedostot\/julkilausuma.pdf\">teksti<\/a> (pdf) antaa otsikkoaan my\u00f6ten ymm\u00e4rt\u00e4\u00e4, ett\u00e4 rasismisyyt\u00f6sten kohteeksi joutunut puolue tuomitsee yksimielisesti kaikenlaisen syrjinn\u00e4n.<\/p>\n\n\n\n<p>Taitavasti muotoiltu julkilausuma osoittautuu l\u00e4hemm\u00e4ss\u00e4 tarkastelussa kaikkea muuta kuin rasismin vastaiseksi, <a href=\"http:\/\/palikat.blogspot.com\/2011\/05\/halla-ahon-vedatys-rasistinen-vakivalta.html\">arvioi<\/a> kirjallisuuden- ja kulttuurintutkija <strong>Jussi Ojaj\u00e4rvi<\/strong> blogissaan.<\/p>\n\n\n\n<p>Ojaj\u00e4rven mukaan tekstin kirjoittaja eli perussuomalaisten <strong>Jussi Halla-aho<\/strong> syyllistyy tietoiseen v\u00e4\u00e4ristelyyn eli t\u00e4ss\u00e4 tapauksessa rasismin v\u00e4h\u00e4ttelyyn.<\/p>\n\n\n\n<p>&#8221;Se on taitavaa retoriikkaa ja ennenkuulumattoman r\u00f6yhke\u00e4\u00e4&#8221;, Ojaj\u00e4rvi huomauttaa k\u00e4yty\u00e4\u00e4n seikkaper\u00e4isesti l\u00e4pi julkilausuman merkilliset kiemurat.<\/p>\n\n\n\n<p>Julkilausuman allekirjoittaneet perussuomalaisten kansanedustajat ovat tulleet kollegansa harhauttamiksi, Ojaj\u00e4rvi arvioi.<\/p>\n\n\n\n<p>&#8221;Kaikkien Halla-ahon tekstien kanssa tekemisiss\u00e4 olevien olisikin korkea aika her\u00e4t\u00e4 ja huomata, ett\u00e4 retoriikallaan Halla-aho ved\u00e4tt\u00e4\u00e4 heit\u00e4.&#8221;<\/p>\n\n\n\n<p>&#8221;Hyp\u00e4tk\u00e4\u00e4 kyydist\u00e4 ennen kuin on liian my\u00f6h\u00e4ist\u00e4&#8221;, Ojaj\u00e4rvi p\u00e4\u00e4tt\u00e4\u00e4 kirjoituksensa.<\/p>\n\n\n","protected":false},"excerpt":{"rendered":"<p>Perussuomalaisten rasisminvastainen julkilausuma on osoittautumassa tarkkaan harkituksi sanahelin\u00e4ksi ja rasismin v\u00e4h\u00e4ttelyksi. Keskiviikkona julkaistu teksti (pdf) antaa otsikkoaan my\u00f6ten ymm\u00e4rt\u00e4\u00e4, ett\u00e4 rasismisyyt\u00f6sten kohteeksi joutunut puolue tuomitsee<br \/>\nyksimiel&hellip;<\/p>\n","protected":false},"author":40424,"featured_media":0,"comment_status":"open","ping_status":"open","sticky":false,"template":"","format":"standard","meta":{"_acf_changed":false,"asauth_required_access_level":0,"asauth_cansharepaid":"","om_header_attributes":[],"footnotes":"","om_featured_image_focal_point":[],"om_primary_tag":0,"om_contributors":[],"om_co_authors":[],"beyondwords_generate_audio":"","beyondwords_project_id":"","beyondwords_content_id":"","beyondwords_preview_token":"","beyondwords_player_content":"","beyondwords_player_style":"","beyondwords_language_code":"","beyondwords_language_id":"","beyondwords_title_voice_id":"","beyondwords_body_voice_id":"","beyondwords_summary_voice_id":"","beyondwords_error_message":"","beyondwords_disabled":"","beyondwords_delete_content":"","beyondwords_podcast_id":"","beyondwords_hash":"","publish_post_to_speechkit":"","speechkit_hash":"","speechkit_generate_audio":"","speechkit_project_id":"","speechkit_podcast_id":"","speechkit_error_message":"","speechkit_disabled":"","speechkit_access_key":"","speechkit_error":"","speechkit_info":"","speechkit_response":"","speechkit_retries":"","speechkit_status":"","speechkit_updated_at":"","_speechkit_link":"","_speechkit_text":""},"categories":[1],"tags":[129,126,130,128,127],"class_list":["post-50","post","type-post","status-publish","format-standard","hentry","category-kohtaamiset","tag-julkilausumat","tag-jussi-halla-aho","tag-jussi-ojajarvi","tag-perussuomalaiset","tag-rasismi"],"om_views":null,"acf":{"tuuma_off":false,"tuuma_kysymys":"","tuuma_vastaus":""},"asauth":{"required_access_level":1,"share_token":"","is_paid":false},"yoast_head":"<!-- This site is optimized with the Yoast SEO plugin v26.4 - https:\/\/yoast.com\/wordpress\/plugins\/seo\/ -->\n<title>Halla-aho ved\u00e4tti omiaan, muttei h\u00e4m\u00e4nnyt kaikkia lukijoitaan - Kohtaamiset<\/title>\n<meta name=\"robots\" content=\"index, follow, max-snippet:-1, max-image-preview:large, max-video-preview:-1\" \/>\n<link rel=\"canonical\" href=\"https:\/\/suomenkuvalehti.fi\/kohtaamiset\/halla-aho-vedatti-omiaan-muttei-hamannyt-kaikkia-lukijoitaan\/\" \/>\n<meta property=\"og:locale\" content=\"fi_FI\" \/>\n<meta property=\"og:type\" content=\"article\" \/>\n<meta property=\"og:title\" content=\"Halla-aho ved\u00e4tti omiaan, muttei h\u00e4m\u00e4nnyt kaikkia lukijoitaan - Kohtaamiset\" \/>\n<meta property=\"og:description\" content=\"Perussuomalaisten rasisminvastainen julkilausuma on osoittautumassa tarkkaan harkituksi sanahelin\u00e4ksi ja rasismin v\u00e4h\u00e4ttelyksi. Keskiviikkona julkaistu teksti (pdf) antaa otsikkoaan my\u00f6ten ymm\u00e4rt\u00e4\u00e4, ett\u00e4 rasismisyyt\u00f6sten kohteeksi joutunut puolue tuomitsee yksimiel&hellip;\" \/>\n<meta property=\"og:url\" content=\"https:\/\/suomenkuvalehti.fi\/kohtaamiset\/halla-aho-vedatti-omiaan-muttei-hamannyt-kaikkia-lukijoitaan\/\" \/>\n<meta property=\"og:site_name\" content=\"Kohtaamiset\" \/>\n<meta property=\"article:published_time\" content=\"2011-05-29T09:42:34+00:00\" \/>\n<meta property=\"article:modified_time\" content=\"2018-01-22T10:08:47+00:00\" \/>\n<meta name=\"author\" content=\"Karri Kokko\" \/>\n<meta name=\"twitter:label1\" content=\"Written by\" \/>\n\t<meta name=\"twitter:data1\" content=\"Karri Kokko\" \/>\n\t<meta name=\"twitter:label2\" content=\"Est. reading time\" \/>\n\t<meta name=\"twitter:data2\" content=\"1 minuutti\" \/>\n<script type=\"application\/ld+json\" class=\"yoast-schema-graph\">{\"@context\":\"https:\/\/schema.org\",\"@graph\":[{\"@type\":\"WebPage\",\"@id\":\"https:\/\/suomenkuvalehti.fi\/kohtaamiset\/halla-aho-vedatti-omiaan-muttei-hamannyt-kaikkia-lukijoitaan\/\",\"url\":\"https:\/\/suomenkuvalehti.fi\/kohtaamiset\/halla-aho-vedatti-omiaan-muttei-hamannyt-kaikkia-lukijoitaan\/\",\"name\":\"Halla-aho ved\u00e4tti omiaan, muttei h\u00e4m\u00e4nnyt kaikkia lukijoitaan - Kohtaamiset\",\"isPartOf\":{\"@id\":\"https:\/\/suomenkuvalehti.fi\/kohtaamiset\/#website\"},\"datePublished\":\"2011-05-29T09:42:34+00:00\",\"dateModified\":\"2018-01-22T10:08:47+00:00\",\"author\":{\"@id\":\"https:\/\/suomenkuvalehti.fi\/kohtaamiset\/#\/schema\/person\/71dc0f8e27e96911b6c8a510fa150d3e\"},\"breadcrumb\":{\"@id\":\"https:\/\/suomenkuvalehti.fi\/kohtaamiset\/halla-aho-vedatti-omiaan-muttei-hamannyt-kaikkia-lukijoitaan\/#breadcrumb\"},\"inLanguage\":\"fi\",\"potentialAction\":[{\"@type\":\"ReadAction\",\"target\":[\"https:\/\/suomenkuvalehti.fi\/kohtaamiset\/halla-aho-vedatti-omiaan-muttei-hamannyt-kaikkia-lukijoitaan\/\"]}]},{\"@type\":\"BreadcrumbList\",\"@id\":\"https:\/\/suomenkuvalehti.fi\/kohtaamiset\/halla-aho-vedatti-omiaan-muttei-hamannyt-kaikkia-lukijoitaan\/#breadcrumb\",\"itemListElement\":[{\"@type\":\"ListItem\",\"position\":1,\"name\":\"Home\",\"item\":\"https:\/\/suomenkuvalehti.fi\/kohtaamiset\/\"},{\"@type\":\"ListItem\",\"position\":2,\"name\":\"Halla-aho ved\u00e4tti omiaan, muttei h\u00e4m\u00e4nnyt kaikkia lukijoitaan\"}]},{\"@type\":\"WebSite\",\"@id\":\"https:\/\/suomenkuvalehti.fi\/kohtaamiset\/#website\",\"url\":\"https:\/\/suomenkuvalehti.fi\/kohtaamiset\/\",\"name\":\"Kohtaamiset\",\"description\":\"Kohtaamiset-blogi k\u00e4sittelee kirjallisuutta ja kulttuuria.\",\"potentialAction\":[{\"@type\":\"SearchAction\",\"target\":{\"@type\":\"EntryPoint\",\"urlTemplate\":\"https:\/\/suomenkuvalehti.fi\/haku\/?q={search_term_string}\"},\"query-input\":{\"@type\":\"PropertyValueSpecification\",\"valueRequired\":true,\"valueName\":\"search_term_string\"}}],\"inLanguage\":\"fi\"},{\"@type\":\"Person\",\"@id\":\"https:\/\/suomenkuvalehti.fi\/kohtaamiset\/#\/schema\/person\/71dc0f8e27e96911b6c8a510fa150d3e\",\"name\":\"Karri Kokko\",\"image\":{\"@type\":\"ImageObject\",\"inLanguage\":\"fi\",\"@id\":\"https:\/\/suomenkuvalehti.fi\/kohtaamiset\/#\/schema\/person\/image\/\",\"url\":\"https:\/\/suomenkuvalehti.fi\/kohtaamiset\/wp-content\/uploads\/sites\/9\/2013\/11\/sk_leijona_kulta-150x150.png\",\"contentUrl\":\"https:\/\/suomenkuvalehti.fi\/kohtaamiset\/wp-content\/uploads\/sites\/9\/2013\/11\/sk_leijona_kulta-150x150.png\",\"caption\":\"Karri Kokko\"}}]}<\/script>\n<!-- \/ Yoast SEO plugin. -->","yoast_head_json":{"title":"Halla-aho ved\u00e4tti omiaan, muttei h\u00e4m\u00e4nnyt kaikkia lukijoitaan - Kohtaamiset","robots":{"index":"index","follow":"follow","max-snippet":"max-snippet:-1","max-image-preview":"max-image-preview:large","max-video-preview":"max-video-preview:-1"},"canonical":"https:\/\/suomenkuvalehti.fi\/kohtaamiset\/halla-aho-vedatti-omiaan-muttei-hamannyt-kaikkia-lukijoitaan\/","og_locale":"fi_FI","og_type":"article","og_title":"Halla-aho ved\u00e4tti omiaan, muttei h\u00e4m\u00e4nnyt kaikkia lukijoitaan - Kohtaamiset","og_description":"Perussuomalaisten rasisminvastainen julkilausuma on osoittautumassa tarkkaan harkituksi sanahelin\u00e4ksi ja rasismin v\u00e4h\u00e4ttelyksi. Keskiviikkona julkaistu teksti (pdf) antaa otsikkoaan my\u00f6ten ymm\u00e4rt\u00e4\u00e4, ett\u00e4 rasismisyyt\u00f6sten kohteeksi joutunut puolue tuomitsee yksimiel&hellip;","og_url":"https:\/\/suomenkuvalehti.fi\/kohtaamiset\/halla-aho-vedatti-omiaan-muttei-hamannyt-kaikkia-lukijoitaan\/","og_site_name":"Kohtaamiset","article_published_time":"2011-05-29T09:42:34+00:00","article_modified_time":"2018-01-22T10:08:47+00:00","author":"Karri Kokko","twitter_misc":{"Written by":"Karri Kokko","Est. reading time":"1 minuutti"},"schema":{"@context":"https:\/\/schema.org","@graph":[{"@type":"WebPage","@id":"https:\/\/suomenkuvalehti.fi\/kohtaamiset\/halla-aho-vedatti-omiaan-muttei-hamannyt-kaikkia-lukijoitaan\/","url":"https:\/\/suomenkuvalehti.fi\/kohtaamiset\/halla-aho-vedatti-omiaan-muttei-hamannyt-kaikkia-lukijoitaan\/","name":"Halla-aho ved\u00e4tti omiaan, muttei h\u00e4m\u00e4nnyt kaikkia lukijoitaan - Kohtaamiset","isPartOf":{"@id":"https:\/\/suomenkuvalehti.fi\/kohtaamiset\/#website"},"datePublished":"2011-05-29T09:42:34+00:00","dateModified":"2018-01-22T10:08:47+00:00","author":{"@id":"https:\/\/suomenkuvalehti.fi\/kohtaamiset\/#\/schema\/person\/71dc0f8e27e96911b6c8a510fa150d3e"},"breadcrumb":{"@id":"https:\/\/suomenkuvalehti.fi\/kohtaamiset\/halla-aho-vedatti-omiaan-muttei-hamannyt-kaikkia-lukijoitaan\/#breadcrumb"},"inLanguage":"fi","potentialAction":[{"@type":"ReadAction","target":["https:\/\/suomenkuvalehti.fi\/kohtaamiset\/halla-aho-vedatti-omiaan-muttei-hamannyt-kaikkia-lukijoitaan\/"]}]},{"@type":"BreadcrumbList","@id":"https:\/\/suomenkuvalehti.fi\/kohtaamiset\/halla-aho-vedatti-omiaan-muttei-hamannyt-kaikkia-lukijoitaan\/#breadcrumb","itemListElement":[{"@type":"ListItem","position":1,"name":"Home","item":"https:\/\/suomenkuvalehti.fi\/kohtaamiset\/"},{"@type":"ListItem","position":2,"name":"Halla-aho ved\u00e4tti omiaan, muttei h\u00e4m\u00e4nnyt kaikkia lukijoitaan"}]},{"@type":"WebSite","@id":"https:\/\/suomenkuvalehti.fi\/kohtaamiset\/#website","url":"https:\/\/suomenkuvalehti.fi\/kohtaamiset\/","name":"Kohtaamiset","description":"Kohtaamiset-blogi k\u00e4sittelee kirjallisuutta ja kulttuuria.","potentialAction":[{"@type":"SearchAction","target":{"@type":"EntryPoint","urlTemplate":"https:\/\/suomenkuvalehti.fi\/haku\/?q={search_term_string}"},"query-input":{"@type":"PropertyValueSpecification","valueRequired":true,"valueName":"search_term_string"}}],"inLanguage":"fi"},{"@type":"Person","@id":"https:\/\/suomenkuvalehti.fi\/kohtaamiset\/#\/schema\/person\/71dc0f8e27e96911b6c8a510fa150d3e","name":"Karri Kokko","image":{"@type":"ImageObject","inLanguage":"fi","@id":"https:\/\/suomenkuvalehti.fi\/kohtaamiset\/#\/schema\/person\/image\/","url":"https:\/\/suomenkuvalehti.fi\/kohtaamiset\/wp-content\/uploads\/sites\/9\/2013\/11\/sk_leijona_kulta-150x150.png","contentUrl":"https:\/\/suomenkuvalehti.fi\/kohtaamiset\/wp-content\/uploads\/sites\/9\/2013\/11\/sk_leijona_kulta-150x150.png","caption":"Karri Kokko"}}]}},"_links":{"self":[{"href":"https:\/\/suomenkuvalehti.fi\/kohtaamiset\/wp-json\/wp\/v2\/posts\/50","targetHints":{"allow":["GET"]}}],"collection":[{"href":"https:\/\/suomenkuvalehti.fi\/kohtaamiset\/wp-json\/wp\/v2\/posts"}],"about":[{"href":"https:\/\/suomenkuvalehti.fi\/kohtaamiset\/wp-json\/wp\/v2\/types\/post"}],"author":[{"embeddable":true,"href":"https:\/\/suomenkuvalehti.fi\/kohtaamiset\/wp-json\/wp\/v2\/users\/40424"}],"replies":[{"embeddable":true,"href":"https:\/\/suomenkuvalehti.fi\/kohtaamiset\/wp-json\/wp\/v2\/comments?post=50"}],"version-history":[{"count":1,"href":"https:\/\/suomenkuvalehti.fi\/kohtaamiset\/wp-json\/wp\/v2\/posts\/50\/revisions"}],"predecessor-version":[{"id":264,"href":"https:\/\/suomenkuvalehti.fi\/kohtaamiset\/wp-json\/wp\/v2\/posts\/50\/revisions\/264"}],"wp:attachment":[{"href":"https:\/\/suomenkuvalehti.fi\/kohtaamiset\/wp-json\/wp\/v2\/media?parent=50"}],"wp:term":[{"taxonomy":"category","embeddable":true,"href":"https:\/\/suomenkuvalehti.fi\/kohtaamiset\/wp-json\/wp\/v2\/categories?post=50"},{"taxonomy":"post_tag","embeddable":true,"href":"https:\/\/suomenkuvalehti.fi\/kohtaamiset\/wp-json\/wp\/v2\/tags?post=50"}],"curies":[{"name":"wp","href":"https:\/\/api.w.org\/{rel}","templated":true}]}}