{"id":49,"date":"2011-05-31T22:57:11","date_gmt":"2011-05-31T19:57:11","guid":{"rendered":"https:\/\/suomenkuvalehti.fi\/kohtaamiset\/2011\/05\/31\/nousu-subasion-vuorelle-danten-ja-leinon-opastamina\/"},"modified":"2018-01-22T12:07:29","modified_gmt":"2018-01-22T10:07:29","slug":"nousu-subasion-vuorelle-danten-ja-leinon-opastamina","status":"publish","type":"post","link":"https:\/\/suomenkuvalehti.fi\/kohtaamiset\/nousu-subasion-vuorelle-danten-ja-leinon-opastamina\/","title":{"rendered":"Nousu Subasion vuorelle &#8211; Danten ja Leinon opastamina"},"content":{"rendered":"\n<p>Teimme t\u00e4n\u00e4\u00e4n retken paikkaan, johon viitataan <em>Jumalaisessa n\u00e4ytelm\u00e4ss\u00e4<\/em>.<\/p>\n\n\n\n<p>Kyseess\u00e4 on vuori nimelt\u00e4 <a href=\"http:\/\/en.wikipedia.org\/wiki\/File:Mount_subasio.JPG\">Monte Subasio<\/a>, jonka rinteill\u00e4 <strong>Pyh\u00e4n Fransiskuksen<\/strong> synnyinkaupunkina tunnettu Assisi sijaitsee.<\/p>\n\n\n\n<p>&#8221;Rinteell\u00e4 t\u00e4ll\u00e4&#8221;, <strong>Dante<\/strong> kirjoittaa <em>Paratiisin<\/em> yhdenness\u00e4toista laulussa, &#8221;Aurinko kerran syntyi maailmalle.&#8221;<\/p>\n\n\n\n<p>&#8221;Aurinko&#8221; t\u00e4ss\u00e4 on tietysti Fransiskus. Itse vuoren runoilija tyytyy kuvaamaan vain yhdell\u00e4 sanalla: &#8221;vehmas&#8221;.<\/p>\n\n\n\n<p>Koko Subasiota ja Assisia kuvaava jakso menee n\u00e4in:<\/p>\n\n\n\n<p>V\u00e4lill\u00e4 on Tupinon ynn\u00e4 joen,<br>mi virtaa vuorelta Ubaldon pyh\u00e4n,<br>maa heilim\u00f6iv\u00e4, rinne vehmas, jolta<\/p>\n\n\n\n<p>Perugia, kautta Porta Solen, kylm\u00e4n<br>ja kuuman saa, ja suree taempana<br>Nocera, Gualdo kohtaloaan kovaa.<\/p>\n\n\n\n<p>Rinteell\u00e4 t\u00e4ll\u00e4, miss\u00e4 on se loivin<br>Aurinko kerran syntyi maailmalle<br>kuin usein luona Gangeksen se nousee.<\/p>\n\n\n\n<p>Ken puhuu paikasta siis siit\u00e4, \u00e4lk\u00f6\u00f6n<br>Ascesiks sit\u00e4 mainitko, ei kyllin<br>se sano, sanoo vasta oikein: It\u00e4.<\/p>\n\n\n\n<p><strong>Eino Leinon<\/strong> 1914 ilmestynyt <a href=\"http:\/\/www.gutenberg.org\/cache\/epub\/12547\/pg12547.txt\">suomennos<\/a> on ansiokas, mutta alkutekstin ankarat vaatimukset tekev\u00e4t tekstist\u00e4 tavattoman tihe\u00e4\u00e4 ja siksi vaikealukuista. Selitys on siten paikallaan:<\/p>\n\n\n\n<p>&#8221;Dante m\u00e4\u00e4rittelee t\u00e4ten Pyh\u00e4n Fransiskuksen syntym\u00e4paikan, Assisin kaupungin. Se sijaitsee Umbriassa Subasio-vuoren rinteell\u00e4, joka kohoaa kahden pienen joen, Tupinon ja Chiascion v\u00e4lill\u00e4; viimemainittu saa alkunsa Anscianon vuorelta, jossa pyh\u00e4n Ubaldon, Gubbion piispan, kerrotaan el\u00e4neen. L\u00e4hell\u00e4 Assisin vuorta sijaitsee Perugia, joka id\u00e4st\u00e4 k\u00e4sin, \u00bbkautta Porta Solen\u00bb, on alttiina Subasion vuorelta puhaltaville raaoille talvituulille sek\u00e4 kes\u00e4ll\u00e4 kuumille auringons\u00e4teille, samalla kuin l\u00e4heiset Noceran ja Gualdon kaupungit ovat ilmanalan ja maanlaadun t\u00e4hden viel\u00e4kin ep\u00e4suotuisammassa asemassa.&#8221;<\/p>\n\n\n\n<p>Ja edelleen:<\/p>\n\n\n\n<p>&#8221;Aurinko = Pyh\u00e4 Fransiskus, jonka syntym\u00e4\u00e4 Dante vertaa auringon usein niin kirkkaaseen nousuun id\u00e4ss\u00e4 Ganges-virran luona. Siksi ei riit\u00e4, ett\u00e4 h\u00e4nen synnyinpaikkaansa kutsutaan Assisiksi &#8211; Ascesi tai Scesi on sen vanhentunut muoto &#8211; vaan id\u00e4ksi, tuon ihmetelt\u00e4v\u00e4n aurinkonsa vuoksi.&#8221;<\/p>\n\n\n\n<p>Meilt\u00e4 nousu Monte Subasiolle onnistui helposti, sill\u00e4 autotie kulkee huipulle asti. Vuoren huippu sijaitsee 1290 metri\u00e4 merenpinnan yl\u00e4puolella ja sen puuttomalla laella laiduntavat hevoset, lampaat ja lehm\u00e4t.<\/p>\n\n\n<figure class=\"wp-block-image size-full alignnone\">\n  <div class=\"wp-block-image__inner-container\">\n    <a href='https:\/\/suomenkuvalehti.fi\/wp-content\/uploads\/sk\/files\/2011%20Uutisen%20kuvat\/subasio.jpg'><img decoding=\"async\" src=\"https:\/\/suomenkuvalehti.fi\/wp-content\/uploads\/sk\/files\/2011%20Uutisen%20kuvat\/subasio.jpg\" alt=\"hevosia subasiolla\"\/><\/a>  <\/div>\n<\/figure>\n\n\n\n<p>Huipulta avautui n\u00e4kym\u00e4 kaikkiin ilmansuuntiin. Etualalla Subasiota joka puolelta piiritt\u00e4v\u00e4t viheri\u00e4iset laaksot ja niiden takana Umbriaa halkovat Apenniinit niin kauas kuin silm\u00e4 kantaa.<\/p>\n\n\n\n<p>Danten mainitsemista raaoista talvis\u00e4ist\u00e4 en tied\u00e4, mutta illan tullen tuuli Subasiolla yltyi yht\u00e4kki\u00e4 n\u00e4in kes\u00e4n kynnyksell\u00e4kin. Tuhdit italialaiset ty\u00f6hevoset jatkoivat tyynesti laiduntamista, mutta me pakkauduimme takaisin autoihin ja aloitimme laskeutumisen kohti Spoleton laaksoa.<\/p>\n\n\n\n<p>Subasio n\u00e4ytti j\u00e4lleen vehmautensa. Jos olisin laskenut rinteen kaikki oliivipuut, olisin laskemassa niit\u00e4 viel\u00e4kin.<\/p>\n\n\n\n<h5 class=\"wp-block-heading\">Kuva Karri Kokko.<\/h5>\n\n\n","protected":false},"excerpt":{"rendered":"<p>Teimme t\u00e4n\u00e4\u00e4n retken paikkaan, johon viitataan Jumalaisessa n\u00e4ytelm\u00e4ss\u00e4. Kyseess\u00e4 on vuori nimelt\u00e4 Monte Subasio, jonka rinteill\u00e4 Pyh\u00e4n Fransiskuksen synnyinkaupunkina tunnettu Assisi sijaitsee. &#8221;Rinteell\u00e4 t\u00e4ll\u00e4&#8221;, Dante kirjoittaa Paratiisin<br \/>\nyhdenness\u00e4to&hellip;<\/p>\n","protected":false},"author":40424,"featured_media":0,"comment_status":"open","ping_status":"open","sticky":false,"template":"","format":"standard","meta":{"_acf_changed":false,"asauth_required_access_level":0,"asauth_cansharepaid":"","om_header_attributes":[],"footnotes":"","om_featured_image_focal_point":[],"om_primary_tag":0,"om_contributors":[],"om_co_authors":[],"beyondwords_generate_audio":"","beyondwords_project_id":"","beyondwords_content_id":"","beyondwords_preview_token":"","beyondwords_player_content":"","beyondwords_player_style":"","beyondwords_language_code":"","beyondwords_language_id":"","beyondwords_title_voice_id":"","beyondwords_body_voice_id":"","beyondwords_summary_voice_id":"","beyondwords_error_message":"","beyondwords_disabled":"","beyondwords_delete_content":"","beyondwords_podcast_id":"","beyondwords_hash":"","publish_post_to_speechkit":"","speechkit_hash":"","speechkit_generate_audio":"","speechkit_project_id":"","speechkit_podcast_id":"","speechkit_error_message":"","speechkit_disabled":"","speechkit_access_key":"","speechkit_error":"","speechkit_info":"","speechkit_response":"","speechkit_retries":"","speechkit_status":"","speechkit_updated_at":"","_speechkit_link":"","_speechkit_text":""},"categories":[1],"tags":[101,124,125,102,123],"class_list":["post-49","post","type-post","status-publish","format-standard","hentry","category-kohtaamiset","tag-assisi","tag-dante-alighieri","tag-eino-leino","tag-kirjailijaresidenssi","tag-monte-subasio"],"om_views":null,"acf":{"tuuma_off":false,"tuuma_kysymys":"","tuuma_vastaus":""},"asauth":{"required_access_level":1,"share_token":"","is_paid":false},"yoast_head":"<!-- This site is optimized with the Yoast SEO plugin v26.4 - https:\/\/yoast.com\/wordpress\/plugins\/seo\/ -->\n<title>Nousu Subasion vuorelle - Danten ja Leinon opastamina - Kohtaamiset<\/title>\n<meta name=\"robots\" content=\"index, follow, max-snippet:-1, max-image-preview:large, max-video-preview:-1\" \/>\n<link rel=\"canonical\" href=\"https:\/\/suomenkuvalehti.fi\/kohtaamiset\/nousu-subasion-vuorelle-danten-ja-leinon-opastamina\/\" \/>\n<meta property=\"og:locale\" content=\"fi_FI\" \/>\n<meta property=\"og:type\" content=\"article\" \/>\n<meta property=\"og:title\" content=\"Nousu Subasion vuorelle - Danten ja Leinon opastamina - Kohtaamiset\" \/>\n<meta property=\"og:description\" content=\"Teimme t\u00e4n\u00e4\u00e4n retken paikkaan, johon viitataan Jumalaisessa n\u00e4ytelm\u00e4ss\u00e4. Kyseess\u00e4 on vuori nimelt\u00e4 Monte Subasio, jonka rinteill\u00e4 Pyh\u00e4n Fransiskuksen synnyinkaupunkina tunnettu Assisi sijaitsee. &#8221;Rinteell\u00e4 t\u00e4ll\u00e4&#8221;, Dante kirjoittaa Paratiisin yhdenness\u00e4to&hellip;\" \/>\n<meta property=\"og:url\" content=\"https:\/\/suomenkuvalehti.fi\/kohtaamiset\/nousu-subasion-vuorelle-danten-ja-leinon-opastamina\/\" \/>\n<meta property=\"og:site_name\" content=\"Kohtaamiset\" \/>\n<meta property=\"article:published_time\" content=\"2011-05-31T19:57:11+00:00\" \/>\n<meta property=\"article:modified_time\" content=\"2018-01-22T10:07:29+00:00\" \/>\n<meta property=\"og:image\" content=\"https:\/\/suomenkuvalehti.fi\/wp-content\/uploads\/sk\/files\/2011%20Uutisen%20kuvat\/subasio.jpg\" \/>\n<meta name=\"author\" content=\"Karri Kokko\" \/>\n<meta name=\"twitter:label1\" content=\"Written by\" \/>\n\t<meta name=\"twitter:data1\" content=\"Karri Kokko\" \/>\n\t<meta name=\"twitter:label2\" content=\"Est. reading time\" \/>\n\t<meta name=\"twitter:data2\" content=\"2 minuuttia\" \/>\n<script type=\"application\/ld+json\" class=\"yoast-schema-graph\">{\"@context\":\"https:\/\/schema.org\",\"@graph\":[{\"@type\":\"WebPage\",\"@id\":\"https:\/\/suomenkuvalehti.fi\/kohtaamiset\/nousu-subasion-vuorelle-danten-ja-leinon-opastamina\/\",\"url\":\"https:\/\/suomenkuvalehti.fi\/kohtaamiset\/nousu-subasion-vuorelle-danten-ja-leinon-opastamina\/\",\"name\":\"Nousu Subasion vuorelle - Danten ja Leinon opastamina - Kohtaamiset\",\"isPartOf\":{\"@id\":\"https:\/\/suomenkuvalehti.fi\/kohtaamiset\/#website\"},\"primaryImageOfPage\":{\"@id\":\"https:\/\/suomenkuvalehti.fi\/kohtaamiset\/nousu-subasion-vuorelle-danten-ja-leinon-opastamina\/#primaryimage\"},\"image\":{\"@id\":\"https:\/\/suomenkuvalehti.fi\/kohtaamiset\/nousu-subasion-vuorelle-danten-ja-leinon-opastamina\/#primaryimage\"},\"thumbnailUrl\":\"https:\/\/suomenkuvalehti.fi\/wp-content\/uploads\/sk\/files\/2011%20Uutisen%20kuvat\/subasio.jpg\",\"datePublished\":\"2011-05-31T19:57:11+00:00\",\"dateModified\":\"2018-01-22T10:07:29+00:00\",\"author\":{\"@id\":\"https:\/\/suomenkuvalehti.fi\/kohtaamiset\/#\/schema\/person\/71dc0f8e27e96911b6c8a510fa150d3e\"},\"breadcrumb\":{\"@id\":\"https:\/\/suomenkuvalehti.fi\/kohtaamiset\/nousu-subasion-vuorelle-danten-ja-leinon-opastamina\/#breadcrumb\"},\"inLanguage\":\"fi\",\"potentialAction\":[{\"@type\":\"ReadAction\",\"target\":[\"https:\/\/suomenkuvalehti.fi\/kohtaamiset\/nousu-subasion-vuorelle-danten-ja-leinon-opastamina\/\"]}]},{\"@type\":\"ImageObject\",\"inLanguage\":\"fi\",\"@id\":\"https:\/\/suomenkuvalehti.fi\/kohtaamiset\/nousu-subasion-vuorelle-danten-ja-leinon-opastamina\/#primaryimage\",\"url\":\"https:\/\/suomenkuvalehti.fi\/wp-content\/uploads\/sk\/files\/2011%20Uutisen%20kuvat\/subasio.jpg\",\"contentUrl\":\"https:\/\/suomenkuvalehti.fi\/wp-content\/uploads\/sk\/files\/2011%20Uutisen%20kuvat\/subasio.jpg\"},{\"@type\":\"BreadcrumbList\",\"@id\":\"https:\/\/suomenkuvalehti.fi\/kohtaamiset\/nousu-subasion-vuorelle-danten-ja-leinon-opastamina\/#breadcrumb\",\"itemListElement\":[{\"@type\":\"ListItem\",\"position\":1,\"name\":\"Home\",\"item\":\"https:\/\/suomenkuvalehti.fi\/kohtaamiset\/\"},{\"@type\":\"ListItem\",\"position\":2,\"name\":\"Nousu Subasion vuorelle &#8211; Danten ja Leinon opastamina\"}]},{\"@type\":\"WebSite\",\"@id\":\"https:\/\/suomenkuvalehti.fi\/kohtaamiset\/#website\",\"url\":\"https:\/\/suomenkuvalehti.fi\/kohtaamiset\/\",\"name\":\"Kohtaamiset\",\"description\":\"Kohtaamiset-blogi k\u00e4sittelee kirjallisuutta ja kulttuuria.\",\"potentialAction\":[{\"@type\":\"SearchAction\",\"target\":{\"@type\":\"EntryPoint\",\"urlTemplate\":\"https:\/\/suomenkuvalehti.fi\/haku\/?q={search_term_string}\"},\"query-input\":{\"@type\":\"PropertyValueSpecification\",\"valueRequired\":true,\"valueName\":\"search_term_string\"}}],\"inLanguage\":\"fi\"},{\"@type\":\"Person\",\"@id\":\"https:\/\/suomenkuvalehti.fi\/kohtaamiset\/#\/schema\/person\/71dc0f8e27e96911b6c8a510fa150d3e\",\"name\":\"Karri Kokko\",\"image\":{\"@type\":\"ImageObject\",\"inLanguage\":\"fi\",\"@id\":\"https:\/\/suomenkuvalehti.fi\/kohtaamiset\/#\/schema\/person\/image\/\",\"url\":\"https:\/\/suomenkuvalehti.fi\/kohtaamiset\/wp-content\/uploads\/sites\/9\/2013\/11\/sk_leijona_kulta-150x150.png\",\"contentUrl\":\"https:\/\/suomenkuvalehti.fi\/kohtaamiset\/wp-content\/uploads\/sites\/9\/2013\/11\/sk_leijona_kulta-150x150.png\",\"caption\":\"Karri Kokko\"}}]}<\/script>\n<!-- \/ Yoast SEO plugin. -->","yoast_head_json":{"title":"Nousu Subasion vuorelle - Danten ja Leinon opastamina - Kohtaamiset","robots":{"index":"index","follow":"follow","max-snippet":"max-snippet:-1","max-image-preview":"max-image-preview:large","max-video-preview":"max-video-preview:-1"},"canonical":"https:\/\/suomenkuvalehti.fi\/kohtaamiset\/nousu-subasion-vuorelle-danten-ja-leinon-opastamina\/","og_locale":"fi_FI","og_type":"article","og_title":"Nousu Subasion vuorelle - Danten ja Leinon opastamina - Kohtaamiset","og_description":"Teimme t\u00e4n\u00e4\u00e4n retken paikkaan, johon viitataan Jumalaisessa n\u00e4ytelm\u00e4ss\u00e4. Kyseess\u00e4 on vuori nimelt\u00e4 Monte Subasio, jonka rinteill\u00e4 Pyh\u00e4n Fransiskuksen synnyinkaupunkina tunnettu Assisi sijaitsee. &#8221;Rinteell\u00e4 t\u00e4ll\u00e4&#8221;, Dante kirjoittaa Paratiisin yhdenness\u00e4to&hellip;","og_url":"https:\/\/suomenkuvalehti.fi\/kohtaamiset\/nousu-subasion-vuorelle-danten-ja-leinon-opastamina\/","og_site_name":"Kohtaamiset","article_published_time":"2011-05-31T19:57:11+00:00","article_modified_time":"2018-01-22T10:07:29+00:00","og_image":[{"url":"https:\/\/suomenkuvalehti.fi\/wp-content\/uploads\/sk\/files\/2011%20Uutisen%20kuvat\/subasio.jpg","type":"","width":"","height":""}],"author":"Karri Kokko","twitter_misc":{"Written by":"Karri Kokko","Est. reading time":"2 minuuttia"},"schema":{"@context":"https:\/\/schema.org","@graph":[{"@type":"WebPage","@id":"https:\/\/suomenkuvalehti.fi\/kohtaamiset\/nousu-subasion-vuorelle-danten-ja-leinon-opastamina\/","url":"https:\/\/suomenkuvalehti.fi\/kohtaamiset\/nousu-subasion-vuorelle-danten-ja-leinon-opastamina\/","name":"Nousu Subasion vuorelle - Danten ja Leinon opastamina - Kohtaamiset","isPartOf":{"@id":"https:\/\/suomenkuvalehti.fi\/kohtaamiset\/#website"},"primaryImageOfPage":{"@id":"https:\/\/suomenkuvalehti.fi\/kohtaamiset\/nousu-subasion-vuorelle-danten-ja-leinon-opastamina\/#primaryimage"},"image":{"@id":"https:\/\/suomenkuvalehti.fi\/kohtaamiset\/nousu-subasion-vuorelle-danten-ja-leinon-opastamina\/#primaryimage"},"thumbnailUrl":"https:\/\/suomenkuvalehti.fi\/wp-content\/uploads\/sk\/files\/2011%20Uutisen%20kuvat\/subasio.jpg","datePublished":"2011-05-31T19:57:11+00:00","dateModified":"2018-01-22T10:07:29+00:00","author":{"@id":"https:\/\/suomenkuvalehti.fi\/kohtaamiset\/#\/schema\/person\/71dc0f8e27e96911b6c8a510fa150d3e"},"breadcrumb":{"@id":"https:\/\/suomenkuvalehti.fi\/kohtaamiset\/nousu-subasion-vuorelle-danten-ja-leinon-opastamina\/#breadcrumb"},"inLanguage":"fi","potentialAction":[{"@type":"ReadAction","target":["https:\/\/suomenkuvalehti.fi\/kohtaamiset\/nousu-subasion-vuorelle-danten-ja-leinon-opastamina\/"]}]},{"@type":"ImageObject","inLanguage":"fi","@id":"https:\/\/suomenkuvalehti.fi\/kohtaamiset\/nousu-subasion-vuorelle-danten-ja-leinon-opastamina\/#primaryimage","url":"https:\/\/suomenkuvalehti.fi\/wp-content\/uploads\/sk\/files\/2011%20Uutisen%20kuvat\/subasio.jpg","contentUrl":"https:\/\/suomenkuvalehti.fi\/wp-content\/uploads\/sk\/files\/2011%20Uutisen%20kuvat\/subasio.jpg"},{"@type":"BreadcrumbList","@id":"https:\/\/suomenkuvalehti.fi\/kohtaamiset\/nousu-subasion-vuorelle-danten-ja-leinon-opastamina\/#breadcrumb","itemListElement":[{"@type":"ListItem","position":1,"name":"Home","item":"https:\/\/suomenkuvalehti.fi\/kohtaamiset\/"},{"@type":"ListItem","position":2,"name":"Nousu Subasion vuorelle &#8211; Danten ja Leinon opastamina"}]},{"@type":"WebSite","@id":"https:\/\/suomenkuvalehti.fi\/kohtaamiset\/#website","url":"https:\/\/suomenkuvalehti.fi\/kohtaamiset\/","name":"Kohtaamiset","description":"Kohtaamiset-blogi k\u00e4sittelee kirjallisuutta ja kulttuuria.","potentialAction":[{"@type":"SearchAction","target":{"@type":"EntryPoint","urlTemplate":"https:\/\/suomenkuvalehti.fi\/haku\/?q={search_term_string}"},"query-input":{"@type":"PropertyValueSpecification","valueRequired":true,"valueName":"search_term_string"}}],"inLanguage":"fi"},{"@type":"Person","@id":"https:\/\/suomenkuvalehti.fi\/kohtaamiset\/#\/schema\/person\/71dc0f8e27e96911b6c8a510fa150d3e","name":"Karri Kokko","image":{"@type":"ImageObject","inLanguage":"fi","@id":"https:\/\/suomenkuvalehti.fi\/kohtaamiset\/#\/schema\/person\/image\/","url":"https:\/\/suomenkuvalehti.fi\/kohtaamiset\/wp-content\/uploads\/sites\/9\/2013\/11\/sk_leijona_kulta-150x150.png","contentUrl":"https:\/\/suomenkuvalehti.fi\/kohtaamiset\/wp-content\/uploads\/sites\/9\/2013\/11\/sk_leijona_kulta-150x150.png","caption":"Karri Kokko"}}]}},"_links":{"self":[{"href":"https:\/\/suomenkuvalehti.fi\/kohtaamiset\/wp-json\/wp\/v2\/posts\/49","targetHints":{"allow":["GET"]}}],"collection":[{"href":"https:\/\/suomenkuvalehti.fi\/kohtaamiset\/wp-json\/wp\/v2\/posts"}],"about":[{"href":"https:\/\/suomenkuvalehti.fi\/kohtaamiset\/wp-json\/wp\/v2\/types\/post"}],"author":[{"embeddable":true,"href":"https:\/\/suomenkuvalehti.fi\/kohtaamiset\/wp-json\/wp\/v2\/users\/40424"}],"replies":[{"embeddable":true,"href":"https:\/\/suomenkuvalehti.fi\/kohtaamiset\/wp-json\/wp\/v2\/comments?post=49"}],"version-history":[{"count":1,"href":"https:\/\/suomenkuvalehti.fi\/kohtaamiset\/wp-json\/wp\/v2\/posts\/49\/revisions"}],"predecessor-version":[{"id":242,"href":"https:\/\/suomenkuvalehti.fi\/kohtaamiset\/wp-json\/wp\/v2\/posts\/49\/revisions\/242"}],"wp:attachment":[{"href":"https:\/\/suomenkuvalehti.fi\/kohtaamiset\/wp-json\/wp\/v2\/media?parent=49"}],"wp:term":[{"taxonomy":"category","embeddable":true,"href":"https:\/\/suomenkuvalehti.fi\/kohtaamiset\/wp-json\/wp\/v2\/categories?post=49"},{"taxonomy":"post_tag","embeddable":true,"href":"https:\/\/suomenkuvalehti.fi\/kohtaamiset\/wp-json\/wp\/v2\/tags?post=49"}],"curies":[{"name":"wp","href":"https:\/\/api.w.org\/{rel}","templated":true}]}}