{"id":476,"date":"2014-04-14T13:39:30","date_gmt":"2014-04-14T10:39:30","guid":{"rendered":"https:\/\/suomenkuvalehti.fi\/kohtaamiset\/?p=476"},"modified":"2014-04-14T13:39:30","modified_gmt":"2014-04-14T10:39:30","slug":"tunnetko-sinakin-samoin","status":"publish","type":"post","link":"https:\/\/suomenkuvalehti.fi\/kohtaamiset\/tunnetko-sinakin-samoin\/","title":{"rendered":"Tunnetko sin\u00e4kin samoin?"},"content":{"rendered":"\n<p><strong>David Foster Wallacen<\/strong> lyhytproosateos <em>Vastenmielisten tyyppien lyhyit\u00e4 haastatteluja<\/em> (suom. <strong>Juhani Lindholm<\/strong>) on ehdottomasti vaikea, mutta samalla \u00e4llistytt\u00e4v\u00e4 ja ainutlaatuinen kirja.<\/p>\n\n\n\n<p>Wallacen onnistuu ty\u00f6nt\u00e4\u00e4 koko ajan tikkuja lukijan kynsien alle, aiheuttaa puistatusta ja haastaa ik\u00e4v\u00e4sti silloinkin, kun haluaisi vain nauttia tekstist\u00e4. H\u00e4n jopa esitt\u00e4\u00e4 suoria kysymyksi\u00e4 lukijalle \u2013 oletko nyt tajunnut t\u00e4m\u00e4n, tai tunnetko sin\u00e4kin samoin, tai pid\u00e4tk\u00f6 minusta?<\/p>\n\n\n\n<p>J\u00e4in jatkuvasti kiinni huonosta ajattelusta ja jopa haluttomuudesta ajatella.<\/p>\n\n\n\n<p>Wallace kirjoittaa asioista, joista me muut, kirjailijatkin, yleens\u00e4 vaikenemme. Sellaisia asioita ovat esimerkiksi h\u00e4pe\u00e4st\u00e4 kumpuavat itseinho, myrkyllinen syyllisyydentunto, narsismi, itses\u00e4\u00e4li, ruikuttaminen ja johdattelu. Niist\u00e4 muodostuu psyykkinen haarniska, jolla pidet\u00e4\u00e4n muut ihmiset matkan p\u00e4\u00e4ss\u00e4, Wallace kirjoittaa. Novellin terapeutti sanoo, ett\u00e4 tuollainen henkil\u00f6 on masentunut. My\u00f6s kyseisen novellin nimi on Masentunut henkil\u00f6.<\/p>\n\n\n\n<p>Wallacen henkil\u00f6t ovat t\u00e4ynn\u00e4 kauhistuttavia puutteita ja tuskaa. He h\u00e4pe\u00e4v\u00e4t ja ep\u00e4ilev\u00e4t itse\u00e4\u00e4n. Yhdell\u00e4 on j\u00e4\u00e4t\u00e4 sill\u00e4 kohtaa, miss\u00e4 toisilla on syd\u00e4men empatiaa. Toinen on varautunut ja sulkeutunut, mutta h\u00e4nen sis\u00e4ll\u00e4\u00e4n raivoavat myrskyt. Kolmannen hymyn takana on vihaa, h\u00e4mmennyst\u00e4 ja itseinhoa.<\/p>\n\n\n\n<p>Nuori vaimo on emotionaalisesti ep\u00e4tasapainoinen kunnes oivaltaa yhten\u00e4 hetken\u00e4, mit\u00e4 h\u00e4nen miehens\u00e4 on. Mik\u00e4 painajainen! Toisen novellin mies uskoo, ett\u00e4 k\u00e4rsimys, kauhu ja toisen halventaminen laajentavat ihmisen maailmankuvaa. Er\u00e4\u00e4n novellin m<span style=\"line-height: 1.5em;\">ies yritt\u00e4\u00e4 avautua s\u00e4ngyss\u00e4 naiselle. Nainen h\u00e4keltyy ja samalla h\u00e4nen tietoisuutensa omasta alastomuudestaan saa uuden s\u00e4vyn.<\/span><\/p>\n\n\n\n<p><span style=\"line-height: 1.5em;\">Ei ole helppoa. <\/span>Wallacen henkil\u00f6t k\u00e4rsiv\u00e4t siit\u00e4, ett\u00e4 he eiv\u00e4t kykene ilmaisemaan tuskaansa.&nbsp;<span style=\"line-height: 1.5em;\">He ovat sanoinkuvaamattoman yksin\u00e4isi\u00e4, koko ajan kuilun reunalla.<\/span><span style=\"line-height: 1.5em;\">&nbsp;<\/span><\/p>\n\n\n\n<p>Vaikka ajoittain tulee tunne, ett\u00e4 Wallace tekee kaikkensa ty\u00f6nt\u00e4\u00e4kseen lukijan mahdollisimman kauas, h\u00e4nen lauseensa ovat pitki\u00e4 ja suuntaan jos toiseen k\u00e4\u00e4ntyilevi\u00e4, ovat h\u00e4nen henkil\u00f6ns\u00e4 oudon el\u00e4vi\u00e4 ja tuntevia. Ja kauhistuttavan paljaita, juuri sellaisia mit\u00e4 emme haluaisi olla, ja ehk\u00e4 juuri siksi kirja pit\u00e4\u00e4 otteessaan.<\/p>\n\n\n\n<p>David Foster Wallace teki itsemurhan 2008. Nyt h\u00e4nen teoksensa ovat kulttimaineessa. Tuskin kukaan kirjoittaa samalla tavalla kuin Wallace.<\/p>\n\n\n","protected":false},"excerpt":{"rendered":"<p>David Foster Wallacen lyhytproosateos Vastenmielisten tyyppien lyhyit\u00e4 haastatteluja (suom. Juhani Lindholm) on ehdottomasti vaikea, mutta samalla \u00e4llistytt\u00e4v\u00e4 ja ainutlaatuinen kirja. Wallacen onnistuu ty\u00f6nt\u00e4\u00e4 koko ajan tikkuja lukijan kynsien alle, aiheuttaa puistatusta ja haastaa ik\u00e4v\u00e4sti<br \/>\nsilloink&hellip;<\/p>\n","protected":false},"author":130,"featured_media":0,"comment_status":"open","ping_status":"open","sticky":false,"template":"","format":"standard","meta":{"_acf_changed":false,"asauth_required_access_level":3,"asauth_cansharepaid":"true","om_header_attributes":[],"footnotes":"","om_featured_image_focal_point":[],"om_primary_tag":0,"om_contributors":[],"om_co_authors":[],"beyondwords_generate_audio":"","beyondwords_project_id":"","beyondwords_content_id":"","beyondwords_preview_token":"","beyondwords_player_content":"","beyondwords_player_style":"","beyondwords_language_code":"","beyondwords_language_id":"","beyondwords_title_voice_id":"","beyondwords_body_voice_id":"","beyondwords_summary_voice_id":"","beyondwords_error_message":"","beyondwords_disabled":"","beyondwords_delete_content":"","beyondwords_podcast_id":"","beyondwords_hash":"","publish_post_to_speechkit":"","speechkit_hash":"","speechkit_generate_audio":"","speechkit_project_id":"","speechkit_podcast_id":"","speechkit_error_message":"","speechkit_disabled":"","speechkit_access_key":"","speechkit_error":"","speechkit_info":"","speechkit_response":"","speechkit_retries":"","speechkit_status":"","speechkit_updated_at":"","_speechkit_link":"","_speechkit_text":""},"categories":[1],"tags":[10,513],"class_list":["post-476","post","type-post","status-publish","format-standard","hentry","category-kohtaamiset","tag-david-foster-wallace","tag-vastenmielisten-tyyppien-lyhyita-haastatteluja"],"om_views":null,"acf":{"tuuma_off":false,"tuuma_kysymys":"","tuuma_vastaus":""},"asauth":{"required_access_level":1,"share_token":"","is_paid":false},"yoast_head":"<!-- This site is optimized with the Yoast SEO plugin v26.4 - https:\/\/yoast.com\/wordpress\/plugins\/seo\/ -->\n<title>Tunnetko sin\u00e4kin samoin? - Kohtaamiset<\/title>\n<meta name=\"robots\" content=\"index, follow, max-snippet:-1, max-image-preview:large, max-video-preview:-1\" \/>\n<link rel=\"canonical\" href=\"https:\/\/suomenkuvalehti.fi\/kohtaamiset\/tunnetko-sinakin-samoin\/\" \/>\n<meta property=\"og:locale\" content=\"fi_FI\" \/>\n<meta property=\"og:type\" content=\"article\" \/>\n<meta property=\"og:title\" content=\"Tunnetko sin\u00e4kin samoin? - Kohtaamiset\" \/>\n<meta property=\"og:description\" content=\"David Foster Wallacen lyhytproosateos Vastenmielisten tyyppien lyhyit\u00e4 haastatteluja (suom. Juhani Lindholm) on ehdottomasti vaikea, mutta samalla \u00e4llistytt\u00e4v\u00e4 ja ainutlaatuinen kirja. Wallacen onnistuu ty\u00f6nt\u00e4\u00e4 koko ajan tikkuja lukijan kynsien alle, aiheuttaa puistatusta ja haastaa ik\u00e4v\u00e4sti silloink&hellip;\" \/>\n<meta property=\"og:url\" content=\"https:\/\/suomenkuvalehti.fi\/kohtaamiset\/tunnetko-sinakin-samoin\/\" \/>\n<meta property=\"og:site_name\" content=\"Kohtaamiset\" \/>\n<meta property=\"article:published_time\" content=\"2014-04-14T10:39:30+00:00\" \/>\n<meta name=\"author\" content=\"Riitta Kyl\u00e4np\u00e4\u00e4\" \/>\n<meta name=\"twitter:label1\" content=\"Written by\" \/>\n\t<meta name=\"twitter:data1\" content=\"Riitta Kyl\u00e4np\u00e4\u00e4\" \/>\n\t<meta name=\"twitter:label2\" content=\"Est. reading time\" \/>\n\t<meta name=\"twitter:data2\" content=\"2 minuuttia\" \/>\n<script type=\"application\/ld+json\" class=\"yoast-schema-graph\">{\"@context\":\"https:\/\/schema.org\",\"@graph\":[{\"@type\":\"WebPage\",\"@id\":\"https:\/\/suomenkuvalehti.fi\/kohtaamiset\/tunnetko-sinakin-samoin\/\",\"url\":\"https:\/\/suomenkuvalehti.fi\/kohtaamiset\/tunnetko-sinakin-samoin\/\",\"name\":\"Tunnetko sin\u00e4kin samoin? - Kohtaamiset\",\"isPartOf\":{\"@id\":\"https:\/\/suomenkuvalehti.fi\/kohtaamiset\/#website\"},\"datePublished\":\"2014-04-14T10:39:30+00:00\",\"author\":{\"@id\":\"https:\/\/suomenkuvalehti.fi\/kohtaamiset\/#\/schema\/person\/da7f684fb0579e356a3b258598e62e9b\"},\"breadcrumb\":{\"@id\":\"https:\/\/suomenkuvalehti.fi\/kohtaamiset\/tunnetko-sinakin-samoin\/#breadcrumb\"},\"inLanguage\":\"fi\",\"potentialAction\":[{\"@type\":\"ReadAction\",\"target\":[\"https:\/\/suomenkuvalehti.fi\/kohtaamiset\/tunnetko-sinakin-samoin\/\"]}]},{\"@type\":\"BreadcrumbList\",\"@id\":\"https:\/\/suomenkuvalehti.fi\/kohtaamiset\/tunnetko-sinakin-samoin\/#breadcrumb\",\"itemListElement\":[{\"@type\":\"ListItem\",\"position\":1,\"name\":\"Home\",\"item\":\"https:\/\/suomenkuvalehti.fi\/kohtaamiset\/\"},{\"@type\":\"ListItem\",\"position\":2,\"name\":\"Tunnetko sin\u00e4kin samoin?\"}]},{\"@type\":\"WebSite\",\"@id\":\"https:\/\/suomenkuvalehti.fi\/kohtaamiset\/#website\",\"url\":\"https:\/\/suomenkuvalehti.fi\/kohtaamiset\/\",\"name\":\"Kohtaamiset\",\"description\":\"Kohtaamiset-blogi k\u00e4sittelee kirjallisuutta ja kulttuuria.\",\"potentialAction\":[{\"@type\":\"SearchAction\",\"target\":{\"@type\":\"EntryPoint\",\"urlTemplate\":\"https:\/\/suomenkuvalehti.fi\/haku\/?q={search_term_string}\"},\"query-input\":{\"@type\":\"PropertyValueSpecification\",\"valueRequired\":true,\"valueName\":\"search_term_string\"}}],\"inLanguage\":\"fi\"},{\"@type\":\"Person\",\"@id\":\"https:\/\/suomenkuvalehti.fi\/kohtaamiset\/#\/schema\/person\/da7f684fb0579e356a3b258598e62e9b\",\"name\":\"Riitta Kyl\u00e4np\u00e4\u00e4\",\"image\":{\"@type\":\"ImageObject\",\"inLanguage\":\"fi\",\"@id\":\"https:\/\/suomenkuvalehti.fi\/kohtaamiset\/#\/schema\/person\/image\/\",\"url\":\"https:\/\/suomenkuvalehti.fi\/kohtaamiset\/wp-content\/uploads\/sites\/9\/2013\/11\/SK_KYL\u00c4NP\u00c4\u00c4_Riitta_pieni_MV-1-300x300-150x150.jpg\",\"contentUrl\":\"https:\/\/suomenkuvalehti.fi\/kohtaamiset\/wp-content\/uploads\/sites\/9\/2013\/11\/SK_KYL\u00c4NP\u00c4\u00c4_Riitta_pieni_MV-1-300x300-150x150.jpg\",\"caption\":\"Riitta Kyl\u00e4np\u00e4\u00e4\"},\"description\":\"Kirjoittaja on Suomen Kuvalehden toimittaja.\",\"sameAs\":[\"https:\/\/x.com\/https:\/\/twitter.com\/KylaRiitta\"]}]}<\/script>\n<!-- \/ Yoast SEO plugin. -->","yoast_head_json":{"title":"Tunnetko sin\u00e4kin samoin? - Kohtaamiset","robots":{"index":"index","follow":"follow","max-snippet":"max-snippet:-1","max-image-preview":"max-image-preview:large","max-video-preview":"max-video-preview:-1"},"canonical":"https:\/\/suomenkuvalehti.fi\/kohtaamiset\/tunnetko-sinakin-samoin\/","og_locale":"fi_FI","og_type":"article","og_title":"Tunnetko sin\u00e4kin samoin? - Kohtaamiset","og_description":"David Foster Wallacen lyhytproosateos Vastenmielisten tyyppien lyhyit\u00e4 haastatteluja (suom. Juhani Lindholm) on ehdottomasti vaikea, mutta samalla \u00e4llistytt\u00e4v\u00e4 ja ainutlaatuinen kirja. Wallacen onnistuu ty\u00f6nt\u00e4\u00e4 koko ajan tikkuja lukijan kynsien alle, aiheuttaa puistatusta ja haastaa ik\u00e4v\u00e4sti silloink&hellip;","og_url":"https:\/\/suomenkuvalehti.fi\/kohtaamiset\/tunnetko-sinakin-samoin\/","og_site_name":"Kohtaamiset","article_published_time":"2014-04-14T10:39:30+00:00","author":"Riitta Kyl\u00e4np\u00e4\u00e4","twitter_misc":{"Written by":"Riitta Kyl\u00e4np\u00e4\u00e4","Est. reading time":"2 minuuttia"},"schema":{"@context":"https:\/\/schema.org","@graph":[{"@type":"WebPage","@id":"https:\/\/suomenkuvalehti.fi\/kohtaamiset\/tunnetko-sinakin-samoin\/","url":"https:\/\/suomenkuvalehti.fi\/kohtaamiset\/tunnetko-sinakin-samoin\/","name":"Tunnetko sin\u00e4kin samoin? - Kohtaamiset","isPartOf":{"@id":"https:\/\/suomenkuvalehti.fi\/kohtaamiset\/#website"},"datePublished":"2014-04-14T10:39:30+00:00","author":{"@id":"https:\/\/suomenkuvalehti.fi\/kohtaamiset\/#\/schema\/person\/da7f684fb0579e356a3b258598e62e9b"},"breadcrumb":{"@id":"https:\/\/suomenkuvalehti.fi\/kohtaamiset\/tunnetko-sinakin-samoin\/#breadcrumb"},"inLanguage":"fi","potentialAction":[{"@type":"ReadAction","target":["https:\/\/suomenkuvalehti.fi\/kohtaamiset\/tunnetko-sinakin-samoin\/"]}]},{"@type":"BreadcrumbList","@id":"https:\/\/suomenkuvalehti.fi\/kohtaamiset\/tunnetko-sinakin-samoin\/#breadcrumb","itemListElement":[{"@type":"ListItem","position":1,"name":"Home","item":"https:\/\/suomenkuvalehti.fi\/kohtaamiset\/"},{"@type":"ListItem","position":2,"name":"Tunnetko sin\u00e4kin samoin?"}]},{"@type":"WebSite","@id":"https:\/\/suomenkuvalehti.fi\/kohtaamiset\/#website","url":"https:\/\/suomenkuvalehti.fi\/kohtaamiset\/","name":"Kohtaamiset","description":"Kohtaamiset-blogi k\u00e4sittelee kirjallisuutta ja kulttuuria.","potentialAction":[{"@type":"SearchAction","target":{"@type":"EntryPoint","urlTemplate":"https:\/\/suomenkuvalehti.fi\/haku\/?q={search_term_string}"},"query-input":{"@type":"PropertyValueSpecification","valueRequired":true,"valueName":"search_term_string"}}],"inLanguage":"fi"},{"@type":"Person","@id":"https:\/\/suomenkuvalehti.fi\/kohtaamiset\/#\/schema\/person\/da7f684fb0579e356a3b258598e62e9b","name":"Riitta Kyl\u00e4np\u00e4\u00e4","image":{"@type":"ImageObject","inLanguage":"fi","@id":"https:\/\/suomenkuvalehti.fi\/kohtaamiset\/#\/schema\/person\/image\/","url":"https:\/\/suomenkuvalehti.fi\/kohtaamiset\/wp-content\/uploads\/sites\/9\/2013\/11\/SK_KYL\u00c4NP\u00c4\u00c4_Riitta_pieni_MV-1-300x300-150x150.jpg","contentUrl":"https:\/\/suomenkuvalehti.fi\/kohtaamiset\/wp-content\/uploads\/sites\/9\/2013\/11\/SK_KYL\u00c4NP\u00c4\u00c4_Riitta_pieni_MV-1-300x300-150x150.jpg","caption":"Riitta Kyl\u00e4np\u00e4\u00e4"},"description":"Kirjoittaja on Suomen Kuvalehden toimittaja.","sameAs":["https:\/\/x.com\/https:\/\/twitter.com\/KylaRiitta"]}]}},"_links":{"self":[{"href":"https:\/\/suomenkuvalehti.fi\/kohtaamiset\/wp-json\/wp\/v2\/posts\/476","targetHints":{"allow":["GET"]}}],"collection":[{"href":"https:\/\/suomenkuvalehti.fi\/kohtaamiset\/wp-json\/wp\/v2\/posts"}],"about":[{"href":"https:\/\/suomenkuvalehti.fi\/kohtaamiset\/wp-json\/wp\/v2\/types\/post"}],"author":[{"embeddable":true,"href":"https:\/\/suomenkuvalehti.fi\/kohtaamiset\/wp-json\/wp\/v2\/users\/130"}],"replies":[{"embeddable":true,"href":"https:\/\/suomenkuvalehti.fi\/kohtaamiset\/wp-json\/wp\/v2\/comments?post=476"}],"version-history":[{"count":3,"href":"https:\/\/suomenkuvalehti.fi\/kohtaamiset\/wp-json\/wp\/v2\/posts\/476\/revisions"}],"predecessor-version":[{"id":479,"href":"https:\/\/suomenkuvalehti.fi\/kohtaamiset\/wp-json\/wp\/v2\/posts\/476\/revisions\/479"}],"wp:attachment":[{"href":"https:\/\/suomenkuvalehti.fi\/kohtaamiset\/wp-json\/wp\/v2\/media?parent=476"}],"wp:term":[{"taxonomy":"category","embeddable":true,"href":"https:\/\/suomenkuvalehti.fi\/kohtaamiset\/wp-json\/wp\/v2\/categories?post=476"},{"taxonomy":"post_tag","embeddable":true,"href":"https:\/\/suomenkuvalehti.fi\/kohtaamiset\/wp-json\/wp\/v2\/tags?post=476"}],"curies":[{"name":"wp","href":"https:\/\/api.w.org\/{rel}","templated":true}]}}