{"id":470,"date":"2014-04-08T14:56:53","date_gmt":"2014-04-08T11:56:53","guid":{"rendered":"https:\/\/suomenkuvalehti.fi\/kohtaamiset\/?p=470"},"modified":"2014-04-08T14:56:53","modified_gmt":"2014-04-08T11:56:53","slug":"kari-hotakaisen-sielu-mahassa","status":"publish","type":"post","link":"https:\/\/suomenkuvalehti.fi\/kohtaamiset\/kari-hotakaisen-sielu-mahassa\/","title":{"rendered":"Kari Hotakaisen sielu on mahassa"},"content":{"rendered":"\n<p>Kun Siltalan tiedottaja tarjosi <strong>Pauli Kohelon<\/strong> haastattelua t\u00e4m\u00e4n uutuuskirjan <em>Kassan kautta<\/em> johdosta, ymm\u00e4rsin vaieta. En ollut viel\u00e4 lukenut kirjaa, mutta ristij\u00e4rvel\u00e4isen metsurin ja vision\u00e4\u00e4rin edellisen teoksen, <em>Ohessa tilinumeroni<\/em> perusteella arvasin, ett\u00e4 teos on humoristinen, ja min\u00e4h\u00e4n en humoristeihin kajoa, en\u00e4\u00e4. Olen oppinut kantap\u00e4\u00e4n kautta, ett\u00e4 siit\u00e4 ei seuraa kuin mahalasku, korkeintaan keskinkertainen juttu, seiska miinus.<\/p>\n\n\n\n<p>Mieleeni tulee heti kaksi tapausta. Molemmat liittyv\u00e4t kirjailija <strong>Kari Hotakaiseen<\/strong>. Niin\u00e4 kahtena kertana, joina olen haastatellut h\u00e4nt\u00e4, molemmista on jo vuosia, h\u00e4n teki minuun vaikutuksen. H\u00e4n oli vapisuttavan totinen, mutta h\u00e4nen lauseensa\u2026 Voih, oli t\u00e4ysi ty\u00f6 hillit\u00e4 itsens\u00e4 ja olla r\u00e4j\u00e4ht\u00e4m\u00e4tt\u00e4 nauruun.<\/p>\n\n\n\n<p>H\u00e4nt\u00e4 ei naurattanut.<\/p>\n\n\n\n<p>H\u00e4nen totinen olemuksensa sai minut tekem\u00e4\u00e4n melkein akrobaattitemppuja. Testatakseni &nbsp;h\u00e4nen pokkaansa kysyin h\u00e4nelt\u00e4 niinkin alaik\u00e4isen kysymyksen kuin miss\u00e4 sielu sijaitse. Hotakainen nimitt\u00e4in kertoi lukeneensa aika paljon uskonnollista kirjallisuutta silloista romaaniaan <em>Iisakin kirkkoa<\/em> varten. Olipa h\u00e4n sepitt\u00e4nyt &nbsp;virrenkin romaaniinsa.<\/p>\n\n\n\n<p>H\u00e4n vastasi, naama peruslukemilla, ett\u00e4 sielu on mahassa.<\/p>\n\n\n\n<p>\u201dSiell\u00e4 se on, keskell\u00e4 ihmist\u00e4 eli vatsalaukun puoliv\u00e4liss\u00e4, koska keskiruumis on se, joka m\u00e4\u00e4r\u00e4\u00e4 koko homman. Jos keskimaha on kunnossa, niin moni muukin asia on.\u201d<\/p>\n\n\n\n<p>Ei siin\u00e4 kaikki. Jostain itsellenikin k\u00e4sitt\u00e4m\u00e4tt\u00f6m\u00e4st\u00e4 syyst\u00e4 p\u00e4\u00e4tin olla hauska kirjoittaessani h\u00e4nest\u00e4, ehk\u00e4 jopa j\u00e4ljitell\u00e4 h\u00e4nt\u00e4. En tee sit\u00e4 en\u00e4\u00e4 koskaan. Olen umpitosikko ja piste. Poistimme Hotakaisen kanssa yksiss\u00e4 tuumin kaikki hauskoina pit\u00e4m\u00e4ni kohdat jutusta. Ymm\u00e4rsin, miten ajattelematon olin ollut. En ylt\u00e4nyt niihin syvyyksiin, joihin h\u00e4nen \u00e4kkiselt\u00e4\u00e4n pelk\u00e4st\u00e4\u00e4n hauskat lauseensa johtivat, vaan j\u00e4in r\u00e4pik\u00f6im\u00e4\u00e4n pintakuohuihin.<\/p>\n\n\n\n<p>Niin sen muistan. Todellisuus saattoi olla viel\u00e4kin kaameampi.<\/p>\n\n\n\n<p>Nimimerkki Pauli Kohelo on parodia brasilialaisesta menestyskirjailijasta <strong>Paolo Coelhosta<\/strong>, ja kaiken maailman el\u00e4m\u00e4nohjeitten kaupittelijoista.<\/p>\n\n\n\n<p>My\u00f6s Kohelo jakaa askelmerkkej\u00e4 viisaalla vaelluksellaan. Matkalla jo viimeiselt\u00e4 n\u00e4ytt\u00e4v\u00e4lle l\u00e4ht\u00f6portille h\u00e4n l\u00f6yt\u00e4\u00e4 lantionsa. Toisin kuin kirjan Suhosen veljekset, joilla ei ole lantiota. Siit\u00e4 seuraa monta oivallusta, kuten sekin, ett\u00e4 ihminen, Kohelokin, asuu ruumiissaan. Vaikka h\u00e4nen yst\u00e4vi\u00e4\u00e4n ovat niinkin henkistyneet henkil\u00f6t kuin \u201dHimas-Pekka\u201d, \u201dAmman \u00c4isk\u00e4\u201d, \u201dIsk\u00e4 Mitro\u201d ja \u201dAnnanin Kofi\u201d.<\/p>\n\n\n\n<p>Oivallus tapahtuu kirjan viimeisess\u00e4 P\u00e4\u00e4luvussa, jossa Kohelo lukee <strong>J\u00f6rn Donnerin<\/strong> \u201dLellikki\u00e4\u201d, liki tuhatsivuista min\u00e4min\u00e4-kirjaa. Kaksikiloinen \u201dm\u00f6tk\u00e4le\u201d putoaa Kohelon ohimolle ja siit\u00e4 pikkuvarpaalle. Verta tulee valtavasti, mutta h\u00e4nen onnistuu pelastautua Aallon tarjoiluvaunun avulla.<\/p>\n\n\n\n<p>Satasivuisen kirjan lukee yhdelt\u00e4 istumalta. Sen pidemp\u00e4\u00e4n en jaksaisikaan nauraa.<\/p>\n\n\n","protected":false},"excerpt":{"rendered":"<p>Kun Siltalan tiedottaja tarjosi Pauli Kohelon haastattelua t\u00e4m\u00e4n uutuuskirjan Kassan kautta johdosta, ymm\u00e4rsin vaieta. En ollut viel\u00e4 lukenut kirjaa, mutta ristij\u00e4rvel\u00e4isen metsurin ja vision\u00e4\u00e4rin edellisen teoksen, Ohessa tilinumeroni perusteella arvasin, ett\u00e4 teos on humoristinen, ja<br \/>\nmin\u00e4h\u00e4n &hellip;<\/p>\n","protected":false},"author":130,"featured_media":0,"comment_status":"open","ping_status":"open","sticky":false,"template":"","format":"standard","meta":{"_acf_changed":false,"asauth_required_access_level":3,"asauth_cansharepaid":"true","om_header_attributes":[],"footnotes":"","om_featured_image_focal_point":[],"om_primary_tag":0,"om_contributors":[],"om_co_authors":[],"beyondwords_generate_audio":"","beyondwords_project_id":"","beyondwords_content_id":"","beyondwords_preview_token":"","beyondwords_player_content":"","beyondwords_player_style":"","beyondwords_language_code":"","beyondwords_language_id":"","beyondwords_title_voice_id":"","beyondwords_body_voice_id":"","beyondwords_summary_voice_id":"","beyondwords_error_message":"","beyondwords_disabled":"","beyondwords_delete_content":"","beyondwords_podcast_id":"","beyondwords_hash":"","publish_post_to_speechkit":"","speechkit_hash":"","speechkit_generate_audio":"","speechkit_project_id":"","speechkit_podcast_id":"","speechkit_error_message":"","speechkit_disabled":"","speechkit_access_key":"","speechkit_error":"","speechkit_info":"","speechkit_response":"","speechkit_retries":"","speechkit_status":"","speechkit_updated_at":"","_speechkit_link":"","_speechkit_text":""},"categories":[1],"tags":[510,438,509],"class_list":["post-470","post","type-post","status-publish","format-standard","hentry","category-kohtaamiset","tag-huumori","tag-kari-hotakainen","tag-pauli-kohelo"],"om_views":null,"acf":{"tuuma_off":false,"tuuma_kysymys":"","tuuma_vastaus":""},"asauth":{"required_access_level":1,"share_token":"","is_paid":false},"yoast_head":"<!-- This site is optimized with the Yoast SEO plugin v26.4 - https:\/\/yoast.com\/wordpress\/plugins\/seo\/ -->\n<title>Kari Hotakaisen sielu on mahassa   - Kohtaamiset<\/title>\n<meta name=\"robots\" content=\"index, follow, max-snippet:-1, max-image-preview:large, max-video-preview:-1\" \/>\n<link rel=\"canonical\" href=\"https:\/\/suomenkuvalehti.fi\/kohtaamiset\/kari-hotakaisen-sielu-mahassa\/\" \/>\n<meta property=\"og:locale\" content=\"fi_FI\" \/>\n<meta property=\"og:type\" content=\"article\" \/>\n<meta property=\"og:title\" content=\"Kari Hotakaisen sielu on mahassa   - Kohtaamiset\" \/>\n<meta property=\"og:description\" content=\"Kun Siltalan tiedottaja tarjosi Pauli Kohelon haastattelua t\u00e4m\u00e4n uutuuskirjan Kassan kautta johdosta, ymm\u00e4rsin vaieta. En ollut viel\u00e4 lukenut kirjaa, mutta ristij\u00e4rvel\u00e4isen metsurin ja vision\u00e4\u00e4rin edellisen teoksen, Ohessa tilinumeroni perusteella arvasin, ett\u00e4 teos on humoristinen, ja min\u00e4h\u00e4n &hellip;\" \/>\n<meta property=\"og:url\" content=\"https:\/\/suomenkuvalehti.fi\/kohtaamiset\/kari-hotakaisen-sielu-mahassa\/\" \/>\n<meta property=\"og:site_name\" content=\"Kohtaamiset\" \/>\n<meta property=\"article:published_time\" content=\"2014-04-08T11:56:53+00:00\" \/>\n<meta name=\"author\" content=\"Riitta Kyl\u00e4np\u00e4\u00e4\" \/>\n<meta name=\"twitter:label1\" content=\"Written by\" \/>\n\t<meta name=\"twitter:data1\" content=\"Riitta Kyl\u00e4np\u00e4\u00e4\" \/>\n\t<meta name=\"twitter:label2\" content=\"Est. reading time\" \/>\n\t<meta name=\"twitter:data2\" content=\"2 minuuttia\" \/>\n<script type=\"application\/ld+json\" class=\"yoast-schema-graph\">{\"@context\":\"https:\/\/schema.org\",\"@graph\":[{\"@type\":\"WebPage\",\"@id\":\"https:\/\/suomenkuvalehti.fi\/kohtaamiset\/kari-hotakaisen-sielu-mahassa\/\",\"url\":\"https:\/\/suomenkuvalehti.fi\/kohtaamiset\/kari-hotakaisen-sielu-mahassa\/\",\"name\":\"Kari Hotakaisen sielu on mahassa - Kohtaamiset\",\"isPartOf\":{\"@id\":\"https:\/\/suomenkuvalehti.fi\/kohtaamiset\/#website\"},\"datePublished\":\"2014-04-08T11:56:53+00:00\",\"author\":{\"@id\":\"https:\/\/suomenkuvalehti.fi\/kohtaamiset\/#\/schema\/person\/da7f684fb0579e356a3b258598e62e9b\"},\"breadcrumb\":{\"@id\":\"https:\/\/suomenkuvalehti.fi\/kohtaamiset\/kari-hotakaisen-sielu-mahassa\/#breadcrumb\"},\"inLanguage\":\"fi\",\"potentialAction\":[{\"@type\":\"ReadAction\",\"target\":[\"https:\/\/suomenkuvalehti.fi\/kohtaamiset\/kari-hotakaisen-sielu-mahassa\/\"]}]},{\"@type\":\"BreadcrumbList\",\"@id\":\"https:\/\/suomenkuvalehti.fi\/kohtaamiset\/kari-hotakaisen-sielu-mahassa\/#breadcrumb\",\"itemListElement\":[{\"@type\":\"ListItem\",\"position\":1,\"name\":\"Home\",\"item\":\"https:\/\/suomenkuvalehti.fi\/kohtaamiset\/\"},{\"@type\":\"ListItem\",\"position\":2,\"name\":\"Kari Hotakaisen sielu on mahassa\"}]},{\"@type\":\"WebSite\",\"@id\":\"https:\/\/suomenkuvalehti.fi\/kohtaamiset\/#website\",\"url\":\"https:\/\/suomenkuvalehti.fi\/kohtaamiset\/\",\"name\":\"Kohtaamiset\",\"description\":\"Kohtaamiset-blogi k\u00e4sittelee kirjallisuutta ja kulttuuria.\",\"potentialAction\":[{\"@type\":\"SearchAction\",\"target\":{\"@type\":\"EntryPoint\",\"urlTemplate\":\"https:\/\/suomenkuvalehti.fi\/haku\/?q={search_term_string}\"},\"query-input\":{\"@type\":\"PropertyValueSpecification\",\"valueRequired\":true,\"valueName\":\"search_term_string\"}}],\"inLanguage\":\"fi\"},{\"@type\":\"Person\",\"@id\":\"https:\/\/suomenkuvalehti.fi\/kohtaamiset\/#\/schema\/person\/da7f684fb0579e356a3b258598e62e9b\",\"name\":\"Riitta Kyl\u00e4np\u00e4\u00e4\",\"image\":{\"@type\":\"ImageObject\",\"inLanguage\":\"fi\",\"@id\":\"https:\/\/suomenkuvalehti.fi\/kohtaamiset\/#\/schema\/person\/image\/\",\"url\":\"https:\/\/suomenkuvalehti.fi\/kohtaamiset\/wp-content\/uploads\/sites\/9\/2013\/11\/SK_KYL\u00c4NP\u00c4\u00c4_Riitta_pieni_MV-1-300x300-150x150.jpg\",\"contentUrl\":\"https:\/\/suomenkuvalehti.fi\/kohtaamiset\/wp-content\/uploads\/sites\/9\/2013\/11\/SK_KYL\u00c4NP\u00c4\u00c4_Riitta_pieni_MV-1-300x300-150x150.jpg\",\"caption\":\"Riitta Kyl\u00e4np\u00e4\u00e4\"},\"description\":\"Kirjoittaja on Suomen Kuvalehden toimittaja.\",\"sameAs\":[\"https:\/\/x.com\/https:\/\/twitter.com\/KylaRiitta\"]}]}<\/script>\n<!-- \/ Yoast SEO plugin. -->","yoast_head_json":{"title":"Kari Hotakaisen sielu on mahassa   - Kohtaamiset","robots":{"index":"index","follow":"follow","max-snippet":"max-snippet:-1","max-image-preview":"max-image-preview:large","max-video-preview":"max-video-preview:-1"},"canonical":"https:\/\/suomenkuvalehti.fi\/kohtaamiset\/kari-hotakaisen-sielu-mahassa\/","og_locale":"fi_FI","og_type":"article","og_title":"Kari Hotakaisen sielu on mahassa   - Kohtaamiset","og_description":"Kun Siltalan tiedottaja tarjosi Pauli Kohelon haastattelua t\u00e4m\u00e4n uutuuskirjan Kassan kautta johdosta, ymm\u00e4rsin vaieta. En ollut viel\u00e4 lukenut kirjaa, mutta ristij\u00e4rvel\u00e4isen metsurin ja vision\u00e4\u00e4rin edellisen teoksen, Ohessa tilinumeroni perusteella arvasin, ett\u00e4 teos on humoristinen, ja min\u00e4h\u00e4n &hellip;","og_url":"https:\/\/suomenkuvalehti.fi\/kohtaamiset\/kari-hotakaisen-sielu-mahassa\/","og_site_name":"Kohtaamiset","article_published_time":"2014-04-08T11:56:53+00:00","author":"Riitta Kyl\u00e4np\u00e4\u00e4","twitter_misc":{"Written by":"Riitta Kyl\u00e4np\u00e4\u00e4","Est. reading time":"2 minuuttia"},"schema":{"@context":"https:\/\/schema.org","@graph":[{"@type":"WebPage","@id":"https:\/\/suomenkuvalehti.fi\/kohtaamiset\/kari-hotakaisen-sielu-mahassa\/","url":"https:\/\/suomenkuvalehti.fi\/kohtaamiset\/kari-hotakaisen-sielu-mahassa\/","name":"Kari Hotakaisen sielu on mahassa - Kohtaamiset","isPartOf":{"@id":"https:\/\/suomenkuvalehti.fi\/kohtaamiset\/#website"},"datePublished":"2014-04-08T11:56:53+00:00","author":{"@id":"https:\/\/suomenkuvalehti.fi\/kohtaamiset\/#\/schema\/person\/da7f684fb0579e356a3b258598e62e9b"},"breadcrumb":{"@id":"https:\/\/suomenkuvalehti.fi\/kohtaamiset\/kari-hotakaisen-sielu-mahassa\/#breadcrumb"},"inLanguage":"fi","potentialAction":[{"@type":"ReadAction","target":["https:\/\/suomenkuvalehti.fi\/kohtaamiset\/kari-hotakaisen-sielu-mahassa\/"]}]},{"@type":"BreadcrumbList","@id":"https:\/\/suomenkuvalehti.fi\/kohtaamiset\/kari-hotakaisen-sielu-mahassa\/#breadcrumb","itemListElement":[{"@type":"ListItem","position":1,"name":"Home","item":"https:\/\/suomenkuvalehti.fi\/kohtaamiset\/"},{"@type":"ListItem","position":2,"name":"Kari Hotakaisen sielu on mahassa"}]},{"@type":"WebSite","@id":"https:\/\/suomenkuvalehti.fi\/kohtaamiset\/#website","url":"https:\/\/suomenkuvalehti.fi\/kohtaamiset\/","name":"Kohtaamiset","description":"Kohtaamiset-blogi k\u00e4sittelee kirjallisuutta ja kulttuuria.","potentialAction":[{"@type":"SearchAction","target":{"@type":"EntryPoint","urlTemplate":"https:\/\/suomenkuvalehti.fi\/haku\/?q={search_term_string}"},"query-input":{"@type":"PropertyValueSpecification","valueRequired":true,"valueName":"search_term_string"}}],"inLanguage":"fi"},{"@type":"Person","@id":"https:\/\/suomenkuvalehti.fi\/kohtaamiset\/#\/schema\/person\/da7f684fb0579e356a3b258598e62e9b","name":"Riitta Kyl\u00e4np\u00e4\u00e4","image":{"@type":"ImageObject","inLanguage":"fi","@id":"https:\/\/suomenkuvalehti.fi\/kohtaamiset\/#\/schema\/person\/image\/","url":"https:\/\/suomenkuvalehti.fi\/kohtaamiset\/wp-content\/uploads\/sites\/9\/2013\/11\/SK_KYL\u00c4NP\u00c4\u00c4_Riitta_pieni_MV-1-300x300-150x150.jpg","contentUrl":"https:\/\/suomenkuvalehti.fi\/kohtaamiset\/wp-content\/uploads\/sites\/9\/2013\/11\/SK_KYL\u00c4NP\u00c4\u00c4_Riitta_pieni_MV-1-300x300-150x150.jpg","caption":"Riitta Kyl\u00e4np\u00e4\u00e4"},"description":"Kirjoittaja on Suomen Kuvalehden toimittaja.","sameAs":["https:\/\/x.com\/https:\/\/twitter.com\/KylaRiitta"]}]}},"_links":{"self":[{"href":"https:\/\/suomenkuvalehti.fi\/kohtaamiset\/wp-json\/wp\/v2\/posts\/470","targetHints":{"allow":["GET"]}}],"collection":[{"href":"https:\/\/suomenkuvalehti.fi\/kohtaamiset\/wp-json\/wp\/v2\/posts"}],"about":[{"href":"https:\/\/suomenkuvalehti.fi\/kohtaamiset\/wp-json\/wp\/v2\/types\/post"}],"author":[{"embeddable":true,"href":"https:\/\/suomenkuvalehti.fi\/kohtaamiset\/wp-json\/wp\/v2\/users\/130"}],"replies":[{"embeddable":true,"href":"https:\/\/suomenkuvalehti.fi\/kohtaamiset\/wp-json\/wp\/v2\/comments?post=470"}],"version-history":[{"count":2,"href":"https:\/\/suomenkuvalehti.fi\/kohtaamiset\/wp-json\/wp\/v2\/posts\/470\/revisions"}],"predecessor-version":[{"id":473,"href":"https:\/\/suomenkuvalehti.fi\/kohtaamiset\/wp-json\/wp\/v2\/posts\/470\/revisions\/473"}],"wp:attachment":[{"href":"https:\/\/suomenkuvalehti.fi\/kohtaamiset\/wp-json\/wp\/v2\/media?parent=470"}],"wp:term":[{"taxonomy":"category","embeddable":true,"href":"https:\/\/suomenkuvalehti.fi\/kohtaamiset\/wp-json\/wp\/v2\/categories?post=470"},{"taxonomy":"post_tag","embeddable":true,"href":"https:\/\/suomenkuvalehti.fi\/kohtaamiset\/wp-json\/wp\/v2\/tags?post=470"}],"curies":[{"name":"wp","href":"https:\/\/api.w.org\/{rel}","templated":true}]}}