{"id":46,"date":"2011-06-10T20:23:05","date_gmt":"2011-06-10T17:23:05","guid":{"rendered":"https:\/\/suomenkuvalehti.fi\/kohtaamiset\/2011\/06\/10\/residenssi-jatkuu-apurahan-turvin\/"},"modified":"2018-01-22T12:06:50","modified_gmt":"2018-01-22T10:06:50","slug":"residenssi-jatkuu-apurahan-turvin","status":"publish","type":"post","link":"https:\/\/suomenkuvalehti.fi\/kohtaamiset\/residenssi-jatkuu-apurahan-turvin\/","title":{"rendered":"Residenssi jatkuu apurahan turvin"},"content":{"rendered":"\n<p>Sain t\u00e4n\u00e4\u00e4n hyvi\u00e4 uutisia: residenssiavustusta koskeva hakemukseni on hyv\u00e4ksytty eli oleskeluni Italiassa jatkuu viel\u00e4 kuukauden p\u00e4iv\u00e4t.<\/p>\n\n\n\n<p>Opetusministeri\u00f6n alainen <a href=\"\/\/www.taiteenkeskustoimikunta.fi\/default.asp?WCI=wciFrame_rightmenu&amp;strlanguage_id=fi&amp;strsub_page=org&amp;IntId=1%22;\">Taiteen keskustoimikunta<\/a> on kulttuurilaitos parhaasta p\u00e4\u00e4st\u00e4. Monen muun toimensa ohella se esimerkiksi tukee ulkomailla tapahtuvaa taiteellista ty\u00f6skentely\u00e4.<\/p>\n\n\n\n<p>Minun tapauksessani apuraha kattaa matkakulujen lis\u00e4ksi kahden kuukauden oleskelun Italian Assisissa sijaitsevassa kirjailijaresidenssiss\u00e4. K\u00e4yt\u00e4nn\u00f6ss\u00e4 tuki tarkoittaa, ett\u00e4 tuon ajan voin keskitty\u00e4 taiteelliseen ty\u00f6skentelyyn l\u00e4hes ilman huolta muusta toimeentulosta.<\/p>\n\n\n\n<p>Vastaavanlaisia suomalaisten k\u00e4ytt\u00f6\u00f6n tarkoitettuja residenssej\u00e4 on ymp\u00e4ri Eurooppaa, muun muassa Roomassa, Pariisissa ja Prahassa. Niiss\u00e4 kirjailijat ovat ty\u00f6skennelleet eri pituisia aikoja jo vuosikausien ajan.<\/p>\n\n\n\n<p>Umbrian maakunnassa keskell\u00e4 Italiaa sijaitseva <a href=\"http:\/\/artestudioginestrelle.wordpress.com\/\">Arte Studio Ginestrelle<\/a> on sen sijaan uusi tuttavuus. Siin\u00e4 mieless\u00e4 saamani apuraha on t\u00e4rke\u00e4 signaali ja koskee my\u00f6s tulevaisuutta: jatkossa Assississa n\u00e4hd\u00e4\u00e4n todenn\u00e4k\u00f6isesti runsaasti suomalaisia kirjailijoita.<\/p>\n\n\n\n<p>Mit\u00e4 sitten yhteiskunta saa vastineeksi my\u00f6nt\u00e4m\u00e4ll\u00e4\u00e4n apurahalla? Ei juuri mit\u00e4\u00e4n sellaista, joka olisi suoraan muutettavissa taloudelliseksi hy\u00f6dyksi, mutta jotain sent\u00e4\u00e4n.<\/p>\n\n\n\n<p>Oman tuotantoni karttuminen on tietysti mukava juttu, muttei suinkaan p\u00e4\u00e4asia. Kotiin palattuani tuon mukanani kulttuurista p\u00e4\u00e4omaa eteenp\u00e4in jaettavaksi. Sen lis\u00e4ksi olen toiminut l\u00e4hettil\u00e4\u00e4n\u00e4 ja tehnyt suomalaista runoutta tunnetuksi (ensi viikolla osallistumalla esimerkiksi t\u00e4h\u00e4n <a href=\"http:\/\/slowforward.wordpress.com\/2011\/05\/27\/la-punta-della-lingua-2011\/\">runoustapahtumaan<\/a>). Henkil\u00f6kohtaiset suhteet ja l\u00e4sn\u00e4olo ovat ensiarvoisia my\u00f6s virtuaaliseen tukeutuvassa ajassa.<\/p>\n\n\n","protected":false},"excerpt":{"rendered":"<p>Sain t\u00e4n\u00e4\u00e4n hyvi\u00e4 uutisia: residenssiavustusta koskeva hakemukseni on hyv\u00e4ksytty eli oleskeluni Italiassa jatkuu viel\u00e4 kuukauden p\u00e4iv\u00e4t. Opetusministeri\u00f6n alainen Taiteen keskustoimikunta on kulttuurilaitos parhaasta p\u00e4\u00e4st\u00e4. Monen muun toimensa ohella se esimerkiksi tukee ulkomailla<br \/>\ntapahtuvaa &hellip;<\/p>\n","protected":false},"author":40424,"featured_media":0,"comment_status":"open","ping_status":"open","sticky":false,"template":"","format":"standard","meta":{"_acf_changed":false,"asauth_required_access_level":0,"asauth_cansharepaid":"","om_header_attributes":[],"footnotes":"","om_featured_image_focal_point":[],"om_primary_tag":0,"om_contributors":[],"om_co_authors":[],"beyondwords_generate_audio":"","beyondwords_project_id":"","beyondwords_content_id":"","beyondwords_preview_token":"","beyondwords_player_content":"","beyondwords_player_style":"","beyondwords_language_code":"","beyondwords_language_id":"","beyondwords_title_voice_id":"","beyondwords_body_voice_id":"","beyondwords_summary_voice_id":"","beyondwords_error_message":"","beyondwords_disabled":"","beyondwords_delete_content":"","beyondwords_podcast_id":"","beyondwords_hash":"","publish_post_to_speechkit":"","speechkit_hash":"","speechkit_generate_audio":"","speechkit_project_id":"","speechkit_podcast_id":"","speechkit_error_message":"","speechkit_disabled":"","speechkit_access_key":"","speechkit_error":"","speechkit_info":"","speechkit_response":"","speechkit_retries":"","speechkit_status":"","speechkit_updated_at":"","_speechkit_link":"","_speechkit_text":""},"categories":[1],"tags":[116,101,102,117],"class_list":["post-46","post","type-post","status-publish","format-standard","hentry","category-kohtaamiset","tag-apurahat","tag-assisi","tag-kirjailijaresidenssi","tag-taiteen-keskustoimikunta"],"om_views":null,"acf":{"tuuma_off":false,"tuuma_kysymys":"","tuuma_vastaus":""},"asauth":{"required_access_level":1,"share_token":"","is_paid":false},"yoast_head":"<!-- This site is optimized with the Yoast SEO plugin v26.4 - https:\/\/yoast.com\/wordpress\/plugins\/seo\/ -->\n<title>Residenssi jatkuu apurahan turvin - Kohtaamiset<\/title>\n<meta name=\"robots\" content=\"index, follow, max-snippet:-1, max-image-preview:large, max-video-preview:-1\" \/>\n<link rel=\"canonical\" href=\"https:\/\/suomenkuvalehti.fi\/kohtaamiset\/residenssi-jatkuu-apurahan-turvin\/\" \/>\n<meta property=\"og:locale\" content=\"fi_FI\" \/>\n<meta property=\"og:type\" content=\"article\" \/>\n<meta property=\"og:title\" content=\"Residenssi jatkuu apurahan turvin - Kohtaamiset\" \/>\n<meta property=\"og:description\" content=\"Sain t\u00e4n\u00e4\u00e4n hyvi\u00e4 uutisia: residenssiavustusta koskeva hakemukseni on hyv\u00e4ksytty eli oleskeluni Italiassa jatkuu viel\u00e4 kuukauden p\u00e4iv\u00e4t. Opetusministeri\u00f6n alainen Taiteen keskustoimikunta on kulttuurilaitos parhaasta p\u00e4\u00e4st\u00e4. Monen muun toimensa ohella se esimerkiksi tukee ulkomailla tapahtuvaa &hellip;\" \/>\n<meta property=\"og:url\" content=\"https:\/\/suomenkuvalehti.fi\/kohtaamiset\/residenssi-jatkuu-apurahan-turvin\/\" \/>\n<meta property=\"og:site_name\" content=\"Kohtaamiset\" \/>\n<meta property=\"article:published_time\" content=\"2011-06-10T17:23:05+00:00\" \/>\n<meta property=\"article:modified_time\" content=\"2018-01-22T10:06:50+00:00\" \/>\n<meta name=\"author\" content=\"Karri Kokko\" \/>\n<meta name=\"twitter:label1\" content=\"Written by\" \/>\n\t<meta name=\"twitter:data1\" content=\"Karri Kokko\" \/>\n\t<meta name=\"twitter:label2\" content=\"Est. reading time\" \/>\n\t<meta name=\"twitter:data2\" content=\"1 minuutti\" \/>\n<script type=\"application\/ld+json\" class=\"yoast-schema-graph\">{\"@context\":\"https:\/\/schema.org\",\"@graph\":[{\"@type\":\"WebPage\",\"@id\":\"https:\/\/suomenkuvalehti.fi\/kohtaamiset\/residenssi-jatkuu-apurahan-turvin\/\",\"url\":\"https:\/\/suomenkuvalehti.fi\/kohtaamiset\/residenssi-jatkuu-apurahan-turvin\/\",\"name\":\"Residenssi jatkuu apurahan turvin - Kohtaamiset\",\"isPartOf\":{\"@id\":\"https:\/\/suomenkuvalehti.fi\/kohtaamiset\/#website\"},\"datePublished\":\"2011-06-10T17:23:05+00:00\",\"dateModified\":\"2018-01-22T10:06:50+00:00\",\"author\":{\"@id\":\"https:\/\/suomenkuvalehti.fi\/kohtaamiset\/#\/schema\/person\/71dc0f8e27e96911b6c8a510fa150d3e\"},\"breadcrumb\":{\"@id\":\"https:\/\/suomenkuvalehti.fi\/kohtaamiset\/residenssi-jatkuu-apurahan-turvin\/#breadcrumb\"},\"inLanguage\":\"fi\",\"potentialAction\":[{\"@type\":\"ReadAction\",\"target\":[\"https:\/\/suomenkuvalehti.fi\/kohtaamiset\/residenssi-jatkuu-apurahan-turvin\/\"]}]},{\"@type\":\"BreadcrumbList\",\"@id\":\"https:\/\/suomenkuvalehti.fi\/kohtaamiset\/residenssi-jatkuu-apurahan-turvin\/#breadcrumb\",\"itemListElement\":[{\"@type\":\"ListItem\",\"position\":1,\"name\":\"Home\",\"item\":\"https:\/\/suomenkuvalehti.fi\/kohtaamiset\/\"},{\"@type\":\"ListItem\",\"position\":2,\"name\":\"Residenssi jatkuu apurahan turvin\"}]},{\"@type\":\"WebSite\",\"@id\":\"https:\/\/suomenkuvalehti.fi\/kohtaamiset\/#website\",\"url\":\"https:\/\/suomenkuvalehti.fi\/kohtaamiset\/\",\"name\":\"Kohtaamiset\",\"description\":\"Kohtaamiset-blogi k\u00e4sittelee kirjallisuutta ja kulttuuria.\",\"potentialAction\":[{\"@type\":\"SearchAction\",\"target\":{\"@type\":\"EntryPoint\",\"urlTemplate\":\"https:\/\/suomenkuvalehti.fi\/haku\/?q={search_term_string}\"},\"query-input\":{\"@type\":\"PropertyValueSpecification\",\"valueRequired\":true,\"valueName\":\"search_term_string\"}}],\"inLanguage\":\"fi\"},{\"@type\":\"Person\",\"@id\":\"https:\/\/suomenkuvalehti.fi\/kohtaamiset\/#\/schema\/person\/71dc0f8e27e96911b6c8a510fa150d3e\",\"name\":\"Karri Kokko\",\"image\":{\"@type\":\"ImageObject\",\"inLanguage\":\"fi\",\"@id\":\"https:\/\/suomenkuvalehti.fi\/kohtaamiset\/#\/schema\/person\/image\/\",\"url\":\"https:\/\/suomenkuvalehti.fi\/kohtaamiset\/wp-content\/uploads\/sites\/9\/2013\/11\/sk_leijona_kulta-150x150.png\",\"contentUrl\":\"https:\/\/suomenkuvalehti.fi\/kohtaamiset\/wp-content\/uploads\/sites\/9\/2013\/11\/sk_leijona_kulta-150x150.png\",\"caption\":\"Karri Kokko\"}}]}<\/script>\n<!-- \/ Yoast SEO plugin. -->","yoast_head_json":{"title":"Residenssi jatkuu apurahan turvin - Kohtaamiset","robots":{"index":"index","follow":"follow","max-snippet":"max-snippet:-1","max-image-preview":"max-image-preview:large","max-video-preview":"max-video-preview:-1"},"canonical":"https:\/\/suomenkuvalehti.fi\/kohtaamiset\/residenssi-jatkuu-apurahan-turvin\/","og_locale":"fi_FI","og_type":"article","og_title":"Residenssi jatkuu apurahan turvin - Kohtaamiset","og_description":"Sain t\u00e4n\u00e4\u00e4n hyvi\u00e4 uutisia: residenssiavustusta koskeva hakemukseni on hyv\u00e4ksytty eli oleskeluni Italiassa jatkuu viel\u00e4 kuukauden p\u00e4iv\u00e4t. Opetusministeri\u00f6n alainen Taiteen keskustoimikunta on kulttuurilaitos parhaasta p\u00e4\u00e4st\u00e4. Monen muun toimensa ohella se esimerkiksi tukee ulkomailla tapahtuvaa &hellip;","og_url":"https:\/\/suomenkuvalehti.fi\/kohtaamiset\/residenssi-jatkuu-apurahan-turvin\/","og_site_name":"Kohtaamiset","article_published_time":"2011-06-10T17:23:05+00:00","article_modified_time":"2018-01-22T10:06:50+00:00","author":"Karri Kokko","twitter_misc":{"Written by":"Karri Kokko","Est. reading time":"1 minuutti"},"schema":{"@context":"https:\/\/schema.org","@graph":[{"@type":"WebPage","@id":"https:\/\/suomenkuvalehti.fi\/kohtaamiset\/residenssi-jatkuu-apurahan-turvin\/","url":"https:\/\/suomenkuvalehti.fi\/kohtaamiset\/residenssi-jatkuu-apurahan-turvin\/","name":"Residenssi jatkuu apurahan turvin - Kohtaamiset","isPartOf":{"@id":"https:\/\/suomenkuvalehti.fi\/kohtaamiset\/#website"},"datePublished":"2011-06-10T17:23:05+00:00","dateModified":"2018-01-22T10:06:50+00:00","author":{"@id":"https:\/\/suomenkuvalehti.fi\/kohtaamiset\/#\/schema\/person\/71dc0f8e27e96911b6c8a510fa150d3e"},"breadcrumb":{"@id":"https:\/\/suomenkuvalehti.fi\/kohtaamiset\/residenssi-jatkuu-apurahan-turvin\/#breadcrumb"},"inLanguage":"fi","potentialAction":[{"@type":"ReadAction","target":["https:\/\/suomenkuvalehti.fi\/kohtaamiset\/residenssi-jatkuu-apurahan-turvin\/"]}]},{"@type":"BreadcrumbList","@id":"https:\/\/suomenkuvalehti.fi\/kohtaamiset\/residenssi-jatkuu-apurahan-turvin\/#breadcrumb","itemListElement":[{"@type":"ListItem","position":1,"name":"Home","item":"https:\/\/suomenkuvalehti.fi\/kohtaamiset\/"},{"@type":"ListItem","position":2,"name":"Residenssi jatkuu apurahan turvin"}]},{"@type":"WebSite","@id":"https:\/\/suomenkuvalehti.fi\/kohtaamiset\/#website","url":"https:\/\/suomenkuvalehti.fi\/kohtaamiset\/","name":"Kohtaamiset","description":"Kohtaamiset-blogi k\u00e4sittelee kirjallisuutta ja kulttuuria.","potentialAction":[{"@type":"SearchAction","target":{"@type":"EntryPoint","urlTemplate":"https:\/\/suomenkuvalehti.fi\/haku\/?q={search_term_string}"},"query-input":{"@type":"PropertyValueSpecification","valueRequired":true,"valueName":"search_term_string"}}],"inLanguage":"fi"},{"@type":"Person","@id":"https:\/\/suomenkuvalehti.fi\/kohtaamiset\/#\/schema\/person\/71dc0f8e27e96911b6c8a510fa150d3e","name":"Karri Kokko","image":{"@type":"ImageObject","inLanguage":"fi","@id":"https:\/\/suomenkuvalehti.fi\/kohtaamiset\/#\/schema\/person\/image\/","url":"https:\/\/suomenkuvalehti.fi\/kohtaamiset\/wp-content\/uploads\/sites\/9\/2013\/11\/sk_leijona_kulta-150x150.png","contentUrl":"https:\/\/suomenkuvalehti.fi\/kohtaamiset\/wp-content\/uploads\/sites\/9\/2013\/11\/sk_leijona_kulta-150x150.png","caption":"Karri Kokko"}}]}},"_links":{"self":[{"href":"https:\/\/suomenkuvalehti.fi\/kohtaamiset\/wp-json\/wp\/v2\/posts\/46","targetHints":{"allow":["GET"]}}],"collection":[{"href":"https:\/\/suomenkuvalehti.fi\/kohtaamiset\/wp-json\/wp\/v2\/posts"}],"about":[{"href":"https:\/\/suomenkuvalehti.fi\/kohtaamiset\/wp-json\/wp\/v2\/types\/post"}],"author":[{"embeddable":true,"href":"https:\/\/suomenkuvalehti.fi\/kohtaamiset\/wp-json\/wp\/v2\/users\/40424"}],"replies":[{"embeddable":true,"href":"https:\/\/suomenkuvalehti.fi\/kohtaamiset\/wp-json\/wp\/v2\/comments?post=46"}],"version-history":[{"count":1,"href":"https:\/\/suomenkuvalehti.fi\/kohtaamiset\/wp-json\/wp\/v2\/posts\/46\/revisions"}],"predecessor-version":[{"id":262,"href":"https:\/\/suomenkuvalehti.fi\/kohtaamiset\/wp-json\/wp\/v2\/posts\/46\/revisions\/262"}],"wp:attachment":[{"href":"https:\/\/suomenkuvalehti.fi\/kohtaamiset\/wp-json\/wp\/v2\/media?parent=46"}],"wp:term":[{"taxonomy":"category","embeddable":true,"href":"https:\/\/suomenkuvalehti.fi\/kohtaamiset\/wp-json\/wp\/v2\/categories?post=46"},{"taxonomy":"post_tag","embeddable":true,"href":"https:\/\/suomenkuvalehti.fi\/kohtaamiset\/wp-json\/wp\/v2\/tags?post=46"}],"curies":[{"name":"wp","href":"https:\/\/api.w.org\/{rel}","templated":true}]}}