{"id":33,"date":"2011-07-21T19:01:00","date_gmt":"2011-07-21T16:01:00","guid":{"rendered":"https:\/\/suomenkuvalehti.fi\/kohtaamiset\/2011\/07\/21\/taiteilija-tyrmaa-arvostelijat-valtakunnassa-kaikki-ennallaan\/"},"modified":"2018-01-22T12:05:53","modified_gmt":"2018-01-22T10:05:53","slug":"taiteilija-tyrmaa-arvostelijat-valtakunnassa-kaikki-ennallaan","status":"publish","type":"post","link":"https:\/\/suomenkuvalehti.fi\/kohtaamiset\/taiteilija-tyrmaa-arvostelijat-valtakunnassa-kaikki-ennallaan\/","title":{"rendered":"Taiteilija tyrm\u00e4\u00e4 arvostelijat &#8211; valtakunnassa kaikki ennallaan"},"content":{"rendered":"\n<p>&#8221;Viulisti <strong>Pekka Kuusisto<\/strong> haukkuu kriitikot&#8221;, lukee huomenna perjantaina ilmestyv\u00e4n <em>Suomen Kuvalehden<\/em> kannessa. Kuuma aihe kes\u00e4helteill\u00e4 vai mit\u00e4.<\/p>\n\n\n\n<p>Kannentekij\u00e4n valinta on perusteltu. Lukijoita luulisi kiinnostavan, jos taiteilijat ja heid\u00e4n arvostelijansa ovat taas toistensa kimpussa.<\/p>\n\n\n\n<p>Toisaalta Kuusiston tuohtumus kriitikkokuntaa kohtaan on vain pieni v\u00e4lisoitto taiteilijan H\u00e4n-muotokuvassa (SK 29\/2011). P\u00e4\u00e4osa <strong>Minna Lindgrenin<\/strong> kirjoittamasta jutusta keskittyy aivan muihin aiheisiin.<\/p>\n\n\n\n<p>Kuusisto nostaa esiin kolme tai nelj\u00e4 esimerkki\u00e4 h\u00e4nen mielest\u00e4\u00e4n onnettomasta ja ep\u00e4asiallisesta krittikist\u00e4. Merkille pantavaa on, ettei yksik\u00e4\u00e4n niist\u00e4 koske varsinaisesti niin sanottuja taiteellisia ansioita.<\/p>\n\n\n\n<p>Mit\u00e4 n\u00e4m\u00e4 esimerkit ovat, ei ole t\u00e4ss\u00e4 olennaista. Kaikki ne kuitenkin koskevat kriitikon vastuuta v\u00e4litt\u00e4\u00e4 lukijoilleen mielipiteist\u00e4 riippumatonta oikeaa tietoa.<\/p>\n\n\n\n<p>Kuusiston tuohtumuksen ymm\u00e4rt\u00e4\u00e4. Mik\u00e4\u00e4n ei ole taiteilijan kannalta raivostuttavampaa kuin se, ett\u00e4 arvostelija j\u00e4\u00e4 kiinni asiantuntemattomuudesta, laiskuudesta tai pahimmassa tapauksessa molemmista.<\/p>\n\n\n\n<p>Olennaista t\u00e4ss\u00e4k\u00e4\u00e4n kritiikin kritiikiss\u00e4 ei ole se, ett\u00e4 Kuusiston esiin nostamat tapaukset koskevat p\u00e4\u00e4asiassa <em>Helsingin Sanomia<\/em>. Ylivoimainen valtalehti on sik\u00e4li helppo kohde, ett\u00e4 sill\u00e4 ei k\u00e4yt\u00e4nn\u00f6llisesti katsoen ole en\u00e4\u00e4 lainkaan kilpailijoita.<\/p>\n\n\n\n<p>Lehden asema kuitenkin velvoittaa. Ken haluaa esiinty\u00e4 viimeisen sanan haltijana, on osoitettava olevansa kaipaamansa arvostuksen veroinen.<\/p>\n\n\n\n<p>Yksi Kuusiston mainitsemista esimerkeist\u00e4 koskee lehden taannoista kritiikki\u00e4, jossa arvostelija kritisoi <strong>Jaakko Kuusiston<\/strong> konsertin vahingossa velipoika Pekan nimiss\u00e4. Harmittava k\u00f6mm\u00e4hdys, muttei suinkaan ainutaatuinen tapaus.<\/p>\n\n\n\n<p>Runopiireiss\u00e4 vastaavaan huolimattomuuteen on saatu tottua viime aikoina useamman kerran.<\/p>\n\n\n\n<p>Surullisen kuuluisa viiden runoilijan <a href=\"http:\/\/www.hs.fi\/kirjat\/artikkeli\/Uuden+runouden+%C3%A4%C3%A4nenmurros\/HS20091019SI1KU03l09\">&#8221;nippukrittiikki&#8221;<\/a> kutsui <strong>Kristian Blombergia<\/strong> &#8221;Bolmbergiksi&#8221; ja h\u00e4nen <em>Puhekupliaan<\/em> nimell\u00e4 &#8221;Puhekulpia&#8221;. Jutun alaotsikossa <strong>Teemu Helle<\/strong> puolestaan oli saanut etunimekseen &#8221;Timo&#8221;.<\/p>\n\n\n\n<p>Toinen esimerkki on aivan viime p\u00e4ivilt\u00e4. Esikoisrunoilija <strong>Silena Lehdon<\/strong> teoksen nimi esiintyi HS:n <a href=\"http:\/\/www.hs.fi\/kirjat\/artikkeli\/Nuori+runoilija+on+utelias+ja+hauska+eik%C3%A4+keppostele\/HS20110717SI1KU0296r\">arvostelussa<\/a> useampaan kertaan muodossa &#8221;H\u00e4n l\u00e4hti valaiden kanssa&#8221;, vaikka kirja kulkee nimell\u00e4 <em>H\u00e4n l\u00e4hti valaiden matkaan<\/em>.<\/p>\n\n\n\n<p>N\u00e4m\u00e4 voivat tuntua pienilt\u00e4 asioilta, mutta ymm\u00e4rr\u00e4n sek\u00e4 Kuusistoja ett\u00e4 muita ylimielisesti kohdeltuja. Mit\u00e4 arvoa on varsinaisella arviolla, jos yksinkertaiset faktatkaan eiv\u00e4t pid\u00e4 kutinsa.<\/p>\n\n\n\n<p>Omasta mielest\u00e4ni Pekka Kuusiston henkil\u00f6kuvan ydin sis\u00e4ltyy repliikkiin, joka alkaa: &#8221;Olen sitoutunut tekem\u00e4\u00e4n jotain mielett\u00f6m\u00e4n innostuksen vallassa.&#8221;<\/p>\n\n\n\n<p>Kritiikin puolelta samaa innostusta ja siihen sitoutumista l\u00f6yt\u00e4\u00e4 ainakin seuraavista blogeista: <a href=\"http:\/\/www.luutii.ma-pe.net\/\">Luutii<\/a> ja <a href=\"http:\/\/koiranmutkia.blogspot.com\/\">Koiranmutkia<\/a>.<\/p>\n\n\n\n<p><em>Lue Pekka Kuusiston H\u00e4n-muotokuva SK:sta 29\/2011 (ilm. 22.7.2011).<\/em><\/p>\n\n\n","protected":false},"excerpt":{"rendered":"<p>&#8221;Viulisti Pekka Kuusisto haukkuu kriitikot&#8221;, lukee huomenna perjantaina ilmestyv\u00e4n Suomen Kuvalehden kannessa. Kuuma aihe kes\u00e4helteill\u00e4 vai mit\u00e4. Kannentekij\u00e4n valinta on perusteltu. Lukijoita luulisi kiinnostavan, jos taiteilijat ja heid\u00e4n<br \/>\narvos&hellip;<\/p>\n","protected":false},"author":40424,"featured_media":0,"comment_status":"open","ping_status":"open","sticky":false,"template":"","format":"standard","meta":{"_acf_changed":false,"asauth_required_access_level":0,"asauth_cansharepaid":"","om_header_attributes":[],"footnotes":"","om_featured_image_focal_point":[],"om_primary_tag":0,"om_contributors":[],"om_co_authors":[],"beyondwords_generate_audio":"","beyondwords_project_id":"","beyondwords_content_id":"","beyondwords_preview_token":"","beyondwords_player_content":"","beyondwords_player_style":"","beyondwords_language_code":"","beyondwords_language_id":"","beyondwords_title_voice_id":"","beyondwords_body_voice_id":"","beyondwords_summary_voice_id":"","beyondwords_error_message":"","beyondwords_disabled":"","beyondwords_delete_content":"","beyondwords_podcast_id":"","beyondwords_hash":"","publish_post_to_speechkit":"","speechkit_hash":"","speechkit_generate_audio":"","speechkit_project_id":"","speechkit_podcast_id":"","speechkit_error_message":"","speechkit_disabled":"","speechkit_access_key":"","speechkit_error":"","speechkit_info":"","speechkit_response":"","speechkit_retries":"","speechkit_status":"","speechkit_updated_at":"","_speechkit_link":"","_speechkit_text":""},"categories":[1],"tags":[88,89,92,87,86,91,90],"class_list":["post-33","post","type-post","status-publish","format-standard","hentry","category-kohtaamiset","tag-jaakko-kuusisto","tag-kristian-blomberg","tag-kritiikki","tag-minna-lindgren","tag-pekka-kuusisto","tag-silena-lehto","tag-teemu-helle"],"om_views":null,"acf":{"tuuma_off":false,"tuuma_kysymys":"","tuuma_vastaus":""},"asauth":{"required_access_level":1,"share_token":"","is_paid":false},"yoast_head":"<!-- This site is optimized with the Yoast SEO plugin v26.4 - https:\/\/yoast.com\/wordpress\/plugins\/seo\/ -->\n<title>Taiteilija tyrm\u00e4\u00e4 arvostelijat - valtakunnassa kaikki ennallaan - Kohtaamiset<\/title>\n<meta name=\"robots\" content=\"index, follow, max-snippet:-1, max-image-preview:large, max-video-preview:-1\" \/>\n<link rel=\"canonical\" href=\"https:\/\/suomenkuvalehti.fi\/kohtaamiset\/taiteilija-tyrmaa-arvostelijat-valtakunnassa-kaikki-ennallaan\/\" \/>\n<meta property=\"og:locale\" content=\"fi_FI\" \/>\n<meta property=\"og:type\" content=\"article\" \/>\n<meta property=\"og:title\" content=\"Taiteilija tyrm\u00e4\u00e4 arvostelijat - valtakunnassa kaikki ennallaan - Kohtaamiset\" \/>\n<meta property=\"og:description\" content=\"&#8221;Viulisti Pekka Kuusisto haukkuu kriitikot&#8221;, lukee huomenna perjantaina ilmestyv\u00e4n Suomen Kuvalehden kannessa. Kuuma aihe kes\u00e4helteill\u00e4 vai mit\u00e4. Kannentekij\u00e4n valinta on perusteltu. Lukijoita luulisi kiinnostavan, jos taiteilijat ja heid\u00e4n arvos&hellip;\" \/>\n<meta property=\"og:url\" content=\"https:\/\/suomenkuvalehti.fi\/kohtaamiset\/taiteilija-tyrmaa-arvostelijat-valtakunnassa-kaikki-ennallaan\/\" \/>\n<meta property=\"og:site_name\" content=\"Kohtaamiset\" \/>\n<meta property=\"article:published_time\" content=\"2011-07-21T16:01:00+00:00\" \/>\n<meta property=\"article:modified_time\" content=\"2018-01-22T10:05:53+00:00\" \/>\n<meta name=\"author\" content=\"Karri Kokko\" \/>\n<meta name=\"twitter:label1\" content=\"Written by\" \/>\n\t<meta name=\"twitter:data1\" content=\"Karri Kokko\" \/>\n\t<meta name=\"twitter:label2\" content=\"Est. reading time\" \/>\n\t<meta name=\"twitter:data2\" content=\"2 minuuttia\" \/>\n<script type=\"application\/ld+json\" class=\"yoast-schema-graph\">{\"@context\":\"https:\/\/schema.org\",\"@graph\":[{\"@type\":\"WebPage\",\"@id\":\"https:\/\/suomenkuvalehti.fi\/kohtaamiset\/taiteilija-tyrmaa-arvostelijat-valtakunnassa-kaikki-ennallaan\/\",\"url\":\"https:\/\/suomenkuvalehti.fi\/kohtaamiset\/taiteilija-tyrmaa-arvostelijat-valtakunnassa-kaikki-ennallaan\/\",\"name\":\"Taiteilija tyrm\u00e4\u00e4 arvostelijat - valtakunnassa kaikki ennallaan - Kohtaamiset\",\"isPartOf\":{\"@id\":\"https:\/\/suomenkuvalehti.fi\/kohtaamiset\/#website\"},\"datePublished\":\"2011-07-21T16:01:00+00:00\",\"dateModified\":\"2018-01-22T10:05:53+00:00\",\"author\":{\"@id\":\"https:\/\/suomenkuvalehti.fi\/kohtaamiset\/#\/schema\/person\/71dc0f8e27e96911b6c8a510fa150d3e\"},\"breadcrumb\":{\"@id\":\"https:\/\/suomenkuvalehti.fi\/kohtaamiset\/taiteilija-tyrmaa-arvostelijat-valtakunnassa-kaikki-ennallaan\/#breadcrumb\"},\"inLanguage\":\"fi\",\"potentialAction\":[{\"@type\":\"ReadAction\",\"target\":[\"https:\/\/suomenkuvalehti.fi\/kohtaamiset\/taiteilija-tyrmaa-arvostelijat-valtakunnassa-kaikki-ennallaan\/\"]}]},{\"@type\":\"BreadcrumbList\",\"@id\":\"https:\/\/suomenkuvalehti.fi\/kohtaamiset\/taiteilija-tyrmaa-arvostelijat-valtakunnassa-kaikki-ennallaan\/#breadcrumb\",\"itemListElement\":[{\"@type\":\"ListItem\",\"position\":1,\"name\":\"Home\",\"item\":\"https:\/\/suomenkuvalehti.fi\/kohtaamiset\/\"},{\"@type\":\"ListItem\",\"position\":2,\"name\":\"Taiteilija tyrm\u00e4\u00e4 arvostelijat &#8211; valtakunnassa kaikki ennallaan\"}]},{\"@type\":\"WebSite\",\"@id\":\"https:\/\/suomenkuvalehti.fi\/kohtaamiset\/#website\",\"url\":\"https:\/\/suomenkuvalehti.fi\/kohtaamiset\/\",\"name\":\"Kohtaamiset\",\"description\":\"Kohtaamiset-blogi k\u00e4sittelee kirjallisuutta ja kulttuuria.\",\"potentialAction\":[{\"@type\":\"SearchAction\",\"target\":{\"@type\":\"EntryPoint\",\"urlTemplate\":\"https:\/\/suomenkuvalehti.fi\/haku\/?q={search_term_string}\"},\"query-input\":{\"@type\":\"PropertyValueSpecification\",\"valueRequired\":true,\"valueName\":\"search_term_string\"}}],\"inLanguage\":\"fi\"},{\"@type\":\"Person\",\"@id\":\"https:\/\/suomenkuvalehti.fi\/kohtaamiset\/#\/schema\/person\/71dc0f8e27e96911b6c8a510fa150d3e\",\"name\":\"Karri Kokko\",\"image\":{\"@type\":\"ImageObject\",\"inLanguage\":\"fi\",\"@id\":\"https:\/\/suomenkuvalehti.fi\/kohtaamiset\/#\/schema\/person\/image\/\",\"url\":\"https:\/\/suomenkuvalehti.fi\/kohtaamiset\/wp-content\/uploads\/sites\/9\/2013\/11\/sk_leijona_kulta-150x150.png\",\"contentUrl\":\"https:\/\/suomenkuvalehti.fi\/kohtaamiset\/wp-content\/uploads\/sites\/9\/2013\/11\/sk_leijona_kulta-150x150.png\",\"caption\":\"Karri Kokko\"}}]}<\/script>\n<!-- \/ Yoast SEO plugin. -->","yoast_head_json":{"title":"Taiteilija tyrm\u00e4\u00e4 arvostelijat - valtakunnassa kaikki ennallaan - Kohtaamiset","robots":{"index":"index","follow":"follow","max-snippet":"max-snippet:-1","max-image-preview":"max-image-preview:large","max-video-preview":"max-video-preview:-1"},"canonical":"https:\/\/suomenkuvalehti.fi\/kohtaamiset\/taiteilija-tyrmaa-arvostelijat-valtakunnassa-kaikki-ennallaan\/","og_locale":"fi_FI","og_type":"article","og_title":"Taiteilija tyrm\u00e4\u00e4 arvostelijat - valtakunnassa kaikki ennallaan - Kohtaamiset","og_description":"&#8221;Viulisti Pekka Kuusisto haukkuu kriitikot&#8221;, lukee huomenna perjantaina ilmestyv\u00e4n Suomen Kuvalehden kannessa. Kuuma aihe kes\u00e4helteill\u00e4 vai mit\u00e4. Kannentekij\u00e4n valinta on perusteltu. Lukijoita luulisi kiinnostavan, jos taiteilijat ja heid\u00e4n arvos&hellip;","og_url":"https:\/\/suomenkuvalehti.fi\/kohtaamiset\/taiteilija-tyrmaa-arvostelijat-valtakunnassa-kaikki-ennallaan\/","og_site_name":"Kohtaamiset","article_published_time":"2011-07-21T16:01:00+00:00","article_modified_time":"2018-01-22T10:05:53+00:00","author":"Karri Kokko","twitter_misc":{"Written by":"Karri Kokko","Est. reading time":"2 minuuttia"},"schema":{"@context":"https:\/\/schema.org","@graph":[{"@type":"WebPage","@id":"https:\/\/suomenkuvalehti.fi\/kohtaamiset\/taiteilija-tyrmaa-arvostelijat-valtakunnassa-kaikki-ennallaan\/","url":"https:\/\/suomenkuvalehti.fi\/kohtaamiset\/taiteilija-tyrmaa-arvostelijat-valtakunnassa-kaikki-ennallaan\/","name":"Taiteilija tyrm\u00e4\u00e4 arvostelijat - valtakunnassa kaikki ennallaan - Kohtaamiset","isPartOf":{"@id":"https:\/\/suomenkuvalehti.fi\/kohtaamiset\/#website"},"datePublished":"2011-07-21T16:01:00+00:00","dateModified":"2018-01-22T10:05:53+00:00","author":{"@id":"https:\/\/suomenkuvalehti.fi\/kohtaamiset\/#\/schema\/person\/71dc0f8e27e96911b6c8a510fa150d3e"},"breadcrumb":{"@id":"https:\/\/suomenkuvalehti.fi\/kohtaamiset\/taiteilija-tyrmaa-arvostelijat-valtakunnassa-kaikki-ennallaan\/#breadcrumb"},"inLanguage":"fi","potentialAction":[{"@type":"ReadAction","target":["https:\/\/suomenkuvalehti.fi\/kohtaamiset\/taiteilija-tyrmaa-arvostelijat-valtakunnassa-kaikki-ennallaan\/"]}]},{"@type":"BreadcrumbList","@id":"https:\/\/suomenkuvalehti.fi\/kohtaamiset\/taiteilija-tyrmaa-arvostelijat-valtakunnassa-kaikki-ennallaan\/#breadcrumb","itemListElement":[{"@type":"ListItem","position":1,"name":"Home","item":"https:\/\/suomenkuvalehti.fi\/kohtaamiset\/"},{"@type":"ListItem","position":2,"name":"Taiteilija tyrm\u00e4\u00e4 arvostelijat &#8211; valtakunnassa kaikki ennallaan"}]},{"@type":"WebSite","@id":"https:\/\/suomenkuvalehti.fi\/kohtaamiset\/#website","url":"https:\/\/suomenkuvalehti.fi\/kohtaamiset\/","name":"Kohtaamiset","description":"Kohtaamiset-blogi k\u00e4sittelee kirjallisuutta ja kulttuuria.","potentialAction":[{"@type":"SearchAction","target":{"@type":"EntryPoint","urlTemplate":"https:\/\/suomenkuvalehti.fi\/haku\/?q={search_term_string}"},"query-input":{"@type":"PropertyValueSpecification","valueRequired":true,"valueName":"search_term_string"}}],"inLanguage":"fi"},{"@type":"Person","@id":"https:\/\/suomenkuvalehti.fi\/kohtaamiset\/#\/schema\/person\/71dc0f8e27e96911b6c8a510fa150d3e","name":"Karri Kokko","image":{"@type":"ImageObject","inLanguage":"fi","@id":"https:\/\/suomenkuvalehti.fi\/kohtaamiset\/#\/schema\/person\/image\/","url":"https:\/\/suomenkuvalehti.fi\/kohtaamiset\/wp-content\/uploads\/sites\/9\/2013\/11\/sk_leijona_kulta-150x150.png","contentUrl":"https:\/\/suomenkuvalehti.fi\/kohtaamiset\/wp-content\/uploads\/sites\/9\/2013\/11\/sk_leijona_kulta-150x150.png","caption":"Karri Kokko"}}]}},"_links":{"self":[{"href":"https:\/\/suomenkuvalehti.fi\/kohtaamiset\/wp-json\/wp\/v2\/posts\/33","targetHints":{"allow":["GET"]}}],"collection":[{"href":"https:\/\/suomenkuvalehti.fi\/kohtaamiset\/wp-json\/wp\/v2\/posts"}],"about":[{"href":"https:\/\/suomenkuvalehti.fi\/kohtaamiset\/wp-json\/wp\/v2\/types\/post"}],"author":[{"embeddable":true,"href":"https:\/\/suomenkuvalehti.fi\/kohtaamiset\/wp-json\/wp\/v2\/users\/40424"}],"replies":[{"embeddable":true,"href":"https:\/\/suomenkuvalehti.fi\/kohtaamiset\/wp-json\/wp\/v2\/comments?post=33"}],"version-history":[{"count":1,"href":"https:\/\/suomenkuvalehti.fi\/kohtaamiset\/wp-json\/wp\/v2\/posts\/33\/revisions"}],"predecessor-version":[{"id":37,"href":"https:\/\/suomenkuvalehti.fi\/kohtaamiset\/wp-json\/wp\/v2\/posts\/33\/revisions\/37"}],"wp:attachment":[{"href":"https:\/\/suomenkuvalehti.fi\/kohtaamiset\/wp-json\/wp\/v2\/media?parent=33"}],"wp:term":[{"taxonomy":"category","embeddable":true,"href":"https:\/\/suomenkuvalehti.fi\/kohtaamiset\/wp-json\/wp\/v2\/categories?post=33"},{"taxonomy":"post_tag","embeddable":true,"href":"https:\/\/suomenkuvalehti.fi\/kohtaamiset\/wp-json\/wp\/v2\/tags?post=33"}],"curies":[{"name":"wp","href":"https:\/\/api.w.org\/{rel}","templated":true}]}}