{"id":25,"date":"2012-05-10T10:21:28","date_gmt":"2012-05-10T07:21:28","guid":{"rendered":"https:\/\/suomenkuvalehti.fi\/kohtaamiset\/2012\/05\/10\/liberalismin-petos-masennus-ja-olkinuket\/"},"modified":"2013-11-30T12:04:54","modified_gmt":"2013-11-30T10:04:54","slug":"liberalismin-petos-masennus-ja-olkinuket","status":"publish","type":"post","link":"https:\/\/suomenkuvalehti.fi\/kohtaamiset\/liberalismin-petos-masennus-ja-olkinuket\/","title":{"rendered":"Liberalismin petos, masennus ja olkinuket"},"content":{"rendered":"\n<p>Opettaja kertoi oppilaastaan, joka raapusti paperille kauniisti sanoen persoonallisia kirjaimia. Niist\u00e4 ei saanut selv\u00e4\u00e4. Kun oppilaalle aiheesta huomautettiin, h\u00e4n loukkaantui: &#8221;T\u00e4m\u00e4 on minun tyylini kirjoittaa. Ei sit\u00e4 voi muuttaa. Opettajan pit\u00e4\u00e4 osata tulkita <span style=\"text-decoration: underline\">minun<\/span> kirjaimiani.&#8221;<\/p>\n\n\n\n<p>Nuoruuteen kuuluu itsekkyys ja ymm\u00e4rt\u00e4m\u00e4tt\u00f6myys, kyll\u00e4. Silti t\u00e4m\u00e4 esimerkki suomalaisesta koulumaailmasta nousi aina uudelleen mieleen, kun luin <strong>Timo H\u00e4nnik\u00e4isen<\/strong> ja <strong>Tommi Melenderin<\/strong> pamflettia <em>Liberalismin petos<\/em>.<\/p>\n\n\n\n<p>Kirjan teesi on, ett\u00e4 liberalismi on pett\u00e4nyt alkuper\u00e4isen yksil\u00f6nvapauden ihanteensa kaikenkattavan poliittisen oikeaoppisuuden ja relativismin hyv\u00e4ksi. Liberalismin alkuper\u00e4inen idea on vesittynyt muun muassa ylti\u00f6individualismin paineessa.<\/p>\n\n\n\n<p>Ehk\u00e4 omat aakkosensa luonut ja niiden opiskelua opettajalta vaativa lapsi on t\u00e4m\u00e4n ajan kuva. Lahjakas, varmasti, mutta oman napansa ymp\u00e4rille kiertynyt.<\/p>\n\n\n\n<p>Lasten parissa ty\u00f6skentelev\u00e4t n\u00e4kev\u00e4t uusien sukupolvien huiput ja nurjat puolet. Viesti\u00e4 lyhytj\u00e4nnitteisyydest\u00e4 ja itsekkyydest\u00e4 kuuluu niin monilta suunnilta, ett\u00e4 ilmi\u00f6 on todellinen.<\/p>\n\n\n\n<p>Tai kuten H\u00e4nnik\u00e4inen ja Melender kirjoittavat: Lontoon mellakoissa syksyll\u00e4 2011 vain kirjakaupat j\u00e4iv\u00e4t koskematta. Lukutaidottomia eiv\u00e4t kirjat kiinnosta: &#8221;Lontoon mellakat olivatkin brittil\u00e4isen kouluj\u00e4rjestelm\u00e4n sivistyksen painolastista vapauttamien massapsykoosin purkaus.&#8221;<\/p>\n\n\n\n<p>H\u00e4nnik\u00e4isen ja Melenderin kyn\u00e4 on ter\u00e4vimmill\u00e4\u00e4n, kun huutia saavat erilaiset nykyajan ilmi\u00f6t:<\/p>\n\n\n\n<blockquote class=\"wp-block-quote\"><p>Nyky\u00e4\u00e4n kaikki haluavat olla sorrettuja ja solvattuja, my\u00f6s heteromiehet.<\/p><\/blockquote>\n\n\n\n<blockquote class=\"wp-block-quote\"><p>Jungnerin h\u00f6pin\u00e4t rakkauden puolueesta synnyttiv\u00e4t kolkkoja mielikuvia <strong>George Orwellin<\/strong> romaanista <em>Vuonna 1984<\/em>, jossa totalitaristisessa valtiossa toimii rakkauden ministeri\u00f6.<\/p><\/blockquote>\n\n\n\n<blockquote class=\"wp-block-quote\"><p>Niin sanotun positiivisen ajattelun perustana on kuvitelma, ett\u00e4 yksil\u00f6 voi silkan itsesuggestion avulla nousta olosuhteiden yl\u00e4puolelle ja ruveta oman el\u00e4m\u00e4ns\u00e4 sankariksi. Uuden oikeiston ideologeja ovat <strong>Jari Sarasvuon<\/strong> ja <strong>Pekka Himasen<\/strong> kaltaiset innovaatiouskovaiset.<\/p><\/blockquote>\n\n\n\n<blockquote class=\"wp-block-quote\"><p>Harvemmin tajutaan, kuinka hirmuinen on ajatus, ettei nykyiselle poliittiselle ja taloudelliselle kehitykselle todella olisi vaihtoehtoja. Silloin ajatuksenvaihto, kiistely, koko politiikka sellaisena kuin sen ymm\u00e4rr\u00e4mme, olisi tarpeetonta.<\/p><\/blockquote>\n\n\n\n<p>T\u00e4m\u00e4 viimeinen on arvokas ajatus, jota haluan viel\u00e4 jatkaa. Milloin ihminen antaa periksi? Ehk\u00e4 silloin, jos edess\u00e4 ei ole mink\u00e4\u00e4nlaista n\u00e4kym\u00e4\u00e4 paremmasta. Onko siis ihme, ett\u00e4 masentuneita piisaa, jos ihmiset kohtaavat vaihtoehdottoman maailman &#8211; kuluta tai kuole.<\/p>\n\n\n\n<p>Ja toisaalta: monesti joutuu tolkuttamaan itselleen, ett\u00e4 emmeh\u00e4n me oikeasti ole tuhon partaalla. El\u00e4mme ihmiskunnan historian kenties <a title=\"SK\" href=\"https:\/\/suomenkuvalehti.fi\/jutut\/ulkomaat\/elammeko-historian-rauhanomaisinta-aikaa\" target=\"_blank\">rauhanomaisinta aikaa<\/a>. Suomessa itsemurhiakin on <a title=\"Findikaattori\" href=\"http:\/\/www.findikaattori.fi\/fi\/10\" target=\"_blank\">v\u00e4hemm\u00e4n kuin vuosiin<\/a>.<\/p>\n\n\n\n<h3 class=\"wp-block-heading\">Olkinukke siell\u00e4, olkiukko t\u00e4\u00e4ll\u00e4<\/h3>\n\n\n\n<p>Pamfletistit kirjoittavat, etteiv\u00e4t halua her\u00e4tt\u00e4\u00e4 keskustelua (sit\u00e4 on nettiajassa jo liikaa) vaan synnytt\u00e4\u00e4 ajatuksia. Molemmat kirjoittajat ovat blogisteja, joten he ehk\u00e4 tiet\u00e4v\u00e4t mist\u00e4 puhuvat.<\/p>\n\n\n\n<p>Mutta keskustelua &#8211; juuri nettiin &#8211; kirja on kyll\u00e4 her\u00e4tt\u00e4nyt. On mielenkiintoista, miten eri tavalla samaa teksti\u00e4 voi lukea. T\u00e4m\u00e4n kirjan ymp\u00e4rill\u00e4 on puhuttu paljon olkinukeista. Siis siit\u00e4, ett\u00e4 vastapuolen argumentista tehd\u00e4\u00e4n heikko karikatyyri ja vastataan sitten siihen, ei varsinaiseen v\u00e4itteeseen.<\/p>\n\n\n\n<p><a href=\"http:\/\/koiranmutkia.blogspot.com\/2012\/04\/pitakaa-tunkkinne.html\" target=\"_blank\">N\u00e4in:<\/a> &#8221;Melender &#8211; aivan kuten H\u00e4nnik\u00e4inen &#8211; rakentelee vastustajikseen olkinukkeja, sill\u00e4 kovin harvassa ovat n\u00e4in sinisilm\u00e4iset ja ponnettomat aikuiset lapset loppujen lopuksi.&#8221;<\/p>\n\n\n\n<p><a href=\"http:\/\/jukkahelttula.blogspot.com\/2012\/04\/markkinat-ja-demokratia-seka.html\" target=\"_blank\">Tai n\u00e4in:<\/a> &#8221;Vaikuttaa, ett\u00e4 siin\u00e4 on pikemminkin rakennettu mielivaltaisesti olkinukke kutsumalla klassisen liberaalin n\u00e4k\u00f6kulmasta aika ep\u00e4relevantteja hahmoja kuten Tarja Halosta ja Alex Stubbia liberalismin edustajiksi.&#8221;<\/p>\n\n\n\n<p><a href=\"http:\/\/www.tiede.fi\/blog\/2012\/04\/29\/kevaan-kolme-kirjaa\/\" target=\"_blank\">N\u00e4inkin:<\/a> &#8221;Arvoliberalismin lipun alla itse kyh\u00e4\u00e4m\u00e4\u00e4ns\u00e4 arvokonservatiiviolkiukkoa pieksev\u00e4t kulttuurimarxilaiset ovat pett\u00e4neet liberalismin perinteen.&#8221;<\/p>\n\n\n\n<p><a href=\"http:\/\/fifi.voima.fi\/voima-artikkeli\/2012\/numero-3\/ahakutti-eivaiskaa\" target=\"_blank\">Ja viel\u00e4 n\u00e4in:<\/a> &#8221;H\u00e4nnik\u00e4inen parodioi HS-raati-\u00e4lymyst\u00f6\u00e4 kirjassaan Ihmisen viheli\u00e4isyydest\u00e4 (2011). H\u00e4n luo fiktiivisen hahmon, &#8221;tiedostajan&#8221;, jota joku voisi olkinukeksikin sanoa.&#8221;<\/p>\n\n\n\n<p><em>Liberalismin petos<\/em> kannattaa lukea &#8211; vaikka sitten l\u00f6yt\u00e4\u00e4kseen omat olkinukkensa. Kirja on sit\u00e4 paitsi aika ohut ja helppolukuinen, siit\u00e4 selvi\u00e4\u00e4 kohtuullisella vaivalla.<\/p>\n\n\n","protected":false},"excerpt":{"rendered":"<p>Opettaja kertoi oppilaastaan, joka raapusti paperille kauniisti sanoen persoonallisia kirjaimia. Niist\u00e4 ei saanut selv\u00e4\u00e4. Kun oppilaalle aiheesta huomautettiin, h\u00e4n loukkaantui: &#8221;T\u00e4m\u00e4 on minun tyylini kirjoittaa. Ei sit\u00e4 voi muuttaa. Opettajan pit\u00e4\u00e4 osata tulkita minun<br \/>\nkirjaimi&hellip;<\/p>\n","protected":false},"author":130,"featured_media":0,"comment_status":"open","ping_status":"open","sticky":false,"template":"","format":"standard","meta":{"_acf_changed":false,"asauth_required_access_level":0,"asauth_cansharepaid":"","om_header_attributes":[],"footnotes":"","om_featured_image_focal_point":[],"om_primary_tag":0,"om_contributors":[],"om_co_authors":[],"beyondwords_generate_audio":"","beyondwords_project_id":"","beyondwords_content_id":"","beyondwords_preview_token":"","beyondwords_player_content":"","beyondwords_player_style":"","beyondwords_language_code":"","beyondwords_language_id":"","beyondwords_title_voice_id":"","beyondwords_body_voice_id":"","beyondwords_summary_voice_id":"","beyondwords_error_message":"","beyondwords_disabled":"","beyondwords_delete_content":"","beyondwords_podcast_id":"","beyondwords_hash":"","publish_post_to_speechkit":"","speechkit_hash":"","speechkit_generate_audio":"","speechkit_project_id":"","speechkit_podcast_id":"","speechkit_error_message":"","speechkit_disabled":"","speechkit_access_key":"","speechkit_error":"","speechkit_info":"","speechkit_response":"","speechkit_retries":"","speechkit_status":"","speechkit_updated_at":"","_speechkit_link":"","_speechkit_text":""},"categories":[1],"tags":[67,66,68,43,12],"class_list":["post-25","post","type-post","status-publish","format-standard","hentry","category-kohtaamiset","tag-konservatismi","tag-liberalismi","tag-liberalismin-petos","tag-timo-hannikainen","tag-tommi-melender"],"om_views":null,"acf":{"tuuma_off":false,"tuuma_kysymys":"","tuuma_vastaus":""},"asauth":{"required_access_level":1,"share_token":"","is_paid":false},"yoast_head":"<!-- This site is optimized with the Yoast SEO plugin v26.4 - https:\/\/yoast.com\/wordpress\/plugins\/seo\/ -->\n<title>Liberalismin petos, masennus ja olkinuket - Kohtaamiset<\/title>\n<meta name=\"robots\" content=\"index, follow, max-snippet:-1, max-image-preview:large, max-video-preview:-1\" \/>\n<link rel=\"canonical\" href=\"https:\/\/suomenkuvalehti.fi\/kohtaamiset\/liberalismin-petos-masennus-ja-olkinuket\/\" \/>\n<meta property=\"og:locale\" content=\"fi_FI\" \/>\n<meta property=\"og:type\" content=\"article\" \/>\n<meta property=\"og:title\" content=\"Liberalismin petos, masennus ja olkinuket - Kohtaamiset\" \/>\n<meta property=\"og:description\" content=\"Opettaja kertoi oppilaastaan, joka raapusti paperille kauniisti sanoen persoonallisia kirjaimia. Niist\u00e4 ei saanut selv\u00e4\u00e4. Kun oppilaalle aiheesta huomautettiin, h\u00e4n loukkaantui: &#8221;T\u00e4m\u00e4 on minun tyylini kirjoittaa. Ei sit\u00e4 voi muuttaa. Opettajan pit\u00e4\u00e4 osata tulkita minun kirjaimi&hellip;\" \/>\n<meta property=\"og:url\" content=\"https:\/\/suomenkuvalehti.fi\/kohtaamiset\/liberalismin-petos-masennus-ja-olkinuket\/\" \/>\n<meta property=\"og:site_name\" content=\"Kohtaamiset\" \/>\n<meta property=\"article:published_time\" content=\"2012-05-10T07:21:28+00:00\" \/>\n<meta property=\"article:modified_time\" content=\"2013-11-30T10:04:54+00:00\" \/>\n<meta name=\"author\" content=\"Riitta Kyl\u00e4np\u00e4\u00e4\" \/>\n<meta name=\"twitter:label1\" content=\"Written by\" \/>\n\t<meta name=\"twitter:data1\" content=\"Riitta Kyl\u00e4np\u00e4\u00e4\" \/>\n\t<meta name=\"twitter:label2\" content=\"Est. reading time\" \/>\n\t<meta name=\"twitter:data2\" content=\"3 minuuttia\" \/>\n<script type=\"application\/ld+json\" class=\"yoast-schema-graph\">{\"@context\":\"https:\/\/schema.org\",\"@graph\":[{\"@type\":\"WebPage\",\"@id\":\"https:\/\/suomenkuvalehti.fi\/kohtaamiset\/liberalismin-petos-masennus-ja-olkinuket\/\",\"url\":\"https:\/\/suomenkuvalehti.fi\/kohtaamiset\/liberalismin-petos-masennus-ja-olkinuket\/\",\"name\":\"Liberalismin petos, masennus ja olkinuket - Kohtaamiset\",\"isPartOf\":{\"@id\":\"https:\/\/suomenkuvalehti.fi\/kohtaamiset\/#website\"},\"datePublished\":\"2012-05-10T07:21:28+00:00\",\"dateModified\":\"2013-11-30T10:04:54+00:00\",\"author\":{\"@id\":\"https:\/\/suomenkuvalehti.fi\/kohtaamiset\/#\/schema\/person\/da7f684fb0579e356a3b258598e62e9b\"},\"breadcrumb\":{\"@id\":\"https:\/\/suomenkuvalehti.fi\/kohtaamiset\/liberalismin-petos-masennus-ja-olkinuket\/#breadcrumb\"},\"inLanguage\":\"fi\",\"potentialAction\":[{\"@type\":\"ReadAction\",\"target\":[\"https:\/\/suomenkuvalehti.fi\/kohtaamiset\/liberalismin-petos-masennus-ja-olkinuket\/\"]}]},{\"@type\":\"BreadcrumbList\",\"@id\":\"https:\/\/suomenkuvalehti.fi\/kohtaamiset\/liberalismin-petos-masennus-ja-olkinuket\/#breadcrumb\",\"itemListElement\":[{\"@type\":\"ListItem\",\"position\":1,\"name\":\"Home\",\"item\":\"https:\/\/suomenkuvalehti.fi\/kohtaamiset\/\"},{\"@type\":\"ListItem\",\"position\":2,\"name\":\"Liberalismin petos, masennus ja olkinuket\"}]},{\"@type\":\"WebSite\",\"@id\":\"https:\/\/suomenkuvalehti.fi\/kohtaamiset\/#website\",\"url\":\"https:\/\/suomenkuvalehti.fi\/kohtaamiset\/\",\"name\":\"Kohtaamiset\",\"description\":\"Kohtaamiset-blogi k\u00e4sittelee kirjallisuutta ja kulttuuria.\",\"potentialAction\":[{\"@type\":\"SearchAction\",\"target\":{\"@type\":\"EntryPoint\",\"urlTemplate\":\"https:\/\/suomenkuvalehti.fi\/haku\/?q={search_term_string}\"},\"query-input\":{\"@type\":\"PropertyValueSpecification\",\"valueRequired\":true,\"valueName\":\"search_term_string\"}}],\"inLanguage\":\"fi\"},{\"@type\":\"Person\",\"@id\":\"https:\/\/suomenkuvalehti.fi\/kohtaamiset\/#\/schema\/person\/da7f684fb0579e356a3b258598e62e9b\",\"name\":\"Riitta Kyl\u00e4np\u00e4\u00e4\",\"image\":{\"@type\":\"ImageObject\",\"inLanguage\":\"fi\",\"@id\":\"https:\/\/suomenkuvalehti.fi\/kohtaamiset\/#\/schema\/person\/image\/\",\"url\":\"https:\/\/suomenkuvalehti.fi\/kohtaamiset\/wp-content\/uploads\/sites\/9\/2013\/11\/SK_KYL\u00c4NP\u00c4\u00c4_Riitta_pieni_MV-1-300x300-150x150.jpg\",\"contentUrl\":\"https:\/\/suomenkuvalehti.fi\/kohtaamiset\/wp-content\/uploads\/sites\/9\/2013\/11\/SK_KYL\u00c4NP\u00c4\u00c4_Riitta_pieni_MV-1-300x300-150x150.jpg\",\"caption\":\"Riitta Kyl\u00e4np\u00e4\u00e4\"},\"description\":\"Kirjoittaja on Suomen Kuvalehden toimittaja.\",\"sameAs\":[\"https:\/\/x.com\/https:\/\/twitter.com\/KylaRiitta\"]}]}<\/script>\n<!-- \/ Yoast SEO plugin. -->","yoast_head_json":{"title":"Liberalismin petos, masennus ja olkinuket - Kohtaamiset","robots":{"index":"index","follow":"follow","max-snippet":"max-snippet:-1","max-image-preview":"max-image-preview:large","max-video-preview":"max-video-preview:-1"},"canonical":"https:\/\/suomenkuvalehti.fi\/kohtaamiset\/liberalismin-petos-masennus-ja-olkinuket\/","og_locale":"fi_FI","og_type":"article","og_title":"Liberalismin petos, masennus ja olkinuket - Kohtaamiset","og_description":"Opettaja kertoi oppilaastaan, joka raapusti paperille kauniisti sanoen persoonallisia kirjaimia. Niist\u00e4 ei saanut selv\u00e4\u00e4. Kun oppilaalle aiheesta huomautettiin, h\u00e4n loukkaantui: &#8221;T\u00e4m\u00e4 on minun tyylini kirjoittaa. Ei sit\u00e4 voi muuttaa. Opettajan pit\u00e4\u00e4 osata tulkita minun kirjaimi&hellip;","og_url":"https:\/\/suomenkuvalehti.fi\/kohtaamiset\/liberalismin-petos-masennus-ja-olkinuket\/","og_site_name":"Kohtaamiset","article_published_time":"2012-05-10T07:21:28+00:00","article_modified_time":"2013-11-30T10:04:54+00:00","author":"Riitta Kyl\u00e4np\u00e4\u00e4","twitter_misc":{"Written by":"Riitta Kyl\u00e4np\u00e4\u00e4","Est. reading time":"3 minuuttia"},"schema":{"@context":"https:\/\/schema.org","@graph":[{"@type":"WebPage","@id":"https:\/\/suomenkuvalehti.fi\/kohtaamiset\/liberalismin-petos-masennus-ja-olkinuket\/","url":"https:\/\/suomenkuvalehti.fi\/kohtaamiset\/liberalismin-petos-masennus-ja-olkinuket\/","name":"Liberalismin petos, masennus ja olkinuket - Kohtaamiset","isPartOf":{"@id":"https:\/\/suomenkuvalehti.fi\/kohtaamiset\/#website"},"datePublished":"2012-05-10T07:21:28+00:00","dateModified":"2013-11-30T10:04:54+00:00","author":{"@id":"https:\/\/suomenkuvalehti.fi\/kohtaamiset\/#\/schema\/person\/da7f684fb0579e356a3b258598e62e9b"},"breadcrumb":{"@id":"https:\/\/suomenkuvalehti.fi\/kohtaamiset\/liberalismin-petos-masennus-ja-olkinuket\/#breadcrumb"},"inLanguage":"fi","potentialAction":[{"@type":"ReadAction","target":["https:\/\/suomenkuvalehti.fi\/kohtaamiset\/liberalismin-petos-masennus-ja-olkinuket\/"]}]},{"@type":"BreadcrumbList","@id":"https:\/\/suomenkuvalehti.fi\/kohtaamiset\/liberalismin-petos-masennus-ja-olkinuket\/#breadcrumb","itemListElement":[{"@type":"ListItem","position":1,"name":"Home","item":"https:\/\/suomenkuvalehti.fi\/kohtaamiset\/"},{"@type":"ListItem","position":2,"name":"Liberalismin petos, masennus ja olkinuket"}]},{"@type":"WebSite","@id":"https:\/\/suomenkuvalehti.fi\/kohtaamiset\/#website","url":"https:\/\/suomenkuvalehti.fi\/kohtaamiset\/","name":"Kohtaamiset","description":"Kohtaamiset-blogi k\u00e4sittelee kirjallisuutta ja kulttuuria.","potentialAction":[{"@type":"SearchAction","target":{"@type":"EntryPoint","urlTemplate":"https:\/\/suomenkuvalehti.fi\/haku\/?q={search_term_string}"},"query-input":{"@type":"PropertyValueSpecification","valueRequired":true,"valueName":"search_term_string"}}],"inLanguage":"fi"},{"@type":"Person","@id":"https:\/\/suomenkuvalehti.fi\/kohtaamiset\/#\/schema\/person\/da7f684fb0579e356a3b258598e62e9b","name":"Riitta Kyl\u00e4np\u00e4\u00e4","image":{"@type":"ImageObject","inLanguage":"fi","@id":"https:\/\/suomenkuvalehti.fi\/kohtaamiset\/#\/schema\/person\/image\/","url":"https:\/\/suomenkuvalehti.fi\/kohtaamiset\/wp-content\/uploads\/sites\/9\/2013\/11\/SK_KYL\u00c4NP\u00c4\u00c4_Riitta_pieni_MV-1-300x300-150x150.jpg","contentUrl":"https:\/\/suomenkuvalehti.fi\/kohtaamiset\/wp-content\/uploads\/sites\/9\/2013\/11\/SK_KYL\u00c4NP\u00c4\u00c4_Riitta_pieni_MV-1-300x300-150x150.jpg","caption":"Riitta Kyl\u00e4np\u00e4\u00e4"},"description":"Kirjoittaja on Suomen Kuvalehden toimittaja.","sameAs":["https:\/\/x.com\/https:\/\/twitter.com\/KylaRiitta"]}]}},"_links":{"self":[{"href":"https:\/\/suomenkuvalehti.fi\/kohtaamiset\/wp-json\/wp\/v2\/posts\/25","targetHints":{"allow":["GET"]}}],"collection":[{"href":"https:\/\/suomenkuvalehti.fi\/kohtaamiset\/wp-json\/wp\/v2\/posts"}],"about":[{"href":"https:\/\/suomenkuvalehti.fi\/kohtaamiset\/wp-json\/wp\/v2\/types\/post"}],"author":[{"embeddable":true,"href":"https:\/\/suomenkuvalehti.fi\/kohtaamiset\/wp-json\/wp\/v2\/users\/130"}],"replies":[{"embeddable":true,"href":"https:\/\/suomenkuvalehti.fi\/kohtaamiset\/wp-json\/wp\/v2\/comments?post=25"}],"version-history":[{"count":1,"href":"https:\/\/suomenkuvalehti.fi\/kohtaamiset\/wp-json\/wp\/v2\/posts\/25\/revisions"}],"predecessor-version":[{"id":220,"href":"https:\/\/suomenkuvalehti.fi\/kohtaamiset\/wp-json\/wp\/v2\/posts\/25\/revisions\/220"}],"wp:attachment":[{"href":"https:\/\/suomenkuvalehti.fi\/kohtaamiset\/wp-json\/wp\/v2\/media?parent=25"}],"wp:term":[{"taxonomy":"category","embeddable":true,"href":"https:\/\/suomenkuvalehti.fi\/kohtaamiset\/wp-json\/wp\/v2\/categories?post=25"},{"taxonomy":"post_tag","embeddable":true,"href":"https:\/\/suomenkuvalehti.fi\/kohtaamiset\/wp-json\/wp\/v2\/tags?post=25"}],"curies":[{"name":"wp","href":"https:\/\/api.w.org\/{rel}","templated":true}]}}