{"id":20,"date":"2012-09-21T16:00:00","date_gmt":"2012-09-21T13:00:00","guid":{"rendered":"https:\/\/suomenkuvalehti.fi\/kohtaamiset\/2012\/09\/21\/kirjailijan-tehtava-on-tayttaa-historian-tyhjat-lehdet\/"},"modified":"2013-11-30T12:04:54","modified_gmt":"2013-11-30T10:04:54","slug":"kirjailijan-tehtava-on-tayttaa-historian-tyhjat-lehdet","status":"publish","type":"post","link":"https:\/\/suomenkuvalehti.fi\/kohtaamiset\/kirjailijan-tehtava-on-tayttaa-historian-tyhjat-lehdet\/","title":{"rendered":"&#8221;Kirjailijan teht\u00e4v\u00e4 on t\u00e4ytt\u00e4\u00e4 historian tyhj\u00e4t lehdet&#8221;"},"content":{"rendered":"\n<p>Tunnistin h\u00e4net vasta kun h\u00e4n riisui aurinkolasinsa: <strong>Salman Rushdie<\/strong>.  H\u00e4n oli kymmenen minuuttia etuajassa, en odottanut h\u00e4nt\u00e4 viel\u00e4. Rushdien romaani <em>Shalimar, ilveilij\u00e4<\/em> (WSOY)oli juuri ilmestynyt, oli vuosi 2005.<\/p>\n\n\n\n<p>Romaani kertoo uskontojen ja arvojen t\u00f6rm\u00e4yksest\u00e4; se on poliittinen trilleri, mutta voi sen rakkaustarinanakin lukea. Kirjan tapahtumat sijoittuvat Pakistanin ja Intian sotaisalla rajalle, kirjailijan \u00e4idin kotiseudulle. Yksi Rushdien motiiveista kirjoittaa tuo romaani oli n\u00e4ytt\u00e4\u00e4, mit\u00e4 Kashmirissa tapahtuu, koska kuluu aikaa ennen kuin tapahtumat p\u00e4\u00e4sev\u00e4t historian kirjoihin, jos koskaan p\u00e4\u00e4sev\u00e4t. Silti teos on kaunokirjallisuutta, ehdottomasti, h\u00e4n korosti.<\/p>\n\n\n\n<p>Pari viikkoa sitten haastattelin Tampereen Pispalassa asuvaa Irakin pakolaista <strong>Hassan Blasimia<\/strong>. H\u00e4n kertoo vasta suomeksi ilmestyneess\u00e4 novellikokoelmassaan <em>Vapaudenaukion mielipuoli<\/em> (WSOY) pakomatkalla olevista ihmisist\u00e4 ja heid\u00e4n kohtaamistaan hirveyksist\u00e4. H\u00e4nen oma pakomatkansa Suomeen kesti kolme vuotta.<\/p>\n\n\n\n<p>&#8221;Kirjailijan teht\u00e4v\u00e4 on t\u00e4ytt\u00e4\u00e4 historian tyhj\u00e4t lehdet&#8221;, Blasim totesi. Silti h\u00e4nenkin novellinsa ovat kaunokirjallisuutta.<\/p>\n\n\n\n<p>Me emme edes ep\u00e4ile sit\u00e4. Meill\u00e4 sotakirjoista on tullut jo melkein teollisuutta, ainakin m\u00e4\u00e4r\u00e4st\u00e4 p\u00e4\u00e4tellen.<\/p>\n\n\n\n<p>Blasim sanoi kaipaavansa kotiin, Bagdadiin. Paluu n\u00e4ytt\u00e4\u00e4 kuitenkin mahdottomalta, koska osa h\u00e4nen perheest\u00e4\u00e4nkin on tuominnut h\u00e4net. Boheemin ateistin.<\/p>\n\n\n\n<p>Viime viikolla iranilainen ajatollah <strong>Hassan Sanel<\/strong>, uskonnollisen Khorad-s\u00e4\u00e4ti\u00f6n johtaja, kohotti Salman Rushdien murhasta lupaamaansa palkkiota. Se on useita satoja tuhansia euroja.<\/p>\n\n\n\n<p>Lukenut Sanel oli sit\u00e4 mielt\u00e4, ett\u00e4 jos Rushdie olisi tapettu aikanaan, muslimimaailmaa \u00e4rsytt\u00e4nytt\u00e4 <em>Muhammed<\/em> -elokuvaa ei olisi koskaan tehty. <br>Haastattelun j\u00e4lkeen Rushdie pujahti nopeasti h\u00e4nt\u00e4 kadulla odottaneeseen autoon. \u00c4\u00e4neti, sivuilleen tai taakseen katsomatta.  Autonkuljettaja vei kirjailijan t\u00e4m\u00e4n salaiseen piilopaikkaan Lontoossa. Yhteen monista.<\/p>\n\n\n\n<p>Oli helppo arvailla, mink\u00e4laista helvetti\u00e4 h\u00e4nen el\u00e4m\u00e4ns\u00e4 fatwan alla oli. H\u00e4n kertoo siit\u00e4 muistelmissaan, jotka ilmestyv\u00e4t ensi kev\u00e4\u00e4n\u00e4 my\u00f6s suomeksi.<\/p>\n\n\n\n<p>Hassan Blasim on vasta kirjailijanuransa alussa, mutta jo nyt h\u00e4nt\u00e4 pidet\u00e4\u00e4n uuden arabikirjallisuuden merkitt\u00e4v\u00e4n\u00e4 \u00e4\u00e4nen\u00e4. H\u00e4nen novellinsa eiv\u00e4t ole kauniita eik\u00e4 niiss\u00e4 ole opetusta. Ihmiset kiduttavat, raiskaavat ja tappavat niiss\u00e4 julmasti toisiaan. Ihmisarvoa ei tunneta.<\/p>\n\n\n\n<p>Blasimin novelleissa on n\u00e4ht\u00e4viss\u00e4 yhteyksi\u00e4 sotien j\u00e4lkeiseen eurooppalaiseen kirjallisuuteen. Kehitys kulkee vaiheittain. Kirjailijatkin heijastelevat vain aikaansa.<\/p>\n\n\n\n<p>Vuoropuhelun aikaansaaminen eri vaiheessa olevien yhteiskuntien v\u00e4lill\u00e4 on vaikeaa, kenties mahdotonta. Kirjailijoilla on parhaimmillaan rooli yhteisymm\u00e4rryksen luojina. Hyv\u00e4 romaani auttaa intuitiivisella tavalla tajuamaan ja yhdist\u00e4m\u00e4\u00e4n asioita uudella tavalla, ja tuottamaan uudia tukintoja ajasta. Tavalla, johon p\u00e4tevimm\u00e4tk\u00e4\u00e4n yhteiskuntatieteilij\u00e4t eiv\u00e4t v\u00e4ltt\u00e4m\u00e4tt\u00e4 kykene.<\/p>\n\n\n\n<p>Kun vuosia sitten luin turkkilaisen <strong>Orhan Pamukin<\/strong> romaanin <em>Lumi<\/em> (Tammi), ymm\u00e4rsin, ett\u00e4 en ollut ymm\u00e4rt\u00e4nyt paljoakaan musliminaisten huivikysymyksest\u00e4, vaikka olin muodostanut siit\u00e4 varman kannan, mediasta saamani tiedon perusteella. Pamukin romaani n\u00e4ytti, ett\u00e4 sek\u00e4 huivikiellolla ett\u00e4 huivipakolla on hyv\u00e4t perustelut, ja se h\u00e4mmensi. Silti olen edelleen huivikiellon puolella, ainakin p\u00e4\u00e4asiallisesti. Se on sit\u00e4 paitsi helppoa Helsingiss\u00e4.<\/p>\n\n\n\n<p>Kai Hassan Sanel on lukenut mies. Kai h\u00e4nen kaltaisiltaan kansanjohtajilta saa vaatia my\u00f6s harkintaa sanoissaan, ja teoissaan. Olisiko nyt alkanut <em>se<\/em> vaihe.<\/p>\n\n\n\n\n<h3 class=\"wp-block-heading\">Vapaudenaukion mielipuoli &#8211; n\u00e4yte Hassan Blasimin novellikokoelmasta<\/h3>\n\n\n\n<p><strong>Pillerinpy\u00f6ritt\u00e4j\u00e4<\/strong><\/p>\n\n\n\n\n<blockquote class=\"wp-block-quote\"><p>Tohtori, on olemassa tarinoita lapsille ja ihan lyhyit\u00e4 novelleja terminaalivaiheen potilaille. On my\u00f6s rantanovelleja, siis kes\u00e4isi\u00e4 kertomuksia aurinkoa ottaville rinnoille, laiskoja tarinoita todellisuuden kuonasta, novelleja eliitille, tylsiin hetkiin, odottaville \u00e4ideille ja vangeille. Min\u00e4 en pysty kirjoittamaan novellia, mutta yhdest\u00e4 syyst\u00e4 olen valmis tekem\u00e4\u00e4n intervention kirjallisuuden alalla: j\u00e4rkens\u00e4 menett\u00e4m\u00e4isill\u00e4\u00e4n olevien arvokkuuden puolesta. Itse olen vain tikkuna ristiinnaulitun silm\u00e4ss\u00e4.<\/p><\/blockquote>\n\n\n\n<blockquote class=\"wp-block-quote\"><p>L\u00e4\u00e4k\u00e4ri oli ajamassa pikkukaupunkiin v\u00e4h\u00e4n matkan p\u00e4\u00e4h\u00e4n p\u00e4\u00e4kaupungista \u00e4iti\u00e4\u00e4n katsomaan. Tie oli liukas, kun lumi oli alkanut sulaa edellisen p\u00e4iv\u00e4n auringossa, joka Helsingiss\u00e4 oli yll\u00e4tt\u00e4en sukeltanut esiin h\u00e4m\u00e4r\u00e4n teltan uumenista. Sanomalehdet julkaisivat valokuvan koulubussin nokkaan t\u00f6rm\u00e4nneest\u00e4 autonromusta. Yhdeks\u00e4n lasta oli palanut kuoliaaksi ja monia oli loukkaantunut; l\u00e4\u00e4k\u00e4ri kuoli itsekin. Ruumis n\u00e4ytti silt\u00e4 kuin s\u00e4hk\u00f6saha olisi pannut sen kahtia. L\u00e4\u00e4k\u00e4ri oli hyv\u00e4 ihminen jolla oli askeetin sielu. H\u00e4n oli ollut psykiatrini puolentoista vuoden ajan. H\u00e4nell\u00e4 oli hyvin kaunis takapuoli. Tied\u00e4n kyll\u00e4, mit\u00e4 te kuvittelette, senkin tomppelit!<\/p><\/blockquote>\n\n\n\n<blockquote class=\"wp-block-quote\"><p>&#8221;Saharassa el\u00e4v\u00e4 pillerinpy\u00f6ritt\u00e4j\u00e4 tekee lannasta pieni\u00e4 palleroita, mihin se munii munansa ja hautaa ne maahan. Se hoitaa munia siihen asti ett\u00e4 j\u00e4lkel\u00e4iset kuoriutuvat.&#8221; Mies luki paksua tietokirjaa hy\u00f6nteisist\u00e4 ja surkutteli ihmiskunnan tilaa. Ollapa maahan haudattu sontiaisensiki\u00f6, viel\u00e4 munan sis\u00e4ll\u00e4. Tuskansa h\u00e4n kuvitteli lempe\u00e4ksi pillerinpy\u00f6ritt\u00e4j\u00e4j\u00e4ttil\u00e4iseksi, josta oli tullut h\u00e4nen \u00e4itins\u00e4.<\/p><\/blockquote>\n\n\n\n<blockquote class=\"wp-block-quote\"><p>Sain t\u00e4n\u00e4 aamuna postiluukusta pizzamainosten ja ilmaisjakelulehtien lis\u00e4ksi kirjeen sairaalasta. Kahdenkymmenenseitsem\u00e4n euron sakko siit\u00e4, etten kaksi viikkoa sitten ollut ilmestynyt sovittuun tapaamiseen uuden l\u00e4\u00e4k\u00e4rin kanssa. Selv\u00e4. Ansaitsenko t\u00e4llaisen rangaistuksen? Mieleeni takertui heti toinen kirppu: kymmeneen vuoteen en ollut nostanut puhelimen luuria ja kysy\u00e4kseni \u00e4idin ja sisarusten kuulumisia, vaikka tied\u00e4n, millaisessa helvetiss\u00e4 he el\u00e4v\u00e4t. Mieleni kuhisee muitakin kirppuja, erilaisia, erimuotoisia.<\/p><\/blockquote>\n\n\n\n<blockquote class=\"wp-block-quote\"><p>Mies alkoi tutkailla paksua syd\u00e4nt\u00e4\u00e4n eri kulmista. Miksi se oli alkanut vanhemmalla i\u00e4ll\u00e4 peitty\u00e4 sementti- ja rautakerroksen alle? H\u00e4n ei l\u00f6yt\u00e4nyt vastausta, vain vaikeaselkoisia tunteita, joista ei ollut selitt\u00e4m\u00e4\u00e4n, miksi syd\u00e4n oli niin kova ja miksi h\u00e4n pakeni jatkuvasti menneisyytt\u00e4\u00e4n. Eik\u00f6 h\u00e4n kuitenkin halunnut m\u00e4\u00e4r\u00e4t\u00e4 el\u00e4m\u00e4ns\u00e4 suunnan ja olla oman itsens\u00e4 herra? T\u00e4ss\u00e4 sit\u00e4 oltiin kauniissa helsinkil\u00e4isasunnossa, Maryam menisi vuoden p\u00e4\u00e4st\u00e4 kouluun, vaimo oli s\u00e4\u00e4st\u00e4nyt rahaa pizzerian palkoista ja harkitsi nyt avaavansa oman ravintolan, jossa tarjottaisiin irakilaisia ruokia. Vaimo oli tosissaan: Tarjoilijoilla olisi pukunaan jonkinlainen irakilaisvaatteiden ja napatanssiasujen hybridi. Ravintola olisi sisustettu perinteiseen tyyliin. Jos luvat j\u00e4rjestyisiv\u00e4t, yhdess\u00e4 nurkassa seisoisi tai makaisi ihka el\u00e4v\u00e4 kameli. Ruokailua s\u00e4est\u00e4isi it\u00e4mainen musiikki. Lattiaa peitt\u00e4isi matto, jossa on kuva Sindbad Merenkulkijasta, ja Aladdinin taikalampun n\u00e4k\u00f6isest\u00e4 vanhasta lyhdyst\u00e4 tupruaisi suitsukkeen tuoksua. Vaimo oli ajatellut kaikkea sellaista mik\u00e4 vetoaisi suomalaisten ja yleens\u00e4kin l\u00e4nsimaalaisten asiakkaiden mielikuviin tuhannen ja yhden y\u00f6n maista. Kerran er\u00e4s nuori suomalainen kirjailija kysyi suuret kysymys- ja huutomerkit kasvoillaan: &#8221;Miten sin\u00e4 oikein olet lukenut Kafkaa? Arabiaksi vai? Miten tulit tutustuneeksi Kafkaan?&#8221; Miehest\u00e4 tuntui kuin h\u00e4n olisi ollut syytettyn\u00e4 &#8211; kuulustelijana toimi kirjailija, ja Kafka oli jokin l\u00e4nsimainen aarre, jonka irakilainen alibaba oli ry\u00f6v\u00e4nnyt. Yht\u00e4 hyvin mies olisi kuitenkin itse voinut tiukata kirjailijalta samaan tapaan: &#8221;Suomeksiko sin\u00e4 muka olet Kafkaa lukenut?!&#8221;<\/p><\/blockquote>\n\n\n\n<p><em>Suomennos arabiankielisest\u00e4 k\u00e4sikirjoituksesta Sampsa Peltonen.<\/em><\/p>\n\n\n\n<p><em>Lue Hassan Blasimin henkil\u00f6kuva Suomen Kuvalehdest\u00e4, joka ilmestyi perjantaina 21. syyskuuta. <\/em><\/p>\n\n\n","protected":false},"excerpt":{"rendered":"<p>Tunnistin h\u00e4net vasta kun h\u00e4n riisui aurinkolasinsa: Salman Rushdie. H\u00e4n oli kymmenen minuuttia etuajassa, en odottanut h\u00e4nt\u00e4 viel\u00e4. Rushdien romaani Shalimar, ilveilij\u00e4 (WSOY)oli juuri ilmestynyt, oli vuosi 2005. Romaani kertoo uskontojen ja arvojen<br \/>\nt\u00f6rm\u00e4y&hellip;<\/p>\n","protected":false},"author":130,"featured_media":0,"comment_status":"open","ping_status":"open","sticky":false,"template":"","format":"standard","meta":{"_acf_changed":false,"asauth_required_access_level":0,"asauth_cansharepaid":"","om_header_attributes":[],"footnotes":"","om_featured_image_focal_point":[],"om_primary_tag":0,"om_contributors":[],"om_co_authors":[],"beyondwords_generate_audio":"","beyondwords_project_id":"","beyondwords_content_id":"","beyondwords_preview_token":"","beyondwords_player_content":"","beyondwords_player_style":"","beyondwords_language_code":"","beyondwords_language_id":"","beyondwords_title_voice_id":"","beyondwords_body_voice_id":"","beyondwords_summary_voice_id":"","beyondwords_error_message":"","beyondwords_disabled":"","beyondwords_delete_content":"","beyondwords_podcast_id":"","beyondwords_hash":"","publish_post_to_speechkit":"","speechkit_hash":"","speechkit_generate_audio":"","speechkit_project_id":"","speechkit_podcast_id":"","speechkit_error_message":"","speechkit_disabled":"","speechkit_access_key":"","speechkit_error":"","speechkit_info":"","speechkit_response":"","speechkit_retries":"","speechkit_status":"","speechkit_updated_at":"","_speechkit_link":"","_speechkit_text":""},"categories":[1],"tags":[46,47,44,45,48],"class_list":["post-20","post","type-post","status-publish","format-standard","hentry","category-kohtaamiset","tag-hassan-blasim","tag-hassan-sanel","tag-kirjailijat","tag-salman-rushdie","tag-vapaudenaukion-mielipuoli"],"om_views":null,"acf":{"tuuma_off":false,"tuuma_kysymys":"","tuuma_vastaus":""},"asauth":{"required_access_level":1,"share_token":"","is_paid":false},"yoast_head":"<!-- This site is optimized with the Yoast SEO plugin v26.4 - https:\/\/yoast.com\/wordpress\/plugins\/seo\/ -->\n<title>&quot;Kirjailijan teht\u00e4v\u00e4 on t\u00e4ytt\u00e4\u00e4 historian tyhj\u00e4t lehdet&quot; - Kohtaamiset<\/title>\n<meta name=\"robots\" content=\"index, follow, max-snippet:-1, max-image-preview:large, max-video-preview:-1\" \/>\n<link rel=\"canonical\" href=\"https:\/\/suomenkuvalehti.fi\/kohtaamiset\/kirjailijan-tehtava-on-tayttaa-historian-tyhjat-lehdet\/\" \/>\n<meta property=\"og:locale\" content=\"fi_FI\" \/>\n<meta property=\"og:type\" content=\"article\" \/>\n<meta property=\"og:title\" content=\"&quot;Kirjailijan teht\u00e4v\u00e4 on t\u00e4ytt\u00e4\u00e4 historian tyhj\u00e4t lehdet&quot; - Kohtaamiset\" \/>\n<meta property=\"og:description\" content=\"Tunnistin h\u00e4net vasta kun h\u00e4n riisui aurinkolasinsa: Salman Rushdie. H\u00e4n oli kymmenen minuuttia etuajassa, en odottanut h\u00e4nt\u00e4 viel\u00e4. Rushdien romaani Shalimar, ilveilij\u00e4 (WSOY)oli juuri ilmestynyt, oli vuosi 2005. Romaani kertoo uskontojen ja arvojen t\u00f6rm\u00e4y&hellip;\" \/>\n<meta property=\"og:url\" content=\"https:\/\/suomenkuvalehti.fi\/kohtaamiset\/kirjailijan-tehtava-on-tayttaa-historian-tyhjat-lehdet\/\" \/>\n<meta property=\"og:site_name\" content=\"Kohtaamiset\" \/>\n<meta property=\"article:published_time\" content=\"2012-09-21T13:00:00+00:00\" \/>\n<meta property=\"article:modified_time\" content=\"2013-11-30T10:04:54+00:00\" \/>\n<meta name=\"author\" content=\"Riitta Kyl\u00e4np\u00e4\u00e4\" \/>\n<meta name=\"twitter:label1\" content=\"Written by\" \/>\n\t<meta name=\"twitter:data1\" content=\"Riitta Kyl\u00e4np\u00e4\u00e4\" \/>\n\t<meta name=\"twitter:label2\" content=\"Est. reading time\" \/>\n\t<meta name=\"twitter:data2\" content=\"5 minuuttia\" \/>\n<script type=\"application\/ld+json\" class=\"yoast-schema-graph\">{\"@context\":\"https:\/\/schema.org\",\"@graph\":[{\"@type\":\"WebPage\",\"@id\":\"https:\/\/suomenkuvalehti.fi\/kohtaamiset\/kirjailijan-tehtava-on-tayttaa-historian-tyhjat-lehdet\/\",\"url\":\"https:\/\/suomenkuvalehti.fi\/kohtaamiset\/kirjailijan-tehtava-on-tayttaa-historian-tyhjat-lehdet\/\",\"name\":\"\\\"Kirjailijan teht\u00e4v\u00e4 on t\u00e4ytt\u00e4\u00e4 historian tyhj\u00e4t lehdet\\\" - Kohtaamiset\",\"isPartOf\":{\"@id\":\"https:\/\/suomenkuvalehti.fi\/kohtaamiset\/#website\"},\"datePublished\":\"2012-09-21T13:00:00+00:00\",\"dateModified\":\"2013-11-30T10:04:54+00:00\",\"author\":{\"@id\":\"https:\/\/suomenkuvalehti.fi\/kohtaamiset\/#\/schema\/person\/da7f684fb0579e356a3b258598e62e9b\"},\"breadcrumb\":{\"@id\":\"https:\/\/suomenkuvalehti.fi\/kohtaamiset\/kirjailijan-tehtava-on-tayttaa-historian-tyhjat-lehdet\/#breadcrumb\"},\"inLanguage\":\"fi\",\"potentialAction\":[{\"@type\":\"ReadAction\",\"target\":[\"https:\/\/suomenkuvalehti.fi\/kohtaamiset\/kirjailijan-tehtava-on-tayttaa-historian-tyhjat-lehdet\/\"]}]},{\"@type\":\"BreadcrumbList\",\"@id\":\"https:\/\/suomenkuvalehti.fi\/kohtaamiset\/kirjailijan-tehtava-on-tayttaa-historian-tyhjat-lehdet\/#breadcrumb\",\"itemListElement\":[{\"@type\":\"ListItem\",\"position\":1,\"name\":\"Home\",\"item\":\"https:\/\/suomenkuvalehti.fi\/kohtaamiset\/\"},{\"@type\":\"ListItem\",\"position\":2,\"name\":\"&#8221;Kirjailijan teht\u00e4v\u00e4 on t\u00e4ytt\u00e4\u00e4 historian tyhj\u00e4t lehdet&#8221;\"}]},{\"@type\":\"WebSite\",\"@id\":\"https:\/\/suomenkuvalehti.fi\/kohtaamiset\/#website\",\"url\":\"https:\/\/suomenkuvalehti.fi\/kohtaamiset\/\",\"name\":\"Kohtaamiset\",\"description\":\"Kohtaamiset-blogi k\u00e4sittelee kirjallisuutta ja kulttuuria.\",\"potentialAction\":[{\"@type\":\"SearchAction\",\"target\":{\"@type\":\"EntryPoint\",\"urlTemplate\":\"https:\/\/suomenkuvalehti.fi\/haku\/?q={search_term_string}\"},\"query-input\":{\"@type\":\"PropertyValueSpecification\",\"valueRequired\":true,\"valueName\":\"search_term_string\"}}],\"inLanguage\":\"fi\"},{\"@type\":\"Person\",\"@id\":\"https:\/\/suomenkuvalehti.fi\/kohtaamiset\/#\/schema\/person\/da7f684fb0579e356a3b258598e62e9b\",\"name\":\"Riitta Kyl\u00e4np\u00e4\u00e4\",\"image\":{\"@type\":\"ImageObject\",\"inLanguage\":\"fi\",\"@id\":\"https:\/\/suomenkuvalehti.fi\/kohtaamiset\/#\/schema\/person\/image\/\",\"url\":\"https:\/\/suomenkuvalehti.fi\/kohtaamiset\/wp-content\/uploads\/sites\/9\/2013\/11\/SK_KYL\u00c4NP\u00c4\u00c4_Riitta_pieni_MV-1-300x300-150x150.jpg\",\"contentUrl\":\"https:\/\/suomenkuvalehti.fi\/kohtaamiset\/wp-content\/uploads\/sites\/9\/2013\/11\/SK_KYL\u00c4NP\u00c4\u00c4_Riitta_pieni_MV-1-300x300-150x150.jpg\",\"caption\":\"Riitta Kyl\u00e4np\u00e4\u00e4\"},\"description\":\"Kirjoittaja on Suomen Kuvalehden toimittaja.\",\"sameAs\":[\"https:\/\/x.com\/https:\/\/twitter.com\/KylaRiitta\"]}]}<\/script>\n<!-- \/ Yoast SEO plugin. -->","yoast_head_json":{"title":"\"Kirjailijan teht\u00e4v\u00e4 on t\u00e4ytt\u00e4\u00e4 historian tyhj\u00e4t lehdet\" - Kohtaamiset","robots":{"index":"index","follow":"follow","max-snippet":"max-snippet:-1","max-image-preview":"max-image-preview:large","max-video-preview":"max-video-preview:-1"},"canonical":"https:\/\/suomenkuvalehti.fi\/kohtaamiset\/kirjailijan-tehtava-on-tayttaa-historian-tyhjat-lehdet\/","og_locale":"fi_FI","og_type":"article","og_title":"\"Kirjailijan teht\u00e4v\u00e4 on t\u00e4ytt\u00e4\u00e4 historian tyhj\u00e4t lehdet\" - Kohtaamiset","og_description":"Tunnistin h\u00e4net vasta kun h\u00e4n riisui aurinkolasinsa: Salman Rushdie. H\u00e4n oli kymmenen minuuttia etuajassa, en odottanut h\u00e4nt\u00e4 viel\u00e4. Rushdien romaani Shalimar, ilveilij\u00e4 (WSOY)oli juuri ilmestynyt, oli vuosi 2005. Romaani kertoo uskontojen ja arvojen t\u00f6rm\u00e4y&hellip;","og_url":"https:\/\/suomenkuvalehti.fi\/kohtaamiset\/kirjailijan-tehtava-on-tayttaa-historian-tyhjat-lehdet\/","og_site_name":"Kohtaamiset","article_published_time":"2012-09-21T13:00:00+00:00","article_modified_time":"2013-11-30T10:04:54+00:00","author":"Riitta Kyl\u00e4np\u00e4\u00e4","twitter_misc":{"Written by":"Riitta Kyl\u00e4np\u00e4\u00e4","Est. reading time":"5 minuuttia"},"schema":{"@context":"https:\/\/schema.org","@graph":[{"@type":"WebPage","@id":"https:\/\/suomenkuvalehti.fi\/kohtaamiset\/kirjailijan-tehtava-on-tayttaa-historian-tyhjat-lehdet\/","url":"https:\/\/suomenkuvalehti.fi\/kohtaamiset\/kirjailijan-tehtava-on-tayttaa-historian-tyhjat-lehdet\/","name":"\"Kirjailijan teht\u00e4v\u00e4 on t\u00e4ytt\u00e4\u00e4 historian tyhj\u00e4t lehdet\" - Kohtaamiset","isPartOf":{"@id":"https:\/\/suomenkuvalehti.fi\/kohtaamiset\/#website"},"datePublished":"2012-09-21T13:00:00+00:00","dateModified":"2013-11-30T10:04:54+00:00","author":{"@id":"https:\/\/suomenkuvalehti.fi\/kohtaamiset\/#\/schema\/person\/da7f684fb0579e356a3b258598e62e9b"},"breadcrumb":{"@id":"https:\/\/suomenkuvalehti.fi\/kohtaamiset\/kirjailijan-tehtava-on-tayttaa-historian-tyhjat-lehdet\/#breadcrumb"},"inLanguage":"fi","potentialAction":[{"@type":"ReadAction","target":["https:\/\/suomenkuvalehti.fi\/kohtaamiset\/kirjailijan-tehtava-on-tayttaa-historian-tyhjat-lehdet\/"]}]},{"@type":"BreadcrumbList","@id":"https:\/\/suomenkuvalehti.fi\/kohtaamiset\/kirjailijan-tehtava-on-tayttaa-historian-tyhjat-lehdet\/#breadcrumb","itemListElement":[{"@type":"ListItem","position":1,"name":"Home","item":"https:\/\/suomenkuvalehti.fi\/kohtaamiset\/"},{"@type":"ListItem","position":2,"name":"&#8221;Kirjailijan teht\u00e4v\u00e4 on t\u00e4ytt\u00e4\u00e4 historian tyhj\u00e4t lehdet&#8221;"}]},{"@type":"WebSite","@id":"https:\/\/suomenkuvalehti.fi\/kohtaamiset\/#website","url":"https:\/\/suomenkuvalehti.fi\/kohtaamiset\/","name":"Kohtaamiset","description":"Kohtaamiset-blogi k\u00e4sittelee kirjallisuutta ja kulttuuria.","potentialAction":[{"@type":"SearchAction","target":{"@type":"EntryPoint","urlTemplate":"https:\/\/suomenkuvalehti.fi\/haku\/?q={search_term_string}"},"query-input":{"@type":"PropertyValueSpecification","valueRequired":true,"valueName":"search_term_string"}}],"inLanguage":"fi"},{"@type":"Person","@id":"https:\/\/suomenkuvalehti.fi\/kohtaamiset\/#\/schema\/person\/da7f684fb0579e356a3b258598e62e9b","name":"Riitta Kyl\u00e4np\u00e4\u00e4","image":{"@type":"ImageObject","inLanguage":"fi","@id":"https:\/\/suomenkuvalehti.fi\/kohtaamiset\/#\/schema\/person\/image\/","url":"https:\/\/suomenkuvalehti.fi\/kohtaamiset\/wp-content\/uploads\/sites\/9\/2013\/11\/SK_KYL\u00c4NP\u00c4\u00c4_Riitta_pieni_MV-1-300x300-150x150.jpg","contentUrl":"https:\/\/suomenkuvalehti.fi\/kohtaamiset\/wp-content\/uploads\/sites\/9\/2013\/11\/SK_KYL\u00c4NP\u00c4\u00c4_Riitta_pieni_MV-1-300x300-150x150.jpg","caption":"Riitta Kyl\u00e4np\u00e4\u00e4"},"description":"Kirjoittaja on Suomen Kuvalehden toimittaja.","sameAs":["https:\/\/x.com\/https:\/\/twitter.com\/KylaRiitta"]}]}},"_links":{"self":[{"href":"https:\/\/suomenkuvalehti.fi\/kohtaamiset\/wp-json\/wp\/v2\/posts\/20","targetHints":{"allow":["GET"]}}],"collection":[{"href":"https:\/\/suomenkuvalehti.fi\/kohtaamiset\/wp-json\/wp\/v2\/posts"}],"about":[{"href":"https:\/\/suomenkuvalehti.fi\/kohtaamiset\/wp-json\/wp\/v2\/types\/post"}],"author":[{"embeddable":true,"href":"https:\/\/suomenkuvalehti.fi\/kohtaamiset\/wp-json\/wp\/v2\/users\/130"}],"replies":[{"embeddable":true,"href":"https:\/\/suomenkuvalehti.fi\/kohtaamiset\/wp-json\/wp\/v2\/comments?post=20"}],"version-history":[{"count":1,"href":"https:\/\/suomenkuvalehti.fi\/kohtaamiset\/wp-json\/wp\/v2\/posts\/20\/revisions"}],"predecessor-version":[{"id":215,"href":"https:\/\/suomenkuvalehti.fi\/kohtaamiset\/wp-json\/wp\/v2\/posts\/20\/revisions\/215"}],"wp:attachment":[{"href":"https:\/\/suomenkuvalehti.fi\/kohtaamiset\/wp-json\/wp\/v2\/media?parent=20"}],"wp:term":[{"taxonomy":"category","embeddable":true,"href":"https:\/\/suomenkuvalehti.fi\/kohtaamiset\/wp-json\/wp\/v2\/categories?post=20"},{"taxonomy":"post_tag","embeddable":true,"href":"https:\/\/suomenkuvalehti.fi\/kohtaamiset\/wp-json\/wp\/v2\/tags?post=20"}],"curies":[{"name":"wp","href":"https:\/\/api.w.org\/{rel}","templated":true}]}}