{"id":197,"date":"2010-01-29T15:01:00","date_gmt":"2010-01-29T13:01:00","guid":{"rendered":"https:\/\/suomenkuvalehti.fi\/kohtaamiset\/2010\/01\/29\/j-d-salinger-kirjailija-joka-sanoi-julkisuudelle-ei-kiitos\/"},"modified":"2018-01-22T12:18:28","modified_gmt":"2018-01-22T10:18:28","slug":"j-d-salinger-kirjailija-joka-sanoi-julkisuudelle-ei-kiitos","status":"publish","type":"post","link":"https:\/\/suomenkuvalehti.fi\/kohtaamiset\/j-d-salinger-kirjailija-joka-sanoi-julkisuudelle-ei-kiitos\/","title":{"rendered":"J. D. Salinger: Kirjailija joka sanoi julkisuudelle ei kiitos"},"content":{"rendered":"\n<p>Eilen tuli tieto, ett\u00e4 amerikkalaisen nykykirjallisuuden toinen suuri vet\u00e4ytyj\u00e4 <strong>J. D. Salinger<\/strong> on kuollut 91 vuoden ik\u00e4isen\u00e4. Kirjailija antoi kirjojensa puhua ja kielt\u00e4ytyi j\u00e4rjestelm\u00e4llisesti julkisuudesta. Salinger ei julkaissut mit\u00e4\u00e4n uutta vuoden 1965 j\u00e4lkeen ja viimeisin haastattelukin on vuodelta 1980.<\/p>\n\n\n\n<p>Kirjailijan maine ja merkitys perustuvat kolmeen teokseen: l\u00e4pimurron varmistanut romaani <em>Sieppari ruispellossa<\/em> (1951), novellikokoelma <em>Yhdeks\u00e4n kertomusta<\/em> (1953) ja yhden pienoisromaanin ja yhden novellin sis\u00e4lt\u00e4v\u00e4 <em>Franny ja Zooey<\/em> (1961).<\/p>\n\n\n\n<p>Sieppari kiehtoo lukijoita vuosikymmenest\u00e4 toiseen. Romaanin erikoislaadusta kertoo, ett\u00e4 siit\u00e4 on ilmestynyt jo kaksi eri suomennosta. <strong>Pentti Saarikosken<\/strong> puhekielist\u00e4 suomea kirjallisuuteemme istuttanut versio ilmestyi 1961 ja <strong>Arto Schroderus<\/strong> julkaisi omansa 2004.<\/p>\n\n\n\n<p>Kirjailija <strong>Rick Moody<\/strong> painotti muistokirjoituksessaan Salingerin kollegiaalista esimerkki\u00e4. Moodyn mielest\u00e4 kaikki h\u00e4nen ik\u00e4polvensa kirjailijat ovat kaikki tulleet Salingerin paidanhelman alta.<\/p>\n\n\n\n<p>Salinger ei kuitenkaan maineesta piitannut. Kuten verkkolehti <em>Salonin<\/em> kriitikko <strong>Laura Miller<\/strong> muistuttaa, Salinger v\u00e4ltteli julkisuutta koska h\u00e4n ei halunnut olla kuuluisa ja h\u00e4n oli kuuluisa siksi ett\u00e4 h\u00e4n ei halunnut esiinty\u00e4 julkisuudessa. Kuuluisuus tavallaan aiheutti mutta my\u00f6s mahdollisti h\u00e4nen erist\u00e4ytymisens\u00e4.<\/p>\n\n\n\n<p>Erakkous oli vainoharhaista. Salingerin mielest\u00e4 kukaan ei saisi tiet\u00e4\u00e4 tai kirjoittaa h\u00e4nest\u00e4 mit\u00e4\u00e4n.<\/p>\n\n\n\n<p>Kirjailijan suurimmat fanit tavallaan riemuitsevat h\u00e4nen kuolemastaan, Miller arvelee. Nyt kun kirjailija on poissa, h\u00e4nen julkaisemattomilla k\u00e4sikirjoituksillaan (joita uskotaan ja toivotaan l\u00f6ytyv\u00e4n melkoinen pino) on edes pieni mahdollisuus l\u00f6yt\u00e4\u00e4 tiens\u00e4 julkisuuteen asti.<\/p>\n\n\n\n<p>Siihen asti on tyytyminen merkilliseen kirjaan nimelt\u00e4 <em>Sieppariin ruispellossa<\/em>. Romaanilla on annettavaa vuosikymmenest\u00e4 toiseen kaikille niille, joiden mielest\u00e4 nuoruuden aitoudessa ja ehdottomuudessa on jotain tavoittelemisen arvoista.<\/p>\n\n\n\n<p>PS. Jutun alussa mainittu &#8221;amerikkalaisen nykykirjallisuuden toinen suuri vet\u00e4ytyj\u00e4&#8221; on tietysti <a href=\"http:\/\/fi.wikipedia.org\/wiki\/Thomas_Pynchon\">Thomas Pynchon<\/a>.<\/p>\n\n\n\n<p><strong>Lis\u00e4\u00e4 aiheesta<\/strong><\/p>\n\n\n\n<p><a href=\"http:\/\/www.salon.com\/life\/rip\/index.html?story=\/books\/laura_miller\/2010\/01\/28\/salinger_obit\">J. D. Salinger: Voice of America (Kriitikko Laura Miller, Salon)<\/a><\/p>\n\n\n\n<p><a href=\"http:\/\/www.npr.org\/templates\/story\/story.php?storyId=123080271\">Salinger: An Influential Voice, Even In &#8217;Silence&#8217; (Kirjailija Rock Moodyn kirjoitus NPR:ss\u00e4)<\/a><\/p>\n\n\n\n<p><a href=\"http:\/\/topics.nytimes.com\/top\/reference\/timestopics\/people\/s\/j_d_salinger\/index.html\">J. D. Salinger (New York Timesin teemasivut)<\/a><\/p>\n\n\n","protected":false},"excerpt":{"rendered":"<p>Eilen tuli tieto, ett\u00e4 amerikkalaisen nykykirjallisuuden toinen suuri vet\u00e4ytyj\u00e4 J. D. Salinger on kuollut 91 vuoden ik\u00e4isen\u00e4. Kirjailija antoi kirjojensa puhua ja kielt\u00e4ytyi j\u00e4rjestelm\u00e4llisesti julkisuudesta. Salinger ei julkaissut mit\u00e4\u00e4n uutta vuoden 1965<br \/>\nj\u00e4lkeen j&hellip;<\/p>\n","protected":false},"author":40424,"featured_media":0,"comment_status":"open","ping_status":"open","sticky":false,"template":"","format":"standard","meta":{"_acf_changed":false,"asauth_required_access_level":0,"asauth_cansharepaid":"","om_header_attributes":[],"footnotes":"","om_featured_image_focal_point":[],"om_primary_tag":0,"om_contributors":[],"om_co_authors":[],"beyondwords_generate_audio":"","beyondwords_project_id":"","beyondwords_content_id":"","beyondwords_preview_token":"","beyondwords_player_content":"","beyondwords_player_style":"","beyondwords_language_code":"","beyondwords_language_id":"","beyondwords_title_voice_id":"","beyondwords_body_voice_id":"","beyondwords_summary_voice_id":"","beyondwords_error_message":"","beyondwords_disabled":"","beyondwords_delete_content":"","beyondwords_podcast_id":"","beyondwords_hash":"","publish_post_to_speechkit":"","speechkit_hash":"","speechkit_generate_audio":"","speechkit_project_id":"","speechkit_podcast_id":"","speechkit_error_message":"","speechkit_disabled":"","speechkit_access_key":"","speechkit_error":"","speechkit_info":"","speechkit_response":"","speechkit_retries":"","speechkit_status":"","speechkit_updated_at":"","_speechkit_link":"","_speechkit_text":""},"categories":[1],"tags":[445,44],"class_list":["post-197","post","type-post","status-publish","format-standard","hentry","category-kohtaamiset","tag-j-d-salinger","tag-kirjailijat"],"om_views":null,"acf":{"tuuma_off":false,"tuuma_kysymys":"","tuuma_vastaus":""},"asauth":{"required_access_level":1,"share_token":"","is_paid":false},"yoast_head":"<!-- This site is optimized with the Yoast SEO plugin v26.4 - https:\/\/yoast.com\/wordpress\/plugins\/seo\/ -->\n<title>J. D. Salinger: Kirjailija joka sanoi julkisuudelle ei kiitos - Kohtaamiset<\/title>\n<meta name=\"robots\" content=\"index, follow, max-snippet:-1, max-image-preview:large, max-video-preview:-1\" \/>\n<link rel=\"canonical\" href=\"https:\/\/suomenkuvalehti.fi\/kohtaamiset\/j-d-salinger-kirjailija-joka-sanoi-julkisuudelle-ei-kiitos\/\" \/>\n<meta property=\"og:locale\" content=\"fi_FI\" \/>\n<meta property=\"og:type\" content=\"article\" \/>\n<meta property=\"og:title\" content=\"J. D. Salinger: Kirjailija joka sanoi julkisuudelle ei kiitos - Kohtaamiset\" \/>\n<meta property=\"og:description\" content=\"Eilen tuli tieto, ett\u00e4 amerikkalaisen nykykirjallisuuden toinen suuri vet\u00e4ytyj\u00e4 J. D. Salinger on kuollut 91 vuoden ik\u00e4isen\u00e4. Kirjailija antoi kirjojensa puhua ja kielt\u00e4ytyi j\u00e4rjestelm\u00e4llisesti julkisuudesta. Salinger ei julkaissut mit\u00e4\u00e4n uutta vuoden 1965 j\u00e4lkeen j&hellip;\" \/>\n<meta property=\"og:url\" content=\"https:\/\/suomenkuvalehti.fi\/kohtaamiset\/j-d-salinger-kirjailija-joka-sanoi-julkisuudelle-ei-kiitos\/\" \/>\n<meta property=\"og:site_name\" content=\"Kohtaamiset\" \/>\n<meta property=\"article:published_time\" content=\"2010-01-29T13:01:00+00:00\" \/>\n<meta property=\"article:modified_time\" content=\"2018-01-22T10:18:28+00:00\" \/>\n<meta name=\"author\" content=\"Karri Kokko\" \/>\n<meta name=\"twitter:label1\" content=\"Written by\" \/>\n\t<meta name=\"twitter:data1\" content=\"Karri Kokko\" \/>\n\t<meta name=\"twitter:label2\" content=\"Est. reading time\" \/>\n\t<meta name=\"twitter:data2\" content=\"1 minuutti\" \/>\n<script type=\"application\/ld+json\" class=\"yoast-schema-graph\">{\"@context\":\"https:\/\/schema.org\",\"@graph\":[{\"@type\":\"WebPage\",\"@id\":\"https:\/\/suomenkuvalehti.fi\/kohtaamiset\/j-d-salinger-kirjailija-joka-sanoi-julkisuudelle-ei-kiitos\/\",\"url\":\"https:\/\/suomenkuvalehti.fi\/kohtaamiset\/j-d-salinger-kirjailija-joka-sanoi-julkisuudelle-ei-kiitos\/\",\"name\":\"J. D. Salinger: Kirjailija joka sanoi julkisuudelle ei kiitos - Kohtaamiset\",\"isPartOf\":{\"@id\":\"https:\/\/suomenkuvalehti.fi\/kohtaamiset\/#website\"},\"datePublished\":\"2010-01-29T13:01:00+00:00\",\"dateModified\":\"2018-01-22T10:18:28+00:00\",\"author\":{\"@id\":\"https:\/\/suomenkuvalehti.fi\/kohtaamiset\/#\/schema\/person\/71dc0f8e27e96911b6c8a510fa150d3e\"},\"breadcrumb\":{\"@id\":\"https:\/\/suomenkuvalehti.fi\/kohtaamiset\/j-d-salinger-kirjailija-joka-sanoi-julkisuudelle-ei-kiitos\/#breadcrumb\"},\"inLanguage\":\"fi\",\"potentialAction\":[{\"@type\":\"ReadAction\",\"target\":[\"https:\/\/suomenkuvalehti.fi\/kohtaamiset\/j-d-salinger-kirjailija-joka-sanoi-julkisuudelle-ei-kiitos\/\"]}]},{\"@type\":\"BreadcrumbList\",\"@id\":\"https:\/\/suomenkuvalehti.fi\/kohtaamiset\/j-d-salinger-kirjailija-joka-sanoi-julkisuudelle-ei-kiitos\/#breadcrumb\",\"itemListElement\":[{\"@type\":\"ListItem\",\"position\":1,\"name\":\"Home\",\"item\":\"https:\/\/suomenkuvalehti.fi\/kohtaamiset\/\"},{\"@type\":\"ListItem\",\"position\":2,\"name\":\"J. D. Salinger: Kirjailija joka sanoi julkisuudelle ei kiitos\"}]},{\"@type\":\"WebSite\",\"@id\":\"https:\/\/suomenkuvalehti.fi\/kohtaamiset\/#website\",\"url\":\"https:\/\/suomenkuvalehti.fi\/kohtaamiset\/\",\"name\":\"Kohtaamiset\",\"description\":\"Kohtaamiset-blogi k\u00e4sittelee kirjallisuutta ja kulttuuria.\",\"potentialAction\":[{\"@type\":\"SearchAction\",\"target\":{\"@type\":\"EntryPoint\",\"urlTemplate\":\"https:\/\/suomenkuvalehti.fi\/haku\/?q={search_term_string}\"},\"query-input\":{\"@type\":\"PropertyValueSpecification\",\"valueRequired\":true,\"valueName\":\"search_term_string\"}}],\"inLanguage\":\"fi\"},{\"@type\":\"Person\",\"@id\":\"https:\/\/suomenkuvalehti.fi\/kohtaamiset\/#\/schema\/person\/71dc0f8e27e96911b6c8a510fa150d3e\",\"name\":\"Karri Kokko\",\"image\":{\"@type\":\"ImageObject\",\"inLanguage\":\"fi\",\"@id\":\"https:\/\/suomenkuvalehti.fi\/kohtaamiset\/#\/schema\/person\/image\/\",\"url\":\"https:\/\/suomenkuvalehti.fi\/kohtaamiset\/wp-content\/uploads\/sites\/9\/2013\/11\/sk_leijona_kulta-150x150.png\",\"contentUrl\":\"https:\/\/suomenkuvalehti.fi\/kohtaamiset\/wp-content\/uploads\/sites\/9\/2013\/11\/sk_leijona_kulta-150x150.png\",\"caption\":\"Karri Kokko\"}}]}<\/script>\n<!-- \/ Yoast SEO plugin. -->","yoast_head_json":{"title":"J. D. Salinger: Kirjailija joka sanoi julkisuudelle ei kiitos - Kohtaamiset","robots":{"index":"index","follow":"follow","max-snippet":"max-snippet:-1","max-image-preview":"max-image-preview:large","max-video-preview":"max-video-preview:-1"},"canonical":"https:\/\/suomenkuvalehti.fi\/kohtaamiset\/j-d-salinger-kirjailija-joka-sanoi-julkisuudelle-ei-kiitos\/","og_locale":"fi_FI","og_type":"article","og_title":"J. D. Salinger: Kirjailija joka sanoi julkisuudelle ei kiitos - Kohtaamiset","og_description":"Eilen tuli tieto, ett\u00e4 amerikkalaisen nykykirjallisuuden toinen suuri vet\u00e4ytyj\u00e4 J. D. Salinger on kuollut 91 vuoden ik\u00e4isen\u00e4. Kirjailija antoi kirjojensa puhua ja kielt\u00e4ytyi j\u00e4rjestelm\u00e4llisesti julkisuudesta. Salinger ei julkaissut mit\u00e4\u00e4n uutta vuoden 1965 j\u00e4lkeen j&hellip;","og_url":"https:\/\/suomenkuvalehti.fi\/kohtaamiset\/j-d-salinger-kirjailija-joka-sanoi-julkisuudelle-ei-kiitos\/","og_site_name":"Kohtaamiset","article_published_time":"2010-01-29T13:01:00+00:00","article_modified_time":"2018-01-22T10:18:28+00:00","author":"Karri Kokko","twitter_misc":{"Written by":"Karri Kokko","Est. reading time":"1 minuutti"},"schema":{"@context":"https:\/\/schema.org","@graph":[{"@type":"WebPage","@id":"https:\/\/suomenkuvalehti.fi\/kohtaamiset\/j-d-salinger-kirjailija-joka-sanoi-julkisuudelle-ei-kiitos\/","url":"https:\/\/suomenkuvalehti.fi\/kohtaamiset\/j-d-salinger-kirjailija-joka-sanoi-julkisuudelle-ei-kiitos\/","name":"J. D. Salinger: Kirjailija joka sanoi julkisuudelle ei kiitos - Kohtaamiset","isPartOf":{"@id":"https:\/\/suomenkuvalehti.fi\/kohtaamiset\/#website"},"datePublished":"2010-01-29T13:01:00+00:00","dateModified":"2018-01-22T10:18:28+00:00","author":{"@id":"https:\/\/suomenkuvalehti.fi\/kohtaamiset\/#\/schema\/person\/71dc0f8e27e96911b6c8a510fa150d3e"},"breadcrumb":{"@id":"https:\/\/suomenkuvalehti.fi\/kohtaamiset\/j-d-salinger-kirjailija-joka-sanoi-julkisuudelle-ei-kiitos\/#breadcrumb"},"inLanguage":"fi","potentialAction":[{"@type":"ReadAction","target":["https:\/\/suomenkuvalehti.fi\/kohtaamiset\/j-d-salinger-kirjailija-joka-sanoi-julkisuudelle-ei-kiitos\/"]}]},{"@type":"BreadcrumbList","@id":"https:\/\/suomenkuvalehti.fi\/kohtaamiset\/j-d-salinger-kirjailija-joka-sanoi-julkisuudelle-ei-kiitos\/#breadcrumb","itemListElement":[{"@type":"ListItem","position":1,"name":"Home","item":"https:\/\/suomenkuvalehti.fi\/kohtaamiset\/"},{"@type":"ListItem","position":2,"name":"J. D. Salinger: Kirjailija joka sanoi julkisuudelle ei kiitos"}]},{"@type":"WebSite","@id":"https:\/\/suomenkuvalehti.fi\/kohtaamiset\/#website","url":"https:\/\/suomenkuvalehti.fi\/kohtaamiset\/","name":"Kohtaamiset","description":"Kohtaamiset-blogi k\u00e4sittelee kirjallisuutta ja kulttuuria.","potentialAction":[{"@type":"SearchAction","target":{"@type":"EntryPoint","urlTemplate":"https:\/\/suomenkuvalehti.fi\/haku\/?q={search_term_string}"},"query-input":{"@type":"PropertyValueSpecification","valueRequired":true,"valueName":"search_term_string"}}],"inLanguage":"fi"},{"@type":"Person","@id":"https:\/\/suomenkuvalehti.fi\/kohtaamiset\/#\/schema\/person\/71dc0f8e27e96911b6c8a510fa150d3e","name":"Karri Kokko","image":{"@type":"ImageObject","inLanguage":"fi","@id":"https:\/\/suomenkuvalehti.fi\/kohtaamiset\/#\/schema\/person\/image\/","url":"https:\/\/suomenkuvalehti.fi\/kohtaamiset\/wp-content\/uploads\/sites\/9\/2013\/11\/sk_leijona_kulta-150x150.png","contentUrl":"https:\/\/suomenkuvalehti.fi\/kohtaamiset\/wp-content\/uploads\/sites\/9\/2013\/11\/sk_leijona_kulta-150x150.png","caption":"Karri Kokko"}}]}},"_links":{"self":[{"href":"https:\/\/suomenkuvalehti.fi\/kohtaamiset\/wp-json\/wp\/v2\/posts\/197","targetHints":{"allow":["GET"]}}],"collection":[{"href":"https:\/\/suomenkuvalehti.fi\/kohtaamiset\/wp-json\/wp\/v2\/posts"}],"about":[{"href":"https:\/\/suomenkuvalehti.fi\/kohtaamiset\/wp-json\/wp\/v2\/types\/post"}],"author":[{"embeddable":true,"href":"https:\/\/suomenkuvalehti.fi\/kohtaamiset\/wp-json\/wp\/v2\/users\/40424"}],"replies":[{"embeddable":true,"href":"https:\/\/suomenkuvalehti.fi\/kohtaamiset\/wp-json\/wp\/v2\/comments?post=197"}],"version-history":[{"count":1,"href":"https:\/\/suomenkuvalehti.fi\/kohtaamiset\/wp-json\/wp\/v2\/posts\/197\/revisions"}],"predecessor-version":[{"id":388,"href":"https:\/\/suomenkuvalehti.fi\/kohtaamiset\/wp-json\/wp\/v2\/posts\/197\/revisions\/388"}],"wp:attachment":[{"href":"https:\/\/suomenkuvalehti.fi\/kohtaamiset\/wp-json\/wp\/v2\/media?parent=197"}],"wp:term":[{"taxonomy":"category","embeddable":true,"href":"https:\/\/suomenkuvalehti.fi\/kohtaamiset\/wp-json\/wp\/v2\/categories?post=197"},{"taxonomy":"post_tag","embeddable":true,"href":"https:\/\/suomenkuvalehti.fi\/kohtaamiset\/wp-json\/wp\/v2\/tags?post=197"}],"curies":[{"name":"wp","href":"https:\/\/api.w.org\/{rel}","templated":true}]}}