{"id":182,"date":"2010-03-10T11:00:01","date_gmt":"2010-03-10T09:00:01","guid":{"rendered":"https:\/\/suomenkuvalehti.fi\/kohtaamiset\/2010\/03\/10\/marko-leino-jatti-tammen-ja-siirtyy-teoksen-kirjailijaksi\/"},"modified":"2018-01-22T12:18:09","modified_gmt":"2018-01-22T10:18:09","slug":"marko-leino-jatti-tammen-ja-siirtyy-teoksen-kirjailijaksi","status":"publish","type":"post","link":"https:\/\/suomenkuvalehti.fi\/kohtaamiset\/marko-leino-jatti-tammen-ja-siirtyy-teoksen-kirjailijaksi\/","title":{"rendered":"Marko Leino j\u00e4tti Tammen ja siirtyy Teoksen kirjailijaksi"},"content":{"rendered":"\n<p>Sivuttaisliike kustannusalalla jatkuu. Kirjailija <strong>Marko Leino<\/strong> j\u00e4tt\u00e4\u00e4 Tammen ja siirtyy Teoksen kirjailijaksi.<\/p>\n\n\n\n<p>Leinon l\u00e4ht\u00f6 tapahtuu kesken hiljaisen kev\u00e4tkauden, mutta vaikutukset n\u00e4kyv\u00e4t nopeasti. Kirjailijan uusi romaani <em>Kotirauha<\/em> julkaistaan syksyll\u00e4.<\/p>\n\n\n\n<p>Tammen kotimaisen kirjallisuuden kustannusp\u00e4\u00e4llikk\u00f6 <strong>Hannu Harju<\/strong> yll\u00e4ttyi uutisesta. Eilen hyv\u00e4ss\u00e4 hengess\u00e4 k\u00e4yty keskustelu Leinon agentin kanssa vaihtui t\u00e4n\u00e4\u00e4n uuden kustantajan l\u00e4hett\u00e4m\u00e4\u00e4n tiedotteeseen.<\/p>\n\n\n\n<p>&#8221;Totta kai olen harmissani, ettei yhteisty\u00f6 Markon kanssa jatku. Mutta kirjailijan ja kustantajan v\u00e4lit ovat luottamukselliset, enk\u00e4 ryhdy kommentoimaan asiaa julkisuudessa&#8221;, Harju sanoo.<\/p>\n\n\n\n<p>Tammi menetti useita kirjailijoita, kun Teos perustettiin 7 vuotta sitten. Kun monen kirjailijan luottotoimittaja <strong>Silja Hiidenheimo<\/strong> l\u00e4hti Tammesta h\u00e4nen per\u00e4ss\u00e4\u00e4n Teokseen siirtyiv\u00e4t mm. runoilijat <strong>Tuomas Timonen, Tomi Kontio, Juhani Ahvenj\u00e4rvi, Markku Paasonen<\/strong> ja <strong>Eino Santanen<\/strong>. Heid\u00e4n lis\u00e4kseen kokoelmiaan julkaisevat nykyisin muualla my\u00f6s <strong>Teemu Manninen, Pauliina Haasjoki<\/strong> ja <strong>Kari Aronpuro<\/strong>.<\/p>\n\n\n\n<p>Harjun mielest\u00e4 ratkaisut ovat kuitenkin aina yksil\u00f6tapauksia.<\/p>\n\n\n\n<p>&#8221;Toisinaan vaan k\u00e4y niin, etteiv\u00e4t kirjailijan ja kustantajan n\u00e4kemykset kohtaa. Se on t\u00e4ll\u00e4 alalla ihan normaalia&#8221;, Harju sanoo.<\/p>\n\n\n\n<p>Harju kuitenkin muistuttaa, ett\u00e4 suunta Tammessa on ollut my\u00f6s toiseen suuntaan: t\u00e4n\u00e4 vuonna yhti\u00f6 julkaisee nelj\u00e4 kotimaista esikoisteosta.<\/p>\n\n\n\n<p>Tammelle Leinon menetys on joka tapauksessa merkitt\u00e4v\u00e4. Arvostetun elokuvamiehen uusin dekkari, trilogiaksi aiotun romaanisarjan toinen osa <em>Ansa<\/em> (2009) oli menestys ja palkittiin Vuoden johtolangalla.<\/p>\n\n\n\n<p>Arvostus n\u00e4kyy viel\u00e4 t\u00e4n\u00e4\u00e4n my\u00f6s <a href=\"http:\/\/tammi.fi\/\">Tammen<\/a> kotisivuilla, jonka yl\u00e4laidassa komeilee Leinon romaania hehkuttava mainos.<\/p>\n\n\n\n<p>Teoksen julkaisema <a href=\"http:\/\/www.teos.fi\/fi\/media\/index.php?sub=2&amp;id=299\">tiedote<\/a> toteaa uudesta kaappauksesta: &#8221;Kotirauha kertoo miehest\u00e4, joka ajautuu ongelmiin rakennusbisneksess\u00e4. Romaanin elokuvausoikeudet on varannut Solar Films.&#8221;<\/p>\n\n\n\n<p><br><strong>Aiheesta lis\u00e4\u00e4:<\/strong><\/p>\n\n\n\n<p><a href=\"https:\/\/suomenkuvalehti.fi\/kohtaamiset\/2010\/02\/11\/tommy-tabermann-vaihtoi-otavalle-runoilijat-ovat-liikekannalla\/\">Tommy Tabermann vaihtoi Otavalle &#8211; runoilijat ovat liikekannalla (Kohtaamisia 11.2.2010)<\/a><\/p>\n\n\n","protected":false},"excerpt":{"rendered":"<p>Sivuttaisliike kustannusalalla jatkuu. Kirjailija Marko Leino j\u00e4tt\u00e4\u00e4 Tammen ja siirtyy Teoksen kirjailijaksi. Leinon l\u00e4ht\u00f6 tapahtuu kesken hiljaisen kev\u00e4tkauden, mutta vaikutukset n\u00e4kyv\u00e4t nopeasti. Kirjailijan uusi romaani Kotirauha julkaistaan syksyll\u00e4. Tammen<br \/>\nkotimais&hellip;<\/p>\n","protected":false},"author":40424,"featured_media":0,"comment_status":"open","ping_status":"open","sticky":false,"template":"","format":"standard","meta":{"_acf_changed":false,"asauth_required_access_level":0,"asauth_cansharepaid":"","om_header_attributes":[],"footnotes":"","om_featured_image_focal_point":[],"om_primary_tag":0,"om_contributors":[],"om_co_authors":[],"beyondwords_generate_audio":"","beyondwords_project_id":"","beyondwords_content_id":"","beyondwords_preview_token":"","beyondwords_player_content":"","beyondwords_player_style":"","beyondwords_language_code":"","beyondwords_language_id":"","beyondwords_title_voice_id":"","beyondwords_body_voice_id":"","beyondwords_summary_voice_id":"","beyondwords_error_message":"","beyondwords_disabled":"","beyondwords_delete_content":"","beyondwords_podcast_id":"","beyondwords_hash":"","publish_post_to_speechkit":"","speechkit_hash":"","speechkit_generate_audio":"","speechkit_project_id":"","speechkit_podcast_id":"","speechkit_error_message":"","speechkit_disabled":"","speechkit_access_key":"","speechkit_error":"","speechkit_info":"","speechkit_response":"","speechkit_retries":"","speechkit_status":"","speechkit_updated_at":"","_speechkit_link":"","_speechkit_text":""},"categories":[1],"tags":[420,159,345],"class_list":["post-182","post","type-post","status-publish","format-standard","hentry","category-kohtaamiset","tag-marko-leino","tag-tammi","tag-teos"],"om_views":null,"acf":{"tuuma_off":false,"tuuma_kysymys":"","tuuma_vastaus":""},"asauth":{"required_access_level":1,"share_token":"","is_paid":false},"yoast_head":"<!-- This site is optimized with the Yoast SEO plugin v26.4 - https:\/\/yoast.com\/wordpress\/plugins\/seo\/ -->\n<title>Marko Leino j\u00e4tti Tammen ja siirtyy Teoksen kirjailijaksi - Kohtaamiset<\/title>\n<meta name=\"robots\" content=\"index, follow, max-snippet:-1, max-image-preview:large, max-video-preview:-1\" \/>\n<link rel=\"canonical\" href=\"https:\/\/suomenkuvalehti.fi\/kohtaamiset\/marko-leino-jatti-tammen-ja-siirtyy-teoksen-kirjailijaksi\/\" \/>\n<meta property=\"og:locale\" content=\"fi_FI\" \/>\n<meta property=\"og:type\" content=\"article\" \/>\n<meta property=\"og:title\" content=\"Marko Leino j\u00e4tti Tammen ja siirtyy Teoksen kirjailijaksi - Kohtaamiset\" \/>\n<meta property=\"og:description\" content=\"Sivuttaisliike kustannusalalla jatkuu. Kirjailija Marko Leino j\u00e4tt\u00e4\u00e4 Tammen ja siirtyy Teoksen kirjailijaksi. Leinon l\u00e4ht\u00f6 tapahtuu kesken hiljaisen kev\u00e4tkauden, mutta vaikutukset n\u00e4kyv\u00e4t nopeasti. Kirjailijan uusi romaani Kotirauha julkaistaan syksyll\u00e4. Tammen kotimais&hellip;\" \/>\n<meta property=\"og:url\" content=\"https:\/\/suomenkuvalehti.fi\/kohtaamiset\/marko-leino-jatti-tammen-ja-siirtyy-teoksen-kirjailijaksi\/\" \/>\n<meta property=\"og:site_name\" content=\"Kohtaamiset\" \/>\n<meta property=\"article:published_time\" content=\"2010-03-10T09:00:01+00:00\" \/>\n<meta property=\"article:modified_time\" content=\"2018-01-22T10:18:09+00:00\" \/>\n<meta name=\"author\" content=\"Karri Kokko\" \/>\n<meta name=\"twitter:label1\" content=\"Written by\" \/>\n\t<meta name=\"twitter:data1\" content=\"Karri Kokko\" \/>\n\t<meta name=\"twitter:label2\" content=\"Est. reading time\" \/>\n\t<meta name=\"twitter:data2\" content=\"1 minuutti\" \/>\n<script type=\"application\/ld+json\" class=\"yoast-schema-graph\">{\"@context\":\"https:\/\/schema.org\",\"@graph\":[{\"@type\":\"WebPage\",\"@id\":\"https:\/\/suomenkuvalehti.fi\/kohtaamiset\/marko-leino-jatti-tammen-ja-siirtyy-teoksen-kirjailijaksi\/\",\"url\":\"https:\/\/suomenkuvalehti.fi\/kohtaamiset\/marko-leino-jatti-tammen-ja-siirtyy-teoksen-kirjailijaksi\/\",\"name\":\"Marko Leino j\u00e4tti Tammen ja siirtyy Teoksen kirjailijaksi - Kohtaamiset\",\"isPartOf\":{\"@id\":\"https:\/\/suomenkuvalehti.fi\/kohtaamiset\/#website\"},\"datePublished\":\"2010-03-10T09:00:01+00:00\",\"dateModified\":\"2018-01-22T10:18:09+00:00\",\"author\":{\"@id\":\"https:\/\/suomenkuvalehti.fi\/kohtaamiset\/#\/schema\/person\/71dc0f8e27e96911b6c8a510fa150d3e\"},\"breadcrumb\":{\"@id\":\"https:\/\/suomenkuvalehti.fi\/kohtaamiset\/marko-leino-jatti-tammen-ja-siirtyy-teoksen-kirjailijaksi\/#breadcrumb\"},\"inLanguage\":\"fi\",\"potentialAction\":[{\"@type\":\"ReadAction\",\"target\":[\"https:\/\/suomenkuvalehti.fi\/kohtaamiset\/marko-leino-jatti-tammen-ja-siirtyy-teoksen-kirjailijaksi\/\"]}]},{\"@type\":\"BreadcrumbList\",\"@id\":\"https:\/\/suomenkuvalehti.fi\/kohtaamiset\/marko-leino-jatti-tammen-ja-siirtyy-teoksen-kirjailijaksi\/#breadcrumb\",\"itemListElement\":[{\"@type\":\"ListItem\",\"position\":1,\"name\":\"Home\",\"item\":\"https:\/\/suomenkuvalehti.fi\/kohtaamiset\/\"},{\"@type\":\"ListItem\",\"position\":2,\"name\":\"Marko Leino j\u00e4tti Tammen ja siirtyy Teoksen kirjailijaksi\"}]},{\"@type\":\"WebSite\",\"@id\":\"https:\/\/suomenkuvalehti.fi\/kohtaamiset\/#website\",\"url\":\"https:\/\/suomenkuvalehti.fi\/kohtaamiset\/\",\"name\":\"Kohtaamiset\",\"description\":\"Kohtaamiset-blogi k\u00e4sittelee kirjallisuutta ja kulttuuria.\",\"potentialAction\":[{\"@type\":\"SearchAction\",\"target\":{\"@type\":\"EntryPoint\",\"urlTemplate\":\"https:\/\/suomenkuvalehti.fi\/haku\/?q={search_term_string}\"},\"query-input\":{\"@type\":\"PropertyValueSpecification\",\"valueRequired\":true,\"valueName\":\"search_term_string\"}}],\"inLanguage\":\"fi\"},{\"@type\":\"Person\",\"@id\":\"https:\/\/suomenkuvalehti.fi\/kohtaamiset\/#\/schema\/person\/71dc0f8e27e96911b6c8a510fa150d3e\",\"name\":\"Karri Kokko\",\"image\":{\"@type\":\"ImageObject\",\"inLanguage\":\"fi\",\"@id\":\"https:\/\/suomenkuvalehti.fi\/kohtaamiset\/#\/schema\/person\/image\/\",\"url\":\"https:\/\/suomenkuvalehti.fi\/kohtaamiset\/wp-content\/uploads\/sites\/9\/2013\/11\/sk_leijona_kulta-150x150.png\",\"contentUrl\":\"https:\/\/suomenkuvalehti.fi\/kohtaamiset\/wp-content\/uploads\/sites\/9\/2013\/11\/sk_leijona_kulta-150x150.png\",\"caption\":\"Karri Kokko\"}}]}<\/script>\n<!-- \/ Yoast SEO plugin. -->","yoast_head_json":{"title":"Marko Leino j\u00e4tti Tammen ja siirtyy Teoksen kirjailijaksi - Kohtaamiset","robots":{"index":"index","follow":"follow","max-snippet":"max-snippet:-1","max-image-preview":"max-image-preview:large","max-video-preview":"max-video-preview:-1"},"canonical":"https:\/\/suomenkuvalehti.fi\/kohtaamiset\/marko-leino-jatti-tammen-ja-siirtyy-teoksen-kirjailijaksi\/","og_locale":"fi_FI","og_type":"article","og_title":"Marko Leino j\u00e4tti Tammen ja siirtyy Teoksen kirjailijaksi - Kohtaamiset","og_description":"Sivuttaisliike kustannusalalla jatkuu. Kirjailija Marko Leino j\u00e4tt\u00e4\u00e4 Tammen ja siirtyy Teoksen kirjailijaksi. Leinon l\u00e4ht\u00f6 tapahtuu kesken hiljaisen kev\u00e4tkauden, mutta vaikutukset n\u00e4kyv\u00e4t nopeasti. Kirjailijan uusi romaani Kotirauha julkaistaan syksyll\u00e4. Tammen kotimais&hellip;","og_url":"https:\/\/suomenkuvalehti.fi\/kohtaamiset\/marko-leino-jatti-tammen-ja-siirtyy-teoksen-kirjailijaksi\/","og_site_name":"Kohtaamiset","article_published_time":"2010-03-10T09:00:01+00:00","article_modified_time":"2018-01-22T10:18:09+00:00","author":"Karri Kokko","twitter_misc":{"Written by":"Karri Kokko","Est. reading time":"1 minuutti"},"schema":{"@context":"https:\/\/schema.org","@graph":[{"@type":"WebPage","@id":"https:\/\/suomenkuvalehti.fi\/kohtaamiset\/marko-leino-jatti-tammen-ja-siirtyy-teoksen-kirjailijaksi\/","url":"https:\/\/suomenkuvalehti.fi\/kohtaamiset\/marko-leino-jatti-tammen-ja-siirtyy-teoksen-kirjailijaksi\/","name":"Marko Leino j\u00e4tti Tammen ja siirtyy Teoksen kirjailijaksi - Kohtaamiset","isPartOf":{"@id":"https:\/\/suomenkuvalehti.fi\/kohtaamiset\/#website"},"datePublished":"2010-03-10T09:00:01+00:00","dateModified":"2018-01-22T10:18:09+00:00","author":{"@id":"https:\/\/suomenkuvalehti.fi\/kohtaamiset\/#\/schema\/person\/71dc0f8e27e96911b6c8a510fa150d3e"},"breadcrumb":{"@id":"https:\/\/suomenkuvalehti.fi\/kohtaamiset\/marko-leino-jatti-tammen-ja-siirtyy-teoksen-kirjailijaksi\/#breadcrumb"},"inLanguage":"fi","potentialAction":[{"@type":"ReadAction","target":["https:\/\/suomenkuvalehti.fi\/kohtaamiset\/marko-leino-jatti-tammen-ja-siirtyy-teoksen-kirjailijaksi\/"]}]},{"@type":"BreadcrumbList","@id":"https:\/\/suomenkuvalehti.fi\/kohtaamiset\/marko-leino-jatti-tammen-ja-siirtyy-teoksen-kirjailijaksi\/#breadcrumb","itemListElement":[{"@type":"ListItem","position":1,"name":"Home","item":"https:\/\/suomenkuvalehti.fi\/kohtaamiset\/"},{"@type":"ListItem","position":2,"name":"Marko Leino j\u00e4tti Tammen ja siirtyy Teoksen kirjailijaksi"}]},{"@type":"WebSite","@id":"https:\/\/suomenkuvalehti.fi\/kohtaamiset\/#website","url":"https:\/\/suomenkuvalehti.fi\/kohtaamiset\/","name":"Kohtaamiset","description":"Kohtaamiset-blogi k\u00e4sittelee kirjallisuutta ja kulttuuria.","potentialAction":[{"@type":"SearchAction","target":{"@type":"EntryPoint","urlTemplate":"https:\/\/suomenkuvalehti.fi\/haku\/?q={search_term_string}"},"query-input":{"@type":"PropertyValueSpecification","valueRequired":true,"valueName":"search_term_string"}}],"inLanguage":"fi"},{"@type":"Person","@id":"https:\/\/suomenkuvalehti.fi\/kohtaamiset\/#\/schema\/person\/71dc0f8e27e96911b6c8a510fa150d3e","name":"Karri Kokko","image":{"@type":"ImageObject","inLanguage":"fi","@id":"https:\/\/suomenkuvalehti.fi\/kohtaamiset\/#\/schema\/person\/image\/","url":"https:\/\/suomenkuvalehti.fi\/kohtaamiset\/wp-content\/uploads\/sites\/9\/2013\/11\/sk_leijona_kulta-150x150.png","contentUrl":"https:\/\/suomenkuvalehti.fi\/kohtaamiset\/wp-content\/uploads\/sites\/9\/2013\/11\/sk_leijona_kulta-150x150.png","caption":"Karri Kokko"}}]}},"_links":{"self":[{"href":"https:\/\/suomenkuvalehti.fi\/kohtaamiset\/wp-json\/wp\/v2\/posts\/182","targetHints":{"allow":["GET"]}}],"collection":[{"href":"https:\/\/suomenkuvalehti.fi\/kohtaamiset\/wp-json\/wp\/v2\/posts"}],"about":[{"href":"https:\/\/suomenkuvalehti.fi\/kohtaamiset\/wp-json\/wp\/v2\/types\/post"}],"author":[{"embeddable":true,"href":"https:\/\/suomenkuvalehti.fi\/kohtaamiset\/wp-json\/wp\/v2\/users\/40424"}],"replies":[{"embeddable":true,"href":"https:\/\/suomenkuvalehti.fi\/kohtaamiset\/wp-json\/wp\/v2\/comments?post=182"}],"version-history":[{"count":1,"href":"https:\/\/suomenkuvalehti.fi\/kohtaamiset\/wp-json\/wp\/v2\/posts\/182\/revisions"}],"predecessor-version":[{"id":238,"href":"https:\/\/suomenkuvalehti.fi\/kohtaamiset\/wp-json\/wp\/v2\/posts\/182\/revisions\/238"}],"wp:attachment":[{"href":"https:\/\/suomenkuvalehti.fi\/kohtaamiset\/wp-json\/wp\/v2\/media?parent=182"}],"wp:term":[{"taxonomy":"category","embeddable":true,"href":"https:\/\/suomenkuvalehti.fi\/kohtaamiset\/wp-json\/wp\/v2\/categories?post=182"},{"taxonomy":"post_tag","embeddable":true,"href":"https:\/\/suomenkuvalehti.fi\/kohtaamiset\/wp-json\/wp\/v2\/tags?post=182"}],"curies":[{"name":"wp","href":"https:\/\/api.w.org\/{rel}","templated":true}]}}