{"id":17,"date":"2012-10-16T13:00:01","date_gmt":"2012-10-16T10:00:01","guid":{"rendered":"https:\/\/suomenkuvalehti.fi\/kohtaamiset\/2012\/10\/16\/itsetietoisuuden-vanki\/"},"modified":"2013-11-30T12:04:54","modified_gmt":"2013-11-30T10:04:54","slug":"itsetietoisuuden-vanki","status":"publish","type":"post","link":"https:\/\/suomenkuvalehti.fi\/kohtaamiset\/itsetietoisuuden-vanki\/","title":{"rendered":"Itsetietoisuuden vanki"},"content":{"rendered":"\n<p>Taas k\u00e4vi niin, ett\u00e4 Nobel-voittajan ainoatakaan romaania ei ole toistaiseksi suomennettu, ja englanninkieliset k\u00e4\u00e4nn\u00f6ksetkin ovat loppu Helsingin kirjakaupoista. Pieni ruotsalaiskustantamo Tranan on julkaisut ruotsiksi kolme kiinalaisen <strong>Mo Yanin <\/strong>romaania, mutta kauppojen hyllyill\u00e4 p\u00f6lyttyneet kirjat vietiin siell\u00e4kin hetkess\u00e4 k\u00e4sist\u00e4.<\/p>\n\n\n\n\n<p>&#8221;Barbaarisia, mutta eettisi\u00e4&#8221;, er\u00e4s ruotsalaiskriitikko luonnehti voittajan teoksia tuoreeltaan Ruotsin televisiossa. &#8221;Tunnustan, en ole lukenut&#8221;, Helsingin Kirjamessujen ohjelmajohtaja <strong>Stig-Bj\u00f6rn Nyberg<\/strong>, &#8221;Herra Kirja&#8221;,  totesi Suomen televisiossa.<\/p>\n\n\n\n<p>Kauan piti odottaa my\u00f6s amerikkalaisen <strong>David Foster Wallacen<\/strong> teosten suomentamista. L\u00e4hes kulttimaineeseen nousseen Wallacen nime\u00e4 ei tulla koskaan n\u00e4kem\u00e4\u00e4n Nobel-spekulaatioissa. Wallace teki itsemurhan 2008. H\u00e4nen postuumisti ilmestynyt <em>The Pale King<\/em> oli kyll\u00e4 Pulitzer-palkintoehdokas 2011, mutta Nobeleja saavat vain el\u00e4v\u00e4t. Hyv\u00e4\u00e4 esimakua Wallacen taituruudesta saa h\u00e4nen vasta suomennetusta esseekokoelmastaan <em>Hauskaa, mutta ei koskaan en\u00e4\u00e4<\/em>.<\/p>\n\n\n\n<p>Wallace ja amerikkalainen kirjailija <strong>Jonathan Franzen<\/strong> olivat hyvi\u00e4 yst\u00e4vi\u00e4. Wallace toimi Franzenin esilukijana, ja Franzen teki parhaansa, jotta Wallace olisi keksinyt yhdenkin syyn el\u00e4\u00e4.<\/p>\n\n\n\n<p>Vaikea sellaisesta on kysell\u00e4, vaikka siihen oli mahdollisuus toissa kes\u00e4n\u00e4. Nyt Franzen kertoo yst\u00e4vyydest\u00e4\u00e4n Wallaceen tuoreessa esseekokoelmassaan <em>Farther Away<\/em>.  Maaliskuussa suomeksi ilmestyv\u00e4st\u00e4 kirjasta on ote Wallacen teoksen liepeess\u00e4: &#8221;Erikoista Davidin kertomataiteessa on kuitenkin se, millaista hyv\u00e4ksynt\u00e4\u00e4 ja lohtua, millaista rakkautta, h\u00e4nen hartaimmat lukijansa tuntevat saavansa sen parissa.&#8221;<\/p>\n\n\n\n<p>Wallacen havainto on tarkka ja h\u00e4nen ilmaisussaan on voimaa. Kokoelman kuudessa esseess\u00e4 h\u00e4n k\u00e4sittelee muun muassa Mainen hummerifestivaaleja, pornoelokuvien palkintogaalaa Las Vegasissa ja Karibian-risteily\u00e4 loistolaiva Nadirilla. Keskiluokkaisuus ei ollut Wallacen suurimpia ihailun aiheita, mutta mink\u00e4s l\u00e4ht\u00f6kohdilleen voi: \u00e4lyk\u00e4s kirjailija tarkasteli kutkuttavan satiirisesti keskiluokkaista el\u00e4m\u00e4\u00e4. Franzen ei muusta kirjoitakaan kuin keskiluokkaisesta el\u00e4m\u00e4st\u00e4, mutta s\u00e4vy on Wallacea sovinnollisempi, kaupallisempi.<\/p>\n\n\n\n<p>Suosikkini on essee, jossa Wallace kertoo lapsuutensa ja nuoruutensa tennisharrastuksesta Philossa Keski-Illinoisissa Amerikan keskil\u00e4nnest\u00e4.<\/p>\n\n\n\n<p>Philossa olosuhteet tenniksenpeluun kannalta ovat kehnot. &#8221;Kes\u00e4 on kuuma ja hautova kuin m\u00e4rk\u00e4 lapanen, irvokkaan hedelm\u00e4llinen maaper\u00e4 panee ruohot ja lehtipuun versot ty\u00f6ntym\u00e4\u00e4n raa\u00b4alla voimalla tenniskent\u00e4n pinnoitteen l\u00e4pi, hike\u00e4 ravinnokseen k\u00e4ytt\u00e4vi\u00e4 surviaisia ja peltojen vaoissa ja lankalev\u00e4n tukkimissa ojissa siki\u00e4vi\u00e4 hyttysi\u00e4 paljon&#8230;.&#8221;<\/p>\n\n\n\n<p>Suurin ongelma kuitenkin on &#8221;oikullinen ja ep\u00e4reilu tuuli&#8221;, joka saa monet sekop\u00e4isiksi.<\/p>\n\n\n\n<p>Wallace on varma, ett\u00e4 Keski-Illinoisissa tuulella oli persoonallisuus, temperamentti, huono sellainen, ja kenties jopa oma tahto.<\/p>\n\n\n\n<p>Ajoittain tuuli oli niin kova, ett\u00e4 laihat pelaajat piti sitoa kiinni maahan, jotta ne eiv\u00e4t l\u00e4htisi lentoon. Kev\u00e4t on puolta pahempi kuin syksy, mutta syksykin on &#8221;jatkuvaa matalaa huminaa ja ratisevaa \u00e4\u00e4nt\u00e4, kun kokonaiset kuivien lehtien mantereet muodostivat voimaviivojaan&#8230;&#8221; Huhtikuusta hein\u00e4kuuhun tuuli oli Wallacen mukaan rauhoittavien tarpeessa; se puhalsi t\u00e4ysin sattumanvaraisesti.<\/p>\n\n\n\n<p>&#8221;Kes\u00e4t olivat mielipuolisen puuskaisia, kunnes joskus elokuussa tuli yht\u00e4kki\u00e4 t\u00e4ysin tyynt\u00e4.&#8221;<\/p>\n\n\n\n<p>Mutta Wallace menestyi tenniskent\u00e4ll\u00e4. H\u00e4nell\u00e4 oli vaistomainen tuntuma tuuleen ja h\u00e4nen &#8221;tuulisy\u00f6tt\u00f6ns\u00e4&#8221; upposivat vastustajan kentt\u00e4\u00e4n. Lopulta h\u00e4n tekee tuulesta uskonnon itselleen.<\/p>\n\n\n\n<p>Tuulen tyyntyminen elokuussa sai kaikki sekaisin.<\/p>\n\n\n\n<p>&#8221;Elokuussa tajusimme, ett\u00e4 Philossa tuulen huminasta oli tullut koko el\u00e4m\u00e4n \u00e4\u00e4niraita. Minulle tuulen humina merkitsi hiljaisuutta. Kun se lakkasi, kuulin veren nirskuvan p\u00e4\u00e4ss\u00e4ni ja t\u00e4rykalvon pikkuisten karvojen t\u00e4risev\u00e4n kuin juoppo vieroituskuurilla.&#8221;<\/p>\n\n\n\n<p>Sitten koitti Wallacen 15.  kes\u00e4. Ik\u00e4toverit miehistyv\u00e4t, mutta Davidin murrosik\u00e4 viipyy. H\u00e4vi\u00f6t tenniskent\u00e4ll\u00e4 seurasivat tosiaan, ja lopulta h\u00e4n lopetti kilpa-uransa.<\/p>\n\n\n\n<p>Junioritennis johdatti Wallacen &#8221;aikuisel\u00e4m\u00e4n t\u00e4ydelliseen lohduttomuuteen &#8221;. H\u00e4nest\u00e4 tuli l\u00e4hes \u00e4\u00e4rimm\u00e4inen itsetutkiskelija. H\u00e4n oli &#8221;korostuneen itsetietoisuuden vanki&#8221;, Franzen kirjoittaa uudessa kirjassaan. H\u00e4n tunnistaa itsess\u00e4\u00e4n saman taipumuksen: &#8221;Kukin meist\u00e4 el\u00e4\u00e4 haaksirikkoutuneena omalla olemassaolon saarellaan.&#8221;<\/p>\n\n\n\n<p>Wallace asui &#8221;kaikkein et\u00e4isimm\u00e4ll\u00e4 saarella&#8221;.<\/p>\n\n\n\n<p><em>The Pale Kingin<\/em> kirjoittaminen edistyi hitaasti. Lopulta Wallacen usko omiin kykyihins\u00e4 loppui.<\/p>\n\n\n","protected":false},"excerpt":{"rendered":"<p>Taas k\u00e4vi niin, ett\u00e4 Nobel-voittajan ainoatakaan romaania ei ole toistaiseksi suomennettu, ja englanninkieliset k\u00e4\u00e4nn\u00f6ksetkin ovat loppu Helsingin kirjakaupoista. Pieni ruotsalaiskustantamo Tranan on julkaisut ruotsiksi kolme kiinalaisen Mo Yanin romaania, mutta kauppojen hyllyill\u00e4 p\u00f6lyttyneet kirjat<br \/>\nvietii&hellip;<\/p>\n","protected":false},"author":130,"featured_media":0,"comment_status":"open","ping_status":"open","sticky":false,"template":"","format":"standard","meta":{"_acf_changed":false,"asauth_required_access_level":0,"asauth_cansharepaid":"","om_header_attributes":[],"footnotes":"","om_featured_image_focal_point":[],"om_primary_tag":0,"om_contributors":[],"om_co_authors":[],"beyondwords_generate_audio":"","beyondwords_project_id":"","beyondwords_content_id":"","beyondwords_preview_token":"","beyondwords_player_content":"","beyondwords_player_style":"","beyondwords_language_code":"","beyondwords_language_id":"","beyondwords_title_voice_id":"","beyondwords_body_voice_id":"","beyondwords_summary_voice_id":"","beyondwords_error_message":"","beyondwords_disabled":"","beyondwords_delete_content":"","beyondwords_podcast_id":"","beyondwords_hash":"","publish_post_to_speechkit":"","speechkit_hash":"","speechkit_generate_audio":"","speechkit_project_id":"","speechkit_podcast_id":"","speechkit_error_message":"","speechkit_disabled":"","speechkit_access_key":"","speechkit_error":"","speechkit_info":"","speechkit_response":"","speechkit_retries":"","speechkit_status":"","speechkit_updated_at":"","_speechkit_link":"","_speechkit_text":""},"categories":[1],"tags":[10,9,32,33,34],"class_list":["post-17","post","type-post","status-publish","format-standard","hentry","category-kohtaamiset","tag-david-foster-wallace","tag-jonathan-franzen","tag-mo-yan","tag-nobel","tag-pulitzer"],"om_views":null,"acf":{"tuuma_off":false,"tuuma_kysymys":"","tuuma_vastaus":""},"asauth":{"required_access_level":1,"share_token":"","is_paid":false},"yoast_head":"<!-- This site is optimized with the Yoast SEO plugin v26.4 - https:\/\/yoast.com\/wordpress\/plugins\/seo\/ -->\n<title>Itsetietoisuuden vanki - Kohtaamiset<\/title>\n<meta name=\"robots\" content=\"index, follow, max-snippet:-1, max-image-preview:large, max-video-preview:-1\" \/>\n<link rel=\"canonical\" href=\"https:\/\/suomenkuvalehti.fi\/kohtaamiset\/itsetietoisuuden-vanki\/\" \/>\n<meta property=\"og:locale\" content=\"fi_FI\" \/>\n<meta property=\"og:type\" content=\"article\" \/>\n<meta property=\"og:title\" content=\"Itsetietoisuuden vanki - Kohtaamiset\" \/>\n<meta property=\"og:description\" content=\"Taas k\u00e4vi niin, ett\u00e4 Nobel-voittajan ainoatakaan romaania ei ole toistaiseksi suomennettu, ja englanninkieliset k\u00e4\u00e4nn\u00f6ksetkin ovat loppu Helsingin kirjakaupoista. Pieni ruotsalaiskustantamo Tranan on julkaisut ruotsiksi kolme kiinalaisen Mo Yanin romaania, mutta kauppojen hyllyill\u00e4 p\u00f6lyttyneet kirjat vietii&hellip;\" \/>\n<meta property=\"og:url\" content=\"https:\/\/suomenkuvalehti.fi\/kohtaamiset\/itsetietoisuuden-vanki\/\" \/>\n<meta property=\"og:site_name\" content=\"Kohtaamiset\" \/>\n<meta property=\"article:published_time\" content=\"2012-10-16T10:00:01+00:00\" \/>\n<meta property=\"article:modified_time\" content=\"2013-11-30T10:04:54+00:00\" \/>\n<meta name=\"author\" content=\"Riitta Kyl\u00e4np\u00e4\u00e4\" \/>\n<meta name=\"twitter:label1\" content=\"Written by\" \/>\n\t<meta name=\"twitter:data1\" content=\"Riitta Kyl\u00e4np\u00e4\u00e4\" \/>\n\t<meta name=\"twitter:label2\" content=\"Est. reading time\" \/>\n\t<meta name=\"twitter:data2\" content=\"3 minuuttia\" \/>\n<script type=\"application\/ld+json\" class=\"yoast-schema-graph\">{\"@context\":\"https:\/\/schema.org\",\"@graph\":[{\"@type\":\"WebPage\",\"@id\":\"https:\/\/suomenkuvalehti.fi\/kohtaamiset\/itsetietoisuuden-vanki\/\",\"url\":\"https:\/\/suomenkuvalehti.fi\/kohtaamiset\/itsetietoisuuden-vanki\/\",\"name\":\"Itsetietoisuuden vanki - Kohtaamiset\",\"isPartOf\":{\"@id\":\"https:\/\/suomenkuvalehti.fi\/kohtaamiset\/#website\"},\"datePublished\":\"2012-10-16T10:00:01+00:00\",\"dateModified\":\"2013-11-30T10:04:54+00:00\",\"author\":{\"@id\":\"https:\/\/suomenkuvalehti.fi\/kohtaamiset\/#\/schema\/person\/da7f684fb0579e356a3b258598e62e9b\"},\"breadcrumb\":{\"@id\":\"https:\/\/suomenkuvalehti.fi\/kohtaamiset\/itsetietoisuuden-vanki\/#breadcrumb\"},\"inLanguage\":\"fi\",\"potentialAction\":[{\"@type\":\"ReadAction\",\"target\":[\"https:\/\/suomenkuvalehti.fi\/kohtaamiset\/itsetietoisuuden-vanki\/\"]}]},{\"@type\":\"BreadcrumbList\",\"@id\":\"https:\/\/suomenkuvalehti.fi\/kohtaamiset\/itsetietoisuuden-vanki\/#breadcrumb\",\"itemListElement\":[{\"@type\":\"ListItem\",\"position\":1,\"name\":\"Home\",\"item\":\"https:\/\/suomenkuvalehti.fi\/kohtaamiset\/\"},{\"@type\":\"ListItem\",\"position\":2,\"name\":\"Itsetietoisuuden vanki\"}]},{\"@type\":\"WebSite\",\"@id\":\"https:\/\/suomenkuvalehti.fi\/kohtaamiset\/#website\",\"url\":\"https:\/\/suomenkuvalehti.fi\/kohtaamiset\/\",\"name\":\"Kohtaamiset\",\"description\":\"Kohtaamiset-blogi k\u00e4sittelee kirjallisuutta ja kulttuuria.\",\"potentialAction\":[{\"@type\":\"SearchAction\",\"target\":{\"@type\":\"EntryPoint\",\"urlTemplate\":\"https:\/\/suomenkuvalehti.fi\/haku\/?q={search_term_string}\"},\"query-input\":{\"@type\":\"PropertyValueSpecification\",\"valueRequired\":true,\"valueName\":\"search_term_string\"}}],\"inLanguage\":\"fi\"},{\"@type\":\"Person\",\"@id\":\"https:\/\/suomenkuvalehti.fi\/kohtaamiset\/#\/schema\/person\/da7f684fb0579e356a3b258598e62e9b\",\"name\":\"Riitta Kyl\u00e4np\u00e4\u00e4\",\"image\":{\"@type\":\"ImageObject\",\"inLanguage\":\"fi\",\"@id\":\"https:\/\/suomenkuvalehti.fi\/kohtaamiset\/#\/schema\/person\/image\/\",\"url\":\"https:\/\/suomenkuvalehti.fi\/kohtaamiset\/wp-content\/uploads\/sites\/9\/2013\/11\/SK_KYL\u00c4NP\u00c4\u00c4_Riitta_pieni_MV-1-300x300-150x150.jpg\",\"contentUrl\":\"https:\/\/suomenkuvalehti.fi\/kohtaamiset\/wp-content\/uploads\/sites\/9\/2013\/11\/SK_KYL\u00c4NP\u00c4\u00c4_Riitta_pieni_MV-1-300x300-150x150.jpg\",\"caption\":\"Riitta Kyl\u00e4np\u00e4\u00e4\"},\"description\":\"Kirjoittaja on Suomen Kuvalehden toimittaja.\",\"sameAs\":[\"https:\/\/x.com\/https:\/\/twitter.com\/KylaRiitta\"]}]}<\/script>\n<!-- \/ Yoast SEO plugin. -->","yoast_head_json":{"title":"Itsetietoisuuden vanki - Kohtaamiset","robots":{"index":"index","follow":"follow","max-snippet":"max-snippet:-1","max-image-preview":"max-image-preview:large","max-video-preview":"max-video-preview:-1"},"canonical":"https:\/\/suomenkuvalehti.fi\/kohtaamiset\/itsetietoisuuden-vanki\/","og_locale":"fi_FI","og_type":"article","og_title":"Itsetietoisuuden vanki - Kohtaamiset","og_description":"Taas k\u00e4vi niin, ett\u00e4 Nobel-voittajan ainoatakaan romaania ei ole toistaiseksi suomennettu, ja englanninkieliset k\u00e4\u00e4nn\u00f6ksetkin ovat loppu Helsingin kirjakaupoista. Pieni ruotsalaiskustantamo Tranan on julkaisut ruotsiksi kolme kiinalaisen Mo Yanin romaania, mutta kauppojen hyllyill\u00e4 p\u00f6lyttyneet kirjat vietii&hellip;","og_url":"https:\/\/suomenkuvalehti.fi\/kohtaamiset\/itsetietoisuuden-vanki\/","og_site_name":"Kohtaamiset","article_published_time":"2012-10-16T10:00:01+00:00","article_modified_time":"2013-11-30T10:04:54+00:00","author":"Riitta Kyl\u00e4np\u00e4\u00e4","twitter_misc":{"Written by":"Riitta Kyl\u00e4np\u00e4\u00e4","Est. reading time":"3 minuuttia"},"schema":{"@context":"https:\/\/schema.org","@graph":[{"@type":"WebPage","@id":"https:\/\/suomenkuvalehti.fi\/kohtaamiset\/itsetietoisuuden-vanki\/","url":"https:\/\/suomenkuvalehti.fi\/kohtaamiset\/itsetietoisuuden-vanki\/","name":"Itsetietoisuuden vanki - Kohtaamiset","isPartOf":{"@id":"https:\/\/suomenkuvalehti.fi\/kohtaamiset\/#website"},"datePublished":"2012-10-16T10:00:01+00:00","dateModified":"2013-11-30T10:04:54+00:00","author":{"@id":"https:\/\/suomenkuvalehti.fi\/kohtaamiset\/#\/schema\/person\/da7f684fb0579e356a3b258598e62e9b"},"breadcrumb":{"@id":"https:\/\/suomenkuvalehti.fi\/kohtaamiset\/itsetietoisuuden-vanki\/#breadcrumb"},"inLanguage":"fi","potentialAction":[{"@type":"ReadAction","target":["https:\/\/suomenkuvalehti.fi\/kohtaamiset\/itsetietoisuuden-vanki\/"]}]},{"@type":"BreadcrumbList","@id":"https:\/\/suomenkuvalehti.fi\/kohtaamiset\/itsetietoisuuden-vanki\/#breadcrumb","itemListElement":[{"@type":"ListItem","position":1,"name":"Home","item":"https:\/\/suomenkuvalehti.fi\/kohtaamiset\/"},{"@type":"ListItem","position":2,"name":"Itsetietoisuuden vanki"}]},{"@type":"WebSite","@id":"https:\/\/suomenkuvalehti.fi\/kohtaamiset\/#website","url":"https:\/\/suomenkuvalehti.fi\/kohtaamiset\/","name":"Kohtaamiset","description":"Kohtaamiset-blogi k\u00e4sittelee kirjallisuutta ja kulttuuria.","potentialAction":[{"@type":"SearchAction","target":{"@type":"EntryPoint","urlTemplate":"https:\/\/suomenkuvalehti.fi\/haku\/?q={search_term_string}"},"query-input":{"@type":"PropertyValueSpecification","valueRequired":true,"valueName":"search_term_string"}}],"inLanguage":"fi"},{"@type":"Person","@id":"https:\/\/suomenkuvalehti.fi\/kohtaamiset\/#\/schema\/person\/da7f684fb0579e356a3b258598e62e9b","name":"Riitta Kyl\u00e4np\u00e4\u00e4","image":{"@type":"ImageObject","inLanguage":"fi","@id":"https:\/\/suomenkuvalehti.fi\/kohtaamiset\/#\/schema\/person\/image\/","url":"https:\/\/suomenkuvalehti.fi\/kohtaamiset\/wp-content\/uploads\/sites\/9\/2013\/11\/SK_KYL\u00c4NP\u00c4\u00c4_Riitta_pieni_MV-1-300x300-150x150.jpg","contentUrl":"https:\/\/suomenkuvalehti.fi\/kohtaamiset\/wp-content\/uploads\/sites\/9\/2013\/11\/SK_KYL\u00c4NP\u00c4\u00c4_Riitta_pieni_MV-1-300x300-150x150.jpg","caption":"Riitta Kyl\u00e4np\u00e4\u00e4"},"description":"Kirjoittaja on Suomen Kuvalehden toimittaja.","sameAs":["https:\/\/x.com\/https:\/\/twitter.com\/KylaRiitta"]}]}},"_links":{"self":[{"href":"https:\/\/suomenkuvalehti.fi\/kohtaamiset\/wp-json\/wp\/v2\/posts\/17","targetHints":{"allow":["GET"]}}],"collection":[{"href":"https:\/\/suomenkuvalehti.fi\/kohtaamiset\/wp-json\/wp\/v2\/posts"}],"about":[{"href":"https:\/\/suomenkuvalehti.fi\/kohtaamiset\/wp-json\/wp\/v2\/types\/post"}],"author":[{"embeddable":true,"href":"https:\/\/suomenkuvalehti.fi\/kohtaamiset\/wp-json\/wp\/v2\/users\/130"}],"replies":[{"embeddable":true,"href":"https:\/\/suomenkuvalehti.fi\/kohtaamiset\/wp-json\/wp\/v2\/comments?post=17"}],"version-history":[{"count":1,"href":"https:\/\/suomenkuvalehti.fi\/kohtaamiset\/wp-json\/wp\/v2\/posts\/17\/revisions"}],"predecessor-version":[{"id":212,"href":"https:\/\/suomenkuvalehti.fi\/kohtaamiset\/wp-json\/wp\/v2\/posts\/17\/revisions\/212"}],"wp:attachment":[{"href":"https:\/\/suomenkuvalehti.fi\/kohtaamiset\/wp-json\/wp\/v2\/media?parent=17"}],"wp:term":[{"taxonomy":"category","embeddable":true,"href":"https:\/\/suomenkuvalehti.fi\/kohtaamiset\/wp-json\/wp\/v2\/categories?post=17"},{"taxonomy":"post_tag","embeddable":true,"href":"https:\/\/suomenkuvalehti.fi\/kohtaamiset\/wp-json\/wp\/v2\/tags?post=17"}],"curies":[{"name":"wp","href":"https:\/\/api.w.org\/{rel}","templated":true}]}}