{"id":16,"date":"2013-01-16T16:30:11","date_gmt":"2013-01-16T14:30:11","guid":{"rendered":"https:\/\/suomenkuvalehti.fi\/kohtaamiset\/2013\/01\/16\/kunpa-muistaisin\/"},"modified":"2013-11-30T12:04:54","modified_gmt":"2013-11-30T10:04:54","slug":"kunpa-muistaisin","status":"publish","type":"post","link":"https:\/\/suomenkuvalehti.fi\/kohtaamiset\/kunpa-muistaisin\/","title":{"rendered":"Kunpa muistaisin"},"content":{"rendered":"\n<p>Jos <strong>Stephen Kingin<\/strong> juuri suomeksi ilmestyneen kirjan nimi ei olisi <em>22.11.63<\/em> olisin tuskin alkanut selailla teosta. Kirja esitt\u00e4\u00e4, mit\u00e4 olisi voinut tapahtua, jos <strong>John F. Kennedy\u00e4<\/strong> ei olisi murhattu tuona p\u00e4iv\u00e4n\u00e4. Jo kirjan kansikuva, uutinen Kennedyn murhasta, vei muistoihin, tietenkin. Miss\u00e4 olin ja mit\u00e4 tein tuona marraskuisena p\u00e4iv\u00e4n\u00e4 pian 50 vuotta sitten.<\/p>\n\n\n\n\n<p>Olin viel\u00e4 pieni, kuitenkin jo melkein kuuden. Minulla on paljon muistikuvia noilta ajoilta kuten tuostakin p\u00e4iv\u00e4st\u00e4. Autoin \u00e4iti\u00e4 puunlehtien lakaisussa kotipihalla. Oli l\u00e4mmin syysilta, kuivat koivunlehdet kahisivat haravan alla. Kasasimme lehti\u00e4 isoiksi r\u00f6ykki\u00f6iksi; lehtikasojen p\u00e4\u00e4lle oli kiva kaatua.<\/p>\n\n\n\n<p>Muistan rannan koivut ja niiden tummanpunertavat paljaat oksat. Oksissa oli silmuja, vaikka oli syksy. Kivilaituri, j\u00e4rvenselk\u00e4, tuulenviri. Kesken haravoinnin \u00e4iti pys\u00e4htyi. H\u00e4n sanoi&#8230;<\/p>\n\n\n\n<p>Ei t\u00e4sm\u00e4\u00e4. John F. Kennedyn murhap\u00e4iv\u00e4n\u00e4 ei lakaistu kellastuneita lehti\u00e4. Marraskuu oli lopuillaan, rappusilta harjattiin lunta. Liittyyk\u00f6 muistikuvani <strong>Robert Kennedyn<\/strong> murhaan? H\u00e4net murhattiin kes\u00e4kuussa 1968, syksyyn oli viel\u00e4 aikaa. <strong>Martin Luther King<\/strong>? H\u00e4net murhattiin samana vuonna kuin nuorempi Kennedy, mutta huhtikuussa &#8211; maassa ei ollut viel\u00e4 edes p\u00e4lvi\u00e4.<\/p>\n\n\n\n<p>Olin hyvin huolestunut. Ehk\u00e4 se olin min\u00e4, joka pys\u00e4htyi kesken lehtien haravoinnin ja kysyi, ja \u00e4iti vastasi.<\/p>\n\n\n\n<p>Ehk\u00e4 se olikin Vietnamin sota. John F. Kennedy m\u00e4\u00e4r\u00e4si ensimm\u00e4iset ilmahy\u00f6kk\u00e4ykset Pohjois-Vietnamiin 1963.<\/p>\n\n\n\n<p>Varsinainen sota alkoi seuraavana vuonna. Television uutiskuvat sodasta olivat j\u00e4rkytt\u00e4vi\u00e4, ja vanhempani p\u00e4\u00e4ttiv\u00e4t, ett\u00e4 en saa en\u00e4\u00e4 katsoa iltauutisia. Katsoin salaa. Olin muka v\u00e4synyt, loikoilin olohuoneen toisella sohvalla ja tiirasin televisiota sormien v\u00e4list\u00e4 tai k\u00e4sivarsien alta. Esitin nukkuvaa ja n\u00e4in ja kuulin, kaiken.<\/p>\n\n\n\n<p>Televisiossa kerrottiin my\u00f6s maailmanlopun ennustajista. Ja Kuuban kriisist\u00e4 ja ensimm\u00e4isest\u00e4 avaruuslennosta. Naapurin <strong>Heta<\/strong>-mummo kuoli.<\/p>\n\n\n\n<p>Kuivat lehdet kahisivat haravan alla. Min\u00e4 kysyin, \u00e4iti pys\u00e4htyi ja vastasi. Niin se meni. Ehk\u00e4. Rantakoivun alla. Oli syksy ja ilta, l\u00e4mmint\u00e4kin viel\u00e4. \u00c4iti vastasi: maailma on nyt t\u00e4m\u00e4n n\u00e4k\u00f6inen, t\u00e4ll\u00e4 kertaa t\u00e4m\u00e4n n\u00e4k\u00f6inen. Tai, ett\u00e4 kaikenlaista tapahtuu, ajat ovat nyt t\u00e4llaiset. Voi, kunpa muistaisin.<\/p>\n\n\n\n<p>Olin huolestunut. Mit\u00e4 viel\u00e4 voisi tapahtua? Lapsia kuolee Vietnamissa. Jos min\u00e4 kuolen, olenko varmasti kuollut enk\u00e4 valekuollut ja tule haudatuksi vahingossa el\u00e4v\u00e4n\u00e4?<\/p>\n\n\n\n<p>Muisteleminen tuottaa muistoja. Kauan sitten unohtuneita asioita alkaa palautua mieleen. Silti edesmenneen <strong>Georg Henrik von Wrightin<\/strong> muistelmien nimi <em>El\u00e4m\u00e4ni niin kuin sen muistan<\/em> (2002)  tuntuu oikealta. H\u00e4n tiesi, ettei muistoista voi koskaan olla ihan varma, varmoistakaan.<\/p>\n\n\n\n","protected":false},"excerpt":{"rendered":"<p>Jos Stephen Kingin juuri suomeksi ilmestyneen kirjan nimi ei olisi 22.11.63 olisin tuskin alkanut selailla teosta. Kirja esitt\u00e4\u00e4, mit\u00e4 olisi voinut tapahtua, jos John F. Kennedy\u00e4 ei olisi murhattu tuona p\u00e4iv\u00e4n\u00e4. Jo kirjan kansikuva, uutinen Kennedyn murhasta, vei muistoihin, tietenkin. Miss\u00e4 olin ja mit\u00e4<br \/>\ntein tuo&hellip;<\/p>\n","protected":false},"author":130,"featured_media":0,"comment_status":"open","ping_status":"open","sticky":false,"template":"","format":"standard","meta":{"_acf_changed":false,"asauth_required_access_level":0,"asauth_cansharepaid":"","om_header_attributes":[],"footnotes":"","om_featured_image_focal_point":[],"om_primary_tag":0,"om_contributors":[],"om_co_authors":[],"beyondwords_generate_audio":"","beyondwords_project_id":"","beyondwords_content_id":"","beyondwords_preview_token":"","beyondwords_player_content":"","beyondwords_player_style":"","beyondwords_language_code":"","beyondwords_language_id":"","beyondwords_title_voice_id":"","beyondwords_body_voice_id":"","beyondwords_summary_voice_id":"","beyondwords_error_message":"","beyondwords_disabled":"","beyondwords_delete_content":"","beyondwords_podcast_id":"","beyondwords_hash":"","publish_post_to_speechkit":"","speechkit_hash":"","speechkit_generate_audio":"","speechkit_project_id":"","speechkit_podcast_id":"","speechkit_error_message":"","speechkit_disabled":"","speechkit_access_key":"","speechkit_error":"","speechkit_info":"","speechkit_response":"","speechkit_retries":"","speechkit_status":"","speechkit_updated_at":"","_speechkit_link":"","_speechkit_text":""},"categories":[1],"tags":[28,29,31,21,30],"class_list":["post-16","post","type-post","status-publish","format-standard","hentry","category-kohtaamiset","tag-john-f-kennedy","tag-martin-luther-king","tag-muistaminen","tag-muistot","tag-stephen-king"],"om_views":null,"acf":{"tuuma_off":false,"tuuma_kysymys":"","tuuma_vastaus":""},"asauth":{"required_access_level":1,"share_token":"","is_paid":false},"yoast_head":"<!-- This site is optimized with the Yoast SEO plugin v26.4 - https:\/\/yoast.com\/wordpress\/plugins\/seo\/ -->\n<title>Kunpa muistaisin - Kohtaamiset<\/title>\n<meta name=\"robots\" content=\"index, follow, max-snippet:-1, max-image-preview:large, max-video-preview:-1\" \/>\n<link rel=\"canonical\" href=\"https:\/\/suomenkuvalehti.fi\/kohtaamiset\/kunpa-muistaisin\/\" \/>\n<meta property=\"og:locale\" content=\"fi_FI\" \/>\n<meta property=\"og:type\" content=\"article\" \/>\n<meta property=\"og:title\" content=\"Kunpa muistaisin - Kohtaamiset\" \/>\n<meta property=\"og:description\" content=\"Jos Stephen Kingin juuri suomeksi ilmestyneen kirjan nimi ei olisi 22.11.63 olisin tuskin alkanut selailla teosta. Kirja esitt\u00e4\u00e4, mit\u00e4 olisi voinut tapahtua, jos John F. Kennedy\u00e4 ei olisi murhattu tuona p\u00e4iv\u00e4n\u00e4. Jo kirjan kansikuva, uutinen Kennedyn murhasta, vei muistoihin, tietenkin. Miss\u00e4 olin ja mit\u00e4 tein tuo&hellip;\" \/>\n<meta property=\"og:url\" content=\"https:\/\/suomenkuvalehti.fi\/kohtaamiset\/kunpa-muistaisin\/\" \/>\n<meta property=\"og:site_name\" content=\"Kohtaamiset\" \/>\n<meta property=\"article:published_time\" content=\"2013-01-16T14:30:11+00:00\" \/>\n<meta property=\"article:modified_time\" content=\"2013-11-30T10:04:54+00:00\" \/>\n<meta name=\"author\" content=\"Riitta Kyl\u00e4np\u00e4\u00e4\" \/>\n<meta name=\"twitter:label1\" content=\"Written by\" \/>\n\t<meta name=\"twitter:data1\" content=\"Riitta Kyl\u00e4np\u00e4\u00e4\" \/>\n\t<meta name=\"twitter:label2\" content=\"Est. reading time\" \/>\n\t<meta name=\"twitter:data2\" content=\"2 minuuttia\" \/>\n<script type=\"application\/ld+json\" class=\"yoast-schema-graph\">{\"@context\":\"https:\/\/schema.org\",\"@graph\":[{\"@type\":\"WebPage\",\"@id\":\"https:\/\/suomenkuvalehti.fi\/kohtaamiset\/kunpa-muistaisin\/\",\"url\":\"https:\/\/suomenkuvalehti.fi\/kohtaamiset\/kunpa-muistaisin\/\",\"name\":\"Kunpa muistaisin - Kohtaamiset\",\"isPartOf\":{\"@id\":\"https:\/\/suomenkuvalehti.fi\/kohtaamiset\/#website\"},\"datePublished\":\"2013-01-16T14:30:11+00:00\",\"dateModified\":\"2013-11-30T10:04:54+00:00\",\"author\":{\"@id\":\"https:\/\/suomenkuvalehti.fi\/kohtaamiset\/#\/schema\/person\/da7f684fb0579e356a3b258598e62e9b\"},\"breadcrumb\":{\"@id\":\"https:\/\/suomenkuvalehti.fi\/kohtaamiset\/kunpa-muistaisin\/#breadcrumb\"},\"inLanguage\":\"fi\",\"potentialAction\":[{\"@type\":\"ReadAction\",\"target\":[\"https:\/\/suomenkuvalehti.fi\/kohtaamiset\/kunpa-muistaisin\/\"]}]},{\"@type\":\"BreadcrumbList\",\"@id\":\"https:\/\/suomenkuvalehti.fi\/kohtaamiset\/kunpa-muistaisin\/#breadcrumb\",\"itemListElement\":[{\"@type\":\"ListItem\",\"position\":1,\"name\":\"Home\",\"item\":\"https:\/\/suomenkuvalehti.fi\/kohtaamiset\/\"},{\"@type\":\"ListItem\",\"position\":2,\"name\":\"Kunpa muistaisin\"}]},{\"@type\":\"WebSite\",\"@id\":\"https:\/\/suomenkuvalehti.fi\/kohtaamiset\/#website\",\"url\":\"https:\/\/suomenkuvalehti.fi\/kohtaamiset\/\",\"name\":\"Kohtaamiset\",\"description\":\"Kohtaamiset-blogi k\u00e4sittelee kirjallisuutta ja kulttuuria.\",\"potentialAction\":[{\"@type\":\"SearchAction\",\"target\":{\"@type\":\"EntryPoint\",\"urlTemplate\":\"https:\/\/suomenkuvalehti.fi\/haku\/?q={search_term_string}\"},\"query-input\":{\"@type\":\"PropertyValueSpecification\",\"valueRequired\":true,\"valueName\":\"search_term_string\"}}],\"inLanguage\":\"fi\"},{\"@type\":\"Person\",\"@id\":\"https:\/\/suomenkuvalehti.fi\/kohtaamiset\/#\/schema\/person\/da7f684fb0579e356a3b258598e62e9b\",\"name\":\"Riitta Kyl\u00e4np\u00e4\u00e4\",\"image\":{\"@type\":\"ImageObject\",\"inLanguage\":\"fi\",\"@id\":\"https:\/\/suomenkuvalehti.fi\/kohtaamiset\/#\/schema\/person\/image\/\",\"url\":\"https:\/\/suomenkuvalehti.fi\/kohtaamiset\/wp-content\/uploads\/sites\/9\/2013\/11\/SK_KYL\u00c4NP\u00c4\u00c4_Riitta_pieni_MV-1-300x300-150x150.jpg\",\"contentUrl\":\"https:\/\/suomenkuvalehti.fi\/kohtaamiset\/wp-content\/uploads\/sites\/9\/2013\/11\/SK_KYL\u00c4NP\u00c4\u00c4_Riitta_pieni_MV-1-300x300-150x150.jpg\",\"caption\":\"Riitta Kyl\u00e4np\u00e4\u00e4\"},\"description\":\"Kirjoittaja on Suomen Kuvalehden toimittaja.\",\"sameAs\":[\"https:\/\/x.com\/https:\/\/twitter.com\/KylaRiitta\"]}]}<\/script>\n<!-- \/ Yoast SEO plugin. -->","yoast_head_json":{"title":"Kunpa muistaisin - Kohtaamiset","robots":{"index":"index","follow":"follow","max-snippet":"max-snippet:-1","max-image-preview":"max-image-preview:large","max-video-preview":"max-video-preview:-1"},"canonical":"https:\/\/suomenkuvalehti.fi\/kohtaamiset\/kunpa-muistaisin\/","og_locale":"fi_FI","og_type":"article","og_title":"Kunpa muistaisin - Kohtaamiset","og_description":"Jos Stephen Kingin juuri suomeksi ilmestyneen kirjan nimi ei olisi 22.11.63 olisin tuskin alkanut selailla teosta. Kirja esitt\u00e4\u00e4, mit\u00e4 olisi voinut tapahtua, jos John F. Kennedy\u00e4 ei olisi murhattu tuona p\u00e4iv\u00e4n\u00e4. Jo kirjan kansikuva, uutinen Kennedyn murhasta, vei muistoihin, tietenkin. Miss\u00e4 olin ja mit\u00e4 tein tuo&hellip;","og_url":"https:\/\/suomenkuvalehti.fi\/kohtaamiset\/kunpa-muistaisin\/","og_site_name":"Kohtaamiset","article_published_time":"2013-01-16T14:30:11+00:00","article_modified_time":"2013-11-30T10:04:54+00:00","author":"Riitta Kyl\u00e4np\u00e4\u00e4","twitter_misc":{"Written by":"Riitta Kyl\u00e4np\u00e4\u00e4","Est. reading time":"2 minuuttia"},"schema":{"@context":"https:\/\/schema.org","@graph":[{"@type":"WebPage","@id":"https:\/\/suomenkuvalehti.fi\/kohtaamiset\/kunpa-muistaisin\/","url":"https:\/\/suomenkuvalehti.fi\/kohtaamiset\/kunpa-muistaisin\/","name":"Kunpa muistaisin - Kohtaamiset","isPartOf":{"@id":"https:\/\/suomenkuvalehti.fi\/kohtaamiset\/#website"},"datePublished":"2013-01-16T14:30:11+00:00","dateModified":"2013-11-30T10:04:54+00:00","author":{"@id":"https:\/\/suomenkuvalehti.fi\/kohtaamiset\/#\/schema\/person\/da7f684fb0579e356a3b258598e62e9b"},"breadcrumb":{"@id":"https:\/\/suomenkuvalehti.fi\/kohtaamiset\/kunpa-muistaisin\/#breadcrumb"},"inLanguage":"fi","potentialAction":[{"@type":"ReadAction","target":["https:\/\/suomenkuvalehti.fi\/kohtaamiset\/kunpa-muistaisin\/"]}]},{"@type":"BreadcrumbList","@id":"https:\/\/suomenkuvalehti.fi\/kohtaamiset\/kunpa-muistaisin\/#breadcrumb","itemListElement":[{"@type":"ListItem","position":1,"name":"Home","item":"https:\/\/suomenkuvalehti.fi\/kohtaamiset\/"},{"@type":"ListItem","position":2,"name":"Kunpa muistaisin"}]},{"@type":"WebSite","@id":"https:\/\/suomenkuvalehti.fi\/kohtaamiset\/#website","url":"https:\/\/suomenkuvalehti.fi\/kohtaamiset\/","name":"Kohtaamiset","description":"Kohtaamiset-blogi k\u00e4sittelee kirjallisuutta ja kulttuuria.","potentialAction":[{"@type":"SearchAction","target":{"@type":"EntryPoint","urlTemplate":"https:\/\/suomenkuvalehti.fi\/haku\/?q={search_term_string}"},"query-input":{"@type":"PropertyValueSpecification","valueRequired":true,"valueName":"search_term_string"}}],"inLanguage":"fi"},{"@type":"Person","@id":"https:\/\/suomenkuvalehti.fi\/kohtaamiset\/#\/schema\/person\/da7f684fb0579e356a3b258598e62e9b","name":"Riitta Kyl\u00e4np\u00e4\u00e4","image":{"@type":"ImageObject","inLanguage":"fi","@id":"https:\/\/suomenkuvalehti.fi\/kohtaamiset\/#\/schema\/person\/image\/","url":"https:\/\/suomenkuvalehti.fi\/kohtaamiset\/wp-content\/uploads\/sites\/9\/2013\/11\/SK_KYL\u00c4NP\u00c4\u00c4_Riitta_pieni_MV-1-300x300-150x150.jpg","contentUrl":"https:\/\/suomenkuvalehti.fi\/kohtaamiset\/wp-content\/uploads\/sites\/9\/2013\/11\/SK_KYL\u00c4NP\u00c4\u00c4_Riitta_pieni_MV-1-300x300-150x150.jpg","caption":"Riitta Kyl\u00e4np\u00e4\u00e4"},"description":"Kirjoittaja on Suomen Kuvalehden toimittaja.","sameAs":["https:\/\/x.com\/https:\/\/twitter.com\/KylaRiitta"]}]}},"_links":{"self":[{"href":"https:\/\/suomenkuvalehti.fi\/kohtaamiset\/wp-json\/wp\/v2\/posts\/16","targetHints":{"allow":["GET"]}}],"collection":[{"href":"https:\/\/suomenkuvalehti.fi\/kohtaamiset\/wp-json\/wp\/v2\/posts"}],"about":[{"href":"https:\/\/suomenkuvalehti.fi\/kohtaamiset\/wp-json\/wp\/v2\/types\/post"}],"author":[{"embeddable":true,"href":"https:\/\/suomenkuvalehti.fi\/kohtaamiset\/wp-json\/wp\/v2\/users\/130"}],"replies":[{"embeddable":true,"href":"https:\/\/suomenkuvalehti.fi\/kohtaamiset\/wp-json\/wp\/v2\/comments?post=16"}],"version-history":[{"count":1,"href":"https:\/\/suomenkuvalehti.fi\/kohtaamiset\/wp-json\/wp\/v2\/posts\/16\/revisions"}],"predecessor-version":[{"id":211,"href":"https:\/\/suomenkuvalehti.fi\/kohtaamiset\/wp-json\/wp\/v2\/posts\/16\/revisions\/211"}],"wp:attachment":[{"href":"https:\/\/suomenkuvalehti.fi\/kohtaamiset\/wp-json\/wp\/v2\/media?parent=16"}],"wp:term":[{"taxonomy":"category","embeddable":true,"href":"https:\/\/suomenkuvalehti.fi\/kohtaamiset\/wp-json\/wp\/v2\/categories?post=16"},{"taxonomy":"post_tag","embeddable":true,"href":"https:\/\/suomenkuvalehti.fi\/kohtaamiset\/wp-json\/wp\/v2\/tags?post=16"}],"curies":[{"name":"wp","href":"https:\/\/api.w.org\/{rel}","templated":true}]}}