{"id":159,"date":"2010-07-05T16:08:03","date_gmt":"2010-07-05T13:08:03","guid":{"rendered":"https:\/\/suomenkuvalehti.fi\/kohtaamiset\/2010\/07\/05\/tommy-tabermann-pakotti-kivetkin-kukkimaan\/"},"modified":"2018-01-22T12:17:49","modified_gmt":"2018-01-22T10:17:49","slug":"tommy-tabermann-pakotti-kivetkin-kukkimaan","status":"publish","type":"post","link":"https:\/\/suomenkuvalehti.fi\/kohtaamiset\/tommy-tabermann-pakotti-kivetkin-kukkimaan\/","title":{"rendered":"Tommy Tabermann pakotti kivetkin kukkimaan"},"content":{"rendered":"\n<p>Kun muusikko tai urheilja kuolee, on tapana sanoa, ett\u00e4 taivaassa kaivattiin uutta vikkel\u00e4sormista basistia tai tuoretta vasenk\u00e4tist\u00e4 sy\u00f6tt\u00e4j\u00e4\u00e4. <strong>Tommy Tabermannin<\/strong> tapauksessa lienee kyse ollut tarpeesta kuulla runoilijaa, joka jaksaa v\u00e4sym\u00e4tt\u00e4 laulaa olemassaolon ihanuudesta.<\/p>\n\n\n\n<p>Tabermannin maine vakiintui nopeasti: runoilijan ensimm\u00e4inen kokoelma <em>Ruusuja Rosa Luxemburgille<\/em> ilmestyi 1970, ja jo kahdeksan vuotta my\u00f6hemmin olivat vuorossa valitut runot. P\u00e4iv\u00e4yksest\u00e4 p\u00e4\u00e4tellen oma <em>Kukkiva kiveni<\/em> on hankittu vuotta my\u00f6hemmin eli 1979.<\/p>\n\n\n\n<p>Kuolinuutisen saavuttua moni kollega ilmoitti Tabermannin olleen yksi niist\u00e4, jotka olivat avanneet heid\u00e4n tiens\u00e4 runouteen. Se on ollut melkein v\u00e4ist\u00e4m\u00e4t\u00f6nt\u00e4 siin\u00e4kin tapauksessa, ett\u00e4 nuoren lukijan oma runoilijantie on vienyt my\u00f6hemmin aivan toisenlaiseen ilmaisuun.<\/p>\n\n\n\n<p>Jokaisessa runoilijassa asuu Tommy Tabermannin kaltainen pieni ylti\u00f6romantikko.<\/p>\n\n\n\n<p>Tunsin Tommyn kolmen vuosikymmenen takaa. Yst\u00e4vi\u00e4 emme olleet, mutta joka kerta tavatessamme h\u00e4n jakoi auliisti huomiotaan ja ainakin muutaman l\u00e4mpim\u00e4n, kiinnostuneen sanan.<\/p>\n\n\n\n<p>Viimeksi t\u00f6rm\u00e4sin Tommyyn ohimennen Esplanadilla jotakuinkin tasan vuosi sitten, siis v\u00e4h\u00e4n ennen kohtalokkaan sairauden ilmaantumista. Kohtaaminen oli lyhyt, mutta kertoo Tommysta.<\/p>\n\n\n\n<p>Olin liikkeell\u00e4 kahden amerikkalaisen runoilijayst\u00e4v\u00e4ni <strong><a href=\"http:\/\/dbqp.blogspot.com\/\">Geof<\/a><\/strong> ja <strong><a href=\"http:\/\/formalfeeling.blogspot.com\/\">Nancy<\/a> Huthin<\/strong> kanssa. Seisahduimme ja suoritin esittelyt. Tommy ilahtui silminn\u00e4hden kollegiaalisesta tapaamisestamme. Kun kerroin, ett\u00e4 Geof oli erikoistunut visuaaliseen runouteen, Tommy huokaisi ihastuksesta ja sanoi sitten: &#8221;Niin, eik\u00f6s teill\u00e4 ollut joku juttu siell\u00e4 Turun puolessa?&#8221;<\/p>\n\n\n\n<p>Olin otettu, ja niin olivat my\u00f6s amerikkalaiset yst\u00e4v\u00e4ni. Tommyn repliikki nimitt\u00e4in paljasti, ett\u00e4 h\u00e4n oli tietoinen sek\u00e4 heid\u00e4n Suomen-vierailustaan ett\u00e4 Turun l\u00e4hettyvill\u00e4 Saaren kartanon residenssiss\u00e4 vastik\u00e4\u00e4n j\u00e4rjest\u00e4m\u00e4st\u00e4mme visuaalisen runouden ty\u00f6pajasta.<\/p>\n\n\n\n<p>Maan p\u00e4\u00e4lehti ei ollut pit\u00e4nyt asiaa mainitsemisen arvoisena, sen sijaan runoilja ja kansanedustaja oli ollut teht\u00e4viens\u00e4 tasalla ja lukenut yst\u00e4v\u00e4ni haastattelun muutamaa p\u00e4iv\u00e4\u00e4 aiemmin <em>Turun Sanomista<\/em>.<\/p>\n\n\n\n<p>Sanoisin, ett\u00e4 tyypillist\u00e4 Tommya. Sanat t\u00e4rke\u00e4t, ihminen viel\u00e4 t\u00e4rke\u00e4mpi.<\/p>\n\n\n","protected":false},"excerpt":{"rendered":"<p>Kun muusikko tai urheilja kuolee, on tapana sanoa, ett\u00e4 taivaassa kaivattiin uutta vikkel\u00e4sormista basistia tai tuoretta vasenk\u00e4tist\u00e4 sy\u00f6tt\u00e4j\u00e4\u00e4. Tommy Tabermannin tapauksessa lienee kyse ollut tarpeesta kuulla runoilijaa, joka jaksaa v\u00e4sym\u00e4tt\u00e4 laulaa olemassaolon ihanuudesta.<br \/>\nTabermanni&hellip;<\/p>\n","protected":false},"author":40424,"featured_media":0,"comment_status":"open","ping_status":"open","sticky":false,"template":"","format":"standard","meta":{"_acf_changed":false,"asauth_required_access_level":0,"asauth_cansharepaid":"","om_header_attributes":[],"footnotes":"","om_featured_image_focal_point":[],"om_primary_tag":0,"om_contributors":[],"om_co_authors":[],"beyondwords_generate_audio":"","beyondwords_project_id":"","beyondwords_content_id":"","beyondwords_preview_token":"","beyondwords_player_content":"","beyondwords_player_style":"","beyondwords_language_code":"","beyondwords_language_id":"","beyondwords_title_voice_id":"","beyondwords_body_voice_id":"","beyondwords_summary_voice_id":"","beyondwords_error_message":"","beyondwords_disabled":"","beyondwords_delete_content":"","beyondwords_podcast_id":"","beyondwords_hash":"","publish_post_to_speechkit":"","speechkit_hash":"","speechkit_generate_audio":"","speechkit_project_id":"","speechkit_podcast_id":"","speechkit_error_message":"","speechkit_disabled":"","speechkit_access_key":"","speechkit_error":"","speechkit_info":"","speechkit_response":"","speechkit_retries":"","speechkit_status":"","speechkit_updated_at":"","_speechkit_link":"","_speechkit_text":""},"categories":[1],"tags":[150,398,397],"class_list":["post-159","post","type-post","status-publish","format-standard","hentry","category-kohtaamiset","tag-geof-huth","tag-nancy-huth","tag-tommy-tabermann"],"om_views":null,"acf":{"tuuma_off":false,"tuuma_kysymys":"","tuuma_vastaus":""},"asauth":{"required_access_level":1,"share_token":"","is_paid":false},"yoast_head":"<!-- This site is optimized with the Yoast SEO plugin v26.4 - https:\/\/yoast.com\/wordpress\/plugins\/seo\/ -->\n<title>Tommy Tabermann pakotti kivetkin kukkimaan - Kohtaamiset<\/title>\n<meta name=\"robots\" content=\"index, follow, max-snippet:-1, max-image-preview:large, max-video-preview:-1\" \/>\n<link rel=\"canonical\" href=\"https:\/\/suomenkuvalehti.fi\/kohtaamiset\/tommy-tabermann-pakotti-kivetkin-kukkimaan\/\" \/>\n<meta property=\"og:locale\" content=\"fi_FI\" \/>\n<meta property=\"og:type\" content=\"article\" \/>\n<meta property=\"og:title\" content=\"Tommy Tabermann pakotti kivetkin kukkimaan - Kohtaamiset\" \/>\n<meta property=\"og:description\" content=\"Kun muusikko tai urheilja kuolee, on tapana sanoa, ett\u00e4 taivaassa kaivattiin uutta vikkel\u00e4sormista basistia tai tuoretta vasenk\u00e4tist\u00e4 sy\u00f6tt\u00e4j\u00e4\u00e4. Tommy Tabermannin tapauksessa lienee kyse ollut tarpeesta kuulla runoilijaa, joka jaksaa v\u00e4sym\u00e4tt\u00e4 laulaa olemassaolon ihanuudesta. Tabermanni&hellip;\" \/>\n<meta property=\"og:url\" content=\"https:\/\/suomenkuvalehti.fi\/kohtaamiset\/tommy-tabermann-pakotti-kivetkin-kukkimaan\/\" \/>\n<meta property=\"og:site_name\" content=\"Kohtaamiset\" \/>\n<meta property=\"article:published_time\" content=\"2010-07-05T13:08:03+00:00\" \/>\n<meta property=\"article:modified_time\" content=\"2018-01-22T10:17:49+00:00\" \/>\n<meta name=\"author\" content=\"Karri Kokko\" \/>\n<meta name=\"twitter:label1\" content=\"Written by\" \/>\n\t<meta name=\"twitter:data1\" content=\"Karri Kokko\" \/>\n\t<meta name=\"twitter:label2\" content=\"Est. reading time\" \/>\n\t<meta name=\"twitter:data2\" content=\"2 minuuttia\" \/>\n<script type=\"application\/ld+json\" class=\"yoast-schema-graph\">{\"@context\":\"https:\/\/schema.org\",\"@graph\":[{\"@type\":\"WebPage\",\"@id\":\"https:\/\/suomenkuvalehti.fi\/kohtaamiset\/tommy-tabermann-pakotti-kivetkin-kukkimaan\/\",\"url\":\"https:\/\/suomenkuvalehti.fi\/kohtaamiset\/tommy-tabermann-pakotti-kivetkin-kukkimaan\/\",\"name\":\"Tommy Tabermann pakotti kivetkin kukkimaan - Kohtaamiset\",\"isPartOf\":{\"@id\":\"https:\/\/suomenkuvalehti.fi\/kohtaamiset\/#website\"},\"datePublished\":\"2010-07-05T13:08:03+00:00\",\"dateModified\":\"2018-01-22T10:17:49+00:00\",\"author\":{\"@id\":\"https:\/\/suomenkuvalehti.fi\/kohtaamiset\/#\/schema\/person\/71dc0f8e27e96911b6c8a510fa150d3e\"},\"breadcrumb\":{\"@id\":\"https:\/\/suomenkuvalehti.fi\/kohtaamiset\/tommy-tabermann-pakotti-kivetkin-kukkimaan\/#breadcrumb\"},\"inLanguage\":\"fi\",\"potentialAction\":[{\"@type\":\"ReadAction\",\"target\":[\"https:\/\/suomenkuvalehti.fi\/kohtaamiset\/tommy-tabermann-pakotti-kivetkin-kukkimaan\/\"]}]},{\"@type\":\"BreadcrumbList\",\"@id\":\"https:\/\/suomenkuvalehti.fi\/kohtaamiset\/tommy-tabermann-pakotti-kivetkin-kukkimaan\/#breadcrumb\",\"itemListElement\":[{\"@type\":\"ListItem\",\"position\":1,\"name\":\"Home\",\"item\":\"https:\/\/suomenkuvalehti.fi\/kohtaamiset\/\"},{\"@type\":\"ListItem\",\"position\":2,\"name\":\"Tommy Tabermann pakotti kivetkin kukkimaan\"}]},{\"@type\":\"WebSite\",\"@id\":\"https:\/\/suomenkuvalehti.fi\/kohtaamiset\/#website\",\"url\":\"https:\/\/suomenkuvalehti.fi\/kohtaamiset\/\",\"name\":\"Kohtaamiset\",\"description\":\"Kohtaamiset-blogi k\u00e4sittelee kirjallisuutta ja kulttuuria.\",\"potentialAction\":[{\"@type\":\"SearchAction\",\"target\":{\"@type\":\"EntryPoint\",\"urlTemplate\":\"https:\/\/suomenkuvalehti.fi\/haku\/?q={search_term_string}\"},\"query-input\":{\"@type\":\"PropertyValueSpecification\",\"valueRequired\":true,\"valueName\":\"search_term_string\"}}],\"inLanguage\":\"fi\"},{\"@type\":\"Person\",\"@id\":\"https:\/\/suomenkuvalehti.fi\/kohtaamiset\/#\/schema\/person\/71dc0f8e27e96911b6c8a510fa150d3e\",\"name\":\"Karri Kokko\",\"image\":{\"@type\":\"ImageObject\",\"inLanguage\":\"fi\",\"@id\":\"https:\/\/suomenkuvalehti.fi\/kohtaamiset\/#\/schema\/person\/image\/\",\"url\":\"https:\/\/suomenkuvalehti.fi\/kohtaamiset\/wp-content\/uploads\/sites\/9\/2013\/11\/sk_leijona_kulta-150x150.png\",\"contentUrl\":\"https:\/\/suomenkuvalehti.fi\/kohtaamiset\/wp-content\/uploads\/sites\/9\/2013\/11\/sk_leijona_kulta-150x150.png\",\"caption\":\"Karri Kokko\"}}]}<\/script>\n<!-- \/ Yoast SEO plugin. -->","yoast_head_json":{"title":"Tommy Tabermann pakotti kivetkin kukkimaan - Kohtaamiset","robots":{"index":"index","follow":"follow","max-snippet":"max-snippet:-1","max-image-preview":"max-image-preview:large","max-video-preview":"max-video-preview:-1"},"canonical":"https:\/\/suomenkuvalehti.fi\/kohtaamiset\/tommy-tabermann-pakotti-kivetkin-kukkimaan\/","og_locale":"fi_FI","og_type":"article","og_title":"Tommy Tabermann pakotti kivetkin kukkimaan - Kohtaamiset","og_description":"Kun muusikko tai urheilja kuolee, on tapana sanoa, ett\u00e4 taivaassa kaivattiin uutta vikkel\u00e4sormista basistia tai tuoretta vasenk\u00e4tist\u00e4 sy\u00f6tt\u00e4j\u00e4\u00e4. Tommy Tabermannin tapauksessa lienee kyse ollut tarpeesta kuulla runoilijaa, joka jaksaa v\u00e4sym\u00e4tt\u00e4 laulaa olemassaolon ihanuudesta. Tabermanni&hellip;","og_url":"https:\/\/suomenkuvalehti.fi\/kohtaamiset\/tommy-tabermann-pakotti-kivetkin-kukkimaan\/","og_site_name":"Kohtaamiset","article_published_time":"2010-07-05T13:08:03+00:00","article_modified_time":"2018-01-22T10:17:49+00:00","author":"Karri Kokko","twitter_misc":{"Written by":"Karri Kokko","Est. reading time":"2 minuuttia"},"schema":{"@context":"https:\/\/schema.org","@graph":[{"@type":"WebPage","@id":"https:\/\/suomenkuvalehti.fi\/kohtaamiset\/tommy-tabermann-pakotti-kivetkin-kukkimaan\/","url":"https:\/\/suomenkuvalehti.fi\/kohtaamiset\/tommy-tabermann-pakotti-kivetkin-kukkimaan\/","name":"Tommy Tabermann pakotti kivetkin kukkimaan - Kohtaamiset","isPartOf":{"@id":"https:\/\/suomenkuvalehti.fi\/kohtaamiset\/#website"},"datePublished":"2010-07-05T13:08:03+00:00","dateModified":"2018-01-22T10:17:49+00:00","author":{"@id":"https:\/\/suomenkuvalehti.fi\/kohtaamiset\/#\/schema\/person\/71dc0f8e27e96911b6c8a510fa150d3e"},"breadcrumb":{"@id":"https:\/\/suomenkuvalehti.fi\/kohtaamiset\/tommy-tabermann-pakotti-kivetkin-kukkimaan\/#breadcrumb"},"inLanguage":"fi","potentialAction":[{"@type":"ReadAction","target":["https:\/\/suomenkuvalehti.fi\/kohtaamiset\/tommy-tabermann-pakotti-kivetkin-kukkimaan\/"]}]},{"@type":"BreadcrumbList","@id":"https:\/\/suomenkuvalehti.fi\/kohtaamiset\/tommy-tabermann-pakotti-kivetkin-kukkimaan\/#breadcrumb","itemListElement":[{"@type":"ListItem","position":1,"name":"Home","item":"https:\/\/suomenkuvalehti.fi\/kohtaamiset\/"},{"@type":"ListItem","position":2,"name":"Tommy Tabermann pakotti kivetkin kukkimaan"}]},{"@type":"WebSite","@id":"https:\/\/suomenkuvalehti.fi\/kohtaamiset\/#website","url":"https:\/\/suomenkuvalehti.fi\/kohtaamiset\/","name":"Kohtaamiset","description":"Kohtaamiset-blogi k\u00e4sittelee kirjallisuutta ja kulttuuria.","potentialAction":[{"@type":"SearchAction","target":{"@type":"EntryPoint","urlTemplate":"https:\/\/suomenkuvalehti.fi\/haku\/?q={search_term_string}"},"query-input":{"@type":"PropertyValueSpecification","valueRequired":true,"valueName":"search_term_string"}}],"inLanguage":"fi"},{"@type":"Person","@id":"https:\/\/suomenkuvalehti.fi\/kohtaamiset\/#\/schema\/person\/71dc0f8e27e96911b6c8a510fa150d3e","name":"Karri Kokko","image":{"@type":"ImageObject","inLanguage":"fi","@id":"https:\/\/suomenkuvalehti.fi\/kohtaamiset\/#\/schema\/person\/image\/","url":"https:\/\/suomenkuvalehti.fi\/kohtaamiset\/wp-content\/uploads\/sites\/9\/2013\/11\/sk_leijona_kulta-150x150.png","contentUrl":"https:\/\/suomenkuvalehti.fi\/kohtaamiset\/wp-content\/uploads\/sites\/9\/2013\/11\/sk_leijona_kulta-150x150.png","caption":"Karri Kokko"}}]}},"_links":{"self":[{"href":"https:\/\/suomenkuvalehti.fi\/kohtaamiset\/wp-json\/wp\/v2\/posts\/159","targetHints":{"allow":["GET"]}}],"collection":[{"href":"https:\/\/suomenkuvalehti.fi\/kohtaamiset\/wp-json\/wp\/v2\/posts"}],"about":[{"href":"https:\/\/suomenkuvalehti.fi\/kohtaamiset\/wp-json\/wp\/v2\/types\/post"}],"author":[{"embeddable":true,"href":"https:\/\/suomenkuvalehti.fi\/kohtaamiset\/wp-json\/wp\/v2\/users\/40424"}],"replies":[{"embeddable":true,"href":"https:\/\/suomenkuvalehti.fi\/kohtaamiset\/wp-json\/wp\/v2\/comments?post=159"}],"version-history":[{"count":1,"href":"https:\/\/suomenkuvalehti.fi\/kohtaamiset\/wp-json\/wp\/v2\/posts\/159\/revisions"}],"predecessor-version":[{"id":362,"href":"https:\/\/suomenkuvalehti.fi\/kohtaamiset\/wp-json\/wp\/v2\/posts\/159\/revisions\/362"}],"wp:attachment":[{"href":"https:\/\/suomenkuvalehti.fi\/kohtaamiset\/wp-json\/wp\/v2\/media?parent=159"}],"wp:term":[{"taxonomy":"category","embeddable":true,"href":"https:\/\/suomenkuvalehti.fi\/kohtaamiset\/wp-json\/wp\/v2\/categories?post=159"},{"taxonomy":"post_tag","embeddable":true,"href":"https:\/\/suomenkuvalehti.fi\/kohtaamiset\/wp-json\/wp\/v2\/tags?post=159"}],"curies":[{"name":"wp","href":"https:\/\/api.w.org\/{rel}","templated":true}]}}