{"id":133,"date":"2010-09-10T08:15:00","date_gmt":"2010-09-10T05:15:00","guid":{"rendered":"https:\/\/suomenkuvalehti.fi\/kohtaamiset\/2010\/09\/10\/epatietoisuus-ratkesi-sofi-oksanen-siirtyy-teokselle\/"},"modified":"2018-01-22T12:17:06","modified_gmt":"2018-01-22T10:17:06","slug":"epatietoisuus-ratkesi-sofi-oksanen-siirtyy-teokselle","status":"publish","type":"post","link":"https:\/\/suomenkuvalehti.fi\/kohtaamiset\/epatietoisuus-ratkesi-sofi-oksanen-siirtyy-teokselle\/","title":{"rendered":"Ep\u00e4tietoisuus ratkesi: Sofi Oksanen siirtyy Teokselle"},"content":{"rendered":"\n<p><strong>Sofi Oksanen<\/strong> oli WSOY:n j\u00e4lkeen vapaa valitsemaan, mutta oliko h\u00e4nell\u00e4 lopulta vaihtoehtoja?<\/p>\n\n\n\n<p>Tieto Oksasen siirtymisest\u00e4 Teokselle on helpottava uutinen. Kirjavuotta t\u00e4h\u00e4n asti hallinnut h\u00e4ss\u00e4kk\u00e4 saatiin p\u00e4\u00e4t\u00f6kseen hyviss\u00e4 ajoin ennen kirjasyksyn kuumimpia kiireit\u00e4, ja kaikki p\u00e4\u00e4sev\u00e4t palaamaan normaaliin p\u00e4iv\u00e4j\u00e4rjestykseen.<\/p>\n\n\n\n<p>Asian ratkeamisesta lienev\u00e4t tyytyv\u00e4isi\u00e4 kaikki osapuolet &#8211; eik\u00e4 v\u00e4hiten Oksasen kollegat: t\u00e4m\u00e4n j\u00e4lkeen ehk\u00e4 heillekin riitt\u00e4\u00e4 huomiota mediassa.<\/p>\n\n\n\n<p>Sofi Oksanen itse sai taakseen erinomaisen kustantajan, jolla riitt\u00e4\u00e4 sek\u00e4 varoja ett\u00e4 kirjallista asiantuntemusta. Teos puolestaan sai komean lis\u00e4n jo ennest\u00e4\u00e4n nimekk\u00e4\u00e4seen ja taiteellisesti lahjakkaaseen kirjailijakaartiinsa. Teoksella Oksasen on hyv\u00e4 olla, koska ymp\u00e4rill\u00e4 riitt\u00e4\u00e4 ymm\u00e4rt\u00e4v\u00e4\u00e4 ja osaavaa vertaistukea. Teoksella Oksanen on yksi kaltaistensa joukossa, mik\u00e4 pienent\u00e4\u00e4 h\u00e4neenkin mahdollisesti kohdistuvia paineita ja liiallisia odotuksia.<\/p>\n\n\n\n<p>Ent\u00e4 se suuri kysymys eli miksi juuri Teos?<\/p>\n\n\n\n<p>Uutisen mukaan Oksanen on kes\u00e4n mittaan &#8221;keskustellut&#8221; useiden kustantamoiden kanssa. Niin varmaan onkin, mutta mitk\u00e4 ovat loppujen lopuksi olleet Oksasen kannalta varteenotettavat tai realistiset vaihtoehdot?<\/p>\n\n\n\n<p>T\u00e4ytyy muistaa, ett\u00e4 Oksasen entinen kustantaja WSOY on maan suurin kustannustalo &#8211; ja Oksanen puolestaan oli yksi sen kirjallisesti ja taloudellisesti merkitt\u00e4vimpi\u00e4 kirjailijoita. Sen j\u00e4lkeen mik\u00e4 tahansa muu tai ainakin ratkaisevasti pienempi talo olisi outo kumppani.<\/p>\n\n\n\n<p>Suomalaisessa kustannuskent\u00e4ss\u00e4 todelliset vaihtoehdot olivat n\u00e4in ollen harvassa &#8211; jos niit\u00e4 oli ollenkaan.<\/p>\n\n\n\n<p>S\u00f6dikan lis\u00e4ksi &#8221;suuria&#8221; kustantamoita on oikeastaan kaksi eli Otava ja Tammi. J\u00e4lkimm\u00e4isen vaihtoehdon saattoi sulkea pois jo senkin vuoksi, ett\u00e4 viime vuosina talosta on l\u00e4htenyt enemm\u00e4n kirjailijoita kuin sinne on ilmestynyt niit\u00e4 lis\u00e4\u00e4. Toisin sanoen Tammi olisi ollut kirjallisia arvoja kannattaneen Oksasen kannalta merkillinen valinta.<\/p>\n\n\n\n<p>Otava puolestaan olisi varmasti kelvannut Oksaselle &#8211; ja miksei Oksanen my\u00f6s Otavalle &#8211; ainakin periaatteessa. (Tulkoon selv\u00e4ksi, ett\u00e4 Otavan asioista en ole sen paremmin informoitu, vaikka yhti\u00f6 kuuluukin samaan konserniin Suomen Kuvalehte\u00e4 julkaisevan tahon kanssa.) Oma villi arvaukseni kuitenkin on, ett\u00e4 Otava on pid\u00e4tt\u00e4ytynyt Oksasen kanssa sopimisesta herrasmiessyist\u00e4, jotta elett\u00e4 ei tulkittaisi &#8221;vihamieliseksi kaappaukseksi&#8221;. Muitakin syit\u00e4 voi toki olla, mutta parempaankaan en t\u00e4h\u00e4n h\u00e4t\u00e4\u00e4n pysty.<\/p>\n\n\n\n<p>T\u00e4m\u00e4n j\u00e4lkeen vaihtoehdot ovatkin sitten olemattomat, ja oikeastaan j\u00e4ljelle j\u00e4\u00e4 vain Teos. Yhti\u00f6 on toki minikokoa verrattuna S\u00f6dikaan, mutta jo edell\u00e4 mainituista syist\u00e4 se t\u00e4ytt\u00e4\u00e4 kelvollisesti vaativankin kirjailijan tarpeet.<\/p>\n\n\n\n<p>Nyt j\u00e4\u00e4mme en\u00e4\u00e4 odottamaan tietoa sopimuksen sis\u00e4ll\u00f6st\u00e4 eli siit\u00e4, mit\u00e4 ja milloin Teos ja Oksanen ovat p\u00e4\u00e4tt\u00e4neet yhdess\u00e4 julkaista. Siihen saataneen selvyys t\u00e4n\u00e4\u00e4n klo 13, kun osapuolet j\u00e4rjest\u00e4v\u00e4t asiasta tiedotustilaisuuden.<\/p>\n\n\n\n<p>Ollaan kuulolla.<\/p>\n\n\n","protected":false},"excerpt":{"rendered":"<p>Sofi Oksanen oli WSOY:n j\u00e4lkeen vapaa valitsemaan, mutta oliko h\u00e4nell\u00e4 lopulta vaihtoehtoja? Tieto Oksasen siirtymisest\u00e4 Teokselle on helpottava uutinen. Kirjavuotta t\u00e4h\u00e4n asti hallinnut h\u00e4ss\u00e4kk\u00e4 saatiin p\u00e4\u00e4t\u00f6kseen hyviss\u00e4 ajoin ennen kirjasyksyn kuumimpia<br \/>\nkiireit\u00e4, ja&hellip;<\/p>\n","protected":false},"author":40424,"featured_media":0,"comment_status":"open","ping_status":"open","sticky":false,"template":"","format":"standard","meta":{"_acf_changed":false,"asauth_required_access_level":0,"asauth_cansharepaid":"","om_header_attributes":[],"footnotes":"","om_featured_image_focal_point":[],"om_primary_tag":0,"om_contributors":[],"om_co_authors":[],"beyondwords_generate_audio":"","beyondwords_project_id":"","beyondwords_content_id":"","beyondwords_preview_token":"","beyondwords_player_content":"","beyondwords_player_style":"","beyondwords_language_code":"","beyondwords_language_id":"","beyondwords_title_voice_id":"","beyondwords_body_voice_id":"","beyondwords_summary_voice_id":"","beyondwords_error_message":"","beyondwords_disabled":"","beyondwords_delete_content":"","beyondwords_podcast_id":"","beyondwords_hash":"","publish_post_to_speechkit":"","speechkit_hash":"","speechkit_generate_audio":"","speechkit_project_id":"","speechkit_podcast_id":"","speechkit_error_message":"","speechkit_disabled":"","speechkit_access_key":"","speechkit_error":"","speechkit_info":"","speechkit_response":"","speechkit_retries":"","speechkit_status":"","speechkit_updated_at":"","_speechkit_link":"","_speechkit_text":""},"categories":[1],"tags":[63,345],"class_list":["post-133","post","type-post","status-publish","format-standard","hentry","category-kohtaamiset","tag-sofi-oksanen","tag-teos"],"om_views":null,"acf":{"tuuma_off":false,"tuuma_kysymys":"","tuuma_vastaus":""},"asauth":{"required_access_level":1,"share_token":"","is_paid":false},"yoast_head":"<!-- This site is optimized with the Yoast SEO plugin v26.4 - https:\/\/yoast.com\/wordpress\/plugins\/seo\/ -->\n<title>Ep\u00e4tietoisuus ratkesi: Sofi Oksanen siirtyy Teokselle - Kohtaamiset<\/title>\n<meta name=\"robots\" content=\"noindex, follow\" \/>\n<meta property=\"og:locale\" content=\"fi_FI\" \/>\n<meta property=\"og:type\" content=\"article\" \/>\n<meta property=\"og:title\" content=\"Ep\u00e4tietoisuus ratkesi: Sofi Oksanen siirtyy Teokselle - Kohtaamiset\" \/>\n<meta property=\"og:description\" content=\"Sofi Oksanen oli WSOY:n j\u00e4lkeen vapaa valitsemaan, mutta oliko h\u00e4nell\u00e4 lopulta vaihtoehtoja? Tieto Oksasen siirtymisest\u00e4 Teokselle on helpottava uutinen. Kirjavuotta t\u00e4h\u00e4n asti hallinnut h\u00e4ss\u00e4kk\u00e4 saatiin p\u00e4\u00e4t\u00f6kseen hyviss\u00e4 ajoin ennen kirjasyksyn kuumimpia kiireit\u00e4, ja&hellip;\" \/>\n<meta property=\"og:url\" content=\"https:\/\/suomenkuvalehti.fi\/kohtaamiset\/epatietoisuus-ratkesi-sofi-oksanen-siirtyy-teokselle\/\" \/>\n<meta property=\"og:site_name\" content=\"Kohtaamiset\" \/>\n<meta property=\"article:published_time\" content=\"2010-09-10T05:15:00+00:00\" \/>\n<meta property=\"article:modified_time\" content=\"2018-01-22T10:17:06+00:00\" \/>\n<meta name=\"author\" content=\"Karri Kokko\" \/>\n<meta name=\"twitter:label1\" content=\"Written by\" \/>\n\t<meta name=\"twitter:data1\" content=\"Karri Kokko\" \/>\n\t<meta name=\"twitter:label2\" content=\"Est. reading time\" \/>\n\t<meta name=\"twitter:data2\" content=\"2 minuuttia\" \/>\n<script type=\"application\/ld+json\" class=\"yoast-schema-graph\">{\"@context\":\"https:\/\/schema.org\",\"@graph\":[{\"@type\":\"WebPage\",\"@id\":\"https:\/\/suomenkuvalehti.fi\/kohtaamiset\/epatietoisuus-ratkesi-sofi-oksanen-siirtyy-teokselle\/\",\"url\":\"https:\/\/suomenkuvalehti.fi\/kohtaamiset\/epatietoisuus-ratkesi-sofi-oksanen-siirtyy-teokselle\/\",\"name\":\"Ep\u00e4tietoisuus ratkesi: Sofi Oksanen siirtyy Teokselle - Kohtaamiset\",\"isPartOf\":{\"@id\":\"https:\/\/suomenkuvalehti.fi\/kohtaamiset\/#website\"},\"datePublished\":\"2010-09-10T05:15:00+00:00\",\"dateModified\":\"2018-01-22T10:17:06+00:00\",\"author\":{\"@id\":\"https:\/\/suomenkuvalehti.fi\/kohtaamiset\/#\/schema\/person\/71dc0f8e27e96911b6c8a510fa150d3e\"},\"breadcrumb\":{\"@id\":\"https:\/\/suomenkuvalehti.fi\/kohtaamiset\/epatietoisuus-ratkesi-sofi-oksanen-siirtyy-teokselle\/#breadcrumb\"},\"inLanguage\":\"fi\",\"potentialAction\":[{\"@type\":\"ReadAction\",\"target\":[\"https:\/\/suomenkuvalehti.fi\/kohtaamiset\/epatietoisuus-ratkesi-sofi-oksanen-siirtyy-teokselle\/\"]}]},{\"@type\":\"BreadcrumbList\",\"@id\":\"https:\/\/suomenkuvalehti.fi\/kohtaamiset\/epatietoisuus-ratkesi-sofi-oksanen-siirtyy-teokselle\/#breadcrumb\",\"itemListElement\":[{\"@type\":\"ListItem\",\"position\":1,\"name\":\"Home\",\"item\":\"https:\/\/suomenkuvalehti.fi\/kohtaamiset\/\"},{\"@type\":\"ListItem\",\"position\":2,\"name\":\"Ep\u00e4tietoisuus ratkesi: Sofi Oksanen siirtyy Teokselle\"}]},{\"@type\":\"WebSite\",\"@id\":\"https:\/\/suomenkuvalehti.fi\/kohtaamiset\/#website\",\"url\":\"https:\/\/suomenkuvalehti.fi\/kohtaamiset\/\",\"name\":\"Kohtaamiset\",\"description\":\"Kohtaamiset-blogi k\u00e4sittelee kirjallisuutta ja kulttuuria.\",\"potentialAction\":[{\"@type\":\"SearchAction\",\"target\":{\"@type\":\"EntryPoint\",\"urlTemplate\":\"https:\/\/suomenkuvalehti.fi\/haku\/?q={search_term_string}\"},\"query-input\":{\"@type\":\"PropertyValueSpecification\",\"valueRequired\":true,\"valueName\":\"search_term_string\"}}],\"inLanguage\":\"fi\"},{\"@type\":\"Person\",\"@id\":\"https:\/\/suomenkuvalehti.fi\/kohtaamiset\/#\/schema\/person\/71dc0f8e27e96911b6c8a510fa150d3e\",\"name\":\"Karri Kokko\",\"image\":{\"@type\":\"ImageObject\",\"inLanguage\":\"fi\",\"@id\":\"https:\/\/suomenkuvalehti.fi\/kohtaamiset\/#\/schema\/person\/image\/\",\"url\":\"https:\/\/suomenkuvalehti.fi\/kohtaamiset\/wp-content\/uploads\/sites\/9\/2013\/11\/sk_leijona_kulta-150x150.png\",\"contentUrl\":\"https:\/\/suomenkuvalehti.fi\/kohtaamiset\/wp-content\/uploads\/sites\/9\/2013\/11\/sk_leijona_kulta-150x150.png\",\"caption\":\"Karri Kokko\"}}]}<\/script>\n<!-- \/ Yoast SEO plugin. -->","yoast_head_json":{"title":"Ep\u00e4tietoisuus ratkesi: Sofi Oksanen siirtyy Teokselle - Kohtaamiset","robots":{"index":"noindex","follow":"follow"},"og_locale":"fi_FI","og_type":"article","og_title":"Ep\u00e4tietoisuus ratkesi: Sofi Oksanen siirtyy Teokselle - Kohtaamiset","og_description":"Sofi Oksanen oli WSOY:n j\u00e4lkeen vapaa valitsemaan, mutta oliko h\u00e4nell\u00e4 lopulta vaihtoehtoja? Tieto Oksasen siirtymisest\u00e4 Teokselle on helpottava uutinen. Kirjavuotta t\u00e4h\u00e4n asti hallinnut h\u00e4ss\u00e4kk\u00e4 saatiin p\u00e4\u00e4t\u00f6kseen hyviss\u00e4 ajoin ennen kirjasyksyn kuumimpia kiireit\u00e4, ja&hellip;","og_url":"https:\/\/suomenkuvalehti.fi\/kohtaamiset\/epatietoisuus-ratkesi-sofi-oksanen-siirtyy-teokselle\/","og_site_name":"Kohtaamiset","article_published_time":"2010-09-10T05:15:00+00:00","article_modified_time":"2018-01-22T10:17:06+00:00","author":"Karri Kokko","twitter_misc":{"Written by":"Karri Kokko","Est. reading time":"2 minuuttia"},"schema":{"@context":"https:\/\/schema.org","@graph":[{"@type":"WebPage","@id":"https:\/\/suomenkuvalehti.fi\/kohtaamiset\/epatietoisuus-ratkesi-sofi-oksanen-siirtyy-teokselle\/","url":"https:\/\/suomenkuvalehti.fi\/kohtaamiset\/epatietoisuus-ratkesi-sofi-oksanen-siirtyy-teokselle\/","name":"Ep\u00e4tietoisuus ratkesi: Sofi Oksanen siirtyy Teokselle - Kohtaamiset","isPartOf":{"@id":"https:\/\/suomenkuvalehti.fi\/kohtaamiset\/#website"},"datePublished":"2010-09-10T05:15:00+00:00","dateModified":"2018-01-22T10:17:06+00:00","author":{"@id":"https:\/\/suomenkuvalehti.fi\/kohtaamiset\/#\/schema\/person\/71dc0f8e27e96911b6c8a510fa150d3e"},"breadcrumb":{"@id":"https:\/\/suomenkuvalehti.fi\/kohtaamiset\/epatietoisuus-ratkesi-sofi-oksanen-siirtyy-teokselle\/#breadcrumb"},"inLanguage":"fi","potentialAction":[{"@type":"ReadAction","target":["https:\/\/suomenkuvalehti.fi\/kohtaamiset\/epatietoisuus-ratkesi-sofi-oksanen-siirtyy-teokselle\/"]}]},{"@type":"BreadcrumbList","@id":"https:\/\/suomenkuvalehti.fi\/kohtaamiset\/epatietoisuus-ratkesi-sofi-oksanen-siirtyy-teokselle\/#breadcrumb","itemListElement":[{"@type":"ListItem","position":1,"name":"Home","item":"https:\/\/suomenkuvalehti.fi\/kohtaamiset\/"},{"@type":"ListItem","position":2,"name":"Ep\u00e4tietoisuus ratkesi: Sofi Oksanen siirtyy Teokselle"}]},{"@type":"WebSite","@id":"https:\/\/suomenkuvalehti.fi\/kohtaamiset\/#website","url":"https:\/\/suomenkuvalehti.fi\/kohtaamiset\/","name":"Kohtaamiset","description":"Kohtaamiset-blogi k\u00e4sittelee kirjallisuutta ja kulttuuria.","potentialAction":[{"@type":"SearchAction","target":{"@type":"EntryPoint","urlTemplate":"https:\/\/suomenkuvalehti.fi\/haku\/?q={search_term_string}"},"query-input":{"@type":"PropertyValueSpecification","valueRequired":true,"valueName":"search_term_string"}}],"inLanguage":"fi"},{"@type":"Person","@id":"https:\/\/suomenkuvalehti.fi\/kohtaamiset\/#\/schema\/person\/71dc0f8e27e96911b6c8a510fa150d3e","name":"Karri Kokko","image":{"@type":"ImageObject","inLanguage":"fi","@id":"https:\/\/suomenkuvalehti.fi\/kohtaamiset\/#\/schema\/person\/image\/","url":"https:\/\/suomenkuvalehti.fi\/kohtaamiset\/wp-content\/uploads\/sites\/9\/2013\/11\/sk_leijona_kulta-150x150.png","contentUrl":"https:\/\/suomenkuvalehti.fi\/kohtaamiset\/wp-content\/uploads\/sites\/9\/2013\/11\/sk_leijona_kulta-150x150.png","caption":"Karri Kokko"}}]}},"_links":{"self":[{"href":"https:\/\/suomenkuvalehti.fi\/kohtaamiset\/wp-json\/wp\/v2\/posts\/133","targetHints":{"allow":["GET"]}}],"collection":[{"href":"https:\/\/suomenkuvalehti.fi\/kohtaamiset\/wp-json\/wp\/v2\/posts"}],"about":[{"href":"https:\/\/suomenkuvalehti.fi\/kohtaamiset\/wp-json\/wp\/v2\/types\/post"}],"author":[{"embeddable":true,"href":"https:\/\/suomenkuvalehti.fi\/kohtaamiset\/wp-json\/wp\/v2\/users\/40424"}],"replies":[{"embeddable":true,"href":"https:\/\/suomenkuvalehti.fi\/kohtaamiset\/wp-json\/wp\/v2\/comments?post=133"}],"version-history":[{"count":3,"href":"https:\/\/suomenkuvalehti.fi\/kohtaamiset\/wp-json\/wp\/v2\/posts\/133\/revisions"}],"predecessor-version":[{"id":496,"href":"https:\/\/suomenkuvalehti.fi\/kohtaamiset\/wp-json\/wp\/v2\/posts\/133\/revisions\/496"}],"wp:attachment":[{"href":"https:\/\/suomenkuvalehti.fi\/kohtaamiset\/wp-json\/wp\/v2\/media?parent=133"}],"wp:term":[{"taxonomy":"category","embeddable":true,"href":"https:\/\/suomenkuvalehti.fi\/kohtaamiset\/wp-json\/wp\/v2\/categories?post=133"},{"taxonomy":"post_tag","embeddable":true,"href":"https:\/\/suomenkuvalehti.fi\/kohtaamiset\/wp-json\/wp\/v2\/tags?post=133"}],"curies":[{"name":"wp","href":"https:\/\/api.w.org\/{rel}","templated":true}]}}