{"id":132,"date":"2010-09-10T15:12:35","date_gmt":"2010-09-10T12:12:35","guid":{"rendered":"https:\/\/suomenkuvalehti.fi\/kohtaamiset\/2010\/09\/10\/sofi-oksanen-valitsin-reilun-kaupan-kustantamon\/"},"modified":"2018-01-22T12:17:06","modified_gmt":"2018-01-22T10:17:06","slug":"sofi-oksanen-valitsin-reilun-kaupan-kustantamon","status":"publish","type":"post","link":"https:\/\/suomenkuvalehti.fi\/kohtaamiset\/sofi-oksanen-valitsin-reilun-kaupan-kustantamon\/","title":{"rendered":"Sofi Oksanen: &#8221;Valitsin reilun kaupan kustantamon&#8221;"},"content":{"rendered":"\n<p>Teoksen uusi kirjailija allekirjoitti kustannussopimuksen nelj\u00e4n tv-kameran surratessa.<\/p>\n\n\n\n<p>Perjantai on perinteisesti kiivas uutisp\u00e4iv\u00e4. Se saatiin j\u00e4lleen todeta t\u00e4n\u00e4\u00e4n, kun Nokia ilmoitti toimitusjohtajansa vaihdosta ja Teos kertoi kirjailija <strong>Sofi Oksasen<\/strong> siirtymisest\u00e4 talliinsa.<\/p>\n\n\n\n<p>Vaikka tapahtumat ovat taloudelliselta merkitykselt\u00e4\u00e4n eri kokoluokkaa, rahasta puhuttiin totta kai my\u00f6s j\u00e4lkimm\u00e4isen johdosta j\u00e4rjestetyss\u00e4 tiedotustilaisuudessa.<\/p>\n\n\n\n<p>Tilaisuuden alkajaisiksi kustantajan tiedottaja <strong>Jussi Kaisjoki<\/strong> toivotti tervetulleeksi uuden &#8221;t\u00e4htikirjailijansa&#8221;. Sen j\u00e4lkeen Oksanen ja h\u00e4nen kustantajansa <strong>Silja Hiidenheimo<\/strong> allekirjoittivat kustannussopimuksen kirjailijan seuraavasta teoksesta noin kymmenen toimittajan, nelj\u00e4n valokuvaajan ja nelj\u00e4n tv-yhti\u00f6n kameroiden silmien alla.<\/p>\n\n\n\n<p>Ele todisti keskin\u00e4isen luottamuksen syntymisest\u00e4 yleens\u00e4, mutta sis\u00e4lsi my\u00f6s lupauksen tiettyjen taloudellisten velvotteiden huolehtimisesta.<\/p>\n\n\n\n<p>Oksasen mukaan h\u00e4nelle olisi ollut ottajia useampiakin, sek\u00e4 kotimaasta ett\u00e4 ulkomailta. Joukossa oli sek\u00e4 &#8221;j\u00e4rkevi\u00e4&#8221; ett\u00e4 &#8221;v\u00e4hemm\u00e4n j\u00e4rkevi\u00e4&#8221; tarjouksia, &#8221;ehk\u00e4 rahakkaampiakin&#8221;, mutta Oksanen p\u00e4\u00e4tti kuitenkin noudattaa &#8221;nuoruutensa ihanteita&#8221;.<\/p>\n\n\n\n<p>&#8221;Valitsin reilun kaupan kustantamon&#8221;, Oksanen sanoi. &#8221;Sellaisen, joka uskaltaa julkaista my\u00f6s v\u00e4h\u00e4levikkist\u00e4 ja riskialtista kirjallisuutta.&#8221;<\/p>\n\n\n\n<p>Teoksen valitessaan Oksanen uskoi p\u00e4\u00e4sev\u00e4ns\u00e4 taloon, jossa kirjalliset arvot ratkaisevat ja jossa osataan kuunnella kirjailijan tarpeita.<\/p>\n\n\n\n<p>Jos Oksasen sanat ja olemus kieliv\u00e4t tyytyv\u00e4isyydest\u00e4, se kuului my\u00f6s kustantajan sanoissa. Hiidenheimo oli silmin n\u00e4hden iloinen saadessaan ryhty\u00e4 yhteisty\u00f6h\u00f6n merkitt\u00e4v\u00e4n kirjailijan kanssa.<\/p>\n\n\n\n<p>&#8221;Saanpahan seurata aitiopaikalta, kun suomalainen kirjailija breikkaa maailmalla&#8221;, Hiidenheimo hehkutti.<\/p>\n\n\n\n<p>Oksasen jo varhain oppima k\u00e4sitys siit\u00e4, ett\u00e4 kirjallisuus on taiteenala muiden joukossa, t\u00f6rm\u00e4si WSOY:ll\u00e4 kustannusalan armottomiin realiteetteihin.<\/p>\n\n\n\n<p>&#8221;Paljastui, ett\u00e4 kirjailijaan suhtauduttiin kuin tuotteeseen&#8221;, Oksanen kertasi kokemuksiaan.<\/p>\n\n\n\n<p>&#8221;Kirjailijanuraa aloittaessani kuvittelin, ett\u00e4 kirjailijat ovat yksin\u00e4isi\u00e4 ja ahdistuneita ja ett\u00e4 kustantamoissa ty\u00f6skentelee t\u00e4ysp\u00e4isi\u00e4 ja ammattinsa osaavia ihmisi\u00e4&#8221;, Oksanen sanoi. &#8221;Mutta k\u00e4vikin ilmi, ett\u00e4 kirjailijat ovat t\u00e4ysp\u00e4isi\u00e4 ammattilaisia, kun taas kustantamot ovat t\u00e4ynn\u00e4 ahdistuneita ja yksin\u00e4isi\u00e4 ty\u00f6ntekij\u00f6it\u00e4.&#8221;<\/p>\n\n\n\n<p>T\u00e4n\u00e4\u00e4n allekirjoitettu sopimus koskee Sofi Oksasen seuraavaa teosta, joka kulkee t\u00e4ss\u00e4 vaiheessa ty\u00f6nimell\u00e4 &#8221;H\u00e4t\u00e4p\u00e4iss\u00e4\u00e4n Jyv\u00e4skyl\u00e4st\u00e4&#8221; ja jonka on m\u00e4\u00e4r\u00e4 ilmesty\u00e4 vuonna 2011. Kirja sis\u00e4lt\u00e4\u00e4 valikoiman laululyriikkaa, jota Oksanen on ty\u00f6st\u00e4nyt yhdess\u00e4 s\u00e4velt\u00e4j\u00e4 <strong>Maija Kaunismaan<\/strong> kanssa.<\/p>\n\n\n\n<p>Sopimuksen yksityiskohtia ei tilaisuudessa paljastettu, mutta Hiidenheimo sanoi sen noudattavan kirjailijaliiton suosituksia ja vakuutti, ettei siihen sis\u00e4ltynyt siirtosummia.<\/p>\n\n\n\n<p>Uusi romaanikin on totta kai tekeill\u00e4. Kyseess\u00e4 on kolmas osa <em>Stalinin lehmien<\/em> ja <em>Puhdistuksen<\/em> aloittamasta nelj\u00e4n romaanin sarjasta, ja jos kaikki menee suunnitelmien mukaisesti, sen tulisi valmistua parin vuoden kuluttua.<\/p>\n\n\n\n<p>Sanomattakin selv\u00e4\u00e4, ett\u00e4 tuleva romaani &#8211; josta&nbsp;Teoksella ei ole viel\u00e4 luettu rivi\u00e4k\u00e4\u00e4n &#8211; on my\u00f6s kustantajan intressiss\u00e4. Mutta t\u00e4ss\u00e4 vaiheessa on p\u00e4\u00e4tetty edet\u00e4 protokollan mukaisesti, teos kerrallaan.<\/p>\n\n\n\n<p>Oksanen itse toivoo, ett\u00e4 uusi sopimus takaisi h\u00e4nelle vihdoin ty\u00f6rauhan.<\/p>\n\n\n\n<p>&#8221;Viime kuukausien h\u00e4ss\u00e4k\u00e4st\u00e4 johtuen olen ehtinyt kirjoittaa vain vapaa-ajallani&#8221;, Oksanen naurahti. &#8221;Nyt toivottavasti p\u00e4\u00e4sen tekem\u00e4\u00e4n sit\u00e4 ty\u00f6kseni.&#8221;<\/p>\n\n\n\n\n\n","protected":false},"excerpt":{"rendered":"<p>Teoksen uusi kirjailija allekirjoitti kustannussopimuksen nelj\u00e4n tv-kameran surratessa. Perjantai on perinteisesti kiivas uutisp\u00e4iv\u00e4. Se saatiin j\u00e4lleen todeta t\u00e4n\u00e4\u00e4n, kun Nokia ilmoitti toimitusjohtajansa vaihdosta ja Teos kertoi kirjailija Sofi Oksasen<br \/>\nsiirty&hellip;<\/p>\n","protected":false},"author":40424,"featured_media":0,"comment_status":"open","ping_status":"open","sticky":false,"template":"","format":"standard","meta":{"_acf_changed":false,"asauth_required_access_level":0,"asauth_cansharepaid":"","om_header_attributes":[],"footnotes":"","om_featured_image_focal_point":[],"om_primary_tag":0,"om_contributors":[],"om_co_authors":[],"beyondwords_generate_audio":"","beyondwords_project_id":"","beyondwords_content_id":"","beyondwords_preview_token":"","beyondwords_player_content":"","beyondwords_player_style":"","beyondwords_language_code":"","beyondwords_language_id":"","beyondwords_title_voice_id":"","beyondwords_body_voice_id":"","beyondwords_summary_voice_id":"","beyondwords_error_message":"","beyondwords_disabled":"","beyondwords_delete_content":"","beyondwords_podcast_id":"","beyondwords_hash":"","publish_post_to_speechkit":"","speechkit_hash":"","speechkit_generate_audio":"","speechkit_project_id":"","speechkit_podcast_id":"","speechkit_error_message":"","speechkit_disabled":"","speechkit_access_key":"","speechkit_error":"","speechkit_info":"","speechkit_response":"","speechkit_retries":"","speechkit_status":"","speechkit_updated_at":"","_speechkit_link":"","_speechkit_text":""},"categories":[1],"tags":[63,345],"class_list":["post-132","post","type-post","status-publish","format-standard","hentry","category-kohtaamiset","tag-sofi-oksanen","tag-teos"],"om_views":null,"acf":{"tuuma_off":false,"tuuma_kysymys":"","tuuma_vastaus":""},"asauth":{"required_access_level":1,"share_token":"","is_paid":false},"yoast_head":"<!-- This site is optimized with the Yoast SEO plugin v26.4 - https:\/\/yoast.com\/wordpress\/plugins\/seo\/ -->\n<title>Sofi Oksanen: &quot;Valitsin reilun kaupan kustantamon&quot; - Kohtaamiset<\/title>\n<meta name=\"robots\" content=\"index, follow, max-snippet:-1, max-image-preview:large, max-video-preview:-1\" \/>\n<link rel=\"canonical\" href=\"https:\/\/suomenkuvalehti.fi\/kohtaamiset\/sofi-oksanen-valitsin-reilun-kaupan-kustantamon\/\" \/>\n<meta property=\"og:locale\" content=\"fi_FI\" \/>\n<meta property=\"og:type\" content=\"article\" \/>\n<meta property=\"og:title\" content=\"Sofi Oksanen: &quot;Valitsin reilun kaupan kustantamon&quot; - Kohtaamiset\" \/>\n<meta property=\"og:description\" content=\"Teoksen uusi kirjailija allekirjoitti kustannussopimuksen nelj\u00e4n tv-kameran surratessa. Perjantai on perinteisesti kiivas uutisp\u00e4iv\u00e4. Se saatiin j\u00e4lleen todeta t\u00e4n\u00e4\u00e4n, kun Nokia ilmoitti toimitusjohtajansa vaihdosta ja Teos kertoi kirjailija Sofi Oksasen siirty&hellip;\" \/>\n<meta property=\"og:url\" content=\"https:\/\/suomenkuvalehti.fi\/kohtaamiset\/sofi-oksanen-valitsin-reilun-kaupan-kustantamon\/\" \/>\n<meta property=\"og:site_name\" content=\"Kohtaamiset\" \/>\n<meta property=\"article:published_time\" content=\"2010-09-10T12:12:35+00:00\" \/>\n<meta property=\"article:modified_time\" content=\"2018-01-22T10:17:06+00:00\" \/>\n<meta name=\"author\" content=\"Karri Kokko\" \/>\n<meta name=\"twitter:label1\" content=\"Written by\" \/>\n\t<meta name=\"twitter:data1\" content=\"Karri Kokko\" \/>\n\t<meta name=\"twitter:label2\" content=\"Est. reading time\" \/>\n\t<meta name=\"twitter:data2\" content=\"2 minuuttia\" \/>\n<script type=\"application\/ld+json\" class=\"yoast-schema-graph\">{\"@context\":\"https:\/\/schema.org\",\"@graph\":[{\"@type\":\"WebPage\",\"@id\":\"https:\/\/suomenkuvalehti.fi\/kohtaamiset\/sofi-oksanen-valitsin-reilun-kaupan-kustantamon\/\",\"url\":\"https:\/\/suomenkuvalehti.fi\/kohtaamiset\/sofi-oksanen-valitsin-reilun-kaupan-kustantamon\/\",\"name\":\"Sofi Oksanen: \\\"Valitsin reilun kaupan kustantamon\\\" - Kohtaamiset\",\"isPartOf\":{\"@id\":\"https:\/\/suomenkuvalehti.fi\/kohtaamiset\/#website\"},\"datePublished\":\"2010-09-10T12:12:35+00:00\",\"dateModified\":\"2018-01-22T10:17:06+00:00\",\"author\":{\"@id\":\"https:\/\/suomenkuvalehti.fi\/kohtaamiset\/#\/schema\/person\/71dc0f8e27e96911b6c8a510fa150d3e\"},\"breadcrumb\":{\"@id\":\"https:\/\/suomenkuvalehti.fi\/kohtaamiset\/sofi-oksanen-valitsin-reilun-kaupan-kustantamon\/#breadcrumb\"},\"inLanguage\":\"fi\",\"potentialAction\":[{\"@type\":\"ReadAction\",\"target\":[\"https:\/\/suomenkuvalehti.fi\/kohtaamiset\/sofi-oksanen-valitsin-reilun-kaupan-kustantamon\/\"]}]},{\"@type\":\"BreadcrumbList\",\"@id\":\"https:\/\/suomenkuvalehti.fi\/kohtaamiset\/sofi-oksanen-valitsin-reilun-kaupan-kustantamon\/#breadcrumb\",\"itemListElement\":[{\"@type\":\"ListItem\",\"position\":1,\"name\":\"Home\",\"item\":\"https:\/\/suomenkuvalehti.fi\/kohtaamiset\/\"},{\"@type\":\"ListItem\",\"position\":2,\"name\":\"Sofi Oksanen: &#8221;Valitsin reilun kaupan kustantamon&#8221;\"}]},{\"@type\":\"WebSite\",\"@id\":\"https:\/\/suomenkuvalehti.fi\/kohtaamiset\/#website\",\"url\":\"https:\/\/suomenkuvalehti.fi\/kohtaamiset\/\",\"name\":\"Kohtaamiset\",\"description\":\"Kohtaamiset-blogi k\u00e4sittelee kirjallisuutta ja kulttuuria.\",\"potentialAction\":[{\"@type\":\"SearchAction\",\"target\":{\"@type\":\"EntryPoint\",\"urlTemplate\":\"https:\/\/suomenkuvalehti.fi\/haku\/?q={search_term_string}\"},\"query-input\":{\"@type\":\"PropertyValueSpecification\",\"valueRequired\":true,\"valueName\":\"search_term_string\"}}],\"inLanguage\":\"fi\"},{\"@type\":\"Person\",\"@id\":\"https:\/\/suomenkuvalehti.fi\/kohtaamiset\/#\/schema\/person\/71dc0f8e27e96911b6c8a510fa150d3e\",\"name\":\"Karri Kokko\",\"image\":{\"@type\":\"ImageObject\",\"inLanguage\":\"fi\",\"@id\":\"https:\/\/suomenkuvalehti.fi\/kohtaamiset\/#\/schema\/person\/image\/\",\"url\":\"https:\/\/suomenkuvalehti.fi\/kohtaamiset\/wp-content\/uploads\/sites\/9\/2013\/11\/sk_leijona_kulta-150x150.png\",\"contentUrl\":\"https:\/\/suomenkuvalehti.fi\/kohtaamiset\/wp-content\/uploads\/sites\/9\/2013\/11\/sk_leijona_kulta-150x150.png\",\"caption\":\"Karri Kokko\"}}]}<\/script>\n<!-- \/ Yoast SEO plugin. -->","yoast_head_json":{"title":"Sofi Oksanen: \"Valitsin reilun kaupan kustantamon\" - Kohtaamiset","robots":{"index":"index","follow":"follow","max-snippet":"max-snippet:-1","max-image-preview":"max-image-preview:large","max-video-preview":"max-video-preview:-1"},"canonical":"https:\/\/suomenkuvalehti.fi\/kohtaamiset\/sofi-oksanen-valitsin-reilun-kaupan-kustantamon\/","og_locale":"fi_FI","og_type":"article","og_title":"Sofi Oksanen: \"Valitsin reilun kaupan kustantamon\" - Kohtaamiset","og_description":"Teoksen uusi kirjailija allekirjoitti kustannussopimuksen nelj\u00e4n tv-kameran surratessa. Perjantai on perinteisesti kiivas uutisp\u00e4iv\u00e4. Se saatiin j\u00e4lleen todeta t\u00e4n\u00e4\u00e4n, kun Nokia ilmoitti toimitusjohtajansa vaihdosta ja Teos kertoi kirjailija Sofi Oksasen siirty&hellip;","og_url":"https:\/\/suomenkuvalehti.fi\/kohtaamiset\/sofi-oksanen-valitsin-reilun-kaupan-kustantamon\/","og_site_name":"Kohtaamiset","article_published_time":"2010-09-10T12:12:35+00:00","article_modified_time":"2018-01-22T10:17:06+00:00","author":"Karri Kokko","twitter_misc":{"Written by":"Karri Kokko","Est. reading time":"2 minuuttia"},"schema":{"@context":"https:\/\/schema.org","@graph":[{"@type":"WebPage","@id":"https:\/\/suomenkuvalehti.fi\/kohtaamiset\/sofi-oksanen-valitsin-reilun-kaupan-kustantamon\/","url":"https:\/\/suomenkuvalehti.fi\/kohtaamiset\/sofi-oksanen-valitsin-reilun-kaupan-kustantamon\/","name":"Sofi Oksanen: \"Valitsin reilun kaupan kustantamon\" - Kohtaamiset","isPartOf":{"@id":"https:\/\/suomenkuvalehti.fi\/kohtaamiset\/#website"},"datePublished":"2010-09-10T12:12:35+00:00","dateModified":"2018-01-22T10:17:06+00:00","author":{"@id":"https:\/\/suomenkuvalehti.fi\/kohtaamiset\/#\/schema\/person\/71dc0f8e27e96911b6c8a510fa150d3e"},"breadcrumb":{"@id":"https:\/\/suomenkuvalehti.fi\/kohtaamiset\/sofi-oksanen-valitsin-reilun-kaupan-kustantamon\/#breadcrumb"},"inLanguage":"fi","potentialAction":[{"@type":"ReadAction","target":["https:\/\/suomenkuvalehti.fi\/kohtaamiset\/sofi-oksanen-valitsin-reilun-kaupan-kustantamon\/"]}]},{"@type":"BreadcrumbList","@id":"https:\/\/suomenkuvalehti.fi\/kohtaamiset\/sofi-oksanen-valitsin-reilun-kaupan-kustantamon\/#breadcrumb","itemListElement":[{"@type":"ListItem","position":1,"name":"Home","item":"https:\/\/suomenkuvalehti.fi\/kohtaamiset\/"},{"@type":"ListItem","position":2,"name":"Sofi Oksanen: &#8221;Valitsin reilun kaupan kustantamon&#8221;"}]},{"@type":"WebSite","@id":"https:\/\/suomenkuvalehti.fi\/kohtaamiset\/#website","url":"https:\/\/suomenkuvalehti.fi\/kohtaamiset\/","name":"Kohtaamiset","description":"Kohtaamiset-blogi k\u00e4sittelee kirjallisuutta ja kulttuuria.","potentialAction":[{"@type":"SearchAction","target":{"@type":"EntryPoint","urlTemplate":"https:\/\/suomenkuvalehti.fi\/haku\/?q={search_term_string}"},"query-input":{"@type":"PropertyValueSpecification","valueRequired":true,"valueName":"search_term_string"}}],"inLanguage":"fi"},{"@type":"Person","@id":"https:\/\/suomenkuvalehti.fi\/kohtaamiset\/#\/schema\/person\/71dc0f8e27e96911b6c8a510fa150d3e","name":"Karri Kokko","image":{"@type":"ImageObject","inLanguage":"fi","@id":"https:\/\/suomenkuvalehti.fi\/kohtaamiset\/#\/schema\/person\/image\/","url":"https:\/\/suomenkuvalehti.fi\/kohtaamiset\/wp-content\/uploads\/sites\/9\/2013\/11\/sk_leijona_kulta-150x150.png","contentUrl":"https:\/\/suomenkuvalehti.fi\/kohtaamiset\/wp-content\/uploads\/sites\/9\/2013\/11\/sk_leijona_kulta-150x150.png","caption":"Karri Kokko"}}]}},"_links":{"self":[{"href":"https:\/\/suomenkuvalehti.fi\/kohtaamiset\/wp-json\/wp\/v2\/posts\/132","targetHints":{"allow":["GET"]}}],"collection":[{"href":"https:\/\/suomenkuvalehti.fi\/kohtaamiset\/wp-json\/wp\/v2\/posts"}],"about":[{"href":"https:\/\/suomenkuvalehti.fi\/kohtaamiset\/wp-json\/wp\/v2\/types\/post"}],"author":[{"embeddable":true,"href":"https:\/\/suomenkuvalehti.fi\/kohtaamiset\/wp-json\/wp\/v2\/users\/40424"}],"replies":[{"embeddable":true,"href":"https:\/\/suomenkuvalehti.fi\/kohtaamiset\/wp-json\/wp\/v2\/comments?post=132"}],"version-history":[{"count":1,"href":"https:\/\/suomenkuvalehti.fi\/kohtaamiset\/wp-json\/wp\/v2\/posts\/132\/revisions"}],"predecessor-version":[{"id":336,"href":"https:\/\/suomenkuvalehti.fi\/kohtaamiset\/wp-json\/wp\/v2\/posts\/132\/revisions\/336"}],"wp:attachment":[{"href":"https:\/\/suomenkuvalehti.fi\/kohtaamiset\/wp-json\/wp\/v2\/media?parent=132"}],"wp:term":[{"taxonomy":"category","embeddable":true,"href":"https:\/\/suomenkuvalehti.fi\/kohtaamiset\/wp-json\/wp\/v2\/categories?post=132"},{"taxonomy":"post_tag","embeddable":true,"href":"https:\/\/suomenkuvalehti.fi\/kohtaamiset\/wp-json\/wp\/v2\/tags?post=132"}],"curies":[{"name":"wp","href":"https:\/\/api.w.org\/{rel}","templated":true}]}}