{"id":129,"date":"2010-09-20T16:47:35","date_gmt":"2010-09-20T13:47:35","guid":{"rendered":"https:\/\/suomenkuvalehti.fi\/kohtaamiset\/2010\/09\/20\/janne-kortteinen-esikoiskirjailija-josta-kaikki-kohisevat\/"},"modified":"2018-01-22T12:17:06","modified_gmt":"2018-01-22T10:17:06","slug":"janne-kortteinen-esikoiskirjailija-josta-kaikki-kohisevat","status":"publish","type":"post","link":"https:\/\/suomenkuvalehti.fi\/kohtaamiset\/janne-kortteinen-esikoiskirjailija-josta-kaikki-kohisevat\/","title":{"rendered":"Janne Kortteinen &#8211; esikoiskirjailija, josta kaikki kohisevat"},"content":{"rendered":"\n<p>Kirjan ilmestymiseen on viikko, mutta kuhina kirjallisissa piireiss\u00e4 k\u00e4y ennenkuulumattoman kiihke\u00e4n\u00e4. Onko t\u00e4ss\u00e4 vihdoin teos, joka siirt\u00e4\u00e4 kotimaisen kertomakirjallisuuden uudelle vuosituhannelle?<\/p>\n\n\n\n<p>Tilaus on ollut ilmassa jo pitk\u00e4\u00e4n. On toivottu ja kaivattu kirjaa, joka murtaisi kertaheitolla suomenkielisen proosan lukkiintuneet konventiot. Joka valjastaisi k\u00e4ytt\u00f6\u00f6ns\u00e4 aikansa ja yhteiskuntansa koko kielellisen paletin, eik\u00e4 tyytyisi vain kertomaan, mit\u00e4 p\u00e4\u00e4henkil\u00f6lle tapahtui ja miss\u00e4 j\u00e4rjestyksess\u00e4.<\/p>\n\n\n\n<p>Nyt nuo odotukset on lastattu <strong>Janne Kortteisen<\/strong>, 21, hartioille. Se, miten teos vastaa haasteeseen selvi\u00e4\u00e4 ensi maanantaina, kun nuorukaisen esikoisteos <em>Paljain jaloin palavassa viinimarjapensaassa<\/em> (ntamo) ilmestyy.<\/p>\n\n\n\n<p>Kohu on tietysti kustantaja <strong>Leevi Lehdon<\/strong> m\u00e4\u00e4r\u00e4tietoisen markkinoinnin ansiota. Ensin sirotellaan vaivihkaisia ennakkotietoja tulevasta teoksesta yksityisiin keskusteluihin ja sen j\u00e4lkeen julkaistaan sosiaalisessa mediassa tiedote kirjan ilmestymisest\u00e4. Lopulta l\u00e4hetet\u00e4\u00e4n ennakkokappale kirjasta s\u00e4hk\u00f6isess\u00e4 muodossa muutamille avainhenkil\u00f6ille (joihin allekirjoittanutkin lukeutuu).<\/p>\n\n\n\n<p>Yst\u00e4vieni Facebook-p\u00e4ivitysten perusteella viesti n\u00e4ytt\u00e4\u00e4 menneen hyvin perille. &#8221;Jotain j\u00e4nn\u00e4\u00e4 taitaa olla tulossa!&#8221; huudahti er\u00e4skin.<\/p>\n\n\n\n<p>Silm\u00e4ilin teoksen l\u00e4pi t\u00e4n\u00e4\u00e4n iltap\u00e4iv\u00e4ll\u00e4, ja voin jo ylimalkaisen kokemukseni perusteella sanoa, ett\u00e4 kirja on valmis kohtaamaan siihen kohdistuneet odotukset. Se n\u00e4ytt\u00e4\u00e4 j\u00e4nnitt\u00e4v\u00e4lt\u00e4 ja ainakin ehdottoman erilaiselta. Mit\u00e4 kaikkea tuohon esitykseen sis\u00e4ltyy &#8211; ja kuinka onnistunut se lopulta on &#8211; selvi\u00e4\u00e4 tietysti vasta tarkemman tutustumisen j\u00e4lkeen.<\/p>\n\n\n\n<p>Itse kutsuisin sit\u00e4 t\u00e4ss\u00e4 vaiheessa moni\u00e4\u00e4niseksi ja moniaineksiseksi romaaniksi.<\/p>\n\n\n\n<p>Ja sanon t\u00e4m\u00e4n itseni ja arvostelukykyni peliin laittaen siit\u00e4kin huolimatta, ett\u00e4 Kortteisen kustantaja on julkaissut my\u00f6s omia teoksiani. Motiivini kirjoittaa teoksesta ennakkoon perustuu pintapuolisen lukukokemuksen lis\u00e4ksi varmuuteen, ett\u00e4 siit\u00e4 tullaan viel\u00e4 puhumaan ja kirjoittamaan paljon ennakkokohun j\u00e4lkeenkin.<\/p>\n\n\n\n<p>T\u00e4ss\u00e4 vaiheessa olemme tietenkin vain lupausten varassa.<\/p>\n\n\n\n<p>Kustantajan oman ilmoituksen mukaan kyseess\u00e4 on &#8221;viattomuuden manfifesti, jonka muoto vaihtelee laavavy\u00f6rym\u00e4siten n\u00e4kyjen, ilmestysten, epifanioiden, illuminaatioiden, enteiden, vaikutelmien ja aavistusten sek\u00e4 minimalistisempien runojen, fragmenttien, haikujen, naivismien, suoran puhuttelun, munanheilutuksen, saarnan, rukouksen ja syd\u00e4n\u00e4\u00e4nien v\u00e4lill\u00e4.&#8221;<\/p>\n\n\n\n<p>&#8221;Se on uuden sukupolven kuiskaus-huuto, joka saattaa viel\u00e4 tehd\u00e4 lopun sek\u00e4 runoudesta ett\u00e4 proosasta&#8221;, kustantaja kirjoittaa.<\/p>\n\n\n\n\n<p>Niin tai n\u00e4in, vaikuttaa joka tapauksessa silt\u00e4, ett\u00e4 Kortteisen teos on toteuttamassa kustantajansa jo aikaa sitten lausumaa ennustusta, jonka mukaan suomalainen proosa tulee kokemaan samankaltaisen mullistuksen, joka on viime vuosina n\u00e4hty runoudessa.<\/p>\n\n\n\n<p>Saas n\u00e4hd\u00e4, kuinka k\u00e4y.<\/p>\n\n\n","protected":false},"excerpt":{"rendered":"<p>Kirjan ilmestymiseen on viikko, mutta kuhina kirjallisissa piireiss\u00e4 k\u00e4y ennenkuulumattoman kiihke\u00e4n\u00e4. Onko t\u00e4ss\u00e4 vihdoin teos, joka siirt\u00e4\u00e4 kotimaisen kertomakirjallisuuden uudelle vuosituhannelle? Tilaus on ollut ilmassa jo pitk\u00e4\u00e4n. On toivottu ja<br \/>\nkaivattu &hellip;<\/p>\n","protected":false},"author":40424,"featured_media":0,"comment_status":"open","ping_status":"open","sticky":false,"template":"","format":"standard","meta":{"_acf_changed":false,"asauth_required_access_level":0,"asauth_cansharepaid":"","om_header_attributes":[],"footnotes":"","om_featured_image_focal_point":[],"om_primary_tag":0,"om_contributors":[],"om_co_authors":[],"beyondwords_generate_audio":"","beyondwords_project_id":"","beyondwords_content_id":"","beyondwords_preview_token":"","beyondwords_player_content":"","beyondwords_player_style":"","beyondwords_language_code":"","beyondwords_language_id":"","beyondwords_title_voice_id":"","beyondwords_body_voice_id":"","beyondwords_summary_voice_id":"","beyondwords_error_message":"","beyondwords_disabled":"","beyondwords_delete_content":"","beyondwords_podcast_id":"","beyondwords_hash":"","publish_post_to_speechkit":"","speechkit_hash":"","speechkit_generate_audio":"","speechkit_project_id":"","speechkit_podcast_id":"","speechkit_error_message":"","speechkit_disabled":"","speechkit_access_key":"","speechkit_error":"","speechkit_info":"","speechkit_response":"","speechkit_retries":"","speechkit_status":"","speechkit_updated_at":"","_speechkit_link":"","_speechkit_text":""},"categories":[1],"tags":[342,343,290,95,335,336],"class_list":["post-129","post","type-post","status-publish","format-standard","hentry","category-kohtaamiset","tag-esikoiskirjailijat","tag-esikoisteokset","tag-janne-kortteinen","tag-kirjallisuus","tag-leevi-lehto","tag-ntamo"],"om_views":null,"acf":{"tuuma_off":false,"tuuma_kysymys":"","tuuma_vastaus":""},"asauth":{"required_access_level":1,"share_token":"","is_paid":false},"yoast_head":"<!-- This site is optimized with the Yoast SEO plugin v26.4 - https:\/\/yoast.com\/wordpress\/plugins\/seo\/ -->\n<title>Janne Kortteinen - esikoiskirjailija, josta kaikki kohisevat - Kohtaamiset<\/title>\n<meta name=\"robots\" content=\"index, follow, max-snippet:-1, max-image-preview:large, max-video-preview:-1\" \/>\n<link rel=\"canonical\" href=\"https:\/\/suomenkuvalehti.fi\/kohtaamiset\/janne-kortteinen-esikoiskirjailija-josta-kaikki-kohisevat\/\" \/>\n<meta property=\"og:locale\" content=\"fi_FI\" \/>\n<meta property=\"og:type\" content=\"article\" \/>\n<meta property=\"og:title\" content=\"Janne Kortteinen - esikoiskirjailija, josta kaikki kohisevat - Kohtaamiset\" \/>\n<meta property=\"og:description\" content=\"Kirjan ilmestymiseen on viikko, mutta kuhina kirjallisissa piireiss\u00e4 k\u00e4y ennenkuulumattoman kiihke\u00e4n\u00e4. Onko t\u00e4ss\u00e4 vihdoin teos, joka siirt\u00e4\u00e4 kotimaisen kertomakirjallisuuden uudelle vuosituhannelle? Tilaus on ollut ilmassa jo pitk\u00e4\u00e4n. On toivottu ja kaivattu &hellip;\" \/>\n<meta property=\"og:url\" content=\"https:\/\/suomenkuvalehti.fi\/kohtaamiset\/janne-kortteinen-esikoiskirjailija-josta-kaikki-kohisevat\/\" \/>\n<meta property=\"og:site_name\" content=\"Kohtaamiset\" \/>\n<meta property=\"article:published_time\" content=\"2010-09-20T13:47:35+00:00\" \/>\n<meta property=\"article:modified_time\" content=\"2018-01-22T10:17:06+00:00\" \/>\n<meta name=\"author\" content=\"Karri Kokko\" \/>\n<meta name=\"twitter:label1\" content=\"Written by\" \/>\n\t<meta name=\"twitter:data1\" content=\"Karri Kokko\" \/>\n\t<meta name=\"twitter:label2\" content=\"Est. reading time\" \/>\n\t<meta name=\"twitter:data2\" content=\"2 minuuttia\" \/>\n<script type=\"application\/ld+json\" class=\"yoast-schema-graph\">{\"@context\":\"https:\/\/schema.org\",\"@graph\":[{\"@type\":\"WebPage\",\"@id\":\"https:\/\/suomenkuvalehti.fi\/kohtaamiset\/janne-kortteinen-esikoiskirjailija-josta-kaikki-kohisevat\/\",\"url\":\"https:\/\/suomenkuvalehti.fi\/kohtaamiset\/janne-kortteinen-esikoiskirjailija-josta-kaikki-kohisevat\/\",\"name\":\"Janne Kortteinen - esikoiskirjailija, josta kaikki kohisevat - Kohtaamiset\",\"isPartOf\":{\"@id\":\"https:\/\/suomenkuvalehti.fi\/kohtaamiset\/#website\"},\"datePublished\":\"2010-09-20T13:47:35+00:00\",\"dateModified\":\"2018-01-22T10:17:06+00:00\",\"author\":{\"@id\":\"https:\/\/suomenkuvalehti.fi\/kohtaamiset\/#\/schema\/person\/71dc0f8e27e96911b6c8a510fa150d3e\"},\"breadcrumb\":{\"@id\":\"https:\/\/suomenkuvalehti.fi\/kohtaamiset\/janne-kortteinen-esikoiskirjailija-josta-kaikki-kohisevat\/#breadcrumb\"},\"inLanguage\":\"fi\",\"potentialAction\":[{\"@type\":\"ReadAction\",\"target\":[\"https:\/\/suomenkuvalehti.fi\/kohtaamiset\/janne-kortteinen-esikoiskirjailija-josta-kaikki-kohisevat\/\"]}]},{\"@type\":\"BreadcrumbList\",\"@id\":\"https:\/\/suomenkuvalehti.fi\/kohtaamiset\/janne-kortteinen-esikoiskirjailija-josta-kaikki-kohisevat\/#breadcrumb\",\"itemListElement\":[{\"@type\":\"ListItem\",\"position\":1,\"name\":\"Home\",\"item\":\"https:\/\/suomenkuvalehti.fi\/kohtaamiset\/\"},{\"@type\":\"ListItem\",\"position\":2,\"name\":\"Janne Kortteinen &#8211; esikoiskirjailija, josta kaikki kohisevat\"}]},{\"@type\":\"WebSite\",\"@id\":\"https:\/\/suomenkuvalehti.fi\/kohtaamiset\/#website\",\"url\":\"https:\/\/suomenkuvalehti.fi\/kohtaamiset\/\",\"name\":\"Kohtaamiset\",\"description\":\"Kohtaamiset-blogi k\u00e4sittelee kirjallisuutta ja kulttuuria.\",\"potentialAction\":[{\"@type\":\"SearchAction\",\"target\":{\"@type\":\"EntryPoint\",\"urlTemplate\":\"https:\/\/suomenkuvalehti.fi\/haku\/?q={search_term_string}\"},\"query-input\":{\"@type\":\"PropertyValueSpecification\",\"valueRequired\":true,\"valueName\":\"search_term_string\"}}],\"inLanguage\":\"fi\"},{\"@type\":\"Person\",\"@id\":\"https:\/\/suomenkuvalehti.fi\/kohtaamiset\/#\/schema\/person\/71dc0f8e27e96911b6c8a510fa150d3e\",\"name\":\"Karri Kokko\",\"image\":{\"@type\":\"ImageObject\",\"inLanguage\":\"fi\",\"@id\":\"https:\/\/suomenkuvalehti.fi\/kohtaamiset\/#\/schema\/person\/image\/\",\"url\":\"https:\/\/suomenkuvalehti.fi\/kohtaamiset\/wp-content\/uploads\/sites\/9\/2013\/11\/sk_leijona_kulta-150x150.png\",\"contentUrl\":\"https:\/\/suomenkuvalehti.fi\/kohtaamiset\/wp-content\/uploads\/sites\/9\/2013\/11\/sk_leijona_kulta-150x150.png\",\"caption\":\"Karri Kokko\"}}]}<\/script>\n<!-- \/ Yoast SEO plugin. -->","yoast_head_json":{"title":"Janne Kortteinen - esikoiskirjailija, josta kaikki kohisevat - Kohtaamiset","robots":{"index":"index","follow":"follow","max-snippet":"max-snippet:-1","max-image-preview":"max-image-preview:large","max-video-preview":"max-video-preview:-1"},"canonical":"https:\/\/suomenkuvalehti.fi\/kohtaamiset\/janne-kortteinen-esikoiskirjailija-josta-kaikki-kohisevat\/","og_locale":"fi_FI","og_type":"article","og_title":"Janne Kortteinen - esikoiskirjailija, josta kaikki kohisevat - Kohtaamiset","og_description":"Kirjan ilmestymiseen on viikko, mutta kuhina kirjallisissa piireiss\u00e4 k\u00e4y ennenkuulumattoman kiihke\u00e4n\u00e4. Onko t\u00e4ss\u00e4 vihdoin teos, joka siirt\u00e4\u00e4 kotimaisen kertomakirjallisuuden uudelle vuosituhannelle? Tilaus on ollut ilmassa jo pitk\u00e4\u00e4n. On toivottu ja kaivattu &hellip;","og_url":"https:\/\/suomenkuvalehti.fi\/kohtaamiset\/janne-kortteinen-esikoiskirjailija-josta-kaikki-kohisevat\/","og_site_name":"Kohtaamiset","article_published_time":"2010-09-20T13:47:35+00:00","article_modified_time":"2018-01-22T10:17:06+00:00","author":"Karri Kokko","twitter_misc":{"Written by":"Karri Kokko","Est. reading time":"2 minuuttia"},"schema":{"@context":"https:\/\/schema.org","@graph":[{"@type":"WebPage","@id":"https:\/\/suomenkuvalehti.fi\/kohtaamiset\/janne-kortteinen-esikoiskirjailija-josta-kaikki-kohisevat\/","url":"https:\/\/suomenkuvalehti.fi\/kohtaamiset\/janne-kortteinen-esikoiskirjailija-josta-kaikki-kohisevat\/","name":"Janne Kortteinen - esikoiskirjailija, josta kaikki kohisevat - Kohtaamiset","isPartOf":{"@id":"https:\/\/suomenkuvalehti.fi\/kohtaamiset\/#website"},"datePublished":"2010-09-20T13:47:35+00:00","dateModified":"2018-01-22T10:17:06+00:00","author":{"@id":"https:\/\/suomenkuvalehti.fi\/kohtaamiset\/#\/schema\/person\/71dc0f8e27e96911b6c8a510fa150d3e"},"breadcrumb":{"@id":"https:\/\/suomenkuvalehti.fi\/kohtaamiset\/janne-kortteinen-esikoiskirjailija-josta-kaikki-kohisevat\/#breadcrumb"},"inLanguage":"fi","potentialAction":[{"@type":"ReadAction","target":["https:\/\/suomenkuvalehti.fi\/kohtaamiset\/janne-kortteinen-esikoiskirjailija-josta-kaikki-kohisevat\/"]}]},{"@type":"BreadcrumbList","@id":"https:\/\/suomenkuvalehti.fi\/kohtaamiset\/janne-kortteinen-esikoiskirjailija-josta-kaikki-kohisevat\/#breadcrumb","itemListElement":[{"@type":"ListItem","position":1,"name":"Home","item":"https:\/\/suomenkuvalehti.fi\/kohtaamiset\/"},{"@type":"ListItem","position":2,"name":"Janne Kortteinen &#8211; esikoiskirjailija, josta kaikki kohisevat"}]},{"@type":"WebSite","@id":"https:\/\/suomenkuvalehti.fi\/kohtaamiset\/#website","url":"https:\/\/suomenkuvalehti.fi\/kohtaamiset\/","name":"Kohtaamiset","description":"Kohtaamiset-blogi k\u00e4sittelee kirjallisuutta ja kulttuuria.","potentialAction":[{"@type":"SearchAction","target":{"@type":"EntryPoint","urlTemplate":"https:\/\/suomenkuvalehti.fi\/haku\/?q={search_term_string}"},"query-input":{"@type":"PropertyValueSpecification","valueRequired":true,"valueName":"search_term_string"}}],"inLanguage":"fi"},{"@type":"Person","@id":"https:\/\/suomenkuvalehti.fi\/kohtaamiset\/#\/schema\/person\/71dc0f8e27e96911b6c8a510fa150d3e","name":"Karri Kokko","image":{"@type":"ImageObject","inLanguage":"fi","@id":"https:\/\/suomenkuvalehti.fi\/kohtaamiset\/#\/schema\/person\/image\/","url":"https:\/\/suomenkuvalehti.fi\/kohtaamiset\/wp-content\/uploads\/sites\/9\/2013\/11\/sk_leijona_kulta-150x150.png","contentUrl":"https:\/\/suomenkuvalehti.fi\/kohtaamiset\/wp-content\/uploads\/sites\/9\/2013\/11\/sk_leijona_kulta-150x150.png","caption":"Karri Kokko"}}]}},"_links":{"self":[{"href":"https:\/\/suomenkuvalehti.fi\/kohtaamiset\/wp-json\/wp\/v2\/posts\/129","targetHints":{"allow":["GET"]}}],"collection":[{"href":"https:\/\/suomenkuvalehti.fi\/kohtaamiset\/wp-json\/wp\/v2\/posts"}],"about":[{"href":"https:\/\/suomenkuvalehti.fi\/kohtaamiset\/wp-json\/wp\/v2\/types\/post"}],"author":[{"embeddable":true,"href":"https:\/\/suomenkuvalehti.fi\/kohtaamiset\/wp-json\/wp\/v2\/users\/40424"}],"replies":[{"embeddable":true,"href":"https:\/\/suomenkuvalehti.fi\/kohtaamiset\/wp-json\/wp\/v2\/comments?post=129"}],"version-history":[{"count":1,"href":"https:\/\/suomenkuvalehti.fi\/kohtaamiset\/wp-json\/wp\/v2\/posts\/129\/revisions"}],"predecessor-version":[{"id":334,"href":"https:\/\/suomenkuvalehti.fi\/kohtaamiset\/wp-json\/wp\/v2\/posts\/129\/revisions\/334"}],"wp:attachment":[{"href":"https:\/\/suomenkuvalehti.fi\/kohtaamiset\/wp-json\/wp\/v2\/media?parent=129"}],"wp:term":[{"taxonomy":"category","embeddable":true,"href":"https:\/\/suomenkuvalehti.fi\/kohtaamiset\/wp-json\/wp\/v2\/categories?post=129"},{"taxonomy":"post_tag","embeddable":true,"href":"https:\/\/suomenkuvalehti.fi\/kohtaamiset\/wp-json\/wp\/v2\/tags?post=129"}],"curies":[{"name":"wp","href":"https:\/\/api.w.org\/{rel}","templated":true}]}}