{"id":125,"date":"2010-10-06T17:09:14","date_gmt":"2010-10-06T14:09:14","guid":{"rendered":"https:\/\/suomenkuvalehti.fi\/kohtaamiset\/2010\/10\/06\/kahdella-ja-vahan-useammallakin-tuolilla-istumisesta\/"},"modified":"2018-01-22T12:16:46","modified_gmt":"2018-01-22T10:16:46","slug":"kahdella-ja-vahan-useammallakin-tuolilla-istumisesta","status":"publish","type":"post","link":"https:\/\/suomenkuvalehti.fi\/kohtaamiset\/kahdella-ja-vahan-useammallakin-tuolilla-istumisesta\/","title":{"rendered":"Kahdella ja v\u00e4h\u00e4n useammallakin tuolilla istumisesta"},"content":{"rendered":"\n<p>Viimeaikaiset blogikirjoitukseni n\u00e4ytt\u00e4v\u00e4t her\u00e4tt\u00e4neen kiivasta keskustelua &#8211; puolesta ja vastaan.<\/p>\n\n\n\n<p><em>Aamulehden<\/em> toimittaja ja itsen\u00e4inen mediakommentaattori <strong>Tuomo Bj\u00f6rksten <\/strong><a href=\"http:\/\/www.bjorksten.fi\/blogi\/tekstit\/1570.html\">ei s\u00e4\u00e4stellyt sanojaan<\/a> syytt\u00e4ess\u00e4\u00e4n minua kahdella tuolilla istumisesta. H\u00e4nen mielest\u00e4\u00e4n oli journalististen periaatteitten vastaista, ett\u00e4 kirjoitin <em>Suomen Kuvalehden<\/em> verkkosivuilla ilmestyv\u00e4ss\u00e4 blogissani oman <a href=\"https:\/\/suomenkuvalehti.fi\/kohtaamiset\/2010\/09\/27\/ntamo-alensi-kirjojensa-hintoja-ja-nosti-tekijanpalkkiot-ennatystasolle\/\">kustantajani ntamon asioista<\/a> ja <a href=\"https:\/\/suomenkuvalehti.fi\/kohtaamiset\/2010\/09\/20\/janne-kortteinen-esikoiskirjailija-josta-kaikki-kohisevat\/\">kehua retostelin<\/a> sen vasta esikoisteoksensa julkaissutta kirjailijaa.<\/p>\n\n\n\n<p>Bj\u00f6rkstenin kanta oli, ett\u00e4 minun olisi pit\u00e4nyt tajuta j\u00e4\u00e4viyteni ja pid\u00e4tt\u00e4yty\u00e4 tekstien julkaisemisesta. H\u00e4nen mielest\u00e4\u00e4n kirjoitteluni s\u00f6i sek\u00e4 omaa ett\u00e4 SK:n uskottavuutta puolueettoman ja kriittisen tiedon jakajana.<\/p>\n\n\n\n<p>Vastasin Bj\u00f6rkstenille h\u00e4nen bloginsa <a href=\"http:\/\/www.bjorksten.fi\/blogi\/tekstit\/1570.html#comment-22998\">kommenttiosastossa<\/a> (my\u00f6s <a href=\"http:\/\/www.bjorksten.fi\/blogi\/tekstit\/1570.html#comment-22999\">toiseen kertaan<\/a>), ja <a href=\"http:\/\/www.bjorksten.fi\/blogi\/tekstit\/1570.html#comment-23002\">samoin teki<\/a> SK:n verkkosivujen sis\u00e4ll\u00f6st\u00e4 vastaava toimitusp\u00e4\u00e4llikk\u00f6 <strong>Jyrki Jantunen<\/strong>. Meid\u00e4n j\u00e4lkeemme <a href=\"http:\/\/www.bjorksten.fi\/blogi\/tekstit\/1570.html#comment-23004\">rikkansa rokkaan kantoi<\/a> ntamon perustaja <strong>Leevi Lehto<\/strong> (joka on sek\u00e4 kustantajani ett\u00e4 yst\u00e4v\u00e4ni).<\/p>\n\n\n\n<p>Puolestapuhujiin liittyi my\u00f6s yst\u00e4v\u00e4ni ja kollegani <strong>Tero Hannula<\/strong> (ntamon kirjailijoita h\u00e4nkin), joka  tyrm\u00e4si Bj\u00f6rkstenin syyt\u00f6kset kohta kohdalta <a href=\"http:\/\/terohannula.com\/?p=489\">blogissaan<\/a>. Varsinaisia kommentteja Hannulan tekstiin ei ole ilmaantunut, sen sijaan yksitoista lukijaa on nostanut peukalonsa pystyyn tukensa merkiksi (heid\u00e4n joukossaan Leevi Lehto ja ntamon kirjailija <strong>Erkka Mykk\u00e4nen<\/strong> muiden pysytelless\u00e4 nimett\u00f6min\u00e4).<\/p>\n\n\n\n<p>Mainittujen tekstien lis\u00e4ksi aihetta on k\u00e4sitelty ja siit\u00e4 on keskusteltu my\u00f6s kriitikkoyst\u00e4v\u00e4ni <a href=\"http:\/\/laadunvalvontayksikko.blogspot.com\/2010\/09\/ntamo-haastaa-wsoyn.html\"><strong>Aleksis Salusj\u00e4rven<\/strong><\/a>, kirjailijakollegani <a href=\"http:\/\/antiaikalainen.blogspot.com\/2010\/09\/liian-hyvaa-kritisoitavaksi.html\"><strong>Tommi Melenderin<\/strong><\/a> ja runoilijayst\u00e4v\u00e4ni <a href=\"http:\/\/tilkkeet.blogspot.com\/2010\/09\/ntamosta.html\"><strong>Jonimatti Joutsij\u00e4rven<\/strong><\/a> blogeissa.<\/p>\n\n\n\n<p>Siin\u00e4 koko soppa, ainakin silt\u00e4 osin kuin siit\u00e4 on j\u00e4\u00e4nyt j\u00e4lki\u00e4 julkisuuteen, muutamia irrallisia Facebook-p\u00e4ivityksi\u00e4 lukuun ottamatta.<\/p>\n\n\n\n<p>Ent\u00e4 mit\u00e4 ajattelen asiasta itse, kaiken t\u00e4m\u00e4n j\u00e4lkeen? Luettelen kolme pointtia:<\/p>\n\n\n\n<p>1) Syyt\u00f6s kahdella pallilla istumisesta ei riit\u00e4. Voin keksi\u00e4 koko joukon lis\u00e4\u00e4 kytk\u00f6ksi\u00e4, jotka tiukasti otettuina tekisiv\u00e4t minusta j\u00e4\u00e4vin kirjoittamaan melkein asiasta kuin asiasta. Olenhan my\u00f6s kirjallisuuslehti <em>Parnasson<\/em> toimittaja ja kriitikko ja tunnen henkil\u00f6kohtaisesti valtavan joukon suomalaisia kirjailijoita, toimittajia, kriitikoita, kustantajia ja muita kulttuurin parissa ty\u00f6skentelevi\u00e4.<\/p>\n\n\n\n<p>2) Ntamon puffaamisesta syntynyt kimmastus on tavallaan ymm\u00e4rrett\u00e4v\u00e4\u00e4, mutta perustuu yht\u00e4 hyvin kateuteen ja kyynisyyteen kuin aitoon huoleen tasapuolisuudesta. Miss\u00e4 olivat n\u00e4m\u00e4 journalistisen integriteetin vaalijat silloin kun esimerkiksi ntamoa ja <strong>Janne Kortteisen<\/strong> esikoista koskevat uutiset olivat ilmassa? Eik\u00f6 lukijoiden oikeus tiet\u00e4\u00e4 alalla tapahtuvista oikeista asioista paina mit\u00e4\u00e4n jalojen periaatteiden rinnalla?<\/p>\n\n\n\n<p>3) Blogikirjoitukseni ovat olleet t\u00e4sm\u00e4lleen linjassa muun toimintani kanssa. Olen monella tavalla kytk\u00f6ksiss\u00e4 toisiin ihmisiin ja instituutiohin, mutta en ole antanut sen h\u00e4irit\u00e4. P\u00e4invastoin olen pit\u00e4nyt sit\u00e4 mahdollisuutena, tilaisuutena edesauttaa etenkin itse\u00e4ni nuorempien ja heid\u00e4n ideoittensa ja tekojensa esiin p\u00e4\u00e4semist\u00e4. Kaikkeen en tietenk\u00e4\u00e4n ehdi ja veny, ja varmasti matkalle on osunut my\u00f6s ylily\u00f6ntej\u00e4 ja harhaan osumisia. Mutta ett\u00e4 ryhtyisin tietoisesti tulpaksi toisten eteen, etenk\u00e4\u00e4n siihen vedoten, ettei sellainen ole sopivaa tai ett\u00e4 niin ei ole ennenk\u00e4\u00e4n tehty &#8211; pois se minusta.<\/p>\n\n\n\n","protected":false},"excerpt":{"rendered":"<p>Viimeaikaiset blogikirjoitukseni n\u00e4ytt\u00e4v\u00e4t her\u00e4tt\u00e4neen kiivasta keskustelua &#8211; puolesta ja vastaan. Aamulehden toimittaja ja itsen\u00e4inen mediakommentaattori Tuomo Bj\u00f6rksten ei s\u00e4\u00e4stellyt sanojaan syytt\u00e4ess\u00e4\u00e4n minua kahdella tuolilla istumisesta. H\u00e4nen<br \/>\nmielest\u00e4\u00e4n o&hellip;<\/p>\n","protected":false},"author":40424,"featured_media":0,"comment_status":"open","ping_status":"open","sticky":false,"template":"","format":"standard","meta":{"_acf_changed":false,"asauth_required_access_level":0,"asauth_cansharepaid":"","om_header_attributes":[],"footnotes":"","om_featured_image_focal_point":[],"om_primary_tag":0,"om_contributors":[],"om_co_authors":[],"beyondwords_generate_audio":"","beyondwords_project_id":"","beyondwords_content_id":"","beyondwords_preview_token":"","beyondwords_player_content":"","beyondwords_player_style":"","beyondwords_language_code":"","beyondwords_language_id":"","beyondwords_title_voice_id":"","beyondwords_body_voice_id":"","beyondwords_summary_voice_id":"","beyondwords_error_message":"","beyondwords_disabled":"","beyondwords_delete_content":"","beyondwords_podcast_id":"","beyondwords_hash":"","publish_post_to_speechkit":"","speechkit_hash":"","speechkit_generate_audio":"","speechkit_project_id":"","speechkit_podcast_id":"","speechkit_error_message":"","speechkit_disabled":"","speechkit_access_key":"","speechkit_error":"","speechkit_info":"","speechkit_response":"","speechkit_retries":"","speechkit_status":"","speechkit_updated_at":"","_speechkit_link":"","_speechkit_text":""},"categories":[1],"tags":[183,338,290,337,335,336,308,12,334],"class_list":["post-125","post","type-post","status-publish","format-standard","hentry","category-kohtaamiset","tag-aleksis-salusjarvi","tag-erkka-mykkanen","tag-janne-kortteinen","tag-jonimatti-joutsijarvi","tag-leevi-lehto","tag-ntamo","tag-tero-hannula","tag-tommi-melender","tag-tuomo-bjorksten"],"om_views":null,"acf":{"tuuma_off":false,"tuuma_kysymys":"","tuuma_vastaus":""},"asauth":{"required_access_level":1,"share_token":"","is_paid":false},"yoast_head":"<!-- This site is optimized with the Yoast SEO plugin v26.4 - https:\/\/yoast.com\/wordpress\/plugins\/seo\/ -->\n<title>Kahdella ja v\u00e4h\u00e4n useammallakin tuolilla istumisesta - Kohtaamiset<\/title>\n<meta name=\"robots\" content=\"index, follow, max-snippet:-1, max-image-preview:large, max-video-preview:-1\" \/>\n<link rel=\"canonical\" href=\"https:\/\/suomenkuvalehti.fi\/kohtaamiset\/kahdella-ja-vahan-useammallakin-tuolilla-istumisesta\/\" \/>\n<meta property=\"og:locale\" content=\"fi_FI\" \/>\n<meta property=\"og:type\" content=\"article\" \/>\n<meta property=\"og:title\" content=\"Kahdella ja v\u00e4h\u00e4n useammallakin tuolilla istumisesta - Kohtaamiset\" \/>\n<meta property=\"og:description\" content=\"Viimeaikaiset blogikirjoitukseni n\u00e4ytt\u00e4v\u00e4t her\u00e4tt\u00e4neen kiivasta keskustelua &#8211; puolesta ja vastaan. Aamulehden toimittaja ja itsen\u00e4inen mediakommentaattori Tuomo Bj\u00f6rksten ei s\u00e4\u00e4stellyt sanojaan syytt\u00e4ess\u00e4\u00e4n minua kahdella tuolilla istumisesta. H\u00e4nen mielest\u00e4\u00e4n o&hellip;\" \/>\n<meta property=\"og:url\" content=\"https:\/\/suomenkuvalehti.fi\/kohtaamiset\/kahdella-ja-vahan-useammallakin-tuolilla-istumisesta\/\" \/>\n<meta property=\"og:site_name\" content=\"Kohtaamiset\" \/>\n<meta property=\"article:published_time\" content=\"2010-10-06T14:09:14+00:00\" \/>\n<meta property=\"article:modified_time\" content=\"2018-01-22T10:16:46+00:00\" \/>\n<meta name=\"author\" content=\"Karri Kokko\" \/>\n<meta name=\"twitter:label1\" content=\"Written by\" \/>\n\t<meta name=\"twitter:data1\" content=\"Karri Kokko\" \/>\n\t<meta name=\"twitter:label2\" content=\"Est. reading time\" \/>\n\t<meta name=\"twitter:data2\" content=\"2 minuuttia\" \/>\n<script type=\"application\/ld+json\" class=\"yoast-schema-graph\">{\"@context\":\"https:\/\/schema.org\",\"@graph\":[{\"@type\":\"WebPage\",\"@id\":\"https:\/\/suomenkuvalehti.fi\/kohtaamiset\/kahdella-ja-vahan-useammallakin-tuolilla-istumisesta\/\",\"url\":\"https:\/\/suomenkuvalehti.fi\/kohtaamiset\/kahdella-ja-vahan-useammallakin-tuolilla-istumisesta\/\",\"name\":\"Kahdella ja v\u00e4h\u00e4n useammallakin tuolilla istumisesta - Kohtaamiset\",\"isPartOf\":{\"@id\":\"https:\/\/suomenkuvalehti.fi\/kohtaamiset\/#website\"},\"datePublished\":\"2010-10-06T14:09:14+00:00\",\"dateModified\":\"2018-01-22T10:16:46+00:00\",\"author\":{\"@id\":\"https:\/\/suomenkuvalehti.fi\/kohtaamiset\/#\/schema\/person\/71dc0f8e27e96911b6c8a510fa150d3e\"},\"breadcrumb\":{\"@id\":\"https:\/\/suomenkuvalehti.fi\/kohtaamiset\/kahdella-ja-vahan-useammallakin-tuolilla-istumisesta\/#breadcrumb\"},\"inLanguage\":\"fi\",\"potentialAction\":[{\"@type\":\"ReadAction\",\"target\":[\"https:\/\/suomenkuvalehti.fi\/kohtaamiset\/kahdella-ja-vahan-useammallakin-tuolilla-istumisesta\/\"]}]},{\"@type\":\"BreadcrumbList\",\"@id\":\"https:\/\/suomenkuvalehti.fi\/kohtaamiset\/kahdella-ja-vahan-useammallakin-tuolilla-istumisesta\/#breadcrumb\",\"itemListElement\":[{\"@type\":\"ListItem\",\"position\":1,\"name\":\"Home\",\"item\":\"https:\/\/suomenkuvalehti.fi\/kohtaamiset\/\"},{\"@type\":\"ListItem\",\"position\":2,\"name\":\"Kahdella ja v\u00e4h\u00e4n useammallakin tuolilla istumisesta\"}]},{\"@type\":\"WebSite\",\"@id\":\"https:\/\/suomenkuvalehti.fi\/kohtaamiset\/#website\",\"url\":\"https:\/\/suomenkuvalehti.fi\/kohtaamiset\/\",\"name\":\"Kohtaamiset\",\"description\":\"Kohtaamiset-blogi k\u00e4sittelee kirjallisuutta ja kulttuuria.\",\"potentialAction\":[{\"@type\":\"SearchAction\",\"target\":{\"@type\":\"EntryPoint\",\"urlTemplate\":\"https:\/\/suomenkuvalehti.fi\/haku\/?q={search_term_string}\"},\"query-input\":{\"@type\":\"PropertyValueSpecification\",\"valueRequired\":true,\"valueName\":\"search_term_string\"}}],\"inLanguage\":\"fi\"},{\"@type\":\"Person\",\"@id\":\"https:\/\/suomenkuvalehti.fi\/kohtaamiset\/#\/schema\/person\/71dc0f8e27e96911b6c8a510fa150d3e\",\"name\":\"Karri Kokko\",\"image\":{\"@type\":\"ImageObject\",\"inLanguage\":\"fi\",\"@id\":\"https:\/\/suomenkuvalehti.fi\/kohtaamiset\/#\/schema\/person\/image\/\",\"url\":\"https:\/\/suomenkuvalehti.fi\/kohtaamiset\/wp-content\/uploads\/sites\/9\/2013\/11\/sk_leijona_kulta-150x150.png\",\"contentUrl\":\"https:\/\/suomenkuvalehti.fi\/kohtaamiset\/wp-content\/uploads\/sites\/9\/2013\/11\/sk_leijona_kulta-150x150.png\",\"caption\":\"Karri Kokko\"}}]}<\/script>\n<!-- \/ Yoast SEO plugin. -->","yoast_head_json":{"title":"Kahdella ja v\u00e4h\u00e4n useammallakin tuolilla istumisesta - Kohtaamiset","robots":{"index":"index","follow":"follow","max-snippet":"max-snippet:-1","max-image-preview":"max-image-preview:large","max-video-preview":"max-video-preview:-1"},"canonical":"https:\/\/suomenkuvalehti.fi\/kohtaamiset\/kahdella-ja-vahan-useammallakin-tuolilla-istumisesta\/","og_locale":"fi_FI","og_type":"article","og_title":"Kahdella ja v\u00e4h\u00e4n useammallakin tuolilla istumisesta - Kohtaamiset","og_description":"Viimeaikaiset blogikirjoitukseni n\u00e4ytt\u00e4v\u00e4t her\u00e4tt\u00e4neen kiivasta keskustelua &#8211; puolesta ja vastaan. Aamulehden toimittaja ja itsen\u00e4inen mediakommentaattori Tuomo Bj\u00f6rksten ei s\u00e4\u00e4stellyt sanojaan syytt\u00e4ess\u00e4\u00e4n minua kahdella tuolilla istumisesta. H\u00e4nen mielest\u00e4\u00e4n o&hellip;","og_url":"https:\/\/suomenkuvalehti.fi\/kohtaamiset\/kahdella-ja-vahan-useammallakin-tuolilla-istumisesta\/","og_site_name":"Kohtaamiset","article_published_time":"2010-10-06T14:09:14+00:00","article_modified_time":"2018-01-22T10:16:46+00:00","author":"Karri Kokko","twitter_misc":{"Written by":"Karri Kokko","Est. reading time":"2 minuuttia"},"schema":{"@context":"https:\/\/schema.org","@graph":[{"@type":"WebPage","@id":"https:\/\/suomenkuvalehti.fi\/kohtaamiset\/kahdella-ja-vahan-useammallakin-tuolilla-istumisesta\/","url":"https:\/\/suomenkuvalehti.fi\/kohtaamiset\/kahdella-ja-vahan-useammallakin-tuolilla-istumisesta\/","name":"Kahdella ja v\u00e4h\u00e4n useammallakin tuolilla istumisesta - Kohtaamiset","isPartOf":{"@id":"https:\/\/suomenkuvalehti.fi\/kohtaamiset\/#website"},"datePublished":"2010-10-06T14:09:14+00:00","dateModified":"2018-01-22T10:16:46+00:00","author":{"@id":"https:\/\/suomenkuvalehti.fi\/kohtaamiset\/#\/schema\/person\/71dc0f8e27e96911b6c8a510fa150d3e"},"breadcrumb":{"@id":"https:\/\/suomenkuvalehti.fi\/kohtaamiset\/kahdella-ja-vahan-useammallakin-tuolilla-istumisesta\/#breadcrumb"},"inLanguage":"fi","potentialAction":[{"@type":"ReadAction","target":["https:\/\/suomenkuvalehti.fi\/kohtaamiset\/kahdella-ja-vahan-useammallakin-tuolilla-istumisesta\/"]}]},{"@type":"BreadcrumbList","@id":"https:\/\/suomenkuvalehti.fi\/kohtaamiset\/kahdella-ja-vahan-useammallakin-tuolilla-istumisesta\/#breadcrumb","itemListElement":[{"@type":"ListItem","position":1,"name":"Home","item":"https:\/\/suomenkuvalehti.fi\/kohtaamiset\/"},{"@type":"ListItem","position":2,"name":"Kahdella ja v\u00e4h\u00e4n useammallakin tuolilla istumisesta"}]},{"@type":"WebSite","@id":"https:\/\/suomenkuvalehti.fi\/kohtaamiset\/#website","url":"https:\/\/suomenkuvalehti.fi\/kohtaamiset\/","name":"Kohtaamiset","description":"Kohtaamiset-blogi k\u00e4sittelee kirjallisuutta ja kulttuuria.","potentialAction":[{"@type":"SearchAction","target":{"@type":"EntryPoint","urlTemplate":"https:\/\/suomenkuvalehti.fi\/haku\/?q={search_term_string}"},"query-input":{"@type":"PropertyValueSpecification","valueRequired":true,"valueName":"search_term_string"}}],"inLanguage":"fi"},{"@type":"Person","@id":"https:\/\/suomenkuvalehti.fi\/kohtaamiset\/#\/schema\/person\/71dc0f8e27e96911b6c8a510fa150d3e","name":"Karri Kokko","image":{"@type":"ImageObject","inLanguage":"fi","@id":"https:\/\/suomenkuvalehti.fi\/kohtaamiset\/#\/schema\/person\/image\/","url":"https:\/\/suomenkuvalehti.fi\/kohtaamiset\/wp-content\/uploads\/sites\/9\/2013\/11\/sk_leijona_kulta-150x150.png","contentUrl":"https:\/\/suomenkuvalehti.fi\/kohtaamiset\/wp-content\/uploads\/sites\/9\/2013\/11\/sk_leijona_kulta-150x150.png","caption":"Karri Kokko"}}]}},"_links":{"self":[{"href":"https:\/\/suomenkuvalehti.fi\/kohtaamiset\/wp-json\/wp\/v2\/posts\/125","targetHints":{"allow":["GET"]}}],"collection":[{"href":"https:\/\/suomenkuvalehti.fi\/kohtaamiset\/wp-json\/wp\/v2\/posts"}],"about":[{"href":"https:\/\/suomenkuvalehti.fi\/kohtaamiset\/wp-json\/wp\/v2\/types\/post"}],"author":[{"embeddable":true,"href":"https:\/\/suomenkuvalehti.fi\/kohtaamiset\/wp-json\/wp\/v2\/users\/40424"}],"replies":[{"embeddable":true,"href":"https:\/\/suomenkuvalehti.fi\/kohtaamiset\/wp-json\/wp\/v2\/comments?post=125"}],"version-history":[{"count":1,"href":"https:\/\/suomenkuvalehti.fi\/kohtaamiset\/wp-json\/wp\/v2\/posts\/125\/revisions"}],"predecessor-version":[{"id":233,"href":"https:\/\/suomenkuvalehti.fi\/kohtaamiset\/wp-json\/wp\/v2\/posts\/125\/revisions\/233"}],"wp:attachment":[{"href":"https:\/\/suomenkuvalehti.fi\/kohtaamiset\/wp-json\/wp\/v2\/media?parent=125"}],"wp:term":[{"taxonomy":"category","embeddable":true,"href":"https:\/\/suomenkuvalehti.fi\/kohtaamiset\/wp-json\/wp\/v2\/categories?post=125"},{"taxonomy":"post_tag","embeddable":true,"href":"https:\/\/suomenkuvalehti.fi\/kohtaamiset\/wp-json\/wp\/v2\/tags?post=125"}],"curies":[{"name":"wp","href":"https:\/\/api.w.org\/{rel}","templated":true}]}}