{"id":119,"date":"2010-10-26T10:03:49","date_gmt":"2010-10-26T07:03:49","guid":{"rendered":"https:\/\/suomenkuvalehti.fi\/kohtaamiset\/2010\/10\/26\/tytar-toi-pentti-saarikosken-ruotsin-paivakirjat-suomeen\/"},"modified":"2018-01-22T12:16:45","modified_gmt":"2018-01-22T10:16:45","slug":"tytar-toi-pentti-saarikosken-ruotsin-paivakirjat-suomeen","status":"publish","type":"post","link":"https:\/\/suomenkuvalehti.fi\/kohtaamiset\/tytar-toi-pentti-saarikosken-ruotsin-paivakirjat-suomeen\/","title":{"rendered":"Tyt\u00e4r toi Pentti Saarikosken Ruotsin-p\u00e4iv\u00e4kirjat Suomeen"},"content":{"rendered":"\n\n<p>Facebook-yst\u00e4v\u00e4ni <strong>Helena Saarikoski<\/strong> kirjoitti eilen illalla statusp\u00e4ivityksess\u00e4\u00e4n:<\/p>\n\n\n\n<p>&#8221;&#8230;istuu Suomen-laivan hytiss\u00e4 ja lukee is\u00e4ns\u00e4 Ruotsin-ajan p\u00e4iv\u00e4kirjoja. Miettii, ett\u00e4 27 vuotta kului is\u00e4n kuolemasta, mutta is\u00e4n lesken kuolemasta ei vuottakaan, kun p\u00e4iv\u00e4kirjat saatiin yhdistyneiden kuolinpesien voimin kaivettua er\u00e4\u00e4n oslolaistalon kellarista yhteisen suomalaisen tietouden piiriin.&#8221;<\/p>\n\n\n\n<p>Ja sitten t\u00e4n\u00e4\u00e4n puoliltap\u00e4ivin:<\/p>\n\n\n\n<p>&#8221;Teht\u00e4v\u00e4 Tukholmassa pulkassa ja pulkka SKS:n Kirjallisuusarkistossa. Ei ole monta vuotta, kun Mia B. vannoi, ett\u00e4 kukaan suomalainen pikku-Tarkka eik\u00e4 kukaan muukaan ei tule koskaan p\u00e4\u00e4sem\u00e4\u00e4n k\u00e4siksi P. Saarikosken Ruotsin-ajan p\u00e4iv\u00e4kirjoihin. Vannomatta paras, kun vihap\u00e4iss\u00e4 vannotaan ikuisuuden p\u00e4\u00e4lle.&#8221;<\/p>\n\n\n\n<p>Vai ettei sosiaalinen media voisi olla merkitt\u00e4v\u00e4 tiedotusv\u00e4line?<\/p>\n\n\n","protected":false},"excerpt":{"rendered":"<p>Facebook-yst\u00e4v\u00e4ni Helena Saarikoski kirjoitti eilen illalla statusp\u00e4ivityksess\u00e4\u00e4n: &#8221;&#8230;istuu Suomen-laivan hytiss\u00e4 ja lukee is\u00e4ns\u00e4 Ruotsin-ajan p\u00e4iv\u00e4kirjoja. Miettii, ett\u00e4 27 vuotta kului is\u00e4n kuolemasta, mutta is\u00e4n lesken kuolemasta ei vuottakaan,<br \/>\nkun p\u00e4iv\u00e4kir&hellip;<\/p>\n","protected":false},"author":40424,"featured_media":0,"comment_status":"open","ping_status":"open","sticky":false,"template":"","format":"standard","meta":{"_acf_changed":false,"asauth_required_access_level":0,"asauth_cansharepaid":"","om_header_attributes":[],"footnotes":"","om_featured_image_focal_point":[],"om_primary_tag":0,"om_contributors":[],"om_co_authors":[],"beyondwords_generate_audio":"","beyondwords_project_id":"","beyondwords_content_id":"","beyondwords_preview_token":"","beyondwords_player_content":"","beyondwords_player_style":"","beyondwords_language_code":"","beyondwords_language_id":"","beyondwords_title_voice_id":"","beyondwords_body_voice_id":"","beyondwords_summary_voice_id":"","beyondwords_error_message":"","beyondwords_disabled":"","beyondwords_delete_content":"","beyondwords_podcast_id":"","beyondwords_hash":"","publish_post_to_speechkit":"","speechkit_hash":"","speechkit_generate_audio":"","speechkit_project_id":"","speechkit_podcast_id":"","speechkit_error_message":"","speechkit_disabled":"","speechkit_access_key":"","speechkit_error":"","speechkit_info":"","speechkit_response":"","speechkit_retries":"","speechkit_status":"","speechkit_updated_at":"","_speechkit_link":"","_speechkit_text":""},"categories":[1],"tags":[289,54,85],"class_list":["post-119","post","type-post","status-publish","format-standard","hentry","category-kohtaamiset","tag-facebook","tag-pentti-saarikoski","tag-sosiaalinen-media"],"om_views":null,"acf":{"tuuma_off":false,"tuuma_kysymys":"","tuuma_vastaus":""},"asauth":{"required_access_level":1,"share_token":"","is_paid":false},"yoast_head":"<!-- This site is optimized with the Yoast SEO plugin v26.4 - https:\/\/yoast.com\/wordpress\/plugins\/seo\/ -->\n<title>Tyt\u00e4r toi Pentti Saarikosken Ruotsin-p\u00e4iv\u00e4kirjat Suomeen - Kohtaamiset<\/title>\n<meta name=\"robots\" content=\"index, follow, max-snippet:-1, max-image-preview:large, max-video-preview:-1\" \/>\n<link rel=\"canonical\" href=\"https:\/\/suomenkuvalehti.fi\/kohtaamiset\/tytar-toi-pentti-saarikosken-ruotsin-paivakirjat-suomeen\/\" \/>\n<meta property=\"og:locale\" content=\"fi_FI\" \/>\n<meta property=\"og:type\" content=\"article\" \/>\n<meta property=\"og:title\" content=\"Tyt\u00e4r toi Pentti Saarikosken Ruotsin-p\u00e4iv\u00e4kirjat Suomeen - Kohtaamiset\" \/>\n<meta property=\"og:description\" content=\"Facebook-yst\u00e4v\u00e4ni Helena Saarikoski kirjoitti eilen illalla statusp\u00e4ivityksess\u00e4\u00e4n: &#8221;&#8230;istuu Suomen-laivan hytiss\u00e4 ja lukee is\u00e4ns\u00e4 Ruotsin-ajan p\u00e4iv\u00e4kirjoja. Miettii, ett\u00e4 27 vuotta kului is\u00e4n kuolemasta, mutta is\u00e4n lesken kuolemasta ei vuottakaan, kun p\u00e4iv\u00e4kir&hellip;\" \/>\n<meta property=\"og:url\" content=\"https:\/\/suomenkuvalehti.fi\/kohtaamiset\/tytar-toi-pentti-saarikosken-ruotsin-paivakirjat-suomeen\/\" \/>\n<meta property=\"og:site_name\" content=\"Kohtaamiset\" \/>\n<meta property=\"article:published_time\" content=\"2010-10-26T07:03:49+00:00\" \/>\n<meta property=\"article:modified_time\" content=\"2018-01-22T10:16:45+00:00\" \/>\n<meta name=\"author\" content=\"Karri Kokko\" \/>\n<meta name=\"twitter:label1\" content=\"Written by\" \/>\n\t<meta name=\"twitter:data1\" content=\"Karri Kokko\" \/>\n\t<meta name=\"twitter:label2\" content=\"Est. reading time\" \/>\n\t<meta name=\"twitter:data2\" content=\"1 minuutti\" \/>\n<script type=\"application\/ld+json\" class=\"yoast-schema-graph\">{\"@context\":\"https:\/\/schema.org\",\"@graph\":[{\"@type\":\"WebPage\",\"@id\":\"https:\/\/suomenkuvalehti.fi\/kohtaamiset\/tytar-toi-pentti-saarikosken-ruotsin-paivakirjat-suomeen\/\",\"url\":\"https:\/\/suomenkuvalehti.fi\/kohtaamiset\/tytar-toi-pentti-saarikosken-ruotsin-paivakirjat-suomeen\/\",\"name\":\"Tyt\u00e4r toi Pentti Saarikosken Ruotsin-p\u00e4iv\u00e4kirjat Suomeen - Kohtaamiset\",\"isPartOf\":{\"@id\":\"https:\/\/suomenkuvalehti.fi\/kohtaamiset\/#website\"},\"datePublished\":\"2010-10-26T07:03:49+00:00\",\"dateModified\":\"2018-01-22T10:16:45+00:00\",\"author\":{\"@id\":\"https:\/\/suomenkuvalehti.fi\/kohtaamiset\/#\/schema\/person\/71dc0f8e27e96911b6c8a510fa150d3e\"},\"breadcrumb\":{\"@id\":\"https:\/\/suomenkuvalehti.fi\/kohtaamiset\/tytar-toi-pentti-saarikosken-ruotsin-paivakirjat-suomeen\/#breadcrumb\"},\"inLanguage\":\"fi\",\"potentialAction\":[{\"@type\":\"ReadAction\",\"target\":[\"https:\/\/suomenkuvalehti.fi\/kohtaamiset\/tytar-toi-pentti-saarikosken-ruotsin-paivakirjat-suomeen\/\"]}]},{\"@type\":\"BreadcrumbList\",\"@id\":\"https:\/\/suomenkuvalehti.fi\/kohtaamiset\/tytar-toi-pentti-saarikosken-ruotsin-paivakirjat-suomeen\/#breadcrumb\",\"itemListElement\":[{\"@type\":\"ListItem\",\"position\":1,\"name\":\"Home\",\"item\":\"https:\/\/suomenkuvalehti.fi\/kohtaamiset\/\"},{\"@type\":\"ListItem\",\"position\":2,\"name\":\"Tyt\u00e4r toi Pentti Saarikosken Ruotsin-p\u00e4iv\u00e4kirjat Suomeen\"}]},{\"@type\":\"WebSite\",\"@id\":\"https:\/\/suomenkuvalehti.fi\/kohtaamiset\/#website\",\"url\":\"https:\/\/suomenkuvalehti.fi\/kohtaamiset\/\",\"name\":\"Kohtaamiset\",\"description\":\"Kohtaamiset-blogi k\u00e4sittelee kirjallisuutta ja kulttuuria.\",\"potentialAction\":[{\"@type\":\"SearchAction\",\"target\":{\"@type\":\"EntryPoint\",\"urlTemplate\":\"https:\/\/suomenkuvalehti.fi\/haku\/?q={search_term_string}\"},\"query-input\":{\"@type\":\"PropertyValueSpecification\",\"valueRequired\":true,\"valueName\":\"search_term_string\"}}],\"inLanguage\":\"fi\"},{\"@type\":\"Person\",\"@id\":\"https:\/\/suomenkuvalehti.fi\/kohtaamiset\/#\/schema\/person\/71dc0f8e27e96911b6c8a510fa150d3e\",\"name\":\"Karri Kokko\",\"image\":{\"@type\":\"ImageObject\",\"inLanguage\":\"fi\",\"@id\":\"https:\/\/suomenkuvalehti.fi\/kohtaamiset\/#\/schema\/person\/image\/\",\"url\":\"https:\/\/suomenkuvalehti.fi\/kohtaamiset\/wp-content\/uploads\/sites\/9\/2013\/11\/sk_leijona_kulta-150x150.png\",\"contentUrl\":\"https:\/\/suomenkuvalehti.fi\/kohtaamiset\/wp-content\/uploads\/sites\/9\/2013\/11\/sk_leijona_kulta-150x150.png\",\"caption\":\"Karri Kokko\"}}]}<\/script>\n<!-- \/ Yoast SEO plugin. -->","yoast_head_json":{"title":"Tyt\u00e4r toi Pentti Saarikosken Ruotsin-p\u00e4iv\u00e4kirjat Suomeen - Kohtaamiset","robots":{"index":"index","follow":"follow","max-snippet":"max-snippet:-1","max-image-preview":"max-image-preview:large","max-video-preview":"max-video-preview:-1"},"canonical":"https:\/\/suomenkuvalehti.fi\/kohtaamiset\/tytar-toi-pentti-saarikosken-ruotsin-paivakirjat-suomeen\/","og_locale":"fi_FI","og_type":"article","og_title":"Tyt\u00e4r toi Pentti Saarikosken Ruotsin-p\u00e4iv\u00e4kirjat Suomeen - Kohtaamiset","og_description":"Facebook-yst\u00e4v\u00e4ni Helena Saarikoski kirjoitti eilen illalla statusp\u00e4ivityksess\u00e4\u00e4n: &#8221;&#8230;istuu Suomen-laivan hytiss\u00e4 ja lukee is\u00e4ns\u00e4 Ruotsin-ajan p\u00e4iv\u00e4kirjoja. Miettii, ett\u00e4 27 vuotta kului is\u00e4n kuolemasta, mutta is\u00e4n lesken kuolemasta ei vuottakaan, kun p\u00e4iv\u00e4kir&hellip;","og_url":"https:\/\/suomenkuvalehti.fi\/kohtaamiset\/tytar-toi-pentti-saarikosken-ruotsin-paivakirjat-suomeen\/","og_site_name":"Kohtaamiset","article_published_time":"2010-10-26T07:03:49+00:00","article_modified_time":"2018-01-22T10:16:45+00:00","author":"Karri Kokko","twitter_misc":{"Written by":"Karri Kokko","Est. reading time":"1 minuutti"},"schema":{"@context":"https:\/\/schema.org","@graph":[{"@type":"WebPage","@id":"https:\/\/suomenkuvalehti.fi\/kohtaamiset\/tytar-toi-pentti-saarikosken-ruotsin-paivakirjat-suomeen\/","url":"https:\/\/suomenkuvalehti.fi\/kohtaamiset\/tytar-toi-pentti-saarikosken-ruotsin-paivakirjat-suomeen\/","name":"Tyt\u00e4r toi Pentti Saarikosken Ruotsin-p\u00e4iv\u00e4kirjat Suomeen - Kohtaamiset","isPartOf":{"@id":"https:\/\/suomenkuvalehti.fi\/kohtaamiset\/#website"},"datePublished":"2010-10-26T07:03:49+00:00","dateModified":"2018-01-22T10:16:45+00:00","author":{"@id":"https:\/\/suomenkuvalehti.fi\/kohtaamiset\/#\/schema\/person\/71dc0f8e27e96911b6c8a510fa150d3e"},"breadcrumb":{"@id":"https:\/\/suomenkuvalehti.fi\/kohtaamiset\/tytar-toi-pentti-saarikosken-ruotsin-paivakirjat-suomeen\/#breadcrumb"},"inLanguage":"fi","potentialAction":[{"@type":"ReadAction","target":["https:\/\/suomenkuvalehti.fi\/kohtaamiset\/tytar-toi-pentti-saarikosken-ruotsin-paivakirjat-suomeen\/"]}]},{"@type":"BreadcrumbList","@id":"https:\/\/suomenkuvalehti.fi\/kohtaamiset\/tytar-toi-pentti-saarikosken-ruotsin-paivakirjat-suomeen\/#breadcrumb","itemListElement":[{"@type":"ListItem","position":1,"name":"Home","item":"https:\/\/suomenkuvalehti.fi\/kohtaamiset\/"},{"@type":"ListItem","position":2,"name":"Tyt\u00e4r toi Pentti Saarikosken Ruotsin-p\u00e4iv\u00e4kirjat Suomeen"}]},{"@type":"WebSite","@id":"https:\/\/suomenkuvalehti.fi\/kohtaamiset\/#website","url":"https:\/\/suomenkuvalehti.fi\/kohtaamiset\/","name":"Kohtaamiset","description":"Kohtaamiset-blogi k\u00e4sittelee kirjallisuutta ja kulttuuria.","potentialAction":[{"@type":"SearchAction","target":{"@type":"EntryPoint","urlTemplate":"https:\/\/suomenkuvalehti.fi\/haku\/?q={search_term_string}"},"query-input":{"@type":"PropertyValueSpecification","valueRequired":true,"valueName":"search_term_string"}}],"inLanguage":"fi"},{"@type":"Person","@id":"https:\/\/suomenkuvalehti.fi\/kohtaamiset\/#\/schema\/person\/71dc0f8e27e96911b6c8a510fa150d3e","name":"Karri Kokko","image":{"@type":"ImageObject","inLanguage":"fi","@id":"https:\/\/suomenkuvalehti.fi\/kohtaamiset\/#\/schema\/person\/image\/","url":"https:\/\/suomenkuvalehti.fi\/kohtaamiset\/wp-content\/uploads\/sites\/9\/2013\/11\/sk_leijona_kulta-150x150.png","contentUrl":"https:\/\/suomenkuvalehti.fi\/kohtaamiset\/wp-content\/uploads\/sites\/9\/2013\/11\/sk_leijona_kulta-150x150.png","caption":"Karri Kokko"}}]}},"_links":{"self":[{"href":"https:\/\/suomenkuvalehti.fi\/kohtaamiset\/wp-json\/wp\/v2\/posts\/119","targetHints":{"allow":["GET"]}}],"collection":[{"href":"https:\/\/suomenkuvalehti.fi\/kohtaamiset\/wp-json\/wp\/v2\/posts"}],"about":[{"href":"https:\/\/suomenkuvalehti.fi\/kohtaamiset\/wp-json\/wp\/v2\/types\/post"}],"author":[{"embeddable":true,"href":"https:\/\/suomenkuvalehti.fi\/kohtaamiset\/wp-json\/wp\/v2\/users\/40424"}],"replies":[{"embeddable":true,"href":"https:\/\/suomenkuvalehti.fi\/kohtaamiset\/wp-json\/wp\/v2\/comments?post=119"}],"version-history":[{"count":1,"href":"https:\/\/suomenkuvalehti.fi\/kohtaamiset\/wp-json\/wp\/v2\/posts\/119\/revisions"}],"predecessor-version":[{"id":327,"href":"https:\/\/suomenkuvalehti.fi\/kohtaamiset\/wp-json\/wp\/v2\/posts\/119\/revisions\/327"}],"wp:attachment":[{"href":"https:\/\/suomenkuvalehti.fi\/kohtaamiset\/wp-json\/wp\/v2\/media?parent=119"}],"wp:term":[{"taxonomy":"category","embeddable":true,"href":"https:\/\/suomenkuvalehti.fi\/kohtaamiset\/wp-json\/wp\/v2\/categories?post=119"},{"taxonomy":"post_tag","embeddable":true,"href":"https:\/\/suomenkuvalehti.fi\/kohtaamiset\/wp-json\/wp\/v2\/tags?post=119"}],"curies":[{"name":"wp","href":"https:\/\/api.w.org\/{rel}","templated":true}]}}