{"id":116,"date":"2010-10-28T07:30:01","date_gmt":"2010-10-28T04:30:01","guid":{"rendered":"https:\/\/suomenkuvalehti.fi\/kohtaamiset\/2010\/10\/28\/kollega-janne-kortteisen-esikoisesta-pelkka-julkisuudenkipea-skandaali\/"},"modified":"2018-01-22T12:16:45","modified_gmt":"2018-01-22T10:16:45","slug":"kollega-janne-kortteisen-esikoisesta-pelkka-julkisuudenkipea-skandaali","status":"publish","type":"post","link":"https:\/\/suomenkuvalehti.fi\/kohtaamiset\/kollega-janne-kortteisen-esikoisesta-pelkka-julkisuudenkipea-skandaali\/","title":{"rendered":"Kollega Janne Kortteisen esikoisesta: &#8221;Pelkk\u00e4 julkisuudenkipe\u00e4 skandaali&#8221;"},"content":{"rendered":"\n\n<p><strong>Janne Kortteisen<\/strong> esikoisteosta ja sen vastaanottoa koskevat <a href=\"https:\/\/suomenkuvalehti.fi\/kohtaamiset\/2010\/09\/20\/janne-kortteinen-esikoiskirjailija-josta-kaikki-kohisevat\/\">aavistukseni<\/a> n\u00e4ytt\u00e4isiv\u00e4t olevan toteutumassa. Nyt, kuukautta my\u00f6hemmin, kirja on saanut intohimot liikkeelle.<\/p>\n\n\n\n<p><strong>Juho Nieminen<\/strong>, <a href=\"http:\/\/www.kiiltomato.net\/?rcat=Kotimainen+runous&amp;rid=2033\">kiitosta<\/a> saaneen toisen <a href=\"http:\/\/www.helsinkikirjat.fi\/muovin-kukkia-valiaikaista-nykyrunoutta\">kokoelmansa<\/a> \u00e4skett\u00e4in julkaissut nuori runoilija, <a href=\"http:\/\/pikkujattilainen.blogspot.com\/2010\/10\/yhden-miehen-bigbrother-talo.html\">teilaa<\/a> kollegansa teoksen kertakaikkisesti. Niemisen mielest\u00e4 <em>Paljain jaloin palavassa viinimarjapensaassa<\/em> on &#8221;400-sivuinen sekamelska&#8221; ja &#8221;pelkk\u00e4 julkisuudenkipe\u00e4 skandaali&#8221;.<\/p>\n\n\n\n<p>Nieminen my\u00f6nt\u00e4\u00e4 teoksen paikoittaiset ansiot, mutta syytt\u00e4\u00e4 kirjailijaa ja samalla h\u00e4nen kustantajaansa keskentekoisen tuotteen julkaisemisesta.<\/p>\n\n\n\n<p>&#8221;Kansanopistossa n\u00e4it\u00e4 sekalaisia p\u00e4tki\u00e4 voi n\u00e4ytt\u00e4\u00e4 koko luokalle ja kaikki esitt\u00e4v\u00e4t ehdotuksia siit\u00e4, miten teksti\u00e4 mahdollisesti voisi jatkaa. Nerolle tietenkin tekstin t\u00e4ydellistyminen on toissijaista, koska kaikki mit\u00e4 h\u00e4n hutiloiden tekee on parempaa kuin keskivertokirjoittajan loppuun asti hiottu teksti&#8221;, Nieminen arvioi.<\/p>\n\n\n\n<p>Niemisen mielest\u00e4 Kortteisen ainoa motiivi kirjan kirjoittamiselle on hakea itselleen television reality-sarjoista tuttua julkisuutta.<\/p>\n\n\n\n<p>&#8221;Kirjailija on ottanut itsens\u00e4paljastajan ja ep\u00e4onnistumiseen heitt\u00e4ytyv\u00e4n rohkelikon roolin &#8211; ja lopulta ainoa asia, mik\u00e4 lukijalle tulee selv\u00e4ksi on se, ett\u00e4 h\u00e4n kaipaa huomiota niin kuin lapsi, joka tahallaan meuhkaa ja rikkoo s\u00e4\u00e4nt\u00f6j\u00e4&#8221;, Nieminen kirjoittaa.<\/p>\n\n\n\n<p>Kovia sanoja, joihin Kortteinen <a href=\"http:\/\/jannekortteinen.livejournal.com\/731.html\">vastasi<\/a> saman tien omassa blogissaan.<\/p>\n\n\n\n<p>Niemisen t\u00e4yslaidallisen ylily\u00f6nteihin &#8211; ja heikkouksiin &#8211; kiinnitettin pian huomiota Patalonia-blogin <a href=\"http:\/\/patalonia.wordpress.com\/2010\/10\/27\/korttehinen\/\">dialogissa<\/a>.<\/p>\n\n\n\n<p>Kortteisen esikoisen puutteisiin ja kypsym\u00e4tt\u00f6myyteen viittasi \u00e4skett\u00e4in my\u00f6s <em>Helsingin Sanomien<\/em> kriitikko <strong>Aki Salmela<\/strong>, p\u00e4\u00e4osin kuitenkin my\u00f6nteisess\u00e4 <a href=\"http:\/\/www.hs.fi\/kirjat\/artikkeli\/Viattomuus+sai+vimmaisen+manifestin\/HS20101023SI1KU05fv0\">arvioissaan<\/a>.<\/p>\n\n\n\n<p>N\u00e4in Salmela:<\/p>\n\n\n\n<p>&#8221;Kortteisen teos ilmoittaa olevansa viattomuuden manifesti. Otan sen sellaisena. Otan sen nuoruuden, viattomuuden, harkitun ja tiedostetun naiiviuden ja silkan mielikuvituksen manifestina.<\/p>\n\n\n\n<p>Ja sellaisena se on juuri niin kiihke\u00e4 ja holtiton kuin vain toivoa sopii. Kortteinen saarnaa, rienaa ja haltioituu niin kuin vain harva kirjoittaja on sitten Rimbaudin tehnyt: koko nuoruutensa voimalla.<\/p>\n\n\n\n<p>T\u00e4m\u00e4 kirjoitusta kuljettava kiihko on paitsi er\u00e4s kirjan kantavista voimista, my\u00f6s yksi sen keskeisimmist\u00e4 heikkouksista.&#8221;<\/p>\n\n\n\n<p>Keskustelu on alkanut, eik\u00e4 sit\u00e4 sovi moittia ainakaan puolivillaisuudesta.<\/p>\n\n\n\n<p>PS. Alkuper\u00e4isest\u00e4 kirjoituksestani seurasi moitteita, koska minulla ja Kortteisella on sama kustantaja &#8211; seikka, johon my\u00f6s Nieminen blogissaan viittaa. J\u00e4\u00e4viytt\u00e4ni koskeviin syyt\u00f6ksiin vastasin <a href=\"https:\/\/suomenkuvalehti.fi\/kohtaamiset\/2010\/10\/06\/kahdella-ja-vahan-useammallakin-tuolilla-istumisesta\/\">t\u00e4\u00e4ll\u00e4<\/a>. Omia lukukokemuksiani olen k\u00e4sitellyt <a href=\"http:\/\/tahranjalki.blogspot.com\/search\/label\/paljain%20jaloin\">n\u00e4in<\/a>.<\/p>\n\n\n","protected":false},"excerpt":{"rendered":"<p>Janne Kortteisen esikoisteosta ja sen vastaanottoa koskevat aavistukseni n\u00e4ytt\u00e4isiv\u00e4t olevan toteutumassa. Nyt, kuukautta my\u00f6hemmin, kirja on saanut intohimot liikkeelle. Juho Nieminen, kiitosta saaneen toisen kokoelmansa \u00e4skett\u00e4in<br \/>\njulka&hellip;<\/p>\n","protected":false},"author":40424,"featured_media":0,"comment_status":"open","ping_status":"open","sticky":false,"template":"","format":"standard","meta":{"_acf_changed":false,"asauth_required_access_level":0,"asauth_cansharepaid":"","om_header_attributes":[],"footnotes":"","om_featured_image_focal_point":[],"om_primary_tag":0,"om_contributors":[],"om_co_authors":[],"beyondwords_generate_audio":"","beyondwords_project_id":"","beyondwords_content_id":"","beyondwords_preview_token":"","beyondwords_player_content":"","beyondwords_player_style":"","beyondwords_language_code":"","beyondwords_language_id":"","beyondwords_title_voice_id":"","beyondwords_body_voice_id":"","beyondwords_summary_voice_id":"","beyondwords_error_message":"","beyondwords_disabled":"","beyondwords_delete_content":"","beyondwords_podcast_id":"","beyondwords_hash":"","publish_post_to_speechkit":"","speechkit_hash":"","speechkit_generate_audio":"","speechkit_project_id":"","speechkit_podcast_id":"","speechkit_error_message":"","speechkit_disabled":"","speechkit_access_key":"","speechkit_error":"","speechkit_info":"","speechkit_response":"","speechkit_retries":"","speechkit_status":"","speechkit_updated_at":"","_speechkit_link":"","_speechkit_text":""},"categories":[1],"tags":[290,321],"class_list":["post-116","post","type-post","status-publish","format-standard","hentry","category-kohtaamiset","tag-janne-kortteinen","tag-juho-nieminen"],"om_views":null,"acf":{"tuuma_off":false,"tuuma_kysymys":"","tuuma_vastaus":""},"asauth":{"required_access_level":1,"share_token":"","is_paid":false},"yoast_head":"<!-- This site is optimized with the Yoast SEO plugin v26.4 - https:\/\/yoast.com\/wordpress\/plugins\/seo\/ -->\n<title>Kollega Janne Kortteisen esikoisesta: &quot;Pelkk\u00e4 julkisuudenkipe\u00e4 skandaali&quot; - Kohtaamiset<\/title>\n<meta name=\"robots\" content=\"index, follow, max-snippet:-1, max-image-preview:large, max-video-preview:-1\" \/>\n<link rel=\"canonical\" href=\"https:\/\/suomenkuvalehti.fi\/kohtaamiset\/kollega-janne-kortteisen-esikoisesta-pelkka-julkisuudenkipea-skandaali\/\" \/>\n<meta property=\"og:locale\" content=\"fi_FI\" \/>\n<meta property=\"og:type\" content=\"article\" \/>\n<meta property=\"og:title\" content=\"Kollega Janne Kortteisen esikoisesta: &quot;Pelkk\u00e4 julkisuudenkipe\u00e4 skandaali&quot; - Kohtaamiset\" \/>\n<meta property=\"og:description\" content=\"Janne Kortteisen esikoisteosta ja sen vastaanottoa koskevat aavistukseni n\u00e4ytt\u00e4isiv\u00e4t olevan toteutumassa. Nyt, kuukautta my\u00f6hemmin, kirja on saanut intohimot liikkeelle. Juho Nieminen, kiitosta saaneen toisen kokoelmansa \u00e4skett\u00e4in julka&hellip;\" \/>\n<meta property=\"og:url\" content=\"https:\/\/suomenkuvalehti.fi\/kohtaamiset\/kollega-janne-kortteisen-esikoisesta-pelkka-julkisuudenkipea-skandaali\/\" \/>\n<meta property=\"og:site_name\" content=\"Kohtaamiset\" \/>\n<meta property=\"article:published_time\" content=\"2010-10-28T04:30:01+00:00\" \/>\n<meta property=\"article:modified_time\" content=\"2018-01-22T10:16:45+00:00\" \/>\n<meta name=\"author\" content=\"Karri Kokko\" \/>\n<meta name=\"twitter:label1\" content=\"Written by\" \/>\n\t<meta name=\"twitter:data1\" content=\"Karri Kokko\" \/>\n\t<meta name=\"twitter:label2\" content=\"Est. reading time\" \/>\n\t<meta name=\"twitter:data2\" content=\"2 minuuttia\" \/>\n<script type=\"application\/ld+json\" class=\"yoast-schema-graph\">{\"@context\":\"https:\/\/schema.org\",\"@graph\":[{\"@type\":\"WebPage\",\"@id\":\"https:\/\/suomenkuvalehti.fi\/kohtaamiset\/kollega-janne-kortteisen-esikoisesta-pelkka-julkisuudenkipea-skandaali\/\",\"url\":\"https:\/\/suomenkuvalehti.fi\/kohtaamiset\/kollega-janne-kortteisen-esikoisesta-pelkka-julkisuudenkipea-skandaali\/\",\"name\":\"Kollega Janne Kortteisen esikoisesta: \\\"Pelkk\u00e4 julkisuudenkipe\u00e4 skandaali\\\" - Kohtaamiset\",\"isPartOf\":{\"@id\":\"https:\/\/suomenkuvalehti.fi\/kohtaamiset\/#website\"},\"datePublished\":\"2010-10-28T04:30:01+00:00\",\"dateModified\":\"2018-01-22T10:16:45+00:00\",\"author\":{\"@id\":\"https:\/\/suomenkuvalehti.fi\/kohtaamiset\/#\/schema\/person\/71dc0f8e27e96911b6c8a510fa150d3e\"},\"breadcrumb\":{\"@id\":\"https:\/\/suomenkuvalehti.fi\/kohtaamiset\/kollega-janne-kortteisen-esikoisesta-pelkka-julkisuudenkipea-skandaali\/#breadcrumb\"},\"inLanguage\":\"fi\",\"potentialAction\":[{\"@type\":\"ReadAction\",\"target\":[\"https:\/\/suomenkuvalehti.fi\/kohtaamiset\/kollega-janne-kortteisen-esikoisesta-pelkka-julkisuudenkipea-skandaali\/\"]}]},{\"@type\":\"BreadcrumbList\",\"@id\":\"https:\/\/suomenkuvalehti.fi\/kohtaamiset\/kollega-janne-kortteisen-esikoisesta-pelkka-julkisuudenkipea-skandaali\/#breadcrumb\",\"itemListElement\":[{\"@type\":\"ListItem\",\"position\":1,\"name\":\"Home\",\"item\":\"https:\/\/suomenkuvalehti.fi\/kohtaamiset\/\"},{\"@type\":\"ListItem\",\"position\":2,\"name\":\"Kollega Janne Kortteisen esikoisesta: &#8221;Pelkk\u00e4 julkisuudenkipe\u00e4 skandaali&#8221;\"}]},{\"@type\":\"WebSite\",\"@id\":\"https:\/\/suomenkuvalehti.fi\/kohtaamiset\/#website\",\"url\":\"https:\/\/suomenkuvalehti.fi\/kohtaamiset\/\",\"name\":\"Kohtaamiset\",\"description\":\"Kohtaamiset-blogi k\u00e4sittelee kirjallisuutta ja kulttuuria.\",\"potentialAction\":[{\"@type\":\"SearchAction\",\"target\":{\"@type\":\"EntryPoint\",\"urlTemplate\":\"https:\/\/suomenkuvalehti.fi\/haku\/?q={search_term_string}\"},\"query-input\":{\"@type\":\"PropertyValueSpecification\",\"valueRequired\":true,\"valueName\":\"search_term_string\"}}],\"inLanguage\":\"fi\"},{\"@type\":\"Person\",\"@id\":\"https:\/\/suomenkuvalehti.fi\/kohtaamiset\/#\/schema\/person\/71dc0f8e27e96911b6c8a510fa150d3e\",\"name\":\"Karri Kokko\",\"image\":{\"@type\":\"ImageObject\",\"inLanguage\":\"fi\",\"@id\":\"https:\/\/suomenkuvalehti.fi\/kohtaamiset\/#\/schema\/person\/image\/\",\"url\":\"https:\/\/suomenkuvalehti.fi\/kohtaamiset\/wp-content\/uploads\/sites\/9\/2013\/11\/sk_leijona_kulta-150x150.png\",\"contentUrl\":\"https:\/\/suomenkuvalehti.fi\/kohtaamiset\/wp-content\/uploads\/sites\/9\/2013\/11\/sk_leijona_kulta-150x150.png\",\"caption\":\"Karri Kokko\"}}]}<\/script>\n<!-- \/ Yoast SEO plugin. -->","yoast_head_json":{"title":"Kollega Janne Kortteisen esikoisesta: \"Pelkk\u00e4 julkisuudenkipe\u00e4 skandaali\" - Kohtaamiset","robots":{"index":"index","follow":"follow","max-snippet":"max-snippet:-1","max-image-preview":"max-image-preview:large","max-video-preview":"max-video-preview:-1"},"canonical":"https:\/\/suomenkuvalehti.fi\/kohtaamiset\/kollega-janne-kortteisen-esikoisesta-pelkka-julkisuudenkipea-skandaali\/","og_locale":"fi_FI","og_type":"article","og_title":"Kollega Janne Kortteisen esikoisesta: \"Pelkk\u00e4 julkisuudenkipe\u00e4 skandaali\" - Kohtaamiset","og_description":"Janne Kortteisen esikoisteosta ja sen vastaanottoa koskevat aavistukseni n\u00e4ytt\u00e4isiv\u00e4t olevan toteutumassa. Nyt, kuukautta my\u00f6hemmin, kirja on saanut intohimot liikkeelle. Juho Nieminen, kiitosta saaneen toisen kokoelmansa \u00e4skett\u00e4in julka&hellip;","og_url":"https:\/\/suomenkuvalehti.fi\/kohtaamiset\/kollega-janne-kortteisen-esikoisesta-pelkka-julkisuudenkipea-skandaali\/","og_site_name":"Kohtaamiset","article_published_time":"2010-10-28T04:30:01+00:00","article_modified_time":"2018-01-22T10:16:45+00:00","author":"Karri Kokko","twitter_misc":{"Written by":"Karri Kokko","Est. reading time":"2 minuuttia"},"schema":{"@context":"https:\/\/schema.org","@graph":[{"@type":"WebPage","@id":"https:\/\/suomenkuvalehti.fi\/kohtaamiset\/kollega-janne-kortteisen-esikoisesta-pelkka-julkisuudenkipea-skandaali\/","url":"https:\/\/suomenkuvalehti.fi\/kohtaamiset\/kollega-janne-kortteisen-esikoisesta-pelkka-julkisuudenkipea-skandaali\/","name":"Kollega Janne Kortteisen esikoisesta: \"Pelkk\u00e4 julkisuudenkipe\u00e4 skandaali\" - Kohtaamiset","isPartOf":{"@id":"https:\/\/suomenkuvalehti.fi\/kohtaamiset\/#website"},"datePublished":"2010-10-28T04:30:01+00:00","dateModified":"2018-01-22T10:16:45+00:00","author":{"@id":"https:\/\/suomenkuvalehti.fi\/kohtaamiset\/#\/schema\/person\/71dc0f8e27e96911b6c8a510fa150d3e"},"breadcrumb":{"@id":"https:\/\/suomenkuvalehti.fi\/kohtaamiset\/kollega-janne-kortteisen-esikoisesta-pelkka-julkisuudenkipea-skandaali\/#breadcrumb"},"inLanguage":"fi","potentialAction":[{"@type":"ReadAction","target":["https:\/\/suomenkuvalehti.fi\/kohtaamiset\/kollega-janne-kortteisen-esikoisesta-pelkka-julkisuudenkipea-skandaali\/"]}]},{"@type":"BreadcrumbList","@id":"https:\/\/suomenkuvalehti.fi\/kohtaamiset\/kollega-janne-kortteisen-esikoisesta-pelkka-julkisuudenkipea-skandaali\/#breadcrumb","itemListElement":[{"@type":"ListItem","position":1,"name":"Home","item":"https:\/\/suomenkuvalehti.fi\/kohtaamiset\/"},{"@type":"ListItem","position":2,"name":"Kollega Janne Kortteisen esikoisesta: &#8221;Pelkk\u00e4 julkisuudenkipe\u00e4 skandaali&#8221;"}]},{"@type":"WebSite","@id":"https:\/\/suomenkuvalehti.fi\/kohtaamiset\/#website","url":"https:\/\/suomenkuvalehti.fi\/kohtaamiset\/","name":"Kohtaamiset","description":"Kohtaamiset-blogi k\u00e4sittelee kirjallisuutta ja kulttuuria.","potentialAction":[{"@type":"SearchAction","target":{"@type":"EntryPoint","urlTemplate":"https:\/\/suomenkuvalehti.fi\/haku\/?q={search_term_string}"},"query-input":{"@type":"PropertyValueSpecification","valueRequired":true,"valueName":"search_term_string"}}],"inLanguage":"fi"},{"@type":"Person","@id":"https:\/\/suomenkuvalehti.fi\/kohtaamiset\/#\/schema\/person\/71dc0f8e27e96911b6c8a510fa150d3e","name":"Karri Kokko","image":{"@type":"ImageObject","inLanguage":"fi","@id":"https:\/\/suomenkuvalehti.fi\/kohtaamiset\/#\/schema\/person\/image\/","url":"https:\/\/suomenkuvalehti.fi\/kohtaamiset\/wp-content\/uploads\/sites\/9\/2013\/11\/sk_leijona_kulta-150x150.png","contentUrl":"https:\/\/suomenkuvalehti.fi\/kohtaamiset\/wp-content\/uploads\/sites\/9\/2013\/11\/sk_leijona_kulta-150x150.png","caption":"Karri Kokko"}}]}},"_links":{"self":[{"href":"https:\/\/suomenkuvalehti.fi\/kohtaamiset\/wp-json\/wp\/v2\/posts\/116","targetHints":{"allow":["GET"]}}],"collection":[{"href":"https:\/\/suomenkuvalehti.fi\/kohtaamiset\/wp-json\/wp\/v2\/posts"}],"about":[{"href":"https:\/\/suomenkuvalehti.fi\/kohtaamiset\/wp-json\/wp\/v2\/types\/post"}],"author":[{"embeddable":true,"href":"https:\/\/suomenkuvalehti.fi\/kohtaamiset\/wp-json\/wp\/v2\/users\/40424"}],"replies":[{"embeddable":true,"href":"https:\/\/suomenkuvalehti.fi\/kohtaamiset\/wp-json\/wp\/v2\/comments?post=116"}],"version-history":[{"count":1,"href":"https:\/\/suomenkuvalehti.fi\/kohtaamiset\/wp-json\/wp\/v2\/posts\/116\/revisions"}],"predecessor-version":[{"id":229,"href":"https:\/\/suomenkuvalehti.fi\/kohtaamiset\/wp-json\/wp\/v2\/posts\/116\/revisions\/229"}],"wp:attachment":[{"href":"https:\/\/suomenkuvalehti.fi\/kohtaamiset\/wp-json\/wp\/v2\/media?parent=116"}],"wp:term":[{"taxonomy":"category","embeddable":true,"href":"https:\/\/suomenkuvalehti.fi\/kohtaamiset\/wp-json\/wp\/v2\/categories?post=116"},{"taxonomy":"post_tag","embeddable":true,"href":"https:\/\/suomenkuvalehti.fi\/kohtaamiset\/wp-json\/wp\/v2\/tags?post=116"}],"curies":[{"name":"wp","href":"https:\/\/api.w.org\/{rel}","templated":true}]}}