{"id":103,"date":"2010-12-06T15:01:00","date_gmt":"2010-12-06T13:01:00","guid":{"rendered":"https:\/\/suomenkuvalehti.fi\/kohtaamiset\/2010\/12\/06\/linkin-takana-wikileaks-hanninen-ja-fluxus\/"},"modified":"2018-01-22T12:16:20","modified_gmt":"2018-01-22T10:16:20","slug":"linkin-takana-wikileaks-hanninen-ja-fluxus","status":"publish","type":"post","link":"https:\/\/suomenkuvalehti.fi\/kohtaamiset\/linkin-takana-wikileaks-hanninen-ja-fluxus\/","title":{"rendered":"Linkin takana: WikiLeaks, H\u00e4nninen ja Fluxus"},"content":{"rendered":"\n\n<p>* <strong>Julian Assange<\/strong> ja WikiLeaks her\u00e4tt\u00e4v\u00e4t journalisteissa ristiriitaisia tuntemuksia. <em>Voiman<\/em> p\u00e4\u00e4toimittajan <strong>Hanna Nikkasen <\/strong><a href=\"http:\/\/www.fifi.voima.fi\/blogikirjoitus\/2010\/joulukuu\/ei-wikileaks-yhta-miesta-kaipaa\">mielest\u00e4<\/a> Assangen ajaman l\u00e4pin\u00e4kyvyyden &#8221;tulee ulottua kaikkiin, ei vain jo ennalta pahantekij\u00f6iksi m\u00e4\u00e4riteltyihin tahoihin&#8221;.<\/p>\n\n\n\n<p>* <a href=\"http:\/\/piraattiliitto.org\/2010\/12\/informaatiosota-syttyi-aktivistit-vastaavat-usan-domain-hyokkaykseen-wikileaks-peilisivustoi\">Piraattiliiton<\/a> mukaan kyse on &#8221;t\u00e4ydest\u00e4 informaatiosodasta, jossa sodan toinen osapuoli Yhdysvallat yritt\u00e4\u00e4 kaikin k\u00e4ytett\u00e4viss\u00e4\u00e4n olevin keinoin tuhota WikiLeaksin organisaation ja v\u00e4hint\u00e4\u00e4nkin savustaa sen kokonaan ulos netist\u00e4.&#8221;<\/p>\n\n\n\n<p>* Taiteilija ja runoilija <strong>Jim Andrews<\/strong> on piraattien kanssa samoilla linjoilla. Andrews <a href=\"http:\/\/netartery.vispo.com\/?p=655\">vertaa<\/a> WikiLeaksin vaientamisyrityksi\u00e4 musiikin vapaasta jakelusta ja Napsterista k\u00e4ytyyn taisteluun.<\/p>\n\n\n\n<p>* Mutta mik\u00e4 oikein on miehi\u00e4\u00e4n t\u00e4m\u00e4 salaper\u00e4inen avoimuuden kannattaja? Aikakauslehti <em>New Yorker <\/em><a href=\"http:\/\/www.newyorker.com\/reporting\/2010\/06\/07\/100607fa_fact_khatchadourian\">profiloi<\/a> Julian Assangen viime kes\u00e4kuussa.<\/p>\n\n\n\n<p>* Sosiaalinen media on tullut j\u00e4\u00e4d\u00e4kseen ja yh\u00e4 useammat yritykset osaavat hy\u00f6dynt\u00e4\u00e4 sen ainutlaatuisuutta. <em>Financial Times <\/em><a href=\"http:\/\/www.ft.com\/cms\/s\/2\/57933bb8-fcd9-11df-ae2d-00144feab49a.html#axzz17KYua7sc\">esittelee<\/a> muun muassa Facebookin uuden palvelun.<\/p>\n\n\n\n<p>* Runous tekee hyv\u00e4\u00e4 ajattelulle, <a href=\"http:\/\/news.scotsman.com\/scitech\/Verse-broadens-the-mind-the.2615504.jp\">v\u00e4itt\u00e4\u00e4<\/a> skottitutkimus. Psykologien mukaan runojen tihe\u00e4 kuvakieli ja runoilijoiden taipumus horjuttaa lukijoitaan pakottavat kiinnitt\u00e4m\u00e4\u00e4n tarkempaa huomiota tekstin yksityiskohtiin ja vaikuttavat siten aivojen vireyteen.<\/p>\n\n\n\n<p>* <strong>Jani H\u00e4nnisen<\/strong> (s. 1974) maalaukset k\u00e4sittelev\u00e4t isoja aiheita muutamalla perusv\u00e4rill\u00e4. <a href=\"http:\/\/www.anhava.com\/exhibitions\/jhanninen\/index.html\">T\u00e4lt\u00e4<\/a> ja <a href=\"https:\/\/www.youtube.com\/watch?v=6RKgI9WK8KA\">t\u00e4lt\u00e4<\/a> (video) n\u00e4ytt\u00e4\u00e4 t\u00e4m\u00e4 hetki ajattomaksi tiivistettyn\u00e4 ja hahmotettuna. N\u00e4yttely on esill\u00e4 19. joulukuuta asti Galerie Anhavalla Helsingiss\u00e4.<\/p>\n\n\n\n<p>* Samalla reissulla voi pist\u00e4yty\u00e4 naapurissa Kiasmassa katsomassa Ars Fennicalla palkitun <strong>Charles Sandisonin<\/strong> visuaalista runoa, jonka tekstimateriaalina on k\u00e4yetty Oxford English Dictionaryn laitosta vuodelta 1911. Ty\u00f6, joka kantaa nime\u00e4 &#8221;Kieli maailman peilin\u00e4&#8221; (ja joka videolle taltioituna n\u00e4ytt\u00e4\u00e4 <a href=\"https:\/\/www.youtube.com\/watch?v=1Qj7CSoacNQ\">t\u00e4lt\u00e4<\/a>) on esill\u00e4 viel\u00e4 viikon ajan sunnuntaihin 12. joulukuuta asti.<\/p>\n\n\n\n<p>* Kevennet\u00e4\u00e4np\u00e4 hieman. <a href=\"http:\/\/www.mustekala.info\/node\/1957\">Mustekala.info<\/a> etsii nimitt\u00e4in vuoden esteettist\u00e4 rikosta. Kaikki saavat osallistua, ja nimenomaan omia ehdotuksia kaivataan. Malliksi kuitenkin muutama esimerkki: elokuvateatteri Bristolin sulkeminen, Marja Tyrnin Tortturalli, Sorbuksen valmistuksen lopettaminen, Jari Litmasen patsas, P\u00e4ivi R\u00e4s\u00e4sen retoriikka, nahkalegginsit. Tai miten olisi Helsingin Musiikkitalon julkisivu?<\/p>\n\n\n\n\n<p>* Lopuksi vihje Norjaan matkaaville. Henie Onstadin taidekeskus Oslon kupeessa esittelee poikkitaiteellisen <a href=\"http:\/\/www.hok.no\/fluxus-henie-onstad-art-centre.4684171-30477.html\">Fluxus-ryhm\u00e4n<\/a> tekemisi\u00e4. N\u00e4yttely on esill\u00e4 ensi helmikuun loppuun ja perustuu museon omiin kokoelmiin.<\/p>\n\n\n","protected":false},"excerpt":{"rendered":"<p>* Julian Assange ja WikiLeaks her\u00e4tt\u00e4v\u00e4t journalisteissa ristiriitaisia tuntemuksia. Voiman p\u00e4\u00e4toimittajan Hanna Nikkasen mielest\u00e4 Assangen ajaman l\u00e4pin\u00e4kyvyyden &#8221;tulee ulottua kaikkiin, ei vain jo ennalta pahantekij\u00f6iksi m\u00e4\u00e4riteltyihin tahoihin&#8221;. *<br \/>\nPiraattili&hellip;<\/p>\n","protected":false},"author":40424,"featured_media":0,"comment_status":"open","ping_status":"open","sticky":false,"template":"","format":"standard","meta":{"_acf_changed":false,"asauth_required_access_level":0,"asauth_cansharepaid":"","om_header_attributes":[],"footnotes":"","om_featured_image_focal_point":[],"om_primary_tag":0,"om_contributors":[],"om_co_authors":[],"beyondwords_generate_audio":"","beyondwords_project_id":"","beyondwords_content_id":"","beyondwords_preview_token":"","beyondwords_player_content":"","beyondwords_player_style":"","beyondwords_language_code":"","beyondwords_language_id":"","beyondwords_title_voice_id":"","beyondwords_body_voice_id":"","beyondwords_summary_voice_id":"","beyondwords_error_message":"","beyondwords_disabled":"","beyondwords_delete_content":"","beyondwords_podcast_id":"","beyondwords_hash":"","publish_post_to_speechkit":"","speechkit_hash":"","speechkit_generate_audio":"","speechkit_project_id":"","speechkit_podcast_id":"","speechkit_error_message":"","speechkit_disabled":"","speechkit_access_key":"","speechkit_error":"","speechkit_info":"","speechkit_response":"","speechkit_retries":"","speechkit_status":"","speechkit_updated_at":"","_speechkit_link":"","_speechkit_text":""},"categories":[1],"tags":[303,304,302,301,251,300,12],"class_list":["post-103","post","type-post","status-publish","format-standard","hentry","category-kohtaamiset","tag-charles-sandison","tag-fluxus","tag-jani-hanninen","tag-jim-andrews","tag-julian-assange","tag-timo-vihavainen","tag-tommi-melender"],"om_views":null,"acf":{"tuuma_off":false,"tuuma_kysymys":"","tuuma_vastaus":""},"asauth":{"required_access_level":1,"share_token":"","is_paid":false},"yoast_head":"<!-- This site is optimized with the Yoast SEO plugin v26.4 - https:\/\/yoast.com\/wordpress\/plugins\/seo\/ -->\n<title>Linkin takana: WikiLeaks, H\u00e4nninen ja Fluxus - Kohtaamiset<\/title>\n<meta name=\"robots\" content=\"index, follow, max-snippet:-1, max-image-preview:large, max-video-preview:-1\" \/>\n<link rel=\"canonical\" href=\"https:\/\/suomenkuvalehti.fi\/kohtaamiset\/linkin-takana-wikileaks-hanninen-ja-fluxus\/\" \/>\n<meta property=\"og:locale\" content=\"fi_FI\" \/>\n<meta property=\"og:type\" content=\"article\" \/>\n<meta property=\"og:title\" content=\"Linkin takana: WikiLeaks, H\u00e4nninen ja Fluxus - Kohtaamiset\" \/>\n<meta property=\"og:description\" content=\"* Julian Assange ja WikiLeaks her\u00e4tt\u00e4v\u00e4t journalisteissa ristiriitaisia tuntemuksia. Voiman p\u00e4\u00e4toimittajan Hanna Nikkasen mielest\u00e4 Assangen ajaman l\u00e4pin\u00e4kyvyyden &#8221;tulee ulottua kaikkiin, ei vain jo ennalta pahantekij\u00f6iksi m\u00e4\u00e4riteltyihin tahoihin&#8221;. * Piraattili&hellip;\" \/>\n<meta property=\"og:url\" content=\"https:\/\/suomenkuvalehti.fi\/kohtaamiset\/linkin-takana-wikileaks-hanninen-ja-fluxus\/\" \/>\n<meta property=\"og:site_name\" content=\"Kohtaamiset\" \/>\n<meta property=\"article:published_time\" content=\"2010-12-06T13:01:00+00:00\" \/>\n<meta property=\"article:modified_time\" content=\"2018-01-22T10:16:20+00:00\" \/>\n<meta name=\"author\" content=\"Karri Kokko\" \/>\n<meta name=\"twitter:label1\" content=\"Written by\" \/>\n\t<meta name=\"twitter:data1\" content=\"Karri Kokko\" \/>\n\t<meta name=\"twitter:label2\" content=\"Est. reading time\" \/>\n\t<meta name=\"twitter:data2\" content=\"2 minuuttia\" \/>\n<script type=\"application\/ld+json\" class=\"yoast-schema-graph\">{\"@context\":\"https:\/\/schema.org\",\"@graph\":[{\"@type\":\"WebPage\",\"@id\":\"https:\/\/suomenkuvalehti.fi\/kohtaamiset\/linkin-takana-wikileaks-hanninen-ja-fluxus\/\",\"url\":\"https:\/\/suomenkuvalehti.fi\/kohtaamiset\/linkin-takana-wikileaks-hanninen-ja-fluxus\/\",\"name\":\"Linkin takana: WikiLeaks, H\u00e4nninen ja Fluxus - Kohtaamiset\",\"isPartOf\":{\"@id\":\"https:\/\/suomenkuvalehti.fi\/kohtaamiset\/#website\"},\"datePublished\":\"2010-12-06T13:01:00+00:00\",\"dateModified\":\"2018-01-22T10:16:20+00:00\",\"author\":{\"@id\":\"https:\/\/suomenkuvalehti.fi\/kohtaamiset\/#\/schema\/person\/71dc0f8e27e96911b6c8a510fa150d3e\"},\"breadcrumb\":{\"@id\":\"https:\/\/suomenkuvalehti.fi\/kohtaamiset\/linkin-takana-wikileaks-hanninen-ja-fluxus\/#breadcrumb\"},\"inLanguage\":\"fi\",\"potentialAction\":[{\"@type\":\"ReadAction\",\"target\":[\"https:\/\/suomenkuvalehti.fi\/kohtaamiset\/linkin-takana-wikileaks-hanninen-ja-fluxus\/\"]}]},{\"@type\":\"BreadcrumbList\",\"@id\":\"https:\/\/suomenkuvalehti.fi\/kohtaamiset\/linkin-takana-wikileaks-hanninen-ja-fluxus\/#breadcrumb\",\"itemListElement\":[{\"@type\":\"ListItem\",\"position\":1,\"name\":\"Home\",\"item\":\"https:\/\/suomenkuvalehti.fi\/kohtaamiset\/\"},{\"@type\":\"ListItem\",\"position\":2,\"name\":\"Linkin takana: WikiLeaks, H\u00e4nninen ja Fluxus\"}]},{\"@type\":\"WebSite\",\"@id\":\"https:\/\/suomenkuvalehti.fi\/kohtaamiset\/#website\",\"url\":\"https:\/\/suomenkuvalehti.fi\/kohtaamiset\/\",\"name\":\"Kohtaamiset\",\"description\":\"Kohtaamiset-blogi k\u00e4sittelee kirjallisuutta ja kulttuuria.\",\"potentialAction\":[{\"@type\":\"SearchAction\",\"target\":{\"@type\":\"EntryPoint\",\"urlTemplate\":\"https:\/\/suomenkuvalehti.fi\/haku\/?q={search_term_string}\"},\"query-input\":{\"@type\":\"PropertyValueSpecification\",\"valueRequired\":true,\"valueName\":\"search_term_string\"}}],\"inLanguage\":\"fi\"},{\"@type\":\"Person\",\"@id\":\"https:\/\/suomenkuvalehti.fi\/kohtaamiset\/#\/schema\/person\/71dc0f8e27e96911b6c8a510fa150d3e\",\"name\":\"Karri Kokko\",\"image\":{\"@type\":\"ImageObject\",\"inLanguage\":\"fi\",\"@id\":\"https:\/\/suomenkuvalehti.fi\/kohtaamiset\/#\/schema\/person\/image\/\",\"url\":\"https:\/\/suomenkuvalehti.fi\/kohtaamiset\/wp-content\/uploads\/sites\/9\/2013\/11\/sk_leijona_kulta-150x150.png\",\"contentUrl\":\"https:\/\/suomenkuvalehti.fi\/kohtaamiset\/wp-content\/uploads\/sites\/9\/2013\/11\/sk_leijona_kulta-150x150.png\",\"caption\":\"Karri Kokko\"}}]}<\/script>\n<!-- \/ Yoast SEO plugin. -->","yoast_head_json":{"title":"Linkin takana: WikiLeaks, H\u00e4nninen ja Fluxus - Kohtaamiset","robots":{"index":"index","follow":"follow","max-snippet":"max-snippet:-1","max-image-preview":"max-image-preview:large","max-video-preview":"max-video-preview:-1"},"canonical":"https:\/\/suomenkuvalehti.fi\/kohtaamiset\/linkin-takana-wikileaks-hanninen-ja-fluxus\/","og_locale":"fi_FI","og_type":"article","og_title":"Linkin takana: WikiLeaks, H\u00e4nninen ja Fluxus - Kohtaamiset","og_description":"* Julian Assange ja WikiLeaks her\u00e4tt\u00e4v\u00e4t journalisteissa ristiriitaisia tuntemuksia. Voiman p\u00e4\u00e4toimittajan Hanna Nikkasen mielest\u00e4 Assangen ajaman l\u00e4pin\u00e4kyvyyden &#8221;tulee ulottua kaikkiin, ei vain jo ennalta pahantekij\u00f6iksi m\u00e4\u00e4riteltyihin tahoihin&#8221;. * Piraattili&hellip;","og_url":"https:\/\/suomenkuvalehti.fi\/kohtaamiset\/linkin-takana-wikileaks-hanninen-ja-fluxus\/","og_site_name":"Kohtaamiset","article_published_time":"2010-12-06T13:01:00+00:00","article_modified_time":"2018-01-22T10:16:20+00:00","author":"Karri Kokko","twitter_misc":{"Written by":"Karri Kokko","Est. reading time":"2 minuuttia"},"schema":{"@context":"https:\/\/schema.org","@graph":[{"@type":"WebPage","@id":"https:\/\/suomenkuvalehti.fi\/kohtaamiset\/linkin-takana-wikileaks-hanninen-ja-fluxus\/","url":"https:\/\/suomenkuvalehti.fi\/kohtaamiset\/linkin-takana-wikileaks-hanninen-ja-fluxus\/","name":"Linkin takana: WikiLeaks, H\u00e4nninen ja Fluxus - Kohtaamiset","isPartOf":{"@id":"https:\/\/suomenkuvalehti.fi\/kohtaamiset\/#website"},"datePublished":"2010-12-06T13:01:00+00:00","dateModified":"2018-01-22T10:16:20+00:00","author":{"@id":"https:\/\/suomenkuvalehti.fi\/kohtaamiset\/#\/schema\/person\/71dc0f8e27e96911b6c8a510fa150d3e"},"breadcrumb":{"@id":"https:\/\/suomenkuvalehti.fi\/kohtaamiset\/linkin-takana-wikileaks-hanninen-ja-fluxus\/#breadcrumb"},"inLanguage":"fi","potentialAction":[{"@type":"ReadAction","target":["https:\/\/suomenkuvalehti.fi\/kohtaamiset\/linkin-takana-wikileaks-hanninen-ja-fluxus\/"]}]},{"@type":"BreadcrumbList","@id":"https:\/\/suomenkuvalehti.fi\/kohtaamiset\/linkin-takana-wikileaks-hanninen-ja-fluxus\/#breadcrumb","itemListElement":[{"@type":"ListItem","position":1,"name":"Home","item":"https:\/\/suomenkuvalehti.fi\/kohtaamiset\/"},{"@type":"ListItem","position":2,"name":"Linkin takana: WikiLeaks, H\u00e4nninen ja Fluxus"}]},{"@type":"WebSite","@id":"https:\/\/suomenkuvalehti.fi\/kohtaamiset\/#website","url":"https:\/\/suomenkuvalehti.fi\/kohtaamiset\/","name":"Kohtaamiset","description":"Kohtaamiset-blogi k\u00e4sittelee kirjallisuutta ja kulttuuria.","potentialAction":[{"@type":"SearchAction","target":{"@type":"EntryPoint","urlTemplate":"https:\/\/suomenkuvalehti.fi\/haku\/?q={search_term_string}"},"query-input":{"@type":"PropertyValueSpecification","valueRequired":true,"valueName":"search_term_string"}}],"inLanguage":"fi"},{"@type":"Person","@id":"https:\/\/suomenkuvalehti.fi\/kohtaamiset\/#\/schema\/person\/71dc0f8e27e96911b6c8a510fa150d3e","name":"Karri Kokko","image":{"@type":"ImageObject","inLanguage":"fi","@id":"https:\/\/suomenkuvalehti.fi\/kohtaamiset\/#\/schema\/person\/image\/","url":"https:\/\/suomenkuvalehti.fi\/kohtaamiset\/wp-content\/uploads\/sites\/9\/2013\/11\/sk_leijona_kulta-150x150.png","contentUrl":"https:\/\/suomenkuvalehti.fi\/kohtaamiset\/wp-content\/uploads\/sites\/9\/2013\/11\/sk_leijona_kulta-150x150.png","caption":"Karri Kokko"}}]}},"_links":{"self":[{"href":"https:\/\/suomenkuvalehti.fi\/kohtaamiset\/wp-json\/wp\/v2\/posts\/103","targetHints":{"allow":["GET"]}}],"collection":[{"href":"https:\/\/suomenkuvalehti.fi\/kohtaamiset\/wp-json\/wp\/v2\/posts"}],"about":[{"href":"https:\/\/suomenkuvalehti.fi\/kohtaamiset\/wp-json\/wp\/v2\/types\/post"}],"author":[{"embeddable":true,"href":"https:\/\/suomenkuvalehti.fi\/kohtaamiset\/wp-json\/wp\/v2\/users\/40424"}],"replies":[{"embeddable":true,"href":"https:\/\/suomenkuvalehti.fi\/kohtaamiset\/wp-json\/wp\/v2\/comments?post=103"}],"version-history":[{"count":1,"href":"https:\/\/suomenkuvalehti.fi\/kohtaamiset\/wp-json\/wp\/v2\/posts\/103\/revisions"}],"predecessor-version":[{"id":314,"href":"https:\/\/suomenkuvalehti.fi\/kohtaamiset\/wp-json\/wp\/v2\/posts\/103\/revisions\/314"}],"wp:attachment":[{"href":"https:\/\/suomenkuvalehti.fi\/kohtaamiset\/wp-json\/wp\/v2\/media?parent=103"}],"wp:term":[{"taxonomy":"category","embeddable":true,"href":"https:\/\/suomenkuvalehti.fi\/kohtaamiset\/wp-json\/wp\/v2\/categories?post=103"},{"taxonomy":"post_tag","embeddable":true,"href":"https:\/\/suomenkuvalehti.fi\/kohtaamiset\/wp-json\/wp\/v2\/tags?post=103"}],"curies":[{"name":"wp","href":"https:\/\/api.w.org\/{rel}","templated":true}]}}