{"id":102,"date":"2010-12-08T09:30:00","date_gmt":"2010-12-08T07:30:00","guid":{"rendered":"https:\/\/suomenkuvalehti.fi\/kohtaamiset\/2010\/12\/08\/linkin-takana-uusi-suomi-kim-jong-il-john-cage-ja-jysky\/"},"modified":"2018-01-22T12:16:20","modified_gmt":"2018-01-22T10:16:20","slug":"linkin-takana-uusi-suomi-kim-jong-il-john-cage-ja-jysky","status":"publish","type":"post","link":"https:\/\/suomenkuvalehti.fi\/kohtaamiset\/linkin-takana-uusi-suomi-kim-jong-il-john-cage-ja-jysky\/","title":{"rendered":"Linkin takana: Uusi Suomi, Kim Jong-il, John Cage ja Jysky"},"content":{"rendered":"\n\n<p>* Vihreiden vaalislogan puhuttaa yh\u00e4. Kulttuurinavigaattori <strong>Heikki Kastemaa <\/strong><a href=\"http:\/\/kulttuurinavigaattori.blogspot.com\/2010\/12\/pelotuskuvalla-pain-politiikkaa.html\">tarkastelee<\/a> asiaa heraldiikan n\u00e4k\u00f6kulmasta: &#8221;Vihreiden vaalikampanjaan on valittu rohkea kuvateema, joka ironisoi, julistaa ja nostalgisoi ikivanhaa kuva-aihetta. Ja se on paljon saavutettu.&#8221;<\/p>\n\n\n\n<p>* Aiheeseen <a href=\"http:\/\/kemppinen.blogspot.com\/2010\/12\/kissalan-tytot.html\">tarttui<\/a> my\u00f6s <strong>Jukka Kemppinen<\/strong>. Juristi-kirjailijan mielest\u00e4 vihreiden vaalitunnukseen p\u00e4\u00e4tynyt leijonatunnus &#8221;on sek\u00e4 lainvastainen ett\u00e4 sopimaton tai ainakin mauton&#8221;.<\/p>\n\n\n\n<p>* Toinen p\u00e4\u00e4llimm\u00e4inen teema on tietysti WikiLeaks ja kysymys siit\u00e4, mit\u00e4 <strong>Julian Assange<\/strong> todella haluaa. Onko h\u00e4nen ihanteenaan entist\u00e4 l\u00e4pin\u00e4kyv\u00e4mpi vai sittenkin entist\u00e4 <a href=\"http:\/\/www.3quarksdaily.com\/3quarksdaily\/2010\/12\/what-is-julian-assange-up-to.html#more\">oikeudenmukaisempi<\/a> yhteiskunta?<\/p>\n\n\n\n<p>* Pohjois-Korean johtaja <strong>Kim Jong-il<\/strong> sen sijaan pit\u00e4\u00e4 erilaisten asioiden <a href=\"http:\/\/kimjongillookingatthings.tumblr.com\/\"><em>katselemisesta<\/em><\/a>. Yht\u00e4 aikaa nerokas, hauska ja j\u00e4rkytt\u00e4v\u00e4 k\u00e4sitetaiteellinen projekti, jolle ei n\u00e4ytt\u00e4isi olevan loppua.<\/p>\n\n\n\n<p>* K\u00e4sitetaiteeseen viittaa my\u00f6s brittimuusikoiden <a href=\"http:\/\/www.guardian.co.uk\/music\/2010\/dec\/06\/cage-against-machine-x-factor\">kampanja<\/a>, jolla avantgarde-s\u00e4velt\u00e4j\u00e4 <strong>John Cagen<\/strong> klassinen teos <em>4&#8217;33&#8221;<\/em> yrit\u00e4\u00e4n nostaa joulun listaykk\u00f6seksi. Pelk\u00e4st\u00e4 hiljaisuudesta koostuva teos &#8221;\u00e4\u00e4nitettiin&#8221; Lontoossa maanantaina.<\/p>\n\n\n\n<p>* Nokian kaupunki on palkinnut vuoden <a href=\"http:\/\/www.nokianuutiset.fi\/cs\/Satellite?c=AMArticle_C&amp;childpagename=NUU_newssite%2FAMLayout&amp;cid=1194657891678&amp;p=1194595526002&amp;packedargs=packedargs%3Dsectionpage%3DUutiset&amp;assetname=Vuoden+kulttuurivaikuttaja+on+siurolainen+runoilija+J.K+Ihalainen&amp;pagename=AMWrapper\">kulttuurivaikuttajana<\/a> siurolaisen runoilijan <strong>J. K. Ihalaisen<\/strong>. Ottamatta mit\u00e4\u00e4n pois Siurolta tai Nokialta, tahtoisin ulottaa h\u00e4nen merkityksens\u00e4 koskemaan koko is\u00e4nmaata. Onnea Jyskylle!<\/p>\n\n\n\n<p>* Miksi taidetta pit\u00e4\u00e4 tukea, <a href=\"http:\/\/www.outialanko.fi\/blogikutsut\/miksi-taidetta-pitaa-tukea\">muistuttaa<\/a> teatteriohjaaja ja n\u00e4ytelm\u00e4kirjailija <strong>Miira Sippola<\/strong>. Perusteluja on monta, mutta t\u00e4ss\u00e4 suosikkini: &#8221;Min\u00e4 en olisi min\u00e4, ellen olisi lukenut tiettyj\u00e4 runoja.&#8221;<\/p>\n\n\n\n<p>* <strong>Kaija Rantakari<\/strong> tekee taidetta paperista. H\u00e4nen uusin projektinsa on blogin muodossa julkaistava <a href=\"http:\/\/paperiaarre.blogspot.com\/search\/label\/calendar\">joulukalenteri<\/a>, jossa luukkujen materiaalina on k\u00e4ytetty perinteisi\u00e4 tulitikkuaskeja.<\/p>\n\n\n\n<p>* Kirjailija <strong>Tommi Melender<\/strong> tilasi <em>Kanavan<\/em>, tuon &#8221;p\u00f6n\u00e4kk\u00f6jen porvarien sivistysjulkaisun&#8221;, ja huomasi olevansa <a href=\"http:\/\/antiaikalainen.blogspot.com\/2010\/12\/seta-lukee-kanavaa.html\">vahvasti eri mielt\u00e4<\/a> lehden kolumnistin, Ven\u00e4j\u00e4-asiantuntija <strong>Timo Vihavaisen<\/strong> kanssa ns. kerj\u00e4l\u00e4iskysymyksest\u00e4. &#8221;Useimmat Vihavaisen &#8217;ep\u00e4sovinnaisista&#8217; ajatuksista ovat per\u00e4isin suoraan ep\u00e4sovinnaisten ajatusten katalookista&#8221;, Melender tuhahti blogissaan.<\/p>\n\n\n\n<p>* Google vastasi muun muassa Applen ja Amazonin asettamaan haasteeseen avaamalla oman <a href=\"http:\/\/www.nytimes.com\/2010\/12\/07\/business\/media\/07ebookstore.html?hp\">s\u00e4hk\u00f6kirjakaupan<\/a>. Suomesta k\u00e4sin kirjojen ostaminen ei tosin viel\u00e4 onnistu, mutta p\u00e4\u00e4seep\u00e4h\u00e4n t\u00e4\u00e4lt\u00e4 ainakin selaamaan tarjolla olevaa kolmen miljoonan nimikkeen valikoimaa.<\/p>\n\n\n\n<p>* Menovihje: <a href=\"http:\/\/sarolehti.wordpress.com\/kirjallisuustapahtumia-ja-kilpailuja\/karkkipaiva-runoklubi-herttoniemessa-8-12\/\">Karkkip\u00e4iv\u00e4-runoklubi<\/a>. Treffipub, Herttoniemi, Helsinki. Ke 8.12.2010 klo 20-23.<\/p>\n\n\n","protected":false},"excerpt":{"rendered":"<p>* Vihreiden vaalislogan puhuttaa yh\u00e4. Kulttuurinavigaattori Heikki Kastemaa tarkastelee asiaa heraldiikan n\u00e4k\u00f6kulmasta: &#8221;Vihreiden vaalikampanjaan on valittu rohkea kuvateema, joka ironisoi, julistaa ja nostalgisoi ikivanhaa kuva-aihetta. Ja se on paljon<br \/>\nsa&hellip;<\/p>\n","protected":false},"author":40424,"featured_media":0,"comment_status":"open","ping_status":"open","sticky":false,"template":"","format":"standard","meta":{"_acf_changed":false,"asauth_required_access_level":0,"asauth_cansharepaid":"","om_header_attributes":[],"footnotes":"","om_featured_image_focal_point":[],"om_primary_tag":0,"om_contributors":[],"om_co_authors":[],"beyondwords_generate_audio":"","beyondwords_project_id":"","beyondwords_content_id":"","beyondwords_preview_token":"","beyondwords_player_content":"","beyondwords_player_style":"","beyondwords_language_code":"","beyondwords_language_id":"","beyondwords_title_voice_id":"","beyondwords_body_voice_id":"","beyondwords_summary_voice_id":"","beyondwords_error_message":"","beyondwords_disabled":"","beyondwords_delete_content":"","beyondwords_podcast_id":"","beyondwords_hash":"","publish_post_to_speechkit":"","speechkit_hash":"","speechkit_generate_audio":"","speechkit_project_id":"","speechkit_podcast_id":"","speechkit_error_message":"","speechkit_disabled":"","speechkit_access_key":"","speechkit_error":"","speechkit_info":"","speechkit_response":"","speechkit_retries":"","speechkit_status":"","speechkit_updated_at":"","_speechkit_link":"","_speechkit_text":""},"categories":[1],"tags":[294,180,297,295,251,299,296,298,300,12,293,250],"class_list":["post-102","post","type-post","status-publish","format-standard","hentry","category-kohtaamiset","tag-heikki-kastemaa","tag-j-k-ihalainen","tag-john-cage","tag-jukka-kemppinen","tag-julian-assange","tag-kaija-rantakari","tag-kim-jong-il","tag-miira-sippola","tag-timo-vihavainen","tag-tommi-melender","tag-uusi-suomi","tag-wikileaks"],"om_views":null,"acf":{"tuuma_off":false,"tuuma_kysymys":"","tuuma_vastaus":""},"asauth":{"required_access_level":1,"share_token":"","is_paid":false},"yoast_head":"<!-- This site is optimized with the Yoast SEO plugin v26.4 - https:\/\/yoast.com\/wordpress\/plugins\/seo\/ -->\n<title>Linkin takana: Uusi Suomi, Kim Jong-il, John Cage ja Jysky - Kohtaamiset<\/title>\n<meta name=\"robots\" content=\"index, follow, max-snippet:-1, max-image-preview:large, max-video-preview:-1\" \/>\n<link rel=\"canonical\" href=\"https:\/\/suomenkuvalehti.fi\/kohtaamiset\/linkin-takana-uusi-suomi-kim-jong-il-john-cage-ja-jysky\/\" \/>\n<meta property=\"og:locale\" content=\"fi_FI\" \/>\n<meta property=\"og:type\" content=\"article\" \/>\n<meta property=\"og:title\" content=\"Linkin takana: Uusi Suomi, Kim Jong-il, John Cage ja Jysky - Kohtaamiset\" \/>\n<meta property=\"og:description\" content=\"* Vihreiden vaalislogan puhuttaa yh\u00e4. Kulttuurinavigaattori Heikki Kastemaa tarkastelee asiaa heraldiikan n\u00e4k\u00f6kulmasta: &#8221;Vihreiden vaalikampanjaan on valittu rohkea kuvateema, joka ironisoi, julistaa ja nostalgisoi ikivanhaa kuva-aihetta. Ja se on paljon sa&hellip;\" \/>\n<meta property=\"og:url\" content=\"https:\/\/suomenkuvalehti.fi\/kohtaamiset\/linkin-takana-uusi-suomi-kim-jong-il-john-cage-ja-jysky\/\" \/>\n<meta property=\"og:site_name\" content=\"Kohtaamiset\" \/>\n<meta property=\"article:published_time\" content=\"2010-12-08T07:30:00+00:00\" \/>\n<meta property=\"article:modified_time\" content=\"2018-01-22T10:16:20+00:00\" \/>\n<meta name=\"author\" content=\"Karri Kokko\" \/>\n<meta name=\"twitter:label1\" content=\"Written by\" \/>\n\t<meta name=\"twitter:data1\" content=\"Karri Kokko\" \/>\n\t<meta name=\"twitter:label2\" content=\"Est. reading time\" \/>\n\t<meta name=\"twitter:data2\" content=\"2 minuuttia\" \/>\n<script type=\"application\/ld+json\" class=\"yoast-schema-graph\">{\"@context\":\"https:\/\/schema.org\",\"@graph\":[{\"@type\":\"WebPage\",\"@id\":\"https:\/\/suomenkuvalehti.fi\/kohtaamiset\/linkin-takana-uusi-suomi-kim-jong-il-john-cage-ja-jysky\/\",\"url\":\"https:\/\/suomenkuvalehti.fi\/kohtaamiset\/linkin-takana-uusi-suomi-kim-jong-il-john-cage-ja-jysky\/\",\"name\":\"Linkin takana: Uusi Suomi, Kim Jong-il, John Cage ja Jysky - Kohtaamiset\",\"isPartOf\":{\"@id\":\"https:\/\/suomenkuvalehti.fi\/kohtaamiset\/#website\"},\"datePublished\":\"2010-12-08T07:30:00+00:00\",\"dateModified\":\"2018-01-22T10:16:20+00:00\",\"author\":{\"@id\":\"https:\/\/suomenkuvalehti.fi\/kohtaamiset\/#\/schema\/person\/71dc0f8e27e96911b6c8a510fa150d3e\"},\"breadcrumb\":{\"@id\":\"https:\/\/suomenkuvalehti.fi\/kohtaamiset\/linkin-takana-uusi-suomi-kim-jong-il-john-cage-ja-jysky\/#breadcrumb\"},\"inLanguage\":\"fi\",\"potentialAction\":[{\"@type\":\"ReadAction\",\"target\":[\"https:\/\/suomenkuvalehti.fi\/kohtaamiset\/linkin-takana-uusi-suomi-kim-jong-il-john-cage-ja-jysky\/\"]}]},{\"@type\":\"BreadcrumbList\",\"@id\":\"https:\/\/suomenkuvalehti.fi\/kohtaamiset\/linkin-takana-uusi-suomi-kim-jong-il-john-cage-ja-jysky\/#breadcrumb\",\"itemListElement\":[{\"@type\":\"ListItem\",\"position\":1,\"name\":\"Home\",\"item\":\"https:\/\/suomenkuvalehti.fi\/kohtaamiset\/\"},{\"@type\":\"ListItem\",\"position\":2,\"name\":\"Linkin takana: Uusi Suomi, Kim Jong-il, John Cage ja Jysky\"}]},{\"@type\":\"WebSite\",\"@id\":\"https:\/\/suomenkuvalehti.fi\/kohtaamiset\/#website\",\"url\":\"https:\/\/suomenkuvalehti.fi\/kohtaamiset\/\",\"name\":\"Kohtaamiset\",\"description\":\"Kohtaamiset-blogi k\u00e4sittelee kirjallisuutta ja kulttuuria.\",\"potentialAction\":[{\"@type\":\"SearchAction\",\"target\":{\"@type\":\"EntryPoint\",\"urlTemplate\":\"https:\/\/suomenkuvalehti.fi\/haku\/?q={search_term_string}\"},\"query-input\":{\"@type\":\"PropertyValueSpecification\",\"valueRequired\":true,\"valueName\":\"search_term_string\"}}],\"inLanguage\":\"fi\"},{\"@type\":\"Person\",\"@id\":\"https:\/\/suomenkuvalehti.fi\/kohtaamiset\/#\/schema\/person\/71dc0f8e27e96911b6c8a510fa150d3e\",\"name\":\"Karri Kokko\",\"image\":{\"@type\":\"ImageObject\",\"inLanguage\":\"fi\",\"@id\":\"https:\/\/suomenkuvalehti.fi\/kohtaamiset\/#\/schema\/person\/image\/\",\"url\":\"https:\/\/suomenkuvalehti.fi\/kohtaamiset\/wp-content\/uploads\/sites\/9\/2013\/11\/sk_leijona_kulta-150x150.png\",\"contentUrl\":\"https:\/\/suomenkuvalehti.fi\/kohtaamiset\/wp-content\/uploads\/sites\/9\/2013\/11\/sk_leijona_kulta-150x150.png\",\"caption\":\"Karri Kokko\"}}]}<\/script>\n<!-- \/ Yoast SEO plugin. -->","yoast_head_json":{"title":"Linkin takana: Uusi Suomi, Kim Jong-il, John Cage ja Jysky - Kohtaamiset","robots":{"index":"index","follow":"follow","max-snippet":"max-snippet:-1","max-image-preview":"max-image-preview:large","max-video-preview":"max-video-preview:-1"},"canonical":"https:\/\/suomenkuvalehti.fi\/kohtaamiset\/linkin-takana-uusi-suomi-kim-jong-il-john-cage-ja-jysky\/","og_locale":"fi_FI","og_type":"article","og_title":"Linkin takana: Uusi Suomi, Kim Jong-il, John Cage ja Jysky - Kohtaamiset","og_description":"* Vihreiden vaalislogan puhuttaa yh\u00e4. Kulttuurinavigaattori Heikki Kastemaa tarkastelee asiaa heraldiikan n\u00e4k\u00f6kulmasta: &#8221;Vihreiden vaalikampanjaan on valittu rohkea kuvateema, joka ironisoi, julistaa ja nostalgisoi ikivanhaa kuva-aihetta. Ja se on paljon sa&hellip;","og_url":"https:\/\/suomenkuvalehti.fi\/kohtaamiset\/linkin-takana-uusi-suomi-kim-jong-il-john-cage-ja-jysky\/","og_site_name":"Kohtaamiset","article_published_time":"2010-12-08T07:30:00+00:00","article_modified_time":"2018-01-22T10:16:20+00:00","author":"Karri Kokko","twitter_misc":{"Written by":"Karri Kokko","Est. reading time":"2 minuuttia"},"schema":{"@context":"https:\/\/schema.org","@graph":[{"@type":"WebPage","@id":"https:\/\/suomenkuvalehti.fi\/kohtaamiset\/linkin-takana-uusi-suomi-kim-jong-il-john-cage-ja-jysky\/","url":"https:\/\/suomenkuvalehti.fi\/kohtaamiset\/linkin-takana-uusi-suomi-kim-jong-il-john-cage-ja-jysky\/","name":"Linkin takana: Uusi Suomi, Kim Jong-il, John Cage ja Jysky - Kohtaamiset","isPartOf":{"@id":"https:\/\/suomenkuvalehti.fi\/kohtaamiset\/#website"},"datePublished":"2010-12-08T07:30:00+00:00","dateModified":"2018-01-22T10:16:20+00:00","author":{"@id":"https:\/\/suomenkuvalehti.fi\/kohtaamiset\/#\/schema\/person\/71dc0f8e27e96911b6c8a510fa150d3e"},"breadcrumb":{"@id":"https:\/\/suomenkuvalehti.fi\/kohtaamiset\/linkin-takana-uusi-suomi-kim-jong-il-john-cage-ja-jysky\/#breadcrumb"},"inLanguage":"fi","potentialAction":[{"@type":"ReadAction","target":["https:\/\/suomenkuvalehti.fi\/kohtaamiset\/linkin-takana-uusi-suomi-kim-jong-il-john-cage-ja-jysky\/"]}]},{"@type":"BreadcrumbList","@id":"https:\/\/suomenkuvalehti.fi\/kohtaamiset\/linkin-takana-uusi-suomi-kim-jong-il-john-cage-ja-jysky\/#breadcrumb","itemListElement":[{"@type":"ListItem","position":1,"name":"Home","item":"https:\/\/suomenkuvalehti.fi\/kohtaamiset\/"},{"@type":"ListItem","position":2,"name":"Linkin takana: Uusi Suomi, Kim Jong-il, John Cage ja Jysky"}]},{"@type":"WebSite","@id":"https:\/\/suomenkuvalehti.fi\/kohtaamiset\/#website","url":"https:\/\/suomenkuvalehti.fi\/kohtaamiset\/","name":"Kohtaamiset","description":"Kohtaamiset-blogi k\u00e4sittelee kirjallisuutta ja kulttuuria.","potentialAction":[{"@type":"SearchAction","target":{"@type":"EntryPoint","urlTemplate":"https:\/\/suomenkuvalehti.fi\/haku\/?q={search_term_string}"},"query-input":{"@type":"PropertyValueSpecification","valueRequired":true,"valueName":"search_term_string"}}],"inLanguage":"fi"},{"@type":"Person","@id":"https:\/\/suomenkuvalehti.fi\/kohtaamiset\/#\/schema\/person\/71dc0f8e27e96911b6c8a510fa150d3e","name":"Karri Kokko","image":{"@type":"ImageObject","inLanguage":"fi","@id":"https:\/\/suomenkuvalehti.fi\/kohtaamiset\/#\/schema\/person\/image\/","url":"https:\/\/suomenkuvalehti.fi\/kohtaamiset\/wp-content\/uploads\/sites\/9\/2013\/11\/sk_leijona_kulta-150x150.png","contentUrl":"https:\/\/suomenkuvalehti.fi\/kohtaamiset\/wp-content\/uploads\/sites\/9\/2013\/11\/sk_leijona_kulta-150x150.png","caption":"Karri Kokko"}}]}},"_links":{"self":[{"href":"https:\/\/suomenkuvalehti.fi\/kohtaamiset\/wp-json\/wp\/v2\/posts\/102","targetHints":{"allow":["GET"]}}],"collection":[{"href":"https:\/\/suomenkuvalehti.fi\/kohtaamiset\/wp-json\/wp\/v2\/posts"}],"about":[{"href":"https:\/\/suomenkuvalehti.fi\/kohtaamiset\/wp-json\/wp\/v2\/types\/post"}],"author":[{"embeddable":true,"href":"https:\/\/suomenkuvalehti.fi\/kohtaamiset\/wp-json\/wp\/v2\/users\/40424"}],"replies":[{"embeddable":true,"href":"https:\/\/suomenkuvalehti.fi\/kohtaamiset\/wp-json\/wp\/v2\/comments?post=102"}],"version-history":[{"count":1,"href":"https:\/\/suomenkuvalehti.fi\/kohtaamiset\/wp-json\/wp\/v2\/posts\/102\/revisions"}],"predecessor-version":[{"id":312,"href":"https:\/\/suomenkuvalehti.fi\/kohtaamiset\/wp-json\/wp\/v2\/posts\/102\/revisions\/312"}],"wp:attachment":[{"href":"https:\/\/suomenkuvalehti.fi\/kohtaamiset\/wp-json\/wp\/v2\/media?parent=102"}],"wp:term":[{"taxonomy":"category","embeddable":true,"href":"https:\/\/suomenkuvalehti.fi\/kohtaamiset\/wp-json\/wp\/v2\/categories?post=102"},{"taxonomy":"post_tag","embeddable":true,"href":"https:\/\/suomenkuvalehti.fi\/kohtaamiset\/wp-json\/wp\/v2\/tags?post=102"}],"curies":[{"name":"wp","href":"https:\/\/api.w.org\/{rel}","templated":true}]}}