{"id":101,"date":"2010-12-05T21:32:17","date_gmt":"2010-12-05T19:32:17","guid":{"rendered":"https:\/\/suomenkuvalehti.fi\/kohtaamiset\/2010\/12\/05\/niklas-herlin-suuttui-vihreille-uuden-suomen-kaytosta\/"},"modified":"2018-01-22T12:16:20","modified_gmt":"2018-01-22T10:16:20","slug":"niklas-herlin-suuttui-vihreille-uuden-suomen-kaytosta","status":"publish","type":"post","link":"https:\/\/suomenkuvalehti.fi\/kohtaamiset\/niklas-herlin-suuttui-vihreille-uuden-suomen-kaytosta\/","title":{"rendered":"Niklas Herlin suuttui vihreille &#8221;Uuden Suomen&#8221; k\u00e4yt\u00f6st\u00e4"},"content":{"rendered":"\n<p>Kustantaja <strong>Niklas Herlin<\/strong> tyrmistyi kuultuaan vihreiden uudesta vaalitunnuksesta.<\/p>\n\n\n\n<p>&#8221;Puolue varasti meid\u00e4n nimemme&#8221;, Herlin <a href=\"http:\/\/niklasherlin.puheenvuoro.uusisuomi.fi\/54066-tama-ei-kay-vihrea-lanka\">jyr\u00e4hti<\/a> omistamansa verkkolehden <em>Uuden Suomen<\/em> sivuilla.<\/p>\n\n\n\n<p>&#8221;Vihre\u00e4t l\u00e4htev\u00e4t vaalikampanjaansa rekister\u00f6idyn tavaramerkin takaa. Sen tavaramerkin nimi on Uusi Suomi&#8221;, Herlin kirjoitti.<\/p>\n\n\n\n<p>Lupaa tavaramerkin k\u00e4ytt\u00f6\u00f6n ei Herlinin mukaan &#8221;ole kysytty, saati heille annettu&#8221;.<\/p>\n\n\n\n<p>&#8221;Puolue k\u00e4ytt\u00e4\u00e4 rekister\u00f6ity\u00e4 nime\u00e4 kaikkien lakien vastaisesti&#8221;, Herlin kirjoitti. &#8221;Ja toivottavasti maksaa laskunsa luvattomasta tavaramerkin k\u00e4yt\u00f6st\u00e4 aikanaan.&#8221;<\/p>\n\n\n\n<p>Vihre\u00e4t ilmoitti t\u00e4n\u00e4\u00e4n l\u00e4htev\u00e4ns\u00e4 kev\u00e4\u00e4n eduskuntavaaleihin uudella tunnuksella.<\/p>\n\n\n\n<p>&#8221;Vihreiden vaalislogan on &#8217;Uusi Suomi&#8217;, ja kampanjan tunnuksena on vihre\u00e4, Suomen vaakunasta tuttu leijona valkoisella pohjalla&#8221;, kertoi <em>Vihre\u00e4n Langan<\/em> sivuilla julkaistu <a href=\"http:\/\/www.vihrealanka.fi\/uutiset\/vihre%C3%A4t-otti-is%C3%A4nmaallisen-symbolin-vaaliaseeksi\">uutinen<\/a>.<\/p>\n\n\n\n<p>&#8221;Puolueen puheenjohtajan <strong>Anni Sinnem\u00e4en<\/strong> mukaan kampanjalla halutaan m\u00e4\u00e4ritell\u00e4 leijonan merkitys uudelleen&#8221;, lehti kirjoitti.<\/p>\n\n\n\n<p>Uutinen ja sit\u00e4 seurannut Herlinin kannanotto synnyttiv\u00e4t heti kiivasta mielipiteenvaihtoa niin <em>Uuden Suomen<\/em> sivuilla kuin sosiaalisessa mediassa yleisemminkin. P\u00e4\u00e4llimm\u00e4inen reaktio tuntui olevan, ett\u00e4 vihreiden tekem\u00e4 valinta oli &#8221;varkaus&#8221; ja &#8221;suuri virhe&#8221;, ja moni ep\u00e4ili, ett\u00e4 puolue joutuu viel\u00e4 luopumaan sloganistaan.<\/p>\n\n\n\n<p>Toki esitettin my\u00f6s ep\u00e4ilyj\u00e4 mahdollisen oikeusjutun l\u00e4pimenosta, perusteluna se, ettei vihreiden pyrkimyksi\u00e4 voi pit\u00e4\u00e4 elinkeinotoiminnan harjoittamisena.<\/p>\n\n\n\n<p>Niin tai n\u00e4in, vihreiden vaalikampanja alkoi r\u00e4v\u00e4k\u00e4sti &#8211; ja varmasti my\u00f6s tietoisena siit\u00e4, ett\u00e4 slogan tulee synnytt\u00e4m\u00e4\u00e4n voimakkaita reaktioita. N\u00e4ht\u00e4v\u00e4ksi j\u00e4\u00e4, kenen laariin kuohunnan synnytt\u00e4m\u00e4t p\u00e4rskeet lopulta satavat.<\/p>\n\n\n\n","protected":false},"excerpt":{"rendered":"<p>Kustantaja Niklas Herlin tyrmistyi kuultuaan vihreiden uudesta vaalitunnuksesta. &#8221;Puolue varasti meid\u00e4n nimemme&#8221;, Herlin jyr\u00e4hti omistamansa verkkolehden Uuden Suomen sivuilla. &#8221;Vihre\u00e4t l\u00e4htev\u00e4t vaalikampanjaansa rekister\u00f6idyn tavaramerkin<br \/>\ntakaa&hellip;<\/p>\n","protected":false},"author":40424,"featured_media":0,"comment_status":"open","ping_status":"open","sticky":false,"template":"","format":"standard","meta":{"_acf_changed":false,"asauth_required_access_level":0,"asauth_cansharepaid":"","om_header_attributes":[],"footnotes":"","om_featured_image_focal_point":[],"om_primary_tag":0,"om_contributors":[],"om_co_authors":[],"beyondwords_generate_audio":"","beyondwords_project_id":"","beyondwords_content_id":"","beyondwords_preview_token":"","beyondwords_player_content":"","beyondwords_player_style":"","beyondwords_language_code":"","beyondwords_language_id":"","beyondwords_title_voice_id":"","beyondwords_body_voice_id":"","beyondwords_summary_voice_id":"","beyondwords_error_message":"","beyondwords_disabled":"","beyondwords_delete_content":"","beyondwords_podcast_id":"","beyondwords_hash":"","publish_post_to_speechkit":"","speechkit_hash":"","speechkit_generate_audio":"","speechkit_project_id":"","speechkit_podcast_id":"","speechkit_error_message":"","speechkit_disabled":"","speechkit_access_key":"","speechkit_error":"","speechkit_info":"","speechkit_response":"","speechkit_retries":"","speechkit_status":"","speechkit_updated_at":"","_speechkit_link":"","_speechkit_text":""},"categories":[1],"tags":[292,293,211],"class_list":["post-101","post","type-post","status-publish","format-standard","hentry","category-kohtaamiset","tag-niklas-herlin","tag-uusi-suomi","tag-vihreat"],"om_views":null,"acf":{"tuuma_off":false,"tuuma_kysymys":"","tuuma_vastaus":""},"asauth":{"required_access_level":1,"share_token":"","is_paid":false},"yoast_head":"<!-- This site is optimized with the Yoast SEO plugin v26.4 - https:\/\/yoast.com\/wordpress\/plugins\/seo\/ -->\n<title>Niklas Herlin suuttui vihreille &quot;Uuden Suomen&quot; k\u00e4yt\u00f6st\u00e4 - Kohtaamiset<\/title>\n<meta name=\"robots\" content=\"index, follow, max-snippet:-1, max-image-preview:large, max-video-preview:-1\" \/>\n<link rel=\"canonical\" href=\"https:\/\/suomenkuvalehti.fi\/kohtaamiset\/niklas-herlin-suuttui-vihreille-uuden-suomen-kaytosta\/\" \/>\n<meta property=\"og:locale\" content=\"fi_FI\" \/>\n<meta property=\"og:type\" content=\"article\" \/>\n<meta property=\"og:title\" content=\"Niklas Herlin suuttui vihreille &quot;Uuden Suomen&quot; k\u00e4yt\u00f6st\u00e4 - Kohtaamiset\" \/>\n<meta property=\"og:description\" content=\"Kustantaja Niklas Herlin tyrmistyi kuultuaan vihreiden uudesta vaalitunnuksesta. &#8221;Puolue varasti meid\u00e4n nimemme&#8221;, Herlin jyr\u00e4hti omistamansa verkkolehden Uuden Suomen sivuilla. &#8221;Vihre\u00e4t l\u00e4htev\u00e4t vaalikampanjaansa rekister\u00f6idyn tavaramerkin takaa&hellip;\" \/>\n<meta property=\"og:url\" content=\"https:\/\/suomenkuvalehti.fi\/kohtaamiset\/niklas-herlin-suuttui-vihreille-uuden-suomen-kaytosta\/\" \/>\n<meta property=\"og:site_name\" content=\"Kohtaamiset\" \/>\n<meta property=\"article:published_time\" content=\"2010-12-05T19:32:17+00:00\" \/>\n<meta property=\"article:modified_time\" content=\"2018-01-22T10:16:20+00:00\" \/>\n<meta name=\"author\" content=\"Karri Kokko\" \/>\n<meta name=\"twitter:label1\" content=\"Written by\" \/>\n\t<meta name=\"twitter:data1\" content=\"Karri Kokko\" \/>\n\t<meta name=\"twitter:label2\" content=\"Est. reading time\" \/>\n\t<meta name=\"twitter:data2\" content=\"1 minuutti\" \/>\n<script type=\"application\/ld+json\" class=\"yoast-schema-graph\">{\"@context\":\"https:\/\/schema.org\",\"@graph\":[{\"@type\":\"WebPage\",\"@id\":\"https:\/\/suomenkuvalehti.fi\/kohtaamiset\/niklas-herlin-suuttui-vihreille-uuden-suomen-kaytosta\/\",\"url\":\"https:\/\/suomenkuvalehti.fi\/kohtaamiset\/niklas-herlin-suuttui-vihreille-uuden-suomen-kaytosta\/\",\"name\":\"Niklas Herlin suuttui vihreille \\\"Uuden Suomen\\\" k\u00e4yt\u00f6st\u00e4 - Kohtaamiset\",\"isPartOf\":{\"@id\":\"https:\/\/suomenkuvalehti.fi\/kohtaamiset\/#website\"},\"datePublished\":\"2010-12-05T19:32:17+00:00\",\"dateModified\":\"2018-01-22T10:16:20+00:00\",\"author\":{\"@id\":\"https:\/\/suomenkuvalehti.fi\/kohtaamiset\/#\/schema\/person\/71dc0f8e27e96911b6c8a510fa150d3e\"},\"breadcrumb\":{\"@id\":\"https:\/\/suomenkuvalehti.fi\/kohtaamiset\/niklas-herlin-suuttui-vihreille-uuden-suomen-kaytosta\/#breadcrumb\"},\"inLanguage\":\"fi\",\"potentialAction\":[{\"@type\":\"ReadAction\",\"target\":[\"https:\/\/suomenkuvalehti.fi\/kohtaamiset\/niklas-herlin-suuttui-vihreille-uuden-suomen-kaytosta\/\"]}]},{\"@type\":\"BreadcrumbList\",\"@id\":\"https:\/\/suomenkuvalehti.fi\/kohtaamiset\/niklas-herlin-suuttui-vihreille-uuden-suomen-kaytosta\/#breadcrumb\",\"itemListElement\":[{\"@type\":\"ListItem\",\"position\":1,\"name\":\"Home\",\"item\":\"https:\/\/suomenkuvalehti.fi\/kohtaamiset\/\"},{\"@type\":\"ListItem\",\"position\":2,\"name\":\"Niklas Herlin suuttui vihreille &#8221;Uuden Suomen&#8221; k\u00e4yt\u00f6st\u00e4\"}]},{\"@type\":\"WebSite\",\"@id\":\"https:\/\/suomenkuvalehti.fi\/kohtaamiset\/#website\",\"url\":\"https:\/\/suomenkuvalehti.fi\/kohtaamiset\/\",\"name\":\"Kohtaamiset\",\"description\":\"Kohtaamiset-blogi k\u00e4sittelee kirjallisuutta ja kulttuuria.\",\"potentialAction\":[{\"@type\":\"SearchAction\",\"target\":{\"@type\":\"EntryPoint\",\"urlTemplate\":\"https:\/\/suomenkuvalehti.fi\/haku\/?q={search_term_string}\"},\"query-input\":{\"@type\":\"PropertyValueSpecification\",\"valueRequired\":true,\"valueName\":\"search_term_string\"}}],\"inLanguage\":\"fi\"},{\"@type\":\"Person\",\"@id\":\"https:\/\/suomenkuvalehti.fi\/kohtaamiset\/#\/schema\/person\/71dc0f8e27e96911b6c8a510fa150d3e\",\"name\":\"Karri Kokko\",\"image\":{\"@type\":\"ImageObject\",\"inLanguage\":\"fi\",\"@id\":\"https:\/\/suomenkuvalehti.fi\/kohtaamiset\/#\/schema\/person\/image\/\",\"url\":\"https:\/\/suomenkuvalehti.fi\/kohtaamiset\/wp-content\/uploads\/sites\/9\/2013\/11\/sk_leijona_kulta-150x150.png\",\"contentUrl\":\"https:\/\/suomenkuvalehti.fi\/kohtaamiset\/wp-content\/uploads\/sites\/9\/2013\/11\/sk_leijona_kulta-150x150.png\",\"caption\":\"Karri Kokko\"}}]}<\/script>\n<!-- \/ Yoast SEO plugin. -->","yoast_head_json":{"title":"Niklas Herlin suuttui vihreille \"Uuden Suomen\" k\u00e4yt\u00f6st\u00e4 - Kohtaamiset","robots":{"index":"index","follow":"follow","max-snippet":"max-snippet:-1","max-image-preview":"max-image-preview:large","max-video-preview":"max-video-preview:-1"},"canonical":"https:\/\/suomenkuvalehti.fi\/kohtaamiset\/niklas-herlin-suuttui-vihreille-uuden-suomen-kaytosta\/","og_locale":"fi_FI","og_type":"article","og_title":"Niklas Herlin suuttui vihreille \"Uuden Suomen\" k\u00e4yt\u00f6st\u00e4 - Kohtaamiset","og_description":"Kustantaja Niklas Herlin tyrmistyi kuultuaan vihreiden uudesta vaalitunnuksesta. &#8221;Puolue varasti meid\u00e4n nimemme&#8221;, Herlin jyr\u00e4hti omistamansa verkkolehden Uuden Suomen sivuilla. &#8221;Vihre\u00e4t l\u00e4htev\u00e4t vaalikampanjaansa rekister\u00f6idyn tavaramerkin takaa&hellip;","og_url":"https:\/\/suomenkuvalehti.fi\/kohtaamiset\/niklas-herlin-suuttui-vihreille-uuden-suomen-kaytosta\/","og_site_name":"Kohtaamiset","article_published_time":"2010-12-05T19:32:17+00:00","article_modified_time":"2018-01-22T10:16:20+00:00","author":"Karri Kokko","twitter_misc":{"Written by":"Karri Kokko","Est. reading time":"1 minuutti"},"schema":{"@context":"https:\/\/schema.org","@graph":[{"@type":"WebPage","@id":"https:\/\/suomenkuvalehti.fi\/kohtaamiset\/niklas-herlin-suuttui-vihreille-uuden-suomen-kaytosta\/","url":"https:\/\/suomenkuvalehti.fi\/kohtaamiset\/niklas-herlin-suuttui-vihreille-uuden-suomen-kaytosta\/","name":"Niklas Herlin suuttui vihreille \"Uuden Suomen\" k\u00e4yt\u00f6st\u00e4 - Kohtaamiset","isPartOf":{"@id":"https:\/\/suomenkuvalehti.fi\/kohtaamiset\/#website"},"datePublished":"2010-12-05T19:32:17+00:00","dateModified":"2018-01-22T10:16:20+00:00","author":{"@id":"https:\/\/suomenkuvalehti.fi\/kohtaamiset\/#\/schema\/person\/71dc0f8e27e96911b6c8a510fa150d3e"},"breadcrumb":{"@id":"https:\/\/suomenkuvalehti.fi\/kohtaamiset\/niklas-herlin-suuttui-vihreille-uuden-suomen-kaytosta\/#breadcrumb"},"inLanguage":"fi","potentialAction":[{"@type":"ReadAction","target":["https:\/\/suomenkuvalehti.fi\/kohtaamiset\/niklas-herlin-suuttui-vihreille-uuden-suomen-kaytosta\/"]}]},{"@type":"BreadcrumbList","@id":"https:\/\/suomenkuvalehti.fi\/kohtaamiset\/niklas-herlin-suuttui-vihreille-uuden-suomen-kaytosta\/#breadcrumb","itemListElement":[{"@type":"ListItem","position":1,"name":"Home","item":"https:\/\/suomenkuvalehti.fi\/kohtaamiset\/"},{"@type":"ListItem","position":2,"name":"Niklas Herlin suuttui vihreille &#8221;Uuden Suomen&#8221; k\u00e4yt\u00f6st\u00e4"}]},{"@type":"WebSite","@id":"https:\/\/suomenkuvalehti.fi\/kohtaamiset\/#website","url":"https:\/\/suomenkuvalehti.fi\/kohtaamiset\/","name":"Kohtaamiset","description":"Kohtaamiset-blogi k\u00e4sittelee kirjallisuutta ja kulttuuria.","potentialAction":[{"@type":"SearchAction","target":{"@type":"EntryPoint","urlTemplate":"https:\/\/suomenkuvalehti.fi\/haku\/?q={search_term_string}"},"query-input":{"@type":"PropertyValueSpecification","valueRequired":true,"valueName":"search_term_string"}}],"inLanguage":"fi"},{"@type":"Person","@id":"https:\/\/suomenkuvalehti.fi\/kohtaamiset\/#\/schema\/person\/71dc0f8e27e96911b6c8a510fa150d3e","name":"Karri Kokko","image":{"@type":"ImageObject","inLanguage":"fi","@id":"https:\/\/suomenkuvalehti.fi\/kohtaamiset\/#\/schema\/person\/image\/","url":"https:\/\/suomenkuvalehti.fi\/kohtaamiset\/wp-content\/uploads\/sites\/9\/2013\/11\/sk_leijona_kulta-150x150.png","contentUrl":"https:\/\/suomenkuvalehti.fi\/kohtaamiset\/wp-content\/uploads\/sites\/9\/2013\/11\/sk_leijona_kulta-150x150.png","caption":"Karri Kokko"}}]}},"_links":{"self":[{"href":"https:\/\/suomenkuvalehti.fi\/kohtaamiset\/wp-json\/wp\/v2\/posts\/101","targetHints":{"allow":["GET"]}}],"collection":[{"href":"https:\/\/suomenkuvalehti.fi\/kohtaamiset\/wp-json\/wp\/v2\/posts"}],"about":[{"href":"https:\/\/suomenkuvalehti.fi\/kohtaamiset\/wp-json\/wp\/v2\/types\/post"}],"author":[{"embeddable":true,"href":"https:\/\/suomenkuvalehti.fi\/kohtaamiset\/wp-json\/wp\/v2\/users\/40424"}],"replies":[{"embeddable":true,"href":"https:\/\/suomenkuvalehti.fi\/kohtaamiset\/wp-json\/wp\/v2\/comments?post=101"}],"version-history":[{"count":1,"href":"https:\/\/suomenkuvalehti.fi\/kohtaamiset\/wp-json\/wp\/v2\/posts\/101\/revisions"}],"predecessor-version":[{"id":315,"href":"https:\/\/suomenkuvalehti.fi\/kohtaamiset\/wp-json\/wp\/v2\/posts\/101\/revisions\/315"}],"wp:attachment":[{"href":"https:\/\/suomenkuvalehti.fi\/kohtaamiset\/wp-json\/wp\/v2\/media?parent=101"}],"wp:term":[{"taxonomy":"category","embeddable":true,"href":"https:\/\/suomenkuvalehti.fi\/kohtaamiset\/wp-json\/wp\/v2\/categories?post=101"},{"taxonomy":"post_tag","embeddable":true,"href":"https:\/\/suomenkuvalehti.fi\/kohtaamiset\/wp-json\/wp\/v2\/tags?post=101"}],"curies":[{"name":"wp","href":"https:\/\/api.w.org\/{rel}","templated":true}]}}