{"id":480,"date":"2015-07-27T13:13:02","date_gmt":"2015-07-27T10:13:02","guid":{"rendered":"https:\/\/suomenkuvalehti.fi\/kirjeita-aidille\/?p=480"},"modified":"2015-07-27T13:13:02","modified_gmt":"2015-07-27T10:13:02","slug":"kiitos-olli-immonen","status":"publish","type":"post","link":"https:\/\/suomenkuvalehti.fi\/kirjeita-aidille\/kiitos-olli-immonen\/","title":{"rendered":"Kiitos, Olli Immonen"},"content":{"rendered":"\n<p>Ok, my turn. At first I was thinking that so many people are writing about this that my voice would just get lost in the crowd. But no. Right now each one of us has to speak in the loudest and clearest voice we\u2019ve got.<\/p>\n\n\n\n<p>Coming from New York, being loud is no problem, so here we go.<\/p>\n\n\n\n<p>Every year when the new <a href=\"http:\/\/www.pakolaisapu.fi\/fi\/tietoa\/vuoden-pakolaisnainen.html\">Refugee Woman of the Year<\/a> is chosen I joke with my friends about why it\u2019s never me.<\/p>\n\n\n\n<p>I guess the main reason is that I\u2019m a white Jewish girl from the Upper East Side of Manhattan. I came to Finland in 1989 in search of new experiences, not out of fear for my life. I\u2019m not a refugee, or even an immigrant. I\u2019m an expat. And that\u2019s always made me different (read better) than all those women (and men and children, for that matter) who came to Finland because they had no place else to go.<\/p>\n\n\n\n<p>Well, of course that\u2019s bullshit. Always has been. But now, thanks to Olli Immonen, it\u2019s way more than that.<\/p>\n\n\n\n<p>By defining us all as one big \u201cnightmare called multiculturalism,\u201d Olli is actually doing something amazing \u2013 he\u2019s equalizing us. And it\u2019s about time someone did that.<\/p>\n\n\n\n<p>The truth is that everyone who comes to Finland from someplace else has come here looking for a better life. We all have a story. We all have dreams. And we all \u201ctake advantage\u201d of the Finnish welfare system. You can\u2019t really avoid it. If you study, get sick, have a kid, or just go about your daily life in Finland, you\u2019re \u201ctaking advantage of the system\u201d. Actually that\u2019s kind of the beauty of the system \u2013 it\u2019s the backbone of the society. And it\u2019s just one of many ways in which we\u2019re no different than Finns who happened to be born here.<\/p>\n\n\n\n<p>So thank you, Olli. In the coming days, weeks, months and years you\u2019re going to be hearing from more and more of us. In the face of your hatred <a href=\"https:\/\/www.facebook.com\/events\/745976845524202\/\">we\u2019ll come together<\/a> and throw back love. And you can be sure that, as we\u2019ve seen not only in Finland but all over the world recently, love <em>will<\/em> win.<\/p>\n\n\n\n<p>And although it\u2019s hard to find anything at all that we have in common, there is one thing. You wrote in your post that you\u2019re dreaming. Well so are we. And just like you, we will fight until the end for our homeland.<\/p>\n\n\n\n<p>All of us.<\/p>\n\n\n\n<p>#iamfinland #min\u00e4olenunelma<\/p>\n\n\n","protected":false},"excerpt":{"rendered":"<p>Ok, my turn. At first I was thinking that so many people are writing about this that my voice would just get lost in the crowd. But no. Right now each one of us has to speak in the loudest and clearest voice we\u2019ve got. Coming from New York, being loud is no problem, so [&hellip;]<\/p>\n","protected":false},"author":147,"featured_media":0,"comment_status":"open","ping_status":"open","sticky":false,"template":"","format":"standard","meta":{"_acf_changed":false,"asauth_required_access_level":0,"asauth_cansharepaid":"true","om_header_attributes":[],"footnotes":"","om_featured_image_focal_point":[],"om_primary_tag":0,"om_contributors":[],"om_co_authors":[],"beyondwords_generate_audio":"","beyondwords_project_id":"","beyondwords_content_id":"","beyondwords_preview_token":"","beyondwords_player_content":"","beyondwords_player_style":"","beyondwords_language_code":"","beyondwords_language_id":"","beyondwords_title_voice_id":"","beyondwords_body_voice_id":"","beyondwords_summary_voice_id":"","beyondwords_error_message":"","beyondwords_disabled":"","beyondwords_delete_content":"","beyondwords_podcast_id":"","beyondwords_hash":"","publish_post_to_speechkit":"","speechkit_hash":"","speechkit_generate_audio":"","speechkit_project_id":"","speechkit_podcast_id":"","speechkit_error_message":"","speechkit_disabled":"","speechkit_access_key":"","speechkit_error":"","speechkit_info":"","speechkit_response":"","speechkit_retries":"","speechkit_status":"","speechkit_updated_at":"","_speechkit_link":"","_speechkit_text":""},"categories":[1],"tags":[313,311,312,314,310,315],"class_list":["post-480","post","type-post","status-publish","format-standard","hentry","category-kirjeita-aidille","tag-iamfinland","tag-immonen","tag-minaolenunelma","tag-multiculturalism","tag-olli-immonen","tag-refugee-woman-of-the-year"],"om_views":null,"acf":{"tuuma_off":false,"tuuma_kysymys":"","tuuma_vastaus":""},"asauth":{"required_access_level":1,"share_token":"","is_paid":false},"yoast_head":"<!-- This site is optimized with the Yoast SEO plugin v26.4 - https:\/\/yoast.com\/wordpress\/plugins\/seo\/ -->\n<title>Kiitos, Olli Immonen - Kirjeit\u00e4 \u00e4idille<\/title>\n<meta name=\"robots\" content=\"index, follow, max-snippet:-1, max-image-preview:large, max-video-preview:-1\" \/>\n<link rel=\"canonical\" href=\"https:\/\/suomenkuvalehti.fi\/kirjeita-aidille\/kiitos-olli-immonen\/\" \/>\n<meta property=\"og:locale\" content=\"fi_FI\" \/>\n<meta property=\"og:type\" content=\"article\" \/>\n<meta property=\"og:title\" content=\"Kiitos, Olli Immonen - Kirjeit\u00e4 \u00e4idille\" \/>\n<meta property=\"og:description\" content=\"Ok, my turn. At first I was thinking that so many people are writing about this that my voice would just get lost in the crowd. But no. Right now each one of us has to speak in the loudest and clearest voice we\u2019ve got. Coming from New York, being loud is no problem, so [&hellip;]\" \/>\n<meta property=\"og:url\" content=\"https:\/\/suomenkuvalehti.fi\/kirjeita-aidille\/kiitos-olli-immonen\/\" \/>\n<meta property=\"og:site_name\" content=\"Kirjeit\u00e4 \u00e4idille\" \/>\n<meta property=\"article:publisher\" content=\"https:\/\/www.facebook.com\/lissu.moulton\" \/>\n<meta property=\"article:author\" content=\"https:\/\/www.facebook.com\/lissu.moulton\" \/>\n<meta property=\"article:published_time\" content=\"2015-07-27T10:13:02+00:00\" \/>\n<meta name=\"author\" content=\"Lissu Moulton\" \/>\n<meta name=\"twitter:label1\" content=\"Written by\" \/>\n\t<meta name=\"twitter:data1\" content=\"Lissu Moulton\" \/>\n\t<meta name=\"twitter:label2\" content=\"Est. reading time\" \/>\n\t<meta name=\"twitter:data2\" content=\"2 minuuttia\" \/>\n<script type=\"application\/ld+json\" class=\"yoast-schema-graph\">{\"@context\":\"https:\/\/schema.org\",\"@graph\":[{\"@type\":\"WebPage\",\"@id\":\"https:\/\/suomenkuvalehti.fi\/kirjeita-aidille\/kiitos-olli-immonen\/\",\"url\":\"https:\/\/suomenkuvalehti.fi\/kirjeita-aidille\/kiitos-olli-immonen\/\",\"name\":\"Kiitos, Olli Immonen - Kirjeit\u00e4 \u00e4idille\",\"isPartOf\":{\"@id\":\"https:\/\/suomenkuvalehti.fi\/kirjeita-aidille\/#website\"},\"datePublished\":\"2015-07-27T10:13:02+00:00\",\"breadcrumb\":{\"@id\":\"https:\/\/suomenkuvalehti.fi\/kirjeita-aidille\/kiitos-olli-immonen\/#breadcrumb\"},\"inLanguage\":\"fi\",\"potentialAction\":[{\"@type\":\"ReadAction\",\"target\":[\"https:\/\/suomenkuvalehti.fi\/kirjeita-aidille\/kiitos-olli-immonen\/\"]}]},{\"@type\":\"BreadcrumbList\",\"@id\":\"https:\/\/suomenkuvalehti.fi\/kirjeita-aidille\/kiitos-olli-immonen\/#breadcrumb\",\"itemListElement\":[{\"@type\":\"ListItem\",\"position\":1,\"name\":\"Home\",\"item\":\"https:\/\/suomenkuvalehti.fi\/kirjeita-aidille\/\"},{\"@type\":\"ListItem\",\"position\":2,\"name\":\"Kiitos, Olli Immonen\"}]},{\"@type\":\"WebSite\",\"@id\":\"https:\/\/suomenkuvalehti.fi\/kirjeita-aidille\/#website\",\"url\":\"https:\/\/suomenkuvalehti.fi\/kirjeita-aidille\/\",\"name\":\"Kirjeit\u00e4 \u00e4idille\",\"description\":\"Suomalaistunut amerikkalaisnainen kirjoittaa New Yorkissa asuvalle \u00e4idilleen.\",\"publisher\":{\"@id\":\"https:\/\/suomenkuvalehti.fi\/kirjeita-aidille\/#\/schema\/person\/37d7a7c07d6291f00300813c70ebcedc\"},\"potentialAction\":[{\"@type\":\"SearchAction\",\"target\":{\"@type\":\"EntryPoint\",\"urlTemplate\":\"https:\/\/suomenkuvalehti.fi\/haku\/?q={search_term_string}\"},\"query-input\":{\"@type\":\"PropertyValueSpecification\",\"valueRequired\":true,\"valueName\":\"search_term_string\"}}],\"inLanguage\":\"fi\"},{\"@type\":[\"Person\",\"Organization\"],\"@id\":\"https:\/\/suomenkuvalehti.fi\/kirjeita-aidille\/#\/schema\/person\/37d7a7c07d6291f00300813c70ebcedc\",\"name\":\"Lissu Moulton\",\"image\":{\"@type\":\"ImageObject\",\"inLanguage\":\"fi\",\"@id\":\"https:\/\/suomenkuvalehti.fi\/kirjeita-aidille\/#\/schema\/person\/image\/\",\"url\":\"https:\/\/suomenkuvalehti.fi\/kirjeita-aidille\/wp-content\/uploads\/sites\/19\/2013\/12\/lissu_003-150x150.jpg\",\"contentUrl\":\"https:\/\/suomenkuvalehti.fi\/kirjeita-aidille\/wp-content\/uploads\/sites\/19\/2013\/12\/lissu_003-150x150.jpg\",\"caption\":\"Lissu Moulton\"},\"logo\":{\"@id\":\"https:\/\/suomenkuvalehti.fi\/kirjeita-aidille\/#\/schema\/person\/image\/\"},\"description\":\"Kirjoittaja on New Yorkissa varttunut ja Helsingiss\u00e4 naisistunut copywriter.\",\"sameAs\":[\"https:\/\/www.facebook.com\/lissu.moulton\",\"https:\/\/www.instagram.com\/leidimanhattan\/\",\"https:\/\/x.com\/https:\/\/twitter.com\/mediamassage\"]},{\"@type\":\"Person\",\"@id\":\"https:\/\/suomenkuvalehti.fi\/kirjeita-aidille\/#\/schema\/person\/37d7a7c07d6291f00300813c70ebcedc\",\"name\":\"Lissu Moulton\",\"image\":{\"@type\":\"ImageObject\",\"inLanguage\":\"fi\",\"@id\":\"https:\/\/suomenkuvalehti.fi\/kirjeita-aidille\/#\/schema\/person\/image\/\",\"url\":\"https:\/\/suomenkuvalehti.fi\/kirjeita-aidille\/wp-content\/uploads\/sites\/19\/2013\/12\/lissu_003-150x150.jpg\",\"contentUrl\":\"https:\/\/suomenkuvalehti.fi\/kirjeita-aidille\/wp-content\/uploads\/sites\/19\/2013\/12\/lissu_003-150x150.jpg\",\"caption\":\"Lissu Moulton\"},\"description\":\"Kirjoittaja on New Yorkissa varttunut ja Helsingiss\u00e4 naisistunut copywriter.\",\"sameAs\":[\"https:\/\/www.facebook.com\/lissu.moulton\",\"https:\/\/www.instagram.com\/leidimanhattan\/\",\"https:\/\/x.com\/https:\/\/twitter.com\/mediamassage\"]}]}<\/script>\n<!-- \/ Yoast SEO plugin. -->","yoast_head_json":{"title":"Kiitos, Olli Immonen - Kirjeit\u00e4 \u00e4idille","robots":{"index":"index","follow":"follow","max-snippet":"max-snippet:-1","max-image-preview":"max-image-preview:large","max-video-preview":"max-video-preview:-1"},"canonical":"https:\/\/suomenkuvalehti.fi\/kirjeita-aidille\/kiitos-olli-immonen\/","og_locale":"fi_FI","og_type":"article","og_title":"Kiitos, Olli Immonen - Kirjeit\u00e4 \u00e4idille","og_description":"Ok, my turn. At first I was thinking that so many people are writing about this that my voice would just get lost in the crowd. But no. Right now each one of us has to speak in the loudest and clearest voice we\u2019ve got. Coming from New York, being loud is no problem, so [&hellip;]","og_url":"https:\/\/suomenkuvalehti.fi\/kirjeita-aidille\/kiitos-olli-immonen\/","og_site_name":"Kirjeit\u00e4 \u00e4idille","article_publisher":"https:\/\/www.facebook.com\/lissu.moulton","article_author":"https:\/\/www.facebook.com\/lissu.moulton","article_published_time":"2015-07-27T10:13:02+00:00","author":"Lissu Moulton","twitter_misc":{"Written by":"Lissu Moulton","Est. reading time":"2 minuuttia"},"schema":{"@context":"https:\/\/schema.org","@graph":[{"@type":"WebPage","@id":"https:\/\/suomenkuvalehti.fi\/kirjeita-aidille\/kiitos-olli-immonen\/","url":"https:\/\/suomenkuvalehti.fi\/kirjeita-aidille\/kiitos-olli-immonen\/","name":"Kiitos, Olli Immonen - Kirjeit\u00e4 \u00e4idille","isPartOf":{"@id":"https:\/\/suomenkuvalehti.fi\/kirjeita-aidille\/#website"},"datePublished":"2015-07-27T10:13:02+00:00","breadcrumb":{"@id":"https:\/\/suomenkuvalehti.fi\/kirjeita-aidille\/kiitos-olli-immonen\/#breadcrumb"},"inLanguage":"fi","potentialAction":[{"@type":"ReadAction","target":["https:\/\/suomenkuvalehti.fi\/kirjeita-aidille\/kiitos-olli-immonen\/"]}]},{"@type":"BreadcrumbList","@id":"https:\/\/suomenkuvalehti.fi\/kirjeita-aidille\/kiitos-olli-immonen\/#breadcrumb","itemListElement":[{"@type":"ListItem","position":1,"name":"Home","item":"https:\/\/suomenkuvalehti.fi\/kirjeita-aidille\/"},{"@type":"ListItem","position":2,"name":"Kiitos, Olli Immonen"}]},{"@type":"WebSite","@id":"https:\/\/suomenkuvalehti.fi\/kirjeita-aidille\/#website","url":"https:\/\/suomenkuvalehti.fi\/kirjeita-aidille\/","name":"Kirjeit\u00e4 \u00e4idille","description":"Suomalaistunut amerikkalaisnainen kirjoittaa New Yorkissa asuvalle \u00e4idilleen.","publisher":{"@id":"https:\/\/suomenkuvalehti.fi\/kirjeita-aidille\/#\/schema\/person\/37d7a7c07d6291f00300813c70ebcedc"},"potentialAction":[{"@type":"SearchAction","target":{"@type":"EntryPoint","urlTemplate":"https:\/\/suomenkuvalehti.fi\/haku\/?q={search_term_string}"},"query-input":{"@type":"PropertyValueSpecification","valueRequired":true,"valueName":"search_term_string"}}],"inLanguage":"fi"},{"@type":["Person","Organization"],"@id":"https:\/\/suomenkuvalehti.fi\/kirjeita-aidille\/#\/schema\/person\/37d7a7c07d6291f00300813c70ebcedc","name":"Lissu Moulton","image":{"@type":"ImageObject","inLanguage":"fi","@id":"https:\/\/suomenkuvalehti.fi\/kirjeita-aidille\/#\/schema\/person\/image\/","url":"https:\/\/suomenkuvalehti.fi\/kirjeita-aidille\/wp-content\/uploads\/sites\/19\/2013\/12\/lissu_003-150x150.jpg","contentUrl":"https:\/\/suomenkuvalehti.fi\/kirjeita-aidille\/wp-content\/uploads\/sites\/19\/2013\/12\/lissu_003-150x150.jpg","caption":"Lissu Moulton"},"logo":{"@id":"https:\/\/suomenkuvalehti.fi\/kirjeita-aidille\/#\/schema\/person\/image\/"},"description":"Kirjoittaja on New Yorkissa varttunut ja Helsingiss\u00e4 naisistunut copywriter.","sameAs":["https:\/\/www.facebook.com\/lissu.moulton","https:\/\/www.instagram.com\/leidimanhattan\/","https:\/\/x.com\/https:\/\/twitter.com\/mediamassage"]},{"@type":"Person","@id":"https:\/\/suomenkuvalehti.fi\/kirjeita-aidille\/#\/schema\/person\/37d7a7c07d6291f00300813c70ebcedc","name":"Lissu Moulton","image":{"@type":"ImageObject","inLanguage":"fi","@id":"https:\/\/suomenkuvalehti.fi\/kirjeita-aidille\/#\/schema\/person\/image\/","url":"https:\/\/suomenkuvalehti.fi\/kirjeita-aidille\/wp-content\/uploads\/sites\/19\/2013\/12\/lissu_003-150x150.jpg","contentUrl":"https:\/\/suomenkuvalehti.fi\/kirjeita-aidille\/wp-content\/uploads\/sites\/19\/2013\/12\/lissu_003-150x150.jpg","caption":"Lissu Moulton"},"description":"Kirjoittaja on New Yorkissa varttunut ja Helsingiss\u00e4 naisistunut copywriter.","sameAs":["https:\/\/www.facebook.com\/lissu.moulton","https:\/\/www.instagram.com\/leidimanhattan\/","https:\/\/x.com\/https:\/\/twitter.com\/mediamassage"]}]}},"_links":{"self":[{"href":"https:\/\/suomenkuvalehti.fi\/kirjeita-aidille\/wp-json\/wp\/v2\/posts\/480","targetHints":{"allow":["GET"]}}],"collection":[{"href":"https:\/\/suomenkuvalehti.fi\/kirjeita-aidille\/wp-json\/wp\/v2\/posts"}],"about":[{"href":"https:\/\/suomenkuvalehti.fi\/kirjeita-aidille\/wp-json\/wp\/v2\/types\/post"}],"author":[{"embeddable":true,"href":"https:\/\/suomenkuvalehti.fi\/kirjeita-aidille\/wp-json\/wp\/v2\/users\/147"}],"replies":[{"embeddable":true,"href":"https:\/\/suomenkuvalehti.fi\/kirjeita-aidille\/wp-json\/wp\/v2\/comments?post=480"}],"version-history":[{"count":2,"href":"https:\/\/suomenkuvalehti.fi\/kirjeita-aidille\/wp-json\/wp\/v2\/posts\/480\/revisions"}],"predecessor-version":[{"id":482,"href":"https:\/\/suomenkuvalehti.fi\/kirjeita-aidille\/wp-json\/wp\/v2\/posts\/480\/revisions\/482"}],"wp:attachment":[{"href":"https:\/\/suomenkuvalehti.fi\/kirjeita-aidille\/wp-json\/wp\/v2\/media?parent=480"}],"wp:term":[{"taxonomy":"category","embeddable":true,"href":"https:\/\/suomenkuvalehti.fi\/kirjeita-aidille\/wp-json\/wp\/v2\/categories?post=480"},{"taxonomy":"post_tag","embeddable":true,"href":"https:\/\/suomenkuvalehti.fi\/kirjeita-aidille\/wp-json\/wp\/v2\/tags?post=480"}],"curies":[{"name":"wp","href":"https:\/\/api.w.org\/{rel}","templated":true}]}}