{"id":214,"date":"2014-07-10T10:56:20","date_gmt":"2014-07-10T07:56:20","guid":{"rendered":"https:\/\/suomenkuvalehti.fi\/kirjeita-aidille\/?p=214"},"modified":"2014-07-11T08:52:26","modified_gmt":"2014-07-11T05:52:26","slug":"think-youre-irreplaceable-youre-wrong","status":"publish","type":"post","link":"https:\/\/suomenkuvalehti.fi\/kirjeita-aidille\/think-youre-irreplaceable-youre-wrong\/","title":{"rendered":"Think you&#8217;re irreplaceable? You&#8217;re wrong"},"content":{"rendered":"\n<p>Dear Lissu,<\/p>\n\n\n\n<p>I read your letter about vacation time off.&nbsp; One thing that really struck me &#8211; I think lots of people, at least in New York (me, included) have the feeling that they can&#8217;t take vacations because they are absolutely necessary to the job.&nbsp; As you know, your father and I met while we were both working at Colt Industries in New York. When we got married, Colt&#8217;s policy was that married people could not work there &#8211; one had to go.&nbsp; I was working for their General Counsel &#8211; the head lawyer.&nbsp; I actually thought I was doing a great job, and was a valued employee.&nbsp; I felt bad about having to leave and worried how my boss would survive without me. It was a great shock to me to find out that I may have been doing a great job, I may have been a valued employee &#8211; but Monday morning someone else was sitting at my desk doing the very same thing.<\/p>\n\n\n\n<p>Lots of people think they&#8217;re irreplaceable at work. But while most businesses (at least the best ones) do value the people who work for them, irreplaceability isn&#8217;t exactly a sound business model.&nbsp; If it was, you wouldn&#8217;t be reading this on your MacBook or iPad right now.<\/p>\n\n\n\n<p>I definitely think the Europeans have it right.&nbsp; Your job is your job.&nbsp; It pays you money so you can enjoy your actual life.&nbsp; At work, you&#8217;re replaceable. To your kids and the people who love you (yourself included), you&#8217;re not.<\/p>\n\n\n\n<p>I think by the time most people reach my age they&#8217;ve learned this lesson. But the earlier you learn it, the better. Show up at work, but never at the cost of not being present in your life.<\/p>\n\n\n\n<p>Love,\nMom<\/p>\n\n\n","protected":false},"excerpt":{"rendered":"<p>Dear Lissu, I read your letter about vacation time off.&nbsp; One thing that really struck me &#8211; I think lots of people, at least in New York (me, included) have the feeling that they can&#8217;t take vacations because they are absolutely necessary to the job.&nbsp; As you&hellip;<\/p>\n","protected":false},"author":147,"featured_media":0,"comment_status":"open","ping_status":"open","sticky":false,"template":"","format":"standard","meta":{"_acf_changed":false,"asauth_required_access_level":0,"asauth_cansharepaid":"true","om_header_attributes":[],"footnotes":"","om_featured_image_focal_point":[],"om_primary_tag":0,"om_contributors":[],"om_co_authors":[],"beyondwords_generate_audio":"","beyondwords_project_id":"","beyondwords_content_id":"","beyondwords_preview_token":"","beyondwords_player_content":"","beyondwords_player_style":"","beyondwords_language_code":"","beyondwords_language_id":"","beyondwords_title_voice_id":"","beyondwords_body_voice_id":"","beyondwords_summary_voice_id":"","beyondwords_error_message":"","beyondwords_disabled":"","beyondwords_delete_content":"","beyondwords_podcast_id":"","beyondwords_hash":"","publish_post_to_speechkit":"","speechkit_hash":"","speechkit_generate_audio":"","speechkit_project_id":"","speechkit_podcast_id":"","speechkit_error_message":"","speechkit_disabled":"","speechkit_access_key":"","speechkit_error":"","speechkit_info":"","speechkit_response":"","speechkit_retries":"","speechkit_status":"","speechkit_updated_at":"","_speechkit_link":"","_speechkit_text":""},"categories":[1],"tags":[157,99,98,137,77],"class_list":["post-214","post","type-post","status-publish","format-standard","hentry","category-kirjeita-aidille","tag-irreplaceable","tag-lessons","tag-life","tag-steve-jobs","tag-work"],"om_views":null,"acf":{"tuuma_off":false,"tuuma_kysymys":"","tuuma_vastaus":""},"asauth":{"required_access_level":1,"share_token":"","is_paid":false},"yoast_head":"<!-- This site is optimized with the Yoast SEO plugin v26.4 - https:\/\/yoast.com\/wordpress\/plugins\/seo\/ -->\n<title>Think you&#039;re irreplaceable? You&#039;re wrong - Kirjeit\u00e4 \u00e4idille<\/title>\n<meta name=\"robots\" content=\"index, follow, max-snippet:-1, max-image-preview:large, max-video-preview:-1\" \/>\n<link rel=\"canonical\" href=\"https:\/\/suomenkuvalehti.fi\/kirjeita-aidille\/think-youre-irreplaceable-youre-wrong\/\" \/>\n<meta property=\"og:locale\" content=\"fi_FI\" \/>\n<meta property=\"og:type\" content=\"article\" \/>\n<meta property=\"og:title\" content=\"Think you&#039;re irreplaceable? You&#039;re wrong - Kirjeit\u00e4 \u00e4idille\" \/>\n<meta property=\"og:description\" content=\"Dear Lissu, I read your letter about vacation time off.&nbsp; One thing that really struck me &#8211; I think lots of people, at least in New York (me, included) have the feeling that they can&#8217;t take vacations because they are absolutely necessary to the job.&nbsp; As you&hellip;\" \/>\n<meta property=\"og:url\" content=\"https:\/\/suomenkuvalehti.fi\/kirjeita-aidille\/think-youre-irreplaceable-youre-wrong\/\" \/>\n<meta property=\"og:site_name\" content=\"Kirjeit\u00e4 \u00e4idille\" \/>\n<meta property=\"article:publisher\" content=\"https:\/\/www.facebook.com\/lissu.moulton\" \/>\n<meta property=\"article:author\" content=\"https:\/\/www.facebook.com\/lissu.moulton\" \/>\n<meta property=\"article:published_time\" content=\"2014-07-10T07:56:20+00:00\" \/>\n<meta property=\"article:modified_time\" content=\"2014-07-11T05:52:26+00:00\" \/>\n<meta name=\"author\" content=\"Lissu Moulton\" \/>\n<meta name=\"twitter:label1\" content=\"Written by\" \/>\n\t<meta name=\"twitter:data1\" content=\"Lissu Moulton\" \/>\n\t<meta name=\"twitter:label2\" content=\"Est. reading time\" \/>\n\t<meta name=\"twitter:data2\" content=\"2 minuuttia\" \/>\n<script type=\"application\/ld+json\" class=\"yoast-schema-graph\">{\"@context\":\"https:\/\/schema.org\",\"@graph\":[{\"@type\":\"WebPage\",\"@id\":\"https:\/\/suomenkuvalehti.fi\/kirjeita-aidille\/think-youre-irreplaceable-youre-wrong\/\",\"url\":\"https:\/\/suomenkuvalehti.fi\/kirjeita-aidille\/think-youre-irreplaceable-youre-wrong\/\",\"name\":\"Think you're irreplaceable? You're wrong - Kirjeit\u00e4 \u00e4idille\",\"isPartOf\":{\"@id\":\"https:\/\/suomenkuvalehti.fi\/kirjeita-aidille\/#website\"},\"datePublished\":\"2014-07-10T07:56:20+00:00\",\"dateModified\":\"2014-07-11T05:52:26+00:00\",\"breadcrumb\":{\"@id\":\"https:\/\/suomenkuvalehti.fi\/kirjeita-aidille\/think-youre-irreplaceable-youre-wrong\/#breadcrumb\"},\"inLanguage\":\"fi\",\"potentialAction\":[{\"@type\":\"ReadAction\",\"target\":[\"https:\/\/suomenkuvalehti.fi\/kirjeita-aidille\/think-youre-irreplaceable-youre-wrong\/\"]}]},{\"@type\":\"BreadcrumbList\",\"@id\":\"https:\/\/suomenkuvalehti.fi\/kirjeita-aidille\/think-youre-irreplaceable-youre-wrong\/#breadcrumb\",\"itemListElement\":[{\"@type\":\"ListItem\",\"position\":1,\"name\":\"Home\",\"item\":\"https:\/\/suomenkuvalehti.fi\/kirjeita-aidille\/\"},{\"@type\":\"ListItem\",\"position\":2,\"name\":\"Think you&#8217;re irreplaceable? You&#8217;re wrong\"}]},{\"@type\":\"WebSite\",\"@id\":\"https:\/\/suomenkuvalehti.fi\/kirjeita-aidille\/#website\",\"url\":\"https:\/\/suomenkuvalehti.fi\/kirjeita-aidille\/\",\"name\":\"Kirjeit\u00e4 \u00e4idille\",\"description\":\"Suomalaistunut amerikkalaisnainen kirjoittaa New Yorkissa asuvalle \u00e4idilleen.\",\"publisher\":{\"@id\":\"https:\/\/suomenkuvalehti.fi\/kirjeita-aidille\/#\/schema\/person\/37d7a7c07d6291f00300813c70ebcedc\"},\"potentialAction\":[{\"@type\":\"SearchAction\",\"target\":{\"@type\":\"EntryPoint\",\"urlTemplate\":\"https:\/\/suomenkuvalehti.fi\/haku\/?q={search_term_string}\"},\"query-input\":{\"@type\":\"PropertyValueSpecification\",\"valueRequired\":true,\"valueName\":\"search_term_string\"}}],\"inLanguage\":\"fi\"},{\"@type\":[\"Person\",\"Organization\"],\"@id\":\"https:\/\/suomenkuvalehti.fi\/kirjeita-aidille\/#\/schema\/person\/37d7a7c07d6291f00300813c70ebcedc\",\"name\":\"Lissu Moulton\",\"image\":{\"@type\":\"ImageObject\",\"inLanguage\":\"fi\",\"@id\":\"https:\/\/suomenkuvalehti.fi\/kirjeita-aidille\/#\/schema\/person\/image\/\",\"url\":\"https:\/\/suomenkuvalehti.fi\/kirjeita-aidille\/wp-content\/uploads\/sites\/19\/2013\/12\/lissu_003-150x150.jpg\",\"contentUrl\":\"https:\/\/suomenkuvalehti.fi\/kirjeita-aidille\/wp-content\/uploads\/sites\/19\/2013\/12\/lissu_003-150x150.jpg\",\"caption\":\"Lissu Moulton\"},\"logo\":{\"@id\":\"https:\/\/suomenkuvalehti.fi\/kirjeita-aidille\/#\/schema\/person\/image\/\"},\"description\":\"Kirjoittaja on New Yorkissa varttunut ja Helsingiss\u00e4 naisistunut copywriter.\",\"sameAs\":[\"https:\/\/www.facebook.com\/lissu.moulton\",\"https:\/\/www.instagram.com\/leidimanhattan\/\",\"https:\/\/x.com\/https:\/\/twitter.com\/mediamassage\"]},{\"@type\":\"Person\",\"@id\":\"https:\/\/suomenkuvalehti.fi\/kirjeita-aidille\/#\/schema\/person\/37d7a7c07d6291f00300813c70ebcedc\",\"name\":\"Lissu Moulton\",\"image\":{\"@type\":\"ImageObject\",\"inLanguage\":\"fi\",\"@id\":\"https:\/\/suomenkuvalehti.fi\/kirjeita-aidille\/#\/schema\/person\/image\/\",\"url\":\"https:\/\/suomenkuvalehti.fi\/kirjeita-aidille\/wp-content\/uploads\/sites\/19\/2013\/12\/lissu_003-150x150.jpg\",\"contentUrl\":\"https:\/\/suomenkuvalehti.fi\/kirjeita-aidille\/wp-content\/uploads\/sites\/19\/2013\/12\/lissu_003-150x150.jpg\",\"caption\":\"Lissu Moulton\"},\"description\":\"Kirjoittaja on New Yorkissa varttunut ja Helsingiss\u00e4 naisistunut copywriter.\",\"sameAs\":[\"https:\/\/www.facebook.com\/lissu.moulton\",\"https:\/\/www.instagram.com\/leidimanhattan\/\",\"https:\/\/x.com\/https:\/\/twitter.com\/mediamassage\"]}]}<\/script>\n<!-- \/ Yoast SEO plugin. -->","yoast_head_json":{"title":"Think you're irreplaceable? You're wrong - Kirjeit\u00e4 \u00e4idille","robots":{"index":"index","follow":"follow","max-snippet":"max-snippet:-1","max-image-preview":"max-image-preview:large","max-video-preview":"max-video-preview:-1"},"canonical":"https:\/\/suomenkuvalehti.fi\/kirjeita-aidille\/think-youre-irreplaceable-youre-wrong\/","og_locale":"fi_FI","og_type":"article","og_title":"Think you're irreplaceable? You're wrong - Kirjeit\u00e4 \u00e4idille","og_description":"Dear Lissu, I read your letter about vacation time off.&nbsp; One thing that really struck me &#8211; I think lots of people, at least in New York (me, included) have the feeling that they can&#8217;t take vacations because they are absolutely necessary to the job.&nbsp; As you&hellip;","og_url":"https:\/\/suomenkuvalehti.fi\/kirjeita-aidille\/think-youre-irreplaceable-youre-wrong\/","og_site_name":"Kirjeit\u00e4 \u00e4idille","article_publisher":"https:\/\/www.facebook.com\/lissu.moulton","article_author":"https:\/\/www.facebook.com\/lissu.moulton","article_published_time":"2014-07-10T07:56:20+00:00","article_modified_time":"2014-07-11T05:52:26+00:00","author":"Lissu Moulton","twitter_misc":{"Written by":"Lissu Moulton","Est. reading time":"2 minuuttia"},"schema":{"@context":"https:\/\/schema.org","@graph":[{"@type":"WebPage","@id":"https:\/\/suomenkuvalehti.fi\/kirjeita-aidille\/think-youre-irreplaceable-youre-wrong\/","url":"https:\/\/suomenkuvalehti.fi\/kirjeita-aidille\/think-youre-irreplaceable-youre-wrong\/","name":"Think you're irreplaceable? You're wrong - Kirjeit\u00e4 \u00e4idille","isPartOf":{"@id":"https:\/\/suomenkuvalehti.fi\/kirjeita-aidille\/#website"},"datePublished":"2014-07-10T07:56:20+00:00","dateModified":"2014-07-11T05:52:26+00:00","breadcrumb":{"@id":"https:\/\/suomenkuvalehti.fi\/kirjeita-aidille\/think-youre-irreplaceable-youre-wrong\/#breadcrumb"},"inLanguage":"fi","potentialAction":[{"@type":"ReadAction","target":["https:\/\/suomenkuvalehti.fi\/kirjeita-aidille\/think-youre-irreplaceable-youre-wrong\/"]}]},{"@type":"BreadcrumbList","@id":"https:\/\/suomenkuvalehti.fi\/kirjeita-aidille\/think-youre-irreplaceable-youre-wrong\/#breadcrumb","itemListElement":[{"@type":"ListItem","position":1,"name":"Home","item":"https:\/\/suomenkuvalehti.fi\/kirjeita-aidille\/"},{"@type":"ListItem","position":2,"name":"Think you&#8217;re irreplaceable? You&#8217;re wrong"}]},{"@type":"WebSite","@id":"https:\/\/suomenkuvalehti.fi\/kirjeita-aidille\/#website","url":"https:\/\/suomenkuvalehti.fi\/kirjeita-aidille\/","name":"Kirjeit\u00e4 \u00e4idille","description":"Suomalaistunut amerikkalaisnainen kirjoittaa New Yorkissa asuvalle \u00e4idilleen.","publisher":{"@id":"https:\/\/suomenkuvalehti.fi\/kirjeita-aidille\/#\/schema\/person\/37d7a7c07d6291f00300813c70ebcedc"},"potentialAction":[{"@type":"SearchAction","target":{"@type":"EntryPoint","urlTemplate":"https:\/\/suomenkuvalehti.fi\/haku\/?q={search_term_string}"},"query-input":{"@type":"PropertyValueSpecification","valueRequired":true,"valueName":"search_term_string"}}],"inLanguage":"fi"},{"@type":["Person","Organization"],"@id":"https:\/\/suomenkuvalehti.fi\/kirjeita-aidille\/#\/schema\/person\/37d7a7c07d6291f00300813c70ebcedc","name":"Lissu Moulton","image":{"@type":"ImageObject","inLanguage":"fi","@id":"https:\/\/suomenkuvalehti.fi\/kirjeita-aidille\/#\/schema\/person\/image\/","url":"https:\/\/suomenkuvalehti.fi\/kirjeita-aidille\/wp-content\/uploads\/sites\/19\/2013\/12\/lissu_003-150x150.jpg","contentUrl":"https:\/\/suomenkuvalehti.fi\/kirjeita-aidille\/wp-content\/uploads\/sites\/19\/2013\/12\/lissu_003-150x150.jpg","caption":"Lissu Moulton"},"logo":{"@id":"https:\/\/suomenkuvalehti.fi\/kirjeita-aidille\/#\/schema\/person\/image\/"},"description":"Kirjoittaja on New Yorkissa varttunut ja Helsingiss\u00e4 naisistunut copywriter.","sameAs":["https:\/\/www.facebook.com\/lissu.moulton","https:\/\/www.instagram.com\/leidimanhattan\/","https:\/\/x.com\/https:\/\/twitter.com\/mediamassage"]},{"@type":"Person","@id":"https:\/\/suomenkuvalehti.fi\/kirjeita-aidille\/#\/schema\/person\/37d7a7c07d6291f00300813c70ebcedc","name":"Lissu Moulton","image":{"@type":"ImageObject","inLanguage":"fi","@id":"https:\/\/suomenkuvalehti.fi\/kirjeita-aidille\/#\/schema\/person\/image\/","url":"https:\/\/suomenkuvalehti.fi\/kirjeita-aidille\/wp-content\/uploads\/sites\/19\/2013\/12\/lissu_003-150x150.jpg","contentUrl":"https:\/\/suomenkuvalehti.fi\/kirjeita-aidille\/wp-content\/uploads\/sites\/19\/2013\/12\/lissu_003-150x150.jpg","caption":"Lissu Moulton"},"description":"Kirjoittaja on New Yorkissa varttunut ja Helsingiss\u00e4 naisistunut copywriter.","sameAs":["https:\/\/www.facebook.com\/lissu.moulton","https:\/\/www.instagram.com\/leidimanhattan\/","https:\/\/x.com\/https:\/\/twitter.com\/mediamassage"]}]}},"_links":{"self":[{"href":"https:\/\/suomenkuvalehti.fi\/kirjeita-aidille\/wp-json\/wp\/v2\/posts\/214","targetHints":{"allow":["GET"]}}],"collection":[{"href":"https:\/\/suomenkuvalehti.fi\/kirjeita-aidille\/wp-json\/wp\/v2\/posts"}],"about":[{"href":"https:\/\/suomenkuvalehti.fi\/kirjeita-aidille\/wp-json\/wp\/v2\/types\/post"}],"author":[{"embeddable":true,"href":"https:\/\/suomenkuvalehti.fi\/kirjeita-aidille\/wp-json\/wp\/v2\/users\/147"}],"replies":[{"embeddable":true,"href":"https:\/\/suomenkuvalehti.fi\/kirjeita-aidille\/wp-json\/wp\/v2\/comments?post=214"}],"version-history":[{"count":2,"href":"https:\/\/suomenkuvalehti.fi\/kirjeita-aidille\/wp-json\/wp\/v2\/posts\/214\/revisions"}],"predecessor-version":[{"id":216,"href":"https:\/\/suomenkuvalehti.fi\/kirjeita-aidille\/wp-json\/wp\/v2\/posts\/214\/revisions\/216"}],"wp:attachment":[{"href":"https:\/\/suomenkuvalehti.fi\/kirjeita-aidille\/wp-json\/wp\/v2\/media?parent=214"}],"wp:term":[{"taxonomy":"category","embeddable":true,"href":"https:\/\/suomenkuvalehti.fi\/kirjeita-aidille\/wp-json\/wp\/v2\/categories?post=214"},{"taxonomy":"post_tag","embeddable":true,"href":"https:\/\/suomenkuvalehti.fi\/kirjeita-aidille\/wp-json\/wp\/v2\/tags?post=214"}],"curies":[{"name":"wp","href":"https:\/\/api.w.org\/{rel}","templated":true}]}}