{"id":188,"date":"2014-06-05T16:28:23","date_gmt":"2014-06-05T13:28:23","guid":{"rendered":"https:\/\/suomenkuvalehti.fi\/kirjeita-aidille\/?p=188"},"modified":"2014-06-06T14:00:32","modified_gmt":"2014-06-06T11:00:32","slug":"kid-einstein","status":"publish","type":"post","link":"https:\/\/suomenkuvalehti.fi\/kirjeita-aidille\/kid-einstein\/","title":{"rendered":"As a kid, he was no Einstein"},"content":{"rendered":"\n<p>Dear Mom,<\/p>\n\n\n\n<p>Last weekend was graduation weekend here. For those who graduated with all As (here, all Ls), there\u2019s reason to celebrate. Their futures are set. It\u2019s just a matter of deciding which university to attend. Which academic dreams to pursue.<\/p>\n\n\n\n<p>For those who graduated, but just barely, there\u2019s \u201ccelebration\u201d, but it\u2019s more \u201cWell, at least she managed to make it through.\u201d<\/p>\n\n\n\n<p>I went to a graduation party for a girl who barely made it out of high school last weekend. \u201cIt\u2019s not that she\u2019s stupid,\u201d I heard someone say. \u201cShe\u2019s just lazy and interested in everything <em>but<\/em> school.\u201d<\/p>\n\n\n\n<p>How terrible for her. I can only imagine how Bill Gates\u2019 and Steve Jobs\u2019 parents must have felt when their sons were too interested in anything but school to graduate. And God knows Walt Disney was a disappointment \u2013 he didn\u2019t even make it through high school. And hey, as a kid, Albert was no Einstein either.<\/p>\n\n\n\n<p>Most of us spend (i.e. waste) a huge amount of time and energy trying not to screw up in life. We\u2019re taught at school not to make mistakes. To do anything but fail. But why? Aren\u2019t we at school to learn? And doesn\u2019t learning come with making mistakes?<\/p>\n\n\n\n<p>As you know, I did go to college. And I got a Master\u2019s degree in politics (heavy on the philosophy). Two sentences from the zillions of sentences I read during my eight years at university have always stuck with me: \u201cThe impediment to action advances action. What stands in the way becomes the way.\u201d Marcus Aurelius said that. He was a Roman Emperor, a philosopher and a very smart dude.<\/p>\n\n\n\n<p>What Aurelius meant and Steve Jobs, Bill Gates, Walt Disney and a whole slew of other \u201cpoor students\u201d prove is this: Failure doesn\u2019t define us. Our ability to learn from it does.<\/p>\n\n\n\n<p>That\u2019s a lesson even some of the brightest students fail to learn. And one that some of the biggest \u201cfailures\u201d seem to know intuitively.<\/p>\n\n\n\n<p>When asked about her post-high school plans, the girl whose graduation party I went to last weekend smiled brightly and said: \u201cI\u2019d love to be a lawyer, but my grades weren\u2019t good enough to even take the entrance exam.\u201d There was an awkward silence, forced smiles and a quick change of subject. But she didn\u2019t really seem to notice. Or if she did, he didn\u2019t seem to care.<\/p>\n\n\n\n<p>Why? Because a little thing like that isn\u2019t going to hold this girl back in life. Sure, it\u2019s a bump in the road. But I have a feeling what stands in her way will become the way.<\/p>\n\n\n\n<p>So to every kid who barely made it out of high school this spring, I say congratulations. I can\u2019t wait to see what amazing things you\u2019ll do.<\/p>\n\n\n\n<p>Love,\nLissu<\/p>\n\n\n","protected":false},"excerpt":{"rendered":"<p>Dear Mom, Last weekend was graduation weekend here. For those who graduated with all As (here, all Ls), there\u2019s reason to celebrate. Their futures are set. It\u2019s just a matter of deciding which university to attend. Which academic dreams to pursue. For those who graduated, but just barely,<br \/>\nthe&hellip;<\/p>\n","protected":false},"author":147,"featured_media":0,"comment_status":"open","ping_status":"open","sticky":false,"template":"","format":"standard","meta":{"_acf_changed":false,"asauth_required_access_level":0,"asauth_cansharepaid":"true","om_header_attributes":[],"footnotes":"","om_featured_image_focal_point":[],"om_primary_tag":0,"om_contributors":[],"om_co_authors":[],"beyondwords_generate_audio":"","beyondwords_project_id":"","beyondwords_content_id":"","beyondwords_preview_token":"","beyondwords_player_content":"","beyondwords_player_style":"","beyondwords_language_code":"","beyondwords_language_id":"","beyondwords_title_voice_id":"","beyondwords_body_voice_id":"","beyondwords_summary_voice_id":"","beyondwords_error_message":"","beyondwords_disabled":"","beyondwords_delete_content":"","beyondwords_podcast_id":"","beyondwords_hash":"","publish_post_to_speechkit":"","speechkit_hash":"","speechkit_generate_audio":"","speechkit_project_id":"","speechkit_podcast_id":"","speechkit_error_message":"","speechkit_disabled":"","speechkit_access_key":"","speechkit_error":"","speechkit_info":"","speechkit_response":"","speechkit_retries":"","speechkit_status":"","speechkit_updated_at":"","_speechkit_link":"","_speechkit_text":""},"categories":[1],"tags":[138,134,135,136,98,137,139],"class_list":["post-188","post","type-post","status-publish","format-standard","hentry","category-kirjeita-aidille","tag-bill-gates","tag-einstein","tag-failure","tag-graduation","tag-life","tag-steve-jobs","tag-walt-disney"],"om_views":null,"acf":{"tuuma_off":false,"tuuma_kysymys":"","tuuma_vastaus":""},"asauth":{"required_access_level":1,"share_token":"","is_paid":false},"yoast_head":"<!-- This site is optimized with the Yoast SEO plugin v26.4 - https:\/\/yoast.com\/wordpress\/plugins\/seo\/ -->\n<title>As a kid, he was no Einstein - Kirjeit\u00e4 \u00e4idille<\/title>\n<meta name=\"robots\" content=\"index, follow, max-snippet:-1, max-image-preview:large, max-video-preview:-1\" \/>\n<link rel=\"canonical\" href=\"https:\/\/suomenkuvalehti.fi\/kirjeita-aidille\/kid-einstein\/\" \/>\n<meta property=\"og:locale\" content=\"fi_FI\" \/>\n<meta property=\"og:type\" content=\"article\" \/>\n<meta property=\"og:title\" content=\"As a kid, he was no Einstein - Kirjeit\u00e4 \u00e4idille\" \/>\n<meta property=\"og:description\" content=\"Dear Mom, Last weekend was graduation weekend here. For those who graduated with all As (here, all Ls), there\u2019s reason to celebrate. Their futures are set. It\u2019s just a matter of deciding which university to attend. Which academic dreams to pursue. For those who graduated, but just barely, the&hellip;\" \/>\n<meta property=\"og:url\" content=\"https:\/\/suomenkuvalehti.fi\/kirjeita-aidille\/kid-einstein\/\" \/>\n<meta property=\"og:site_name\" content=\"Kirjeit\u00e4 \u00e4idille\" \/>\n<meta property=\"article:publisher\" content=\"https:\/\/www.facebook.com\/lissu.moulton\" \/>\n<meta property=\"article:author\" content=\"https:\/\/www.facebook.com\/lissu.moulton\" \/>\n<meta property=\"article:published_time\" content=\"2014-06-05T13:28:23+00:00\" \/>\n<meta property=\"article:modified_time\" content=\"2014-06-06T11:00:32+00:00\" \/>\n<meta name=\"author\" content=\"Lissu Moulton\" \/>\n<meta name=\"twitter:label1\" content=\"Written by\" \/>\n\t<meta name=\"twitter:data1\" content=\"Lissu Moulton\" \/>\n\t<meta name=\"twitter:label2\" content=\"Est. reading time\" \/>\n\t<meta name=\"twitter:data2\" content=\"2 minuuttia\" \/>\n<script type=\"application\/ld+json\" class=\"yoast-schema-graph\">{\"@context\":\"https:\/\/schema.org\",\"@graph\":[{\"@type\":\"WebPage\",\"@id\":\"https:\/\/suomenkuvalehti.fi\/kirjeita-aidille\/kid-einstein\/\",\"url\":\"https:\/\/suomenkuvalehti.fi\/kirjeita-aidille\/kid-einstein\/\",\"name\":\"As a kid, he was no Einstein - Kirjeit\u00e4 \u00e4idille\",\"isPartOf\":{\"@id\":\"https:\/\/suomenkuvalehti.fi\/kirjeita-aidille\/#website\"},\"datePublished\":\"2014-06-05T13:28:23+00:00\",\"dateModified\":\"2014-06-06T11:00:32+00:00\",\"breadcrumb\":{\"@id\":\"https:\/\/suomenkuvalehti.fi\/kirjeita-aidille\/kid-einstein\/#breadcrumb\"},\"inLanguage\":\"fi\",\"potentialAction\":[{\"@type\":\"ReadAction\",\"target\":[\"https:\/\/suomenkuvalehti.fi\/kirjeita-aidille\/kid-einstein\/\"]}]},{\"@type\":\"BreadcrumbList\",\"@id\":\"https:\/\/suomenkuvalehti.fi\/kirjeita-aidille\/kid-einstein\/#breadcrumb\",\"itemListElement\":[{\"@type\":\"ListItem\",\"position\":1,\"name\":\"Home\",\"item\":\"https:\/\/suomenkuvalehti.fi\/kirjeita-aidille\/\"},{\"@type\":\"ListItem\",\"position\":2,\"name\":\"As a kid, he was no Einstein\"}]},{\"@type\":\"WebSite\",\"@id\":\"https:\/\/suomenkuvalehti.fi\/kirjeita-aidille\/#website\",\"url\":\"https:\/\/suomenkuvalehti.fi\/kirjeita-aidille\/\",\"name\":\"Kirjeit\u00e4 \u00e4idille\",\"description\":\"Suomalaistunut amerikkalaisnainen kirjoittaa New Yorkissa asuvalle \u00e4idilleen.\",\"publisher\":{\"@id\":\"https:\/\/suomenkuvalehti.fi\/kirjeita-aidille\/#\/schema\/person\/37d7a7c07d6291f00300813c70ebcedc\"},\"potentialAction\":[{\"@type\":\"SearchAction\",\"target\":{\"@type\":\"EntryPoint\",\"urlTemplate\":\"https:\/\/suomenkuvalehti.fi\/haku\/?q={search_term_string}\"},\"query-input\":{\"@type\":\"PropertyValueSpecification\",\"valueRequired\":true,\"valueName\":\"search_term_string\"}}],\"inLanguage\":\"fi\"},{\"@type\":[\"Person\",\"Organization\"],\"@id\":\"https:\/\/suomenkuvalehti.fi\/kirjeita-aidille\/#\/schema\/person\/37d7a7c07d6291f00300813c70ebcedc\",\"name\":\"Lissu Moulton\",\"image\":{\"@type\":\"ImageObject\",\"inLanguage\":\"fi\",\"@id\":\"https:\/\/suomenkuvalehti.fi\/kirjeita-aidille\/#\/schema\/person\/image\/\",\"url\":\"https:\/\/suomenkuvalehti.fi\/kirjeita-aidille\/wp-content\/uploads\/sites\/19\/2013\/12\/lissu_003-150x150.jpg\",\"contentUrl\":\"https:\/\/suomenkuvalehti.fi\/kirjeita-aidille\/wp-content\/uploads\/sites\/19\/2013\/12\/lissu_003-150x150.jpg\",\"caption\":\"Lissu Moulton\"},\"logo\":{\"@id\":\"https:\/\/suomenkuvalehti.fi\/kirjeita-aidille\/#\/schema\/person\/image\/\"},\"description\":\"Kirjoittaja on New Yorkissa varttunut ja Helsingiss\u00e4 naisistunut copywriter.\",\"sameAs\":[\"https:\/\/www.facebook.com\/lissu.moulton\",\"https:\/\/www.instagram.com\/leidimanhattan\/\",\"https:\/\/x.com\/https:\/\/twitter.com\/mediamassage\"]},{\"@type\":\"Person\",\"@id\":\"https:\/\/suomenkuvalehti.fi\/kirjeita-aidille\/#\/schema\/person\/37d7a7c07d6291f00300813c70ebcedc\",\"name\":\"Lissu Moulton\",\"image\":{\"@type\":\"ImageObject\",\"inLanguage\":\"fi\",\"@id\":\"https:\/\/suomenkuvalehti.fi\/kirjeita-aidille\/#\/schema\/person\/image\/\",\"url\":\"https:\/\/suomenkuvalehti.fi\/kirjeita-aidille\/wp-content\/uploads\/sites\/19\/2013\/12\/lissu_003-150x150.jpg\",\"contentUrl\":\"https:\/\/suomenkuvalehti.fi\/kirjeita-aidille\/wp-content\/uploads\/sites\/19\/2013\/12\/lissu_003-150x150.jpg\",\"caption\":\"Lissu Moulton\"},\"description\":\"Kirjoittaja on New Yorkissa varttunut ja Helsingiss\u00e4 naisistunut copywriter.\",\"sameAs\":[\"https:\/\/www.facebook.com\/lissu.moulton\",\"https:\/\/www.instagram.com\/leidimanhattan\/\",\"https:\/\/x.com\/https:\/\/twitter.com\/mediamassage\"]}]}<\/script>\n<!-- \/ Yoast SEO plugin. -->","yoast_head_json":{"title":"As a kid, he was no Einstein - Kirjeit\u00e4 \u00e4idille","robots":{"index":"index","follow":"follow","max-snippet":"max-snippet:-1","max-image-preview":"max-image-preview:large","max-video-preview":"max-video-preview:-1"},"canonical":"https:\/\/suomenkuvalehti.fi\/kirjeita-aidille\/kid-einstein\/","og_locale":"fi_FI","og_type":"article","og_title":"As a kid, he was no Einstein - Kirjeit\u00e4 \u00e4idille","og_description":"Dear Mom, Last weekend was graduation weekend here. For those who graduated with all As (here, all Ls), there\u2019s reason to celebrate. Their futures are set. It\u2019s just a matter of deciding which university to attend. Which academic dreams to pursue. For those who graduated, but just barely, the&hellip;","og_url":"https:\/\/suomenkuvalehti.fi\/kirjeita-aidille\/kid-einstein\/","og_site_name":"Kirjeit\u00e4 \u00e4idille","article_publisher":"https:\/\/www.facebook.com\/lissu.moulton","article_author":"https:\/\/www.facebook.com\/lissu.moulton","article_published_time":"2014-06-05T13:28:23+00:00","article_modified_time":"2014-06-06T11:00:32+00:00","author":"Lissu Moulton","twitter_misc":{"Written by":"Lissu Moulton","Est. reading time":"2 minuuttia"},"schema":{"@context":"https:\/\/schema.org","@graph":[{"@type":"WebPage","@id":"https:\/\/suomenkuvalehti.fi\/kirjeita-aidille\/kid-einstein\/","url":"https:\/\/suomenkuvalehti.fi\/kirjeita-aidille\/kid-einstein\/","name":"As a kid, he was no Einstein - Kirjeit\u00e4 \u00e4idille","isPartOf":{"@id":"https:\/\/suomenkuvalehti.fi\/kirjeita-aidille\/#website"},"datePublished":"2014-06-05T13:28:23+00:00","dateModified":"2014-06-06T11:00:32+00:00","breadcrumb":{"@id":"https:\/\/suomenkuvalehti.fi\/kirjeita-aidille\/kid-einstein\/#breadcrumb"},"inLanguage":"fi","potentialAction":[{"@type":"ReadAction","target":["https:\/\/suomenkuvalehti.fi\/kirjeita-aidille\/kid-einstein\/"]}]},{"@type":"BreadcrumbList","@id":"https:\/\/suomenkuvalehti.fi\/kirjeita-aidille\/kid-einstein\/#breadcrumb","itemListElement":[{"@type":"ListItem","position":1,"name":"Home","item":"https:\/\/suomenkuvalehti.fi\/kirjeita-aidille\/"},{"@type":"ListItem","position":2,"name":"As a kid, he was no Einstein"}]},{"@type":"WebSite","@id":"https:\/\/suomenkuvalehti.fi\/kirjeita-aidille\/#website","url":"https:\/\/suomenkuvalehti.fi\/kirjeita-aidille\/","name":"Kirjeit\u00e4 \u00e4idille","description":"Suomalaistunut amerikkalaisnainen kirjoittaa New Yorkissa asuvalle \u00e4idilleen.","publisher":{"@id":"https:\/\/suomenkuvalehti.fi\/kirjeita-aidille\/#\/schema\/person\/37d7a7c07d6291f00300813c70ebcedc"},"potentialAction":[{"@type":"SearchAction","target":{"@type":"EntryPoint","urlTemplate":"https:\/\/suomenkuvalehti.fi\/haku\/?q={search_term_string}"},"query-input":{"@type":"PropertyValueSpecification","valueRequired":true,"valueName":"search_term_string"}}],"inLanguage":"fi"},{"@type":["Person","Organization"],"@id":"https:\/\/suomenkuvalehti.fi\/kirjeita-aidille\/#\/schema\/person\/37d7a7c07d6291f00300813c70ebcedc","name":"Lissu Moulton","image":{"@type":"ImageObject","inLanguage":"fi","@id":"https:\/\/suomenkuvalehti.fi\/kirjeita-aidille\/#\/schema\/person\/image\/","url":"https:\/\/suomenkuvalehti.fi\/kirjeita-aidille\/wp-content\/uploads\/sites\/19\/2013\/12\/lissu_003-150x150.jpg","contentUrl":"https:\/\/suomenkuvalehti.fi\/kirjeita-aidille\/wp-content\/uploads\/sites\/19\/2013\/12\/lissu_003-150x150.jpg","caption":"Lissu Moulton"},"logo":{"@id":"https:\/\/suomenkuvalehti.fi\/kirjeita-aidille\/#\/schema\/person\/image\/"},"description":"Kirjoittaja on New Yorkissa varttunut ja Helsingiss\u00e4 naisistunut copywriter.","sameAs":["https:\/\/www.facebook.com\/lissu.moulton","https:\/\/www.instagram.com\/leidimanhattan\/","https:\/\/x.com\/https:\/\/twitter.com\/mediamassage"]},{"@type":"Person","@id":"https:\/\/suomenkuvalehti.fi\/kirjeita-aidille\/#\/schema\/person\/37d7a7c07d6291f00300813c70ebcedc","name":"Lissu Moulton","image":{"@type":"ImageObject","inLanguage":"fi","@id":"https:\/\/suomenkuvalehti.fi\/kirjeita-aidille\/#\/schema\/person\/image\/","url":"https:\/\/suomenkuvalehti.fi\/kirjeita-aidille\/wp-content\/uploads\/sites\/19\/2013\/12\/lissu_003-150x150.jpg","contentUrl":"https:\/\/suomenkuvalehti.fi\/kirjeita-aidille\/wp-content\/uploads\/sites\/19\/2013\/12\/lissu_003-150x150.jpg","caption":"Lissu Moulton"},"description":"Kirjoittaja on New Yorkissa varttunut ja Helsingiss\u00e4 naisistunut copywriter.","sameAs":["https:\/\/www.facebook.com\/lissu.moulton","https:\/\/www.instagram.com\/leidimanhattan\/","https:\/\/x.com\/https:\/\/twitter.com\/mediamassage"]}]}},"_links":{"self":[{"href":"https:\/\/suomenkuvalehti.fi\/kirjeita-aidille\/wp-json\/wp\/v2\/posts\/188","targetHints":{"allow":["GET"]}}],"collection":[{"href":"https:\/\/suomenkuvalehti.fi\/kirjeita-aidille\/wp-json\/wp\/v2\/posts"}],"about":[{"href":"https:\/\/suomenkuvalehti.fi\/kirjeita-aidille\/wp-json\/wp\/v2\/types\/post"}],"author":[{"embeddable":true,"href":"https:\/\/suomenkuvalehti.fi\/kirjeita-aidille\/wp-json\/wp\/v2\/users\/147"}],"replies":[{"embeddable":true,"href":"https:\/\/suomenkuvalehti.fi\/kirjeita-aidille\/wp-json\/wp\/v2\/comments?post=188"}],"version-history":[{"count":6,"href":"https:\/\/suomenkuvalehti.fi\/kirjeita-aidille\/wp-json\/wp\/v2\/posts\/188\/revisions"}],"predecessor-version":[{"id":195,"href":"https:\/\/suomenkuvalehti.fi\/kirjeita-aidille\/wp-json\/wp\/v2\/posts\/188\/revisions\/195"}],"wp:attachment":[{"href":"https:\/\/suomenkuvalehti.fi\/kirjeita-aidille\/wp-json\/wp\/v2\/media?parent=188"}],"wp:term":[{"taxonomy":"category","embeddable":true,"href":"https:\/\/suomenkuvalehti.fi\/kirjeita-aidille\/wp-json\/wp\/v2\/categories?post=188"},{"taxonomy":"post_tag","embeddable":true,"href":"https:\/\/suomenkuvalehti.fi\/kirjeita-aidille\/wp-json\/wp\/v2\/tags?post=188"}],"curies":[{"name":"wp","href":"https:\/\/api.w.org\/{rel}","templated":true}]}}