{"id":96,"date":"2014-03-15T11:22:34","date_gmt":"2014-03-15T09:22:34","guid":{"rendered":"https:\/\/suomenkuvalehti.fi\/kirjailijanpaivakirja\/?p=96"},"modified":"2014-03-15T11:31:44","modified_gmt":"2014-03-15T09:31:44","slug":"kun-kirjahyllyt-katosivat","status":"publish","type":"post","link":"https:\/\/suomenkuvalehti.fi\/kirjailijanpaivakirja\/kun-kirjahyllyt-katosivat\/","title":{"rendered":"Kun kirjahyllyt katosivat"},"content":{"rendered":"\n<p>Viime kuukausina olen viett\u00e4nyt huomattavan paljon aikaa netin asuntoportaaleissa tutustumassa Helsingin kantakaupungissa tarjolla oleviin asuntoihin. Se on samalla mahdollisuus kurkistaa paitsi helsinkil\u00e4isiin koteihin my\u00f6s suomalaisiin unelmiin.<\/p>\n\n\n\n<p>Ennen kuin asunnoista otetaan valokuvia Oikotielle laitettavaksi, ne siivotaan ja laitetaan mahdollisimman houkutteleviksi, jotta kauppa k\u00e4visi ja ostajaehdokas hurmaantuisi maksamaan mahdollisimman paljon.&nbsp;Jobbaaminen eli asuntojen arvonnosto pintaremontilla on vanha toimintatapa, stalaaminen eli asunnon tekeminen houkuttelevaksi meikkaamalla se kantamalla sis\u00e4\u00e4n uudet huonekalut, matot ja taulut, on viime vuosina yleistynyt tapa. Ostetun t\u00e4ysstailauksen ja myyj\u00e4n itsens\u00e4 tekem\u00e4n siistimisj\u00e4rjestelyn v\u00e4liin mahtuu kaikenlaista.<\/p>\n\n\n\n<p>Asuntokuvia katsellessani olen kiinnitt\u00e4nyt huomiota siihen, ett\u00e4 asunnoissa on sangen harvoin kirjahyllyj\u00e4. Mist\u00e4 se johtuu?<\/p>\n\n\n\n<p>Olisiko syy se, ett\u00e4 kirjahylly vie tilaa ja pienent\u00e4\u00e4 huonetta? Asuntokuviinhan asunto pyrit\u00e4\u00e4n saamaan n\u00e4ytt\u00e4m\u00e4\u00e4n mahdollisimman tilavalta, joten kirjahylly kannattaa purkaa ja kirjat vied\u00e4 kellarikomeroon asunnon myynnin ajaksi.<\/p>\n\n\n\n<p>Selitys on liian rationaalinen pit\u00e4\u00e4kseen paikkansa.<\/p>\n\n\n\n<p><span style=\"font-size: 14px; line-height: 1.5em;\">&#8221;T\u00e4m\u00e4h\u00e4n on aivan sinun n\u00e4k\u00f6isesi asunto&#8221;, tokaisi kokenut kiinteist\u00f6nv\u00e4litt\u00e4j\u00e4 minulle eilen. Niin h\u00e4n varmasti sanoo jokaiselle asuntoa katsovalle potentiaalisella ostajalle.<\/span><\/p>\n\n\n\n<p>Stailaajat pyrkiv\u00e4t saamaan asunnon n\u00e4ytt\u00e4m\u00e4\u00e4n sellaiselta, ett\u00e4 ostaja kokisi sen itsens\u00e4 n\u00e4k\u00f6iseksi. Ehk\u00e4 ostaja ei halua n\u00e4hd\u00e4 itse\u00e4\u00e4n kirjojen keskell\u00e4 ajattelemassa kirjojen aiheuttama muuttovaivaa? Tai ehk\u00e4 haaveilemme el\u00e4m\u00e4st\u00e4 ilman kirjoja?<\/p>\n\n\n\n<p>Kun stailaaja rakentaa unelmien kotia, h\u00e4n j\u00e4tt\u00e4\u00e4 siit\u00e4 kirjat pois ja ripottelee p\u00f6yd\u00e4lle iPadin, jossa on pastellis\u00e4vyinen suojakansi, koska haluamme n\u00e4hd\u00e4 itsemme moderneina iPadin hypel\u00f6ijin\u00e4. Stailaajan ensimm\u00e4inen ajatus ei ole rakentaa nojatuolin, kirjahyllyn ja lukuvalon avulla idyllist\u00e4 lukunurkkausta, koska emme halua n\u00e4hd\u00e4 itse\u00e4mme ihmisin\u00e4, joilla on aikaa lukea. Kirjahyllyn sijaan kimppu keltaisia tulppaaneja.<\/p>\n\n\n\n<p>Muutama vuosikymmen sitten kirjahylly oli jonkinmoinen sivistyksen symboli. Nuori perhe hankki tietosanakirjasarjan, koska se kuului sivistyskotiin, ja sellainenhan jokainen koti halusi olla, jos siihen oli mahdollisuus. Kirjakerhosta tuli joka kuukausi uusi nide hyllyn t\u00e4ytteeksi. Niin t\u00e4ydentyi sivistys tai ainakin kirjahylly.<\/p>\n\n\n\n<p>Kulttuurinen muutos, ihanteiden muutos on huomattava mutta ei raju. Se on tapahtunut v\u00e4hitellen. Tietosanakirjasarja ei ehk\u00e4 en\u00e4\u00e4 ole merkki sivistyksest\u00e4 vaan siit\u00e4, ett\u00e4 kirjahylly\u00e4 ei ole hoidettu kunnolla. (Olen eri mielt\u00e4: jos omistaisin Otavan ison tietosanakirjan, k\u00e4ytt\u00e4isin sit\u00e4 nostalgiamatkaoppaana. Vaan eip\u00e4 sit\u00e4 taida saada en\u00e4\u00e4 edes antikvariaateista, sill\u00e4 suurteossarjoista on tullut ongelmaj\u00e4tett\u00e4.)<\/p>\n\n\n\n<p>Asuntosurffauskierroksella silm\u00e4\u00e4n pisti <a href=\"http:\/\/asunnot.oikotie.fi\/myytavat-asunnot\/8273433\" target=\"_blank\">t\u00e4m\u00e4 asuntoilmoitus<\/a>, jonka kuvissa oli muhkea kirjahylly. Esittelytekstiss\u00e4 kerrotaan: &#8221;T\u00e4ss\u00e4 kodissa aika on pys\u00e4htynyt -70-luvulle.&#8221;<\/p>\n\n\n","protected":false},"excerpt":{"rendered":"<p>Viime kuukausina olen viett\u00e4nyt huomattavan paljon aikaa netin asuntoportaaleissa tutustumassa Helsingin kantakaupungissa tarjolla oleviin asuntoihin. Se on samalla mahdollisuus kurkistaa paitsi helsinkil\u00e4isiin koteihin my\u00f6s suomalaisiin unelmiin. Ennen kuin asunnoista otetaan valokuvia Oikotielle<br \/>\nla&hellip;<\/p>\n","protected":false},"author":129,"featured_media":0,"comment_status":"open","ping_status":"open","sticky":false,"template":"","format":"standard","meta":{"_acf_changed":false,"asauth_required_access_level":3,"asauth_cansharepaid":"true","om_header_attributes":[],"footnotes":"","om_featured_image_focal_point":[],"om_primary_tag":0,"om_contributors":[],"om_co_authors":[],"beyondwords_generate_audio":"","beyondwords_project_id":"","beyondwords_content_id":"","beyondwords_preview_token":"","beyondwords_player_content":"","beyondwords_player_style":"","beyondwords_language_code":"","beyondwords_language_id":"","beyondwords_title_voice_id":"","beyondwords_body_voice_id":"","beyondwords_summary_voice_id":"","beyondwords_error_message":"","beyondwords_disabled":"","beyondwords_delete_content":"","beyondwords_podcast_id":"","beyondwords_hash":"","publish_post_to_speechkit":"","speechkit_hash":"","speechkit_generate_audio":"","speechkit_project_id":"","speechkit_podcast_id":"","speechkit_error_message":"","speechkit_disabled":"","speechkit_access_key":"","speechkit_error":"","speechkit_info":"","speechkit_response":"","speechkit_retries":"","speechkit_status":"","speechkit_updated_at":"","_speechkit_link":"","_speechkit_text":""},"categories":[1],"tags":[87],"class_list":["post-96","post","type-post","status-publish","format-standard","hentry","category-kirjailijan-paivakirja","tag-kirjahylly"],"om_views":null,"acf":{"tuuma_off":false,"tuuma_kysymys":"","tuuma_vastaus":""},"asauth":{"required_access_level":1,"share_token":"","is_paid":false},"yoast_head":"<!-- This site is optimized with the Yoast SEO plugin v26.4 - https:\/\/yoast.com\/wordpress\/plugins\/seo\/ -->\n<title>Kun kirjahyllyt katosivat - Kirjailijan p\u00e4iv\u00e4kirja<\/title>\n<meta name=\"robots\" content=\"index, follow, max-snippet:-1, max-image-preview:large, max-video-preview:-1\" \/>\n<link rel=\"canonical\" href=\"https:\/\/suomenkuvalehti.fi\/kirjailijanpaivakirja\/kun-kirjahyllyt-katosivat\/\" \/>\n<meta property=\"og:locale\" content=\"fi_FI\" \/>\n<meta property=\"og:type\" content=\"article\" \/>\n<meta property=\"og:title\" content=\"Kun kirjahyllyt katosivat - Kirjailijan p\u00e4iv\u00e4kirja\" \/>\n<meta property=\"og:description\" content=\"Viime kuukausina olen viett\u00e4nyt huomattavan paljon aikaa netin asuntoportaaleissa tutustumassa Helsingin kantakaupungissa tarjolla oleviin asuntoihin. Se on samalla mahdollisuus kurkistaa paitsi helsinkil\u00e4isiin koteihin my\u00f6s suomalaisiin unelmiin. Ennen kuin asunnoista otetaan valokuvia Oikotielle la&hellip;\" \/>\n<meta property=\"og:url\" content=\"https:\/\/suomenkuvalehti.fi\/kirjailijanpaivakirja\/kun-kirjahyllyt-katosivat\/\" \/>\n<meta property=\"og:site_name\" content=\"Kirjailijan p\u00e4iv\u00e4kirja\" \/>\n<meta property=\"article:published_time\" content=\"2014-03-15T09:22:34+00:00\" \/>\n<meta property=\"article:modified_time\" content=\"2014-03-15T09:31:44+00:00\" \/>\n<meta property=\"og:image\" content=\"https:\/\/suomenkuvalehti.fi\/kirjailijanpaivakirja\/wp-content\/uploads\/sites\/21\/2022\/04\/hamalainen_karo06-1-scaled.jpg\" \/>\n\t<meta property=\"og:image:width\" content=\"2560\" \/>\n\t<meta property=\"og:image:height\" content=\"1706\" \/>\n\t<meta property=\"og:image:type\" content=\"image\/jpeg\" \/>\n<meta name=\"author\" content=\"Karo H\u00e4m\u00e4l\u00e4inen\" \/>\n<meta name=\"twitter:card\" content=\"summary_large_image\" \/>\n<meta name=\"twitter:label1\" content=\"Written by\" \/>\n\t<meta name=\"twitter:data1\" content=\"Karo H\u00e4m\u00e4l\u00e4inen\" \/>\n\t<meta name=\"twitter:label2\" content=\"Est. reading time\" \/>\n\t<meta name=\"twitter:data2\" content=\"2 minuuttia\" \/>\n<script type=\"application\/ld+json\" class=\"yoast-schema-graph\">{\"@context\":\"https:\/\/schema.org\",\"@graph\":[{\"@type\":\"WebPage\",\"@id\":\"https:\/\/suomenkuvalehti.fi\/kirjailijanpaivakirja\/kun-kirjahyllyt-katosivat\/\",\"url\":\"https:\/\/suomenkuvalehti.fi\/kirjailijanpaivakirja\/kun-kirjahyllyt-katosivat\/\",\"name\":\"Kun kirjahyllyt katosivat - Kirjailijan p\u00e4iv\u00e4kirja\",\"isPartOf\":{\"@id\":\"https:\/\/suomenkuvalehti.fi\/kirjailijanpaivakirja\/#website\"},\"datePublished\":\"2014-03-15T09:22:34+00:00\",\"dateModified\":\"2014-03-15T09:31:44+00:00\",\"author\":{\"@id\":\"https:\/\/suomenkuvalehti.fi\/kirjailijanpaivakirja\/#\/schema\/person\/ca2dfd9d508d8c675e07b3c099fc789b\"},\"breadcrumb\":{\"@id\":\"https:\/\/suomenkuvalehti.fi\/kirjailijanpaivakirja\/kun-kirjahyllyt-katosivat\/#breadcrumb\"},\"inLanguage\":\"fi\",\"potentialAction\":[{\"@type\":\"ReadAction\",\"target\":[\"https:\/\/suomenkuvalehti.fi\/kirjailijanpaivakirja\/kun-kirjahyllyt-katosivat\/\"]}]},{\"@type\":\"BreadcrumbList\",\"@id\":\"https:\/\/suomenkuvalehti.fi\/kirjailijanpaivakirja\/kun-kirjahyllyt-katosivat\/#breadcrumb\",\"itemListElement\":[{\"@type\":\"ListItem\",\"position\":1,\"name\":\"Home\",\"item\":\"https:\/\/suomenkuvalehti.fi\/kirjailijanpaivakirja\/\"},{\"@type\":\"ListItem\",\"position\":2,\"name\":\"Kun kirjahyllyt katosivat\"}]},{\"@type\":\"WebSite\",\"@id\":\"https:\/\/suomenkuvalehti.fi\/kirjailijanpaivakirja\/#website\",\"url\":\"https:\/\/suomenkuvalehti.fi\/kirjailijanpaivakirja\/\",\"name\":\"Kirjailijan p\u00e4iv\u00e4kirja\",\"description\":\"Proosakirjailijan arkea ja kirjallisuuden ajankohtaisia aiheita.\",\"potentialAction\":[{\"@type\":\"SearchAction\",\"target\":{\"@type\":\"EntryPoint\",\"urlTemplate\":\"https:\/\/suomenkuvalehti.fi\/haku\/?q={search_term_string}\"},\"query-input\":{\"@type\":\"PropertyValueSpecification\",\"valueRequired\":true,\"valueName\":\"search_term_string\"}}],\"inLanguage\":\"fi\"},{\"@type\":\"Person\",\"@id\":\"https:\/\/suomenkuvalehti.fi\/kirjailijanpaivakirja\/#\/schema\/person\/ca2dfd9d508d8c675e07b3c099fc789b\",\"name\":\"Karo H\u00e4m\u00e4l\u00e4inen\",\"image\":{\"@type\":\"ImageObject\",\"inLanguage\":\"fi\",\"@id\":\"https:\/\/suomenkuvalehti.fi\/kirjailijanpaivakirja\/#\/schema\/person\/image\/\",\"url\":\"https:\/\/suomenkuvalehti.fi\/kirjailijanpaivakirja\/wp-content\/uploads\/sites\/21\/2022\/04\/hamalainen_karo06-1-150x150.jpg\",\"contentUrl\":\"https:\/\/suomenkuvalehti.fi\/kirjailijanpaivakirja\/wp-content\/uploads\/sites\/21\/2022\/04\/hamalainen_karo06-1-150x150.jpg\",\"caption\":\"Karo H\u00e4m\u00e4l\u00e4inen\"},\"description\":\"Karo H\u00e4m\u00e4l\u00e4inen on kirjailija ja talouteen erikoistunut vapaa toimittaja.\"}]}<\/script>\n<!-- \/ Yoast SEO plugin. -->","yoast_head_json":{"title":"Kun kirjahyllyt katosivat - Kirjailijan p\u00e4iv\u00e4kirja","robots":{"index":"index","follow":"follow","max-snippet":"max-snippet:-1","max-image-preview":"max-image-preview:large","max-video-preview":"max-video-preview:-1"},"canonical":"https:\/\/suomenkuvalehti.fi\/kirjailijanpaivakirja\/kun-kirjahyllyt-katosivat\/","og_locale":"fi_FI","og_type":"article","og_title":"Kun kirjahyllyt katosivat - Kirjailijan p\u00e4iv\u00e4kirja","og_description":"Viime kuukausina olen viett\u00e4nyt huomattavan paljon aikaa netin asuntoportaaleissa tutustumassa Helsingin kantakaupungissa tarjolla oleviin asuntoihin. Se on samalla mahdollisuus kurkistaa paitsi helsinkil\u00e4isiin koteihin my\u00f6s suomalaisiin unelmiin. Ennen kuin asunnoista otetaan valokuvia Oikotielle la&hellip;","og_url":"https:\/\/suomenkuvalehti.fi\/kirjailijanpaivakirja\/kun-kirjahyllyt-katosivat\/","og_site_name":"Kirjailijan p\u00e4iv\u00e4kirja","article_published_time":"2014-03-15T09:22:34+00:00","article_modified_time":"2014-03-15T09:31:44+00:00","og_image":[{"width":2560,"height":1706,"url":"https:\/\/suomenkuvalehti.fi\/kirjailijanpaivakirja\/wp-content\/uploads\/sites\/21\/2022\/04\/hamalainen_karo06-1-scaled.jpg","type":"image\/jpeg"}],"author":"Karo H\u00e4m\u00e4l\u00e4inen","twitter_card":"summary_large_image","twitter_misc":{"Written by":"Karo H\u00e4m\u00e4l\u00e4inen","Est. reading time":"2 minuuttia"},"schema":{"@context":"https:\/\/schema.org","@graph":[{"@type":"WebPage","@id":"https:\/\/suomenkuvalehti.fi\/kirjailijanpaivakirja\/kun-kirjahyllyt-katosivat\/","url":"https:\/\/suomenkuvalehti.fi\/kirjailijanpaivakirja\/kun-kirjahyllyt-katosivat\/","name":"Kun kirjahyllyt katosivat - Kirjailijan p\u00e4iv\u00e4kirja","isPartOf":{"@id":"https:\/\/suomenkuvalehti.fi\/kirjailijanpaivakirja\/#website"},"datePublished":"2014-03-15T09:22:34+00:00","dateModified":"2014-03-15T09:31:44+00:00","author":{"@id":"https:\/\/suomenkuvalehti.fi\/kirjailijanpaivakirja\/#\/schema\/person\/ca2dfd9d508d8c675e07b3c099fc789b"},"breadcrumb":{"@id":"https:\/\/suomenkuvalehti.fi\/kirjailijanpaivakirja\/kun-kirjahyllyt-katosivat\/#breadcrumb"},"inLanguage":"fi","potentialAction":[{"@type":"ReadAction","target":["https:\/\/suomenkuvalehti.fi\/kirjailijanpaivakirja\/kun-kirjahyllyt-katosivat\/"]}]},{"@type":"BreadcrumbList","@id":"https:\/\/suomenkuvalehti.fi\/kirjailijanpaivakirja\/kun-kirjahyllyt-katosivat\/#breadcrumb","itemListElement":[{"@type":"ListItem","position":1,"name":"Home","item":"https:\/\/suomenkuvalehti.fi\/kirjailijanpaivakirja\/"},{"@type":"ListItem","position":2,"name":"Kun kirjahyllyt katosivat"}]},{"@type":"WebSite","@id":"https:\/\/suomenkuvalehti.fi\/kirjailijanpaivakirja\/#website","url":"https:\/\/suomenkuvalehti.fi\/kirjailijanpaivakirja\/","name":"Kirjailijan p\u00e4iv\u00e4kirja","description":"Proosakirjailijan arkea ja kirjallisuuden ajankohtaisia aiheita.","potentialAction":[{"@type":"SearchAction","target":{"@type":"EntryPoint","urlTemplate":"https:\/\/suomenkuvalehti.fi\/haku\/?q={search_term_string}"},"query-input":{"@type":"PropertyValueSpecification","valueRequired":true,"valueName":"search_term_string"}}],"inLanguage":"fi"},{"@type":"Person","@id":"https:\/\/suomenkuvalehti.fi\/kirjailijanpaivakirja\/#\/schema\/person\/ca2dfd9d508d8c675e07b3c099fc789b","name":"Karo H\u00e4m\u00e4l\u00e4inen","image":{"@type":"ImageObject","inLanguage":"fi","@id":"https:\/\/suomenkuvalehti.fi\/kirjailijanpaivakirja\/#\/schema\/person\/image\/","url":"https:\/\/suomenkuvalehti.fi\/kirjailijanpaivakirja\/wp-content\/uploads\/sites\/21\/2022\/04\/hamalainen_karo06-1-150x150.jpg","contentUrl":"https:\/\/suomenkuvalehti.fi\/kirjailijanpaivakirja\/wp-content\/uploads\/sites\/21\/2022\/04\/hamalainen_karo06-1-150x150.jpg","caption":"Karo H\u00e4m\u00e4l\u00e4inen"},"description":"Karo H\u00e4m\u00e4l\u00e4inen on kirjailija ja talouteen erikoistunut vapaa toimittaja."}]}},"_links":{"self":[{"href":"https:\/\/suomenkuvalehti.fi\/kirjailijanpaivakirja\/wp-json\/wp\/v2\/posts\/96","targetHints":{"allow":["GET"]}}],"collection":[{"href":"https:\/\/suomenkuvalehti.fi\/kirjailijanpaivakirja\/wp-json\/wp\/v2\/posts"}],"about":[{"href":"https:\/\/suomenkuvalehti.fi\/kirjailijanpaivakirja\/wp-json\/wp\/v2\/types\/post"}],"author":[{"embeddable":true,"href":"https:\/\/suomenkuvalehti.fi\/kirjailijanpaivakirja\/wp-json\/wp\/v2\/users\/129"}],"replies":[{"embeddable":true,"href":"https:\/\/suomenkuvalehti.fi\/kirjailijanpaivakirja\/wp-json\/wp\/v2\/comments?post=96"}],"version-history":[{"count":3,"href":"https:\/\/suomenkuvalehti.fi\/kirjailijanpaivakirja\/wp-json\/wp\/v2\/posts\/96\/revisions"}],"predecessor-version":[{"id":101,"href":"https:\/\/suomenkuvalehti.fi\/kirjailijanpaivakirja\/wp-json\/wp\/v2\/posts\/96\/revisions\/101"}],"wp:attachment":[{"href":"https:\/\/suomenkuvalehti.fi\/kirjailijanpaivakirja\/wp-json\/wp\/v2\/media?parent=96"}],"wp:term":[{"taxonomy":"category","embeddable":true,"href":"https:\/\/suomenkuvalehti.fi\/kirjailijanpaivakirja\/wp-json\/wp\/v2\/categories?post=96"},{"taxonomy":"post_tag","embeddable":true,"href":"https:\/\/suomenkuvalehti.fi\/kirjailijanpaivakirja\/wp-json\/wp\/v2\/tags?post=96"}],"curies":[{"name":"wp","href":"https:\/\/api.w.org\/{rel}","templated":true}]}}