{"id":945,"date":"2017-08-04T17:33:19","date_gmt":"2017-08-04T14:33:19","guid":{"rendered":"https:\/\/suomenkuvalehti.fi\/kirjailijanpaivakirja\/?p=945"},"modified":"2017-08-04T18:28:22","modified_gmt":"2017-08-04T15:28:22","slug":"kirjallisuustapahtuma-tuo-messukeskukseen-ensi-viikolla-yli-3500-ulkomaista-vierasta","status":"publish","type":"post","link":"https:\/\/suomenkuvalehti.fi\/kirjailijanpaivakirja\/kirjallisuustapahtuma-tuo-messukeskukseen-ensi-viikolla-yli-3500-ulkomaista-vierasta\/","title":{"rendered":"Kirjallisuustapahtuma tuo Messukeskukseen ensi viikolla yli 3&nbsp;500 ulkomaista vierasta"},"content":{"rendered":"\n<p>Helsingiss\u00e4 k\u00e4ynnistyy ensi viikon keskiviikkona maailman suurin tieteis- ja fantasiakirjallisuuden tapahtuma World Science Fiction Convention eli Worldcon. Seitsem\u00e4tt\u00e4kymmenett\u00e4viidett\u00e4 kertaa j\u00e4rjestett\u00e4v\u00e4, l\u00e4peens\u00e4 kansainv\u00e4linen tapahtuma rantautuu ensi kertaa Suomeen ja ylip\u00e4\u00e4t\u00e4\u00e4n Pohjoismaihin. Koko Euroopassakaan tapahtumaa ei ole j\u00e4rjestetty kuin kymmenkunta kertaa.<\/p>\n\n\n\n<p>Helsingin messukeskuksen t\u00e4ytt\u00e4v\u00e4ss\u00e4 viisip\u00e4iv\u00e4isess\u00e4 tapahtumassa on yli 800 tuntia ohjelmaa, p\u00e4\u00e4osin englanniksi.<\/p>\n\n\n\n<p>Torstain tietojen mukaan Worldcon 75 -tapahtumaan on tulossa 5700 osallistujaa, joista reilut 2000 Suomesta ja reilut 3500 ulkomailta. Suurimmat ulkomaalaisryhm\u00e4t ovat yhdysvaltalaiset (yli 1300) ja britit (noin 750), mutta esimerkiksi Kiinasta Helsinkiin on tulossa kaikkien aikojen suurin osanottajam\u00e4\u00e4r\u00e4, 89 henkil\u00f6\u00e4. My\u00f6s maapallon toiselta puolen Australiasta Helsinkiin saapuu noin sata scififania.<\/p>\n\n\n\n<p>Hakuprosessissa ja Worldcon 75:n j\u00e4rjestelyiss\u00e4 itsekin mukana ollut kirjailija ja scifiaktiivi <strong>Vesa Sis\u00e4tt\u00f6<\/strong> kertoo, ett\u00e4 tapahtuman saamisesta Suomeen on haaveiltu 1980-luvulta alkaen, jolloin suomalaiset scififanit alkoivat k\u00e4yd\u00e4 Worldconeissa.<\/p>\n\n\n\n<p>&#8221;Toden teolla hankkeeseen ryhdyttiin hieman yll\u00e4tt\u00e4en syksyll\u00e4 2012 tuon vuoden Worldconissa, kun <strong>Eemeli Aro<\/strong> k\u00e4ynnisti Helsinki in 2015 -hankkeen. Vuoden 2015 Worldconille oli kaksi kilpailevaa hakijaa, jotka eiv\u00e4t olleet kovin suosittuja, joten Eemeli p\u00e4\u00e4tti yhdess\u00e4 erin\u00e4isten amerikkalaisten scififanien kanssa yritt\u00e4\u00e4, josko saisimme Worldconin Helsinkiin.&#8221;<\/p>\n\n\n\n<p>Vuoden 2015 is\u00e4nt\u00e4kaupungista \u00e4\u00e4nestettiin vuoden 2013 Worldconissa Teksasissa. Suomi kuitenkin h\u00e4visi tuolloin \u00e4\u00e4nin 610\u2013645 Washingtonin osavaltiossa sijaitsevalle Spokanelle.<\/p>\n\n\n\n<p>&#8221;Jo kuukautta my\u00f6hemmin k\u00e4ynnistimme uuden hankkeen, vuodelle 2017. Nyt mukana oli isompi joukko suomalaisia. Seuraavat kaksi vuotta olivat todella aktiivista kampanjointia. Pidimme esittelyp\u00f6yti\u00e4 ja Suomi-bileit\u00e4 muun muassa vuoden 2014 Lontoon Worldconissa ja lukuisissa muissa scifitapahtumissa ymp\u00e4ri maailmaa. Se vaati satoja vapaaehtoisty\u00f6tunteja ja paljon rahaa, jota Helsinki in 2017 -hanketta kannattavat suomalaiset ja ulkomaiset fanit maksoivat p\u00e4\u00e4osin omista taskuistaan&#8221;, Sis\u00e4tt\u00f6 kertoo.<\/p>\n\n\n\n<p>T\u00e4m\u00e4n vuoden Worldconin is\u00e4nt\u00e4kaupungista \u00e4\u00e4nestiv\u00e4t vuoden 2015 Worldconin osallistujat. Helsinki voitti ylivoimaisesti kolme kilpailijaa, joista kovin vastus oli Washington D.C.<\/p>\n\n\n\n<p>&#8221;Olin mukana Spokanessa ja viel\u00e4p\u00e4 j\u00e4nnitt\u00e4v\u00e4ss\u00e4 \u00e4\u00e4ntenlaskussa. Tapahtuma on j\u00e4\u00e4nyt mieleeni ikimuistoisena \u2013 oman vivahteen tilanteeseen toivat Spokanen ymp\u00e4rist\u00f6ss\u00e4 riehuvat mets\u00e4palot, jotka \u00e4\u00e4ntenlaskun aikaan perjantai-iltana muuttivat taivaan vihert\u00e4v\u00e4nkeltaiseksi matoksi, jonka l\u00e4pi paistoi punainen aurinko&#8221;, Sis\u00e4tt\u00f6 kertoo.<\/p>\n\n\n\n<p>Worldcon-is\u00e4nnyyteen on varmasti vaikuttanut sekin, ett\u00e4 suomalainen scifi- ja fantasiakirjallisuus on maailmalla kovaa valuuttaa, ja onpa suomalaisia alan kirjailijoita profiloitu ja br\u00e4nd\u00e4tty suomikumma-m\u00e4\u00e4reen alle. Esimerkiksi <strong>Johanna Sinisalon<\/strong>, <strong>Emmi It\u00e4rannan<\/strong> ja <strong>Pasi Ilmari J\u00e4\u00e4skel\u00e4isen <\/strong>teoksia on paitsi k\u00e4\u00e4nnetty niit\u00e4 on my\u00f6s huomattu maailmalla.<\/p>\n\n\n\n<p>Sis\u00e4t\u00f6n mukaan my\u00f6s suomalaisilla scifiaktiiveilla on hyv\u00e4 maine.<\/p>\n\n\n\n<p>&#8221;Kansallinen scifitapahtumamme Finncon on Euroopan suurimpia alan tapahtumia, ja monet meill\u00e4 kunniavieraina olleet kirjailijat ovat olleet hyvin tyytyv\u00e4isi\u00e4 kokemaansa.&#8221;<\/p>\n\n\n\n<p>Worldcon 75:ll\u00e4 on kansainv\u00e4linen j\u00e4rjestelykomitea, jonka taustalla on Maa ja ilma ry -niminen yhdistys, jonka hallitukseen Sis\u00e4tt\u00f6 kuuluu.<\/p>\n\n\n\n<p><em>Kuinka lysti rahoitetaan?<\/em><\/p>\n\n\n\n<p>&#8221;Tapahtuman t\u00e4rkein tulonl\u00e4hde ovat p\u00e4\u00e4symaksutulot. Worldcon ei myy &#8217;p\u00e4\u00e4sylippuja&#8217; vaan j\u00e4senyyksi\u00e4 \u2013 t\u00e4ll\u00e4 korostetaan tapahtuman yhteis\u00f6llist\u00e4 luonnetta. J\u00e4senyyksi\u00e4 on kahta perustyyppi\u00e4: <em>attending<\/em>-j\u00e4senyyksi\u00e4, joilla voi osallistua tapahtumaan, ja <em>supporting<\/em>-j\u00e4senyyksi\u00e4, jotka antavat oikeuden osallistua \u00e4\u00e4nestyksiin Hugo-palkinnosta ja kahden vuoden p\u00e4\u00e4st\u00e4 j\u00e4rjestett\u00e4v\u00e4n Worldconin is\u00e4nt\u00e4kaupungista. J\u00e4senmaksutulojen lis\u00e4ksi saamme rahaa muun muassa mainos- ja p\u00f6yt\u00e4myynnist\u00e4, sponsoreilta, apurahoista ja oheistuotteiden myynnist\u00e4&#8221;, Sis\u00e4tt\u00f6 kertoo.<\/p>\n\n\n\n<p>Vesa Sis\u00e4tt\u00f6 on vieraillut Worldcon-tapahtumassa aiemmin kolme kertaa. H\u00e4n sanoo, ett\u00e4 pitk\u00e4\u00e4n Worldconeissa k\u00e4yneille tapahtuma on ennen kaikkea er\u00e4\u00e4nlainen oman heimon kokoontuminen, jossa vaihdetaan kuulumisia vanhojen yst\u00e4vien kanssa ja haistellaan uusia tuulia. Uudelle k\u00e4vij\u00e4lle Worldcon taas saattaa parhaimmillaan olla kokemus oman heimon l\u00f6yt\u00e4misest\u00e4.<\/p>\n\n\n\n<p>&#8221;Worldcon on paras paikka selvitt\u00e4\u00e4, mit\u00e4 tieteis- ja fantasiafiktion maailmassa on uutta ja kiinnostavaa t\u00e4ll\u00e4 hetkell\u00e4.&#8221;<\/p>\n\n\n\n<p><em>Mit\u00e4 ohjelmanumeroita odotat ensi viikolta eniten?<\/em><\/p>\n\n\n\n<p>&#8221;Koska olen j\u00e4rjest\u00e4m\u00e4ss\u00e4 tapahtumaa, en ole uskaltanut katsoa ohjelmaa kovin paljon: pelk\u00e4\u00e4n ett\u00e4 erilaisten hoidettavien hommien vuoksi saatan esty\u00e4 n\u00e4kem\u00e4st\u00e4 juuri kaikkein kiinnostavimmat ohjelmat. Nyt kun vilkaisin, pelk\u00e4st\u00e4\u00e4n aloitusp\u00e4iv\u00e4lt\u00e4 l\u00f6ysin kymmenkunta ohjelmaa, jotka haluaisin n\u00e4hd\u00e4: pohjoismaisen fantasian erityispiirteist\u00e4 kahjoimpien scifikirjojen kansien esittelyyn. Worldconin huippukohtia ovat scifimaailman Oscarien, eli Hugo-palkintojen jako perjantaina ja naamiaiset lauantaina.&#8221;<\/p>\n\n\n\n<p><em>Onko Worldcon sis\u00e4piiril\u00e4isten kokoontumisajot, vai kannattaako yleisesti kirjallisuudesta kiinnostuneenkin tulla k\u00e4ym\u00e4\u00e4n tapahtumassa?<\/em><\/p>\n\n\n\n<p>&#8221;Ehdottomasti Worldcon sopii kaikille, joita tieteis- ja fantasiafiktio kiinnostavat! Ensikertalaisen kannattaa keskiviikkona menn\u00e4 katsomaan ohjelmia, joissa kerrotaan miten ensikertalaiset saavat parhaat tehot irti Worldcon-k\u00e4ynnist\u00e4\u00e4n.&#8221;<\/p>\n\n\n\n<p>&#8221;Toki tapahtumassa on oma sis\u00e4piirim\u00e4isyytens\u00e4, mutta aina on mukana my\u00f6s satoja ihmisi\u00e4 jotka ovat ensimm\u00e4isess\u00e4 Worldconissaan \u2013 Helsingin ensikertalaisia on per\u00e4ti 2000, n\u00e4ist\u00e4 1200 suomalaisia.&#8221;<\/p>\n\n\n","protected":false},"excerpt":{"rendered":"<p>Worldcon on maailman suurin tieteis- ja fantasiakirjallisuuden tapahtuma.<\/p>\n","protected":false},"author":129,"featured_media":0,"comment_status":"open","ping_status":"open","sticky":false,"template":"","format":"standard","meta":{"_acf_changed":false,"asauth_required_access_level":3,"asauth_cansharepaid":"true","om_header_attributes":[],"footnotes":"","om_featured_image_focal_point":[],"om_primary_tag":0,"om_contributors":[],"om_co_authors":[],"beyondwords_generate_audio":"","beyondwords_project_id":"","beyondwords_content_id":"","beyondwords_preview_token":"","beyondwords_player_content":"","beyondwords_player_style":"","beyondwords_language_code":"","beyondwords_language_id":"","beyondwords_title_voice_id":"","beyondwords_body_voice_id":"","beyondwords_summary_voice_id":"","beyondwords_error_message":"","beyondwords_disabled":"","beyondwords_delete_content":"","beyondwords_podcast_id":"","beyondwords_hash":"","publish_post_to_speechkit":"","speechkit_hash":"","speechkit_generate_audio":"","speechkit_project_id":"","speechkit_podcast_id":"","speechkit_error_message":"","speechkit_disabled":"","speechkit_access_key":"","speechkit_error":"","speechkit_info":"","speechkit_response":"","speechkit_retries":"","speechkit_status":"","speechkit_updated_at":"","_speechkit_link":"","_speechkit_text":""},"categories":[1],"tags":[998,995,214,996,997,999,993,994],"class_list":["post-945","post","type-post","status-publish","format-standard","hentry","category-kirjailijan-paivakirja","tag-fantasia","tag-helsinkki","tag-kirjallisuustapahtumat","tag-messukeskus","tag-scifi","tag-vesa-sisatto","tag-worldcon","tag-worldcon-75"],"om_views":null,"acf":{"tuuma_off":false,"tuuma_kysymys":"","tuuma_vastaus":""},"asauth":{"required_access_level":1,"share_token":"","is_paid":false},"yoast_head":"<!-- This site is optimized with the Yoast SEO plugin v26.4 - https:\/\/yoast.com\/wordpress\/plugins\/seo\/ -->\n<title>Kirjallisuustapahtuma tuo Messukeskukseen ensi viikolla yli 3&nbsp;500 ulkomaista vierasta - Kirjailijan p\u00e4iv\u00e4kirja<\/title>\n<meta name=\"robots\" content=\"index, follow, max-snippet:-1, max-image-preview:large, max-video-preview:-1\" \/>\n<link rel=\"canonical\" href=\"https:\/\/suomenkuvalehti.fi\/kirjailijanpaivakirja\/kirjallisuustapahtuma-tuo-messukeskukseen-ensi-viikolla-yli-3500-ulkomaista-vierasta\/\" \/>\n<meta property=\"og:locale\" content=\"fi_FI\" \/>\n<meta property=\"og:type\" content=\"article\" \/>\n<meta property=\"og:title\" content=\"Kirjallisuustapahtuma tuo Messukeskukseen ensi viikolla yli 3&nbsp;500 ulkomaista vierasta - Kirjailijan p\u00e4iv\u00e4kirja\" \/>\n<meta property=\"og:description\" content=\"Worldcon on maailman suurin tieteis- ja fantasiakirjallisuuden tapahtuma.\" \/>\n<meta property=\"og:url\" content=\"https:\/\/suomenkuvalehti.fi\/kirjailijanpaivakirja\/kirjallisuustapahtuma-tuo-messukeskukseen-ensi-viikolla-yli-3500-ulkomaista-vierasta\/\" \/>\n<meta property=\"og:site_name\" content=\"Kirjailijan p\u00e4iv\u00e4kirja\" \/>\n<meta property=\"article:published_time\" content=\"2017-08-04T14:33:19+00:00\" \/>\n<meta property=\"article:modified_time\" content=\"2017-08-04T15:28:22+00:00\" \/>\n<meta property=\"og:image\" content=\"https:\/\/suomenkuvalehti.fi\/kirjailijanpaivakirja\/wp-content\/uploads\/sites\/21\/2022\/04\/hamalainen_karo06-1-scaled.jpg\" \/>\n\t<meta property=\"og:image:width\" content=\"2560\" \/>\n\t<meta property=\"og:image:height\" content=\"1706\" \/>\n\t<meta property=\"og:image:type\" content=\"image\/jpeg\" \/>\n<meta name=\"author\" content=\"Karo H\u00e4m\u00e4l\u00e4inen\" \/>\n<meta name=\"twitter:card\" content=\"summary_large_image\" \/>\n<meta name=\"twitter:label1\" content=\"Written by\" \/>\n\t<meta name=\"twitter:data1\" content=\"Karo H\u00e4m\u00e4l\u00e4inen\" \/>\n\t<meta name=\"twitter:label2\" content=\"Est. reading time\" \/>\n\t<meta name=\"twitter:data2\" content=\"4 minuuttia\" \/>\n<script type=\"application\/ld+json\" class=\"yoast-schema-graph\">{\"@context\":\"https:\/\/schema.org\",\"@graph\":[{\"@type\":\"WebPage\",\"@id\":\"https:\/\/suomenkuvalehti.fi\/kirjailijanpaivakirja\/kirjallisuustapahtuma-tuo-messukeskukseen-ensi-viikolla-yli-3500-ulkomaista-vierasta\/\",\"url\":\"https:\/\/suomenkuvalehti.fi\/kirjailijanpaivakirja\/kirjallisuustapahtuma-tuo-messukeskukseen-ensi-viikolla-yli-3500-ulkomaista-vierasta\/\",\"name\":\"Kirjallisuustapahtuma tuo Messukeskukseen ensi viikolla yli 3&nbsp;500 ulkomaista vierasta - Kirjailijan p\u00e4iv\u00e4kirja\",\"isPartOf\":{\"@id\":\"https:\/\/suomenkuvalehti.fi\/kirjailijanpaivakirja\/#website\"},\"datePublished\":\"2017-08-04T14:33:19+00:00\",\"dateModified\":\"2017-08-04T15:28:22+00:00\",\"author\":{\"@id\":\"https:\/\/suomenkuvalehti.fi\/kirjailijanpaivakirja\/#\/schema\/person\/ca2dfd9d508d8c675e07b3c099fc789b\"},\"breadcrumb\":{\"@id\":\"https:\/\/suomenkuvalehti.fi\/kirjailijanpaivakirja\/kirjallisuustapahtuma-tuo-messukeskukseen-ensi-viikolla-yli-3500-ulkomaista-vierasta\/#breadcrumb\"},\"inLanguage\":\"fi\",\"potentialAction\":[{\"@type\":\"ReadAction\",\"target\":[\"https:\/\/suomenkuvalehti.fi\/kirjailijanpaivakirja\/kirjallisuustapahtuma-tuo-messukeskukseen-ensi-viikolla-yli-3500-ulkomaista-vierasta\/\"]}]},{\"@type\":\"BreadcrumbList\",\"@id\":\"https:\/\/suomenkuvalehti.fi\/kirjailijanpaivakirja\/kirjallisuustapahtuma-tuo-messukeskukseen-ensi-viikolla-yli-3500-ulkomaista-vierasta\/#breadcrumb\",\"itemListElement\":[{\"@type\":\"ListItem\",\"position\":1,\"name\":\"Home\",\"item\":\"https:\/\/suomenkuvalehti.fi\/kirjailijanpaivakirja\/\"},{\"@type\":\"ListItem\",\"position\":2,\"name\":\"Kirjallisuustapahtuma tuo Messukeskukseen ensi viikolla yli 3&nbsp;500 ulkomaista vierasta\"}]},{\"@type\":\"WebSite\",\"@id\":\"https:\/\/suomenkuvalehti.fi\/kirjailijanpaivakirja\/#website\",\"url\":\"https:\/\/suomenkuvalehti.fi\/kirjailijanpaivakirja\/\",\"name\":\"Kirjailijan p\u00e4iv\u00e4kirja\",\"description\":\"Proosakirjailijan arkea ja kirjallisuuden ajankohtaisia aiheita.\",\"potentialAction\":[{\"@type\":\"SearchAction\",\"target\":{\"@type\":\"EntryPoint\",\"urlTemplate\":\"https:\/\/suomenkuvalehti.fi\/haku\/?q={search_term_string}\"},\"query-input\":{\"@type\":\"PropertyValueSpecification\",\"valueRequired\":true,\"valueName\":\"search_term_string\"}}],\"inLanguage\":\"fi\"},{\"@type\":\"Person\",\"@id\":\"https:\/\/suomenkuvalehti.fi\/kirjailijanpaivakirja\/#\/schema\/person\/ca2dfd9d508d8c675e07b3c099fc789b\",\"name\":\"Karo H\u00e4m\u00e4l\u00e4inen\",\"image\":{\"@type\":\"ImageObject\",\"inLanguage\":\"fi\",\"@id\":\"https:\/\/suomenkuvalehti.fi\/kirjailijanpaivakirja\/#\/schema\/person\/image\/\",\"url\":\"https:\/\/suomenkuvalehti.fi\/kirjailijanpaivakirja\/wp-content\/uploads\/sites\/21\/2022\/04\/hamalainen_karo06-1-150x150.jpg\",\"contentUrl\":\"https:\/\/suomenkuvalehti.fi\/kirjailijanpaivakirja\/wp-content\/uploads\/sites\/21\/2022\/04\/hamalainen_karo06-1-150x150.jpg\",\"caption\":\"Karo H\u00e4m\u00e4l\u00e4inen\"},\"description\":\"Karo H\u00e4m\u00e4l\u00e4inen on kirjailija ja talouteen erikoistunut vapaa toimittaja.\"}]}<\/script>\n<!-- \/ Yoast SEO plugin. -->","yoast_head_json":{"title":"Kirjallisuustapahtuma tuo Messukeskukseen ensi viikolla yli 3&nbsp;500 ulkomaista vierasta - Kirjailijan p\u00e4iv\u00e4kirja","robots":{"index":"index","follow":"follow","max-snippet":"max-snippet:-1","max-image-preview":"max-image-preview:large","max-video-preview":"max-video-preview:-1"},"canonical":"https:\/\/suomenkuvalehti.fi\/kirjailijanpaivakirja\/kirjallisuustapahtuma-tuo-messukeskukseen-ensi-viikolla-yli-3500-ulkomaista-vierasta\/","og_locale":"fi_FI","og_type":"article","og_title":"Kirjallisuustapahtuma tuo Messukeskukseen ensi viikolla yli 3&nbsp;500 ulkomaista vierasta - Kirjailijan p\u00e4iv\u00e4kirja","og_description":"Worldcon on maailman suurin tieteis- ja fantasiakirjallisuuden tapahtuma.","og_url":"https:\/\/suomenkuvalehti.fi\/kirjailijanpaivakirja\/kirjallisuustapahtuma-tuo-messukeskukseen-ensi-viikolla-yli-3500-ulkomaista-vierasta\/","og_site_name":"Kirjailijan p\u00e4iv\u00e4kirja","article_published_time":"2017-08-04T14:33:19+00:00","article_modified_time":"2017-08-04T15:28:22+00:00","og_image":[{"width":2560,"height":1706,"url":"https:\/\/suomenkuvalehti.fi\/kirjailijanpaivakirja\/wp-content\/uploads\/sites\/21\/2022\/04\/hamalainen_karo06-1-scaled.jpg","type":"image\/jpeg"}],"author":"Karo H\u00e4m\u00e4l\u00e4inen","twitter_card":"summary_large_image","twitter_misc":{"Written by":"Karo H\u00e4m\u00e4l\u00e4inen","Est. reading time":"4 minuuttia"},"schema":{"@context":"https:\/\/schema.org","@graph":[{"@type":"WebPage","@id":"https:\/\/suomenkuvalehti.fi\/kirjailijanpaivakirja\/kirjallisuustapahtuma-tuo-messukeskukseen-ensi-viikolla-yli-3500-ulkomaista-vierasta\/","url":"https:\/\/suomenkuvalehti.fi\/kirjailijanpaivakirja\/kirjallisuustapahtuma-tuo-messukeskukseen-ensi-viikolla-yli-3500-ulkomaista-vierasta\/","name":"Kirjallisuustapahtuma tuo Messukeskukseen ensi viikolla yli 3&nbsp;500 ulkomaista vierasta - Kirjailijan p\u00e4iv\u00e4kirja","isPartOf":{"@id":"https:\/\/suomenkuvalehti.fi\/kirjailijanpaivakirja\/#website"},"datePublished":"2017-08-04T14:33:19+00:00","dateModified":"2017-08-04T15:28:22+00:00","author":{"@id":"https:\/\/suomenkuvalehti.fi\/kirjailijanpaivakirja\/#\/schema\/person\/ca2dfd9d508d8c675e07b3c099fc789b"},"breadcrumb":{"@id":"https:\/\/suomenkuvalehti.fi\/kirjailijanpaivakirja\/kirjallisuustapahtuma-tuo-messukeskukseen-ensi-viikolla-yli-3500-ulkomaista-vierasta\/#breadcrumb"},"inLanguage":"fi","potentialAction":[{"@type":"ReadAction","target":["https:\/\/suomenkuvalehti.fi\/kirjailijanpaivakirja\/kirjallisuustapahtuma-tuo-messukeskukseen-ensi-viikolla-yli-3500-ulkomaista-vierasta\/"]}]},{"@type":"BreadcrumbList","@id":"https:\/\/suomenkuvalehti.fi\/kirjailijanpaivakirja\/kirjallisuustapahtuma-tuo-messukeskukseen-ensi-viikolla-yli-3500-ulkomaista-vierasta\/#breadcrumb","itemListElement":[{"@type":"ListItem","position":1,"name":"Home","item":"https:\/\/suomenkuvalehti.fi\/kirjailijanpaivakirja\/"},{"@type":"ListItem","position":2,"name":"Kirjallisuustapahtuma tuo Messukeskukseen ensi viikolla yli 3&nbsp;500 ulkomaista vierasta"}]},{"@type":"WebSite","@id":"https:\/\/suomenkuvalehti.fi\/kirjailijanpaivakirja\/#website","url":"https:\/\/suomenkuvalehti.fi\/kirjailijanpaivakirja\/","name":"Kirjailijan p\u00e4iv\u00e4kirja","description":"Proosakirjailijan arkea ja kirjallisuuden ajankohtaisia aiheita.","potentialAction":[{"@type":"SearchAction","target":{"@type":"EntryPoint","urlTemplate":"https:\/\/suomenkuvalehti.fi\/haku\/?q={search_term_string}"},"query-input":{"@type":"PropertyValueSpecification","valueRequired":true,"valueName":"search_term_string"}}],"inLanguage":"fi"},{"@type":"Person","@id":"https:\/\/suomenkuvalehti.fi\/kirjailijanpaivakirja\/#\/schema\/person\/ca2dfd9d508d8c675e07b3c099fc789b","name":"Karo H\u00e4m\u00e4l\u00e4inen","image":{"@type":"ImageObject","inLanguage":"fi","@id":"https:\/\/suomenkuvalehti.fi\/kirjailijanpaivakirja\/#\/schema\/person\/image\/","url":"https:\/\/suomenkuvalehti.fi\/kirjailijanpaivakirja\/wp-content\/uploads\/sites\/21\/2022\/04\/hamalainen_karo06-1-150x150.jpg","contentUrl":"https:\/\/suomenkuvalehti.fi\/kirjailijanpaivakirja\/wp-content\/uploads\/sites\/21\/2022\/04\/hamalainen_karo06-1-150x150.jpg","caption":"Karo H\u00e4m\u00e4l\u00e4inen"},"description":"Karo H\u00e4m\u00e4l\u00e4inen on kirjailija ja talouteen erikoistunut vapaa toimittaja."}]}},"_links":{"self":[{"href":"https:\/\/suomenkuvalehti.fi\/kirjailijanpaivakirja\/wp-json\/wp\/v2\/posts\/945","targetHints":{"allow":["GET"]}}],"collection":[{"href":"https:\/\/suomenkuvalehti.fi\/kirjailijanpaivakirja\/wp-json\/wp\/v2\/posts"}],"about":[{"href":"https:\/\/suomenkuvalehti.fi\/kirjailijanpaivakirja\/wp-json\/wp\/v2\/types\/post"}],"author":[{"embeddable":true,"href":"https:\/\/suomenkuvalehti.fi\/kirjailijanpaivakirja\/wp-json\/wp\/v2\/users\/129"}],"replies":[{"embeddable":true,"href":"https:\/\/suomenkuvalehti.fi\/kirjailijanpaivakirja\/wp-json\/wp\/v2\/comments?post=945"}],"version-history":[{"count":3,"href":"https:\/\/suomenkuvalehti.fi\/kirjailijanpaivakirja\/wp-json\/wp\/v2\/posts\/945\/revisions"}],"predecessor-version":[{"id":948,"href":"https:\/\/suomenkuvalehti.fi\/kirjailijanpaivakirja\/wp-json\/wp\/v2\/posts\/945\/revisions\/948"}],"wp:attachment":[{"href":"https:\/\/suomenkuvalehti.fi\/kirjailijanpaivakirja\/wp-json\/wp\/v2\/media?parent=945"}],"wp:term":[{"taxonomy":"category","embeddable":true,"href":"https:\/\/suomenkuvalehti.fi\/kirjailijanpaivakirja\/wp-json\/wp\/v2\/categories?post=945"},{"taxonomy":"post_tag","embeddable":true,"href":"https:\/\/suomenkuvalehti.fi\/kirjailijanpaivakirja\/wp-json\/wp\/v2\/tags?post=945"}],"curies":[{"name":"wp","href":"https:\/\/api.w.org\/{rel}","templated":true}]}}