{"id":941,"date":"2017-08-03T10:12:37","date_gmt":"2017-08-03T07:12:37","guid":{"rendered":"https:\/\/suomenkuvalehti.fi\/kirjailijanpaivakirja\/?p=941"},"modified":"2017-08-03T10:36:29","modified_gmt":"2017-08-03T07:36:29","slug":"hittikirjallisuus-saa-oman-festarin-kirjasarja-sai-alkunsa-kiropraktikolla","status":"publish","type":"post","link":"https:\/\/suomenkuvalehti.fi\/kirjailijanpaivakirja\/hittikirjallisuus-saa-oman-festarin-kirjasarja-sai-alkunsa-kiropraktikolla\/","title":{"rendered":"Hittikirjallisuus saa oman festarinsa \u2013 Kirjasarja sai alkunsa kiropraktikolla"},"content":{"rendered":"\n<p>Lauantaina Helsingiss\u00e4 j\u00e4rjestet\u00e4\u00e4n ensimm\u00e4inen nuorten aikuisten kirjallisuuteen keskittyv\u00e4 tapahtuma Hel-YA!<\/p>\n\n\n\n<p>YA-kirjallisuus \u2013 niin sit\u00e4 on suomessakin alettu kutsua \u2013, tarkoittaa suoraviivaistetuimmillaan kirjallisuutta, joka on suunnattu 14\u201321-vuotiaille. Niin k\u00e4sitteen m\u00e4\u00e4rittelee esimerkiksi englanninkielinen Wikipedia. K\u00e4yt\u00e4nn\u00f6ss\u00e4 YA-kirjallisuus on kuitenkin tarkkarajaisempi mutta vaikeammin m\u00e4\u00e4ritelt\u00e4v\u00e4 k\u00e4site. Usein siihen esimerkiksi liitet\u00e4\u00e4n kuuluminen johonkin kirjallisuuden populaarigenreen.<\/p>\n\n\n\n<p><em>Kuinka sin\u00e4 m\u00e4\u00e4rittelet, YA-kirjallisuuden, Hel-YA!-tapahtumassakin esiintyv\u00e4, YA-kirjoihin erikoistunut kirjailija <strong>Elina Rouhiainen<\/strong>?<\/em><\/p>\n\n\n\n<p>&#8221;YA on kirjallisuutta, jota lukevat teini-ik\u00e4iset ja sit\u00e4 vanhemmat ja jossa keskityt\u00e4\u00e4n tietyn ik\u00e4isiin henkil\u00f6hahmoihin heid\u00e4n omalla ik\u00e4tasollaan. N\u00e4k\u00f6kulma on siis ainakin suurimmaksi osaksi teini-ik\u00e4isten. YA ei itsess\u00e4\u00e4n ole genre, vaikka sit\u00e4 sellaisenakin voidaan pit\u00e4\u00e4. YA-kirjallisuus voi olla mit\u00e4 tahansa genre\u00e4: scifi\u00e4, kauhua, maagista realismia.&#8221;<\/p>\n\n\n\n<p><em>Miksi kirjoitat juuri YA-kirjallisuutta?<\/em><\/p>\n\n\n\n<p>&#8221;Kirjoitan sit\u00e4 mit\u00e4 itsekin luen. Rakastan YA:n raikkautta, toiveikkuutta ja rohkeutta. Samassa tarinassa voi olla hauska, herkk\u00e4 ja totaalisen <em>badass<\/em>. Ehk\u00e4 kirjoitan nuorista ihmisist\u00e4 my\u00f6s siksi, ett\u00e4 minulla on sanottavaa nuoremmalle itselleni. Se on ik\u00e4, jolloin monet asiat tapahtuvat ensimm\u00e4ist\u00e4 kertaa.&#8221;<\/p>\n\n\n\n<p>&#8221;Maailmalla YA:han on hakeutunut paljon erityisesti v\u00e4hemmist\u00f6jen edustajia, enk\u00e4 usko, ett\u00e4 se on sattumaa. YA:ssa ei tarvitse yritt\u00e4\u00e4 olla samalla tavalla uskottava kuin taideproosan puolella. Oma taustani on Vantaan vuokral\u00e4hi\u00f6iss\u00e4 eli siis hyvin kaukana kulttuuripiireist\u00e4.&#8221;<\/p>\n\n\n\n<p><em>Mink\u00e4 verran kirjoittaessasi ajattelet lukijakohderyhm\u00e4\u00e4si \u2013 olkoonkin, ett\u00e4 YA-kirjoja luetaan ydinkohderyhm\u00e4n ulkopuolellakin?<\/em><\/p>\n\n\n\n<p>&#8221;En oikeastaan ajattele lukijoita kuin korkeintaan joidenkin viittausten kohdalla \u2013 on turha viitata Spice Girlsiin, jos iso osa lukijoista ei ollut viel\u00e4 syntynyt heid\u00e4n hittiens\u00e4 aikaan. Sen sijaan ajattelen henkil\u00f6hahmojani ja heid\u00e4n kokemusmaailmaansa. Muistan varsin hyvin, millaista on olla 16-vuotias, joten teinin nahkoihin solahtaminen ei ole suuri haaste. Toki v\u00e4lill\u00e4 t\u00e4ytyy mietti\u00e4, miss\u00e4 m\u00e4\u00e4rin omat kokemukseni vastaavat nykyteinien kokemuksia.&#8221;<\/p>\n\n\n\n<p>Elina Rouhiainen on syntynyt vuonna 1988. Hel-YA! tapahtumassa julkistetaan h\u00e4nen viides romaaninsa <em>Muistojenlukija<\/em>, joka avaa <em>V\u00e4ki<\/em>-trilogian. Aiemmin Rouhiainen on kirjoittanut neliosaisen <em>Susiraja<\/em>-sarjan (2012\u20132015).<\/p>\n\n\n\n<p><em>Muistojenlukija<\/em> sijoittuu It\u00e4-Helsinkiin ja kustantajan esittelyn mukaan avaa n\u00e4kym\u00e4n Suomessa oleskelevien paperittomien siirtolaisten el\u00e4m\u00e4\u00e4n.<\/p>\n\n\n\n<p>Mist\u00e4 <em>Muistojenlukija<\/em> ja samalla <em>V\u00e4ki<\/em>-trilogia sai alkunsa?<\/p>\n\n\n\n<p>&#8221;<em>V\u00e4ki<\/em> syntyi useammasta yksitt\u00e4isest\u00e4 ideasta, jotka alkoivat v\u00e4hitellen kietoutua toisiinsa ja muodostaa yhden tarinan. Halusin haastaa itseni kirjoittamaan rohkeammin ja rehellisemmin. Opiskeluaikanani Erasmus-vaihdossa tulin kiinnostuneeksi Euroopasta ja siit\u00e4, keit\u00e4 hyv\u00e4ksymme eurooppalaisiksi. Romanit ovat asuneet t\u00e4\u00e4ll\u00e4 satoja vuosia, mutta silti heit\u00e4 ei pidet\u00e4 &#8217;mein\u00e4&#8217;.&#8221;<\/p>\n\n\n\n<p>&#8221;Ratkaiseva hetki oli kuitenkin kiropraktikon vastaanotto. Niksautellessaan selk\u00e4\u00e4ni h\u00e4n tuli kysyneeksi, tied\u00e4nk\u00f6 mit\u00e4 sana &#8217;v\u00e4ki&#8217; todella tarkoittaa. Kun vastasin, etten tiennyt, h\u00e4n kehotti ottamaan selv\u00e4\u00e4.&#8221;<\/p>\n\n\n\n<p><em>YA-kirjallisuus ilmestyy huomattavan usein juuri trilogioina tai sarjoina. Kuinka tarkasti jo tied\u00e4t, mit\u00e4 V\u00e4ki-trilogian kolmannessa osassa tapahtuu?<\/em><\/p>\n\n\n\n<p>&#8221;Tied\u00e4n p\u00e4\u00e4piirteet, mutta en v\u00e4ltt\u00e4m\u00e4tt\u00e4 sit\u00e4, miten tilanteesta A p\u00e4\u00e4dyt\u00e4\u00e4n tilanteeseen B. Loppu on hyvin selv\u00e4sti mieless\u00e4 \u2013 en voi kirjoittaa mit\u00e4\u00e4n ilman, ett\u00e4 tiet\u00e4isin alkua ja loppua.&#8221;<\/p>\n\n\n","protected":false},"excerpt":{"rendered":"<p>YA-kirjallisuus tarkoittaa suoraviivaistetuimmillaan kirjallisuutta, joka on suunnattu 14\u201321-vuotiaille. <\/p>\n","protected":false},"author":129,"featured_media":0,"comment_status":"open","ping_status":"open","sticky":false,"template":"","format":"standard","meta":{"_acf_changed":false,"asauth_required_access_level":3,"asauth_cansharepaid":"true","om_header_attributes":[],"footnotes":"","om_featured_image_focal_point":[],"om_primary_tag":0,"om_contributors":[],"om_co_authors":[],"beyondwords_generate_audio":"","beyondwords_project_id":"","beyondwords_content_id":"","beyondwords_preview_token":"","beyondwords_player_content":"","beyondwords_player_style":"","beyondwords_language_code":"","beyondwords_language_id":"","beyondwords_title_voice_id":"","beyondwords_body_voice_id":"","beyondwords_summary_voice_id":"","beyondwords_error_message":"","beyondwords_disabled":"","beyondwords_delete_content":"","beyondwords_podcast_id":"","beyondwords_hash":"","publish_post_to_speechkit":"","speechkit_hash":"","speechkit_generate_audio":"","speechkit_project_id":"","speechkit_podcast_id":"","speechkit_error_message":"","speechkit_disabled":"","speechkit_access_key":"","speechkit_error":"","speechkit_info":"","speechkit_response":"","speechkit_retries":"","speechkit_status":"","speechkit_updated_at":"","_speechkit_link":"","_speechkit_text":""},"categories":[1],"tags":[989,987,214,990,991,992,988],"class_list":["post-941","post","type-post","status-publish","format-standard","hentry","category-kirjailijan-paivakirja","tag-elina-rouhiainen","tag-hel-ya","tag-kirjallisuustapahtumat","tag-muistojenlukija","tag-susiraja","tag-vaki","tag-ya-kirjallisuus"],"om_views":null,"acf":{"tuuma_off":false,"tuuma_kysymys":"","tuuma_vastaus":""},"asauth":{"required_access_level":1,"share_token":"","is_paid":false},"yoast_head":"<!-- This site is optimized with the Yoast SEO plugin v26.4 - https:\/\/yoast.com\/wordpress\/plugins\/seo\/ -->\n<title>Hittikirjallisuus saa oman festarinsa \u2013 Kirjasarja sai alkunsa kiropraktikolla - Kirjailijan p\u00e4iv\u00e4kirja<\/title>\n<meta name=\"robots\" content=\"index, follow, max-snippet:-1, max-image-preview:large, max-video-preview:-1\" \/>\n<link rel=\"canonical\" href=\"https:\/\/suomenkuvalehti.fi\/kirjailijanpaivakirja\/hittikirjallisuus-saa-oman-festarin-kirjasarja-sai-alkunsa-kiropraktikolla\/\" \/>\n<meta property=\"og:locale\" content=\"fi_FI\" \/>\n<meta property=\"og:type\" content=\"article\" \/>\n<meta property=\"og:title\" content=\"Hittikirjallisuus saa oman festarinsa \u2013 Kirjasarja sai alkunsa kiropraktikolla - Kirjailijan p\u00e4iv\u00e4kirja\" \/>\n<meta property=\"og:description\" content=\"YA-kirjallisuus tarkoittaa suoraviivaistetuimmillaan kirjallisuutta, joka on suunnattu 14\u201321-vuotiaille.\" \/>\n<meta property=\"og:url\" content=\"https:\/\/suomenkuvalehti.fi\/kirjailijanpaivakirja\/hittikirjallisuus-saa-oman-festarin-kirjasarja-sai-alkunsa-kiropraktikolla\/\" \/>\n<meta property=\"og:site_name\" content=\"Kirjailijan p\u00e4iv\u00e4kirja\" \/>\n<meta property=\"article:published_time\" content=\"2017-08-03T07:12:37+00:00\" \/>\n<meta property=\"article:modified_time\" content=\"2017-08-03T07:36:29+00:00\" \/>\n<meta property=\"og:image\" content=\"https:\/\/suomenkuvalehti.fi\/kirjailijanpaivakirja\/wp-content\/uploads\/sites\/21\/2022\/04\/hamalainen_karo06-1-scaled.jpg\" \/>\n\t<meta property=\"og:image:width\" content=\"2560\" \/>\n\t<meta property=\"og:image:height\" content=\"1706\" \/>\n\t<meta property=\"og:image:type\" content=\"image\/jpeg\" \/>\n<meta name=\"author\" content=\"Karo H\u00e4m\u00e4l\u00e4inen\" \/>\n<meta name=\"twitter:card\" content=\"summary_large_image\" \/>\n<meta name=\"twitter:label1\" content=\"Written by\" \/>\n\t<meta name=\"twitter:data1\" content=\"Karo H\u00e4m\u00e4l\u00e4inen\" \/>\n\t<meta name=\"twitter:label2\" content=\"Est. reading time\" \/>\n\t<meta name=\"twitter:data2\" content=\"2 minuuttia\" \/>\n<script type=\"application\/ld+json\" class=\"yoast-schema-graph\">{\"@context\":\"https:\/\/schema.org\",\"@graph\":[{\"@type\":\"WebPage\",\"@id\":\"https:\/\/suomenkuvalehti.fi\/kirjailijanpaivakirja\/hittikirjallisuus-saa-oman-festarin-kirjasarja-sai-alkunsa-kiropraktikolla\/\",\"url\":\"https:\/\/suomenkuvalehti.fi\/kirjailijanpaivakirja\/hittikirjallisuus-saa-oman-festarin-kirjasarja-sai-alkunsa-kiropraktikolla\/\",\"name\":\"Hittikirjallisuus saa oman festarinsa \u2013 Kirjasarja sai alkunsa kiropraktikolla - Kirjailijan p\u00e4iv\u00e4kirja\",\"isPartOf\":{\"@id\":\"https:\/\/suomenkuvalehti.fi\/kirjailijanpaivakirja\/#website\"},\"datePublished\":\"2017-08-03T07:12:37+00:00\",\"dateModified\":\"2017-08-03T07:36:29+00:00\",\"author\":{\"@id\":\"https:\/\/suomenkuvalehti.fi\/kirjailijanpaivakirja\/#\/schema\/person\/ca2dfd9d508d8c675e07b3c099fc789b\"},\"breadcrumb\":{\"@id\":\"https:\/\/suomenkuvalehti.fi\/kirjailijanpaivakirja\/hittikirjallisuus-saa-oman-festarin-kirjasarja-sai-alkunsa-kiropraktikolla\/#breadcrumb\"},\"inLanguage\":\"fi\",\"potentialAction\":[{\"@type\":\"ReadAction\",\"target\":[\"https:\/\/suomenkuvalehti.fi\/kirjailijanpaivakirja\/hittikirjallisuus-saa-oman-festarin-kirjasarja-sai-alkunsa-kiropraktikolla\/\"]}]},{\"@type\":\"BreadcrumbList\",\"@id\":\"https:\/\/suomenkuvalehti.fi\/kirjailijanpaivakirja\/hittikirjallisuus-saa-oman-festarin-kirjasarja-sai-alkunsa-kiropraktikolla\/#breadcrumb\",\"itemListElement\":[{\"@type\":\"ListItem\",\"position\":1,\"name\":\"Home\",\"item\":\"https:\/\/suomenkuvalehti.fi\/kirjailijanpaivakirja\/\"},{\"@type\":\"ListItem\",\"position\":2,\"name\":\"Hittikirjallisuus saa oman festarinsa \u2013 Kirjasarja sai alkunsa kiropraktikolla\"}]},{\"@type\":\"WebSite\",\"@id\":\"https:\/\/suomenkuvalehti.fi\/kirjailijanpaivakirja\/#website\",\"url\":\"https:\/\/suomenkuvalehti.fi\/kirjailijanpaivakirja\/\",\"name\":\"Kirjailijan p\u00e4iv\u00e4kirja\",\"description\":\"Proosakirjailijan arkea ja kirjallisuuden ajankohtaisia aiheita.\",\"potentialAction\":[{\"@type\":\"SearchAction\",\"target\":{\"@type\":\"EntryPoint\",\"urlTemplate\":\"https:\/\/suomenkuvalehti.fi\/haku\/?q={search_term_string}\"},\"query-input\":{\"@type\":\"PropertyValueSpecification\",\"valueRequired\":true,\"valueName\":\"search_term_string\"}}],\"inLanguage\":\"fi\"},{\"@type\":\"Person\",\"@id\":\"https:\/\/suomenkuvalehti.fi\/kirjailijanpaivakirja\/#\/schema\/person\/ca2dfd9d508d8c675e07b3c099fc789b\",\"name\":\"Karo H\u00e4m\u00e4l\u00e4inen\",\"image\":{\"@type\":\"ImageObject\",\"inLanguage\":\"fi\",\"@id\":\"https:\/\/suomenkuvalehti.fi\/kirjailijanpaivakirja\/#\/schema\/person\/image\/\",\"url\":\"https:\/\/suomenkuvalehti.fi\/kirjailijanpaivakirja\/wp-content\/uploads\/sites\/21\/2022\/04\/hamalainen_karo06-1-150x150.jpg\",\"contentUrl\":\"https:\/\/suomenkuvalehti.fi\/kirjailijanpaivakirja\/wp-content\/uploads\/sites\/21\/2022\/04\/hamalainen_karo06-1-150x150.jpg\",\"caption\":\"Karo H\u00e4m\u00e4l\u00e4inen\"},\"description\":\"Karo H\u00e4m\u00e4l\u00e4inen on kirjailija ja talouteen erikoistunut vapaa toimittaja.\"}]}<\/script>\n<!-- \/ Yoast SEO plugin. -->","yoast_head_json":{"title":"Hittikirjallisuus saa oman festarinsa \u2013 Kirjasarja sai alkunsa kiropraktikolla - Kirjailijan p\u00e4iv\u00e4kirja","robots":{"index":"index","follow":"follow","max-snippet":"max-snippet:-1","max-image-preview":"max-image-preview:large","max-video-preview":"max-video-preview:-1"},"canonical":"https:\/\/suomenkuvalehti.fi\/kirjailijanpaivakirja\/hittikirjallisuus-saa-oman-festarin-kirjasarja-sai-alkunsa-kiropraktikolla\/","og_locale":"fi_FI","og_type":"article","og_title":"Hittikirjallisuus saa oman festarinsa \u2013 Kirjasarja sai alkunsa kiropraktikolla - Kirjailijan p\u00e4iv\u00e4kirja","og_description":"YA-kirjallisuus tarkoittaa suoraviivaistetuimmillaan kirjallisuutta, joka on suunnattu 14\u201321-vuotiaille.","og_url":"https:\/\/suomenkuvalehti.fi\/kirjailijanpaivakirja\/hittikirjallisuus-saa-oman-festarin-kirjasarja-sai-alkunsa-kiropraktikolla\/","og_site_name":"Kirjailijan p\u00e4iv\u00e4kirja","article_published_time":"2017-08-03T07:12:37+00:00","article_modified_time":"2017-08-03T07:36:29+00:00","og_image":[{"width":2560,"height":1706,"url":"https:\/\/suomenkuvalehti.fi\/kirjailijanpaivakirja\/wp-content\/uploads\/sites\/21\/2022\/04\/hamalainen_karo06-1-scaled.jpg","type":"image\/jpeg"}],"author":"Karo H\u00e4m\u00e4l\u00e4inen","twitter_card":"summary_large_image","twitter_misc":{"Written by":"Karo H\u00e4m\u00e4l\u00e4inen","Est. reading time":"2 minuuttia"},"schema":{"@context":"https:\/\/schema.org","@graph":[{"@type":"WebPage","@id":"https:\/\/suomenkuvalehti.fi\/kirjailijanpaivakirja\/hittikirjallisuus-saa-oman-festarin-kirjasarja-sai-alkunsa-kiropraktikolla\/","url":"https:\/\/suomenkuvalehti.fi\/kirjailijanpaivakirja\/hittikirjallisuus-saa-oman-festarin-kirjasarja-sai-alkunsa-kiropraktikolla\/","name":"Hittikirjallisuus saa oman festarinsa \u2013 Kirjasarja sai alkunsa kiropraktikolla - Kirjailijan p\u00e4iv\u00e4kirja","isPartOf":{"@id":"https:\/\/suomenkuvalehti.fi\/kirjailijanpaivakirja\/#website"},"datePublished":"2017-08-03T07:12:37+00:00","dateModified":"2017-08-03T07:36:29+00:00","author":{"@id":"https:\/\/suomenkuvalehti.fi\/kirjailijanpaivakirja\/#\/schema\/person\/ca2dfd9d508d8c675e07b3c099fc789b"},"breadcrumb":{"@id":"https:\/\/suomenkuvalehti.fi\/kirjailijanpaivakirja\/hittikirjallisuus-saa-oman-festarin-kirjasarja-sai-alkunsa-kiropraktikolla\/#breadcrumb"},"inLanguage":"fi","potentialAction":[{"@type":"ReadAction","target":["https:\/\/suomenkuvalehti.fi\/kirjailijanpaivakirja\/hittikirjallisuus-saa-oman-festarin-kirjasarja-sai-alkunsa-kiropraktikolla\/"]}]},{"@type":"BreadcrumbList","@id":"https:\/\/suomenkuvalehti.fi\/kirjailijanpaivakirja\/hittikirjallisuus-saa-oman-festarin-kirjasarja-sai-alkunsa-kiropraktikolla\/#breadcrumb","itemListElement":[{"@type":"ListItem","position":1,"name":"Home","item":"https:\/\/suomenkuvalehti.fi\/kirjailijanpaivakirja\/"},{"@type":"ListItem","position":2,"name":"Hittikirjallisuus saa oman festarinsa \u2013 Kirjasarja sai alkunsa kiropraktikolla"}]},{"@type":"WebSite","@id":"https:\/\/suomenkuvalehti.fi\/kirjailijanpaivakirja\/#website","url":"https:\/\/suomenkuvalehti.fi\/kirjailijanpaivakirja\/","name":"Kirjailijan p\u00e4iv\u00e4kirja","description":"Proosakirjailijan arkea ja kirjallisuuden ajankohtaisia aiheita.","potentialAction":[{"@type":"SearchAction","target":{"@type":"EntryPoint","urlTemplate":"https:\/\/suomenkuvalehti.fi\/haku\/?q={search_term_string}"},"query-input":{"@type":"PropertyValueSpecification","valueRequired":true,"valueName":"search_term_string"}}],"inLanguage":"fi"},{"@type":"Person","@id":"https:\/\/suomenkuvalehti.fi\/kirjailijanpaivakirja\/#\/schema\/person\/ca2dfd9d508d8c675e07b3c099fc789b","name":"Karo H\u00e4m\u00e4l\u00e4inen","image":{"@type":"ImageObject","inLanguage":"fi","@id":"https:\/\/suomenkuvalehti.fi\/kirjailijanpaivakirja\/#\/schema\/person\/image\/","url":"https:\/\/suomenkuvalehti.fi\/kirjailijanpaivakirja\/wp-content\/uploads\/sites\/21\/2022\/04\/hamalainen_karo06-1-150x150.jpg","contentUrl":"https:\/\/suomenkuvalehti.fi\/kirjailijanpaivakirja\/wp-content\/uploads\/sites\/21\/2022\/04\/hamalainen_karo06-1-150x150.jpg","caption":"Karo H\u00e4m\u00e4l\u00e4inen"},"description":"Karo H\u00e4m\u00e4l\u00e4inen on kirjailija ja talouteen erikoistunut vapaa toimittaja."}]}},"_links":{"self":[{"href":"https:\/\/suomenkuvalehti.fi\/kirjailijanpaivakirja\/wp-json\/wp\/v2\/posts\/941","targetHints":{"allow":["GET"]}}],"collection":[{"href":"https:\/\/suomenkuvalehti.fi\/kirjailijanpaivakirja\/wp-json\/wp\/v2\/posts"}],"about":[{"href":"https:\/\/suomenkuvalehti.fi\/kirjailijanpaivakirja\/wp-json\/wp\/v2\/types\/post"}],"author":[{"embeddable":true,"href":"https:\/\/suomenkuvalehti.fi\/kirjailijanpaivakirja\/wp-json\/wp\/v2\/users\/129"}],"replies":[{"embeddable":true,"href":"https:\/\/suomenkuvalehti.fi\/kirjailijanpaivakirja\/wp-json\/wp\/v2\/comments?post=941"}],"version-history":[{"count":3,"href":"https:\/\/suomenkuvalehti.fi\/kirjailijanpaivakirja\/wp-json\/wp\/v2\/posts\/941\/revisions"}],"predecessor-version":[{"id":944,"href":"https:\/\/suomenkuvalehti.fi\/kirjailijanpaivakirja\/wp-json\/wp\/v2\/posts\/941\/revisions\/944"}],"wp:attachment":[{"href":"https:\/\/suomenkuvalehti.fi\/kirjailijanpaivakirja\/wp-json\/wp\/v2\/media?parent=941"}],"wp:term":[{"taxonomy":"category","embeddable":true,"href":"https:\/\/suomenkuvalehti.fi\/kirjailijanpaivakirja\/wp-json\/wp\/v2\/categories?post=941"},{"taxonomy":"post_tag","embeddable":true,"href":"https:\/\/suomenkuvalehti.fi\/kirjailijanpaivakirja\/wp-json\/wp\/v2\/tags?post=941"}],"curies":[{"name":"wp","href":"https:\/\/api.w.org\/{rel}","templated":true}]}}