{"id":905,"date":"2017-06-05T08:57:27","date_gmt":"2017-06-05T05:57:27","guid":{"rendered":"https:\/\/suomenkuvalehti.fi\/kirjailijanpaivakirja\/?p=905"},"modified":"2017-06-05T08:57:27","modified_gmt":"2017-06-05T05:57:27","slug":"kilpailua-ei-kaytannossa-ole-tommi-parkko-perustaa-kaannosrunouskustantamon","status":"publish","type":"post","link":"https:\/\/suomenkuvalehti.fi\/kirjailijanpaivakirja\/kilpailua-ei-kaytannossa-ole-tommi-parkko-perustaa-kaannosrunouskustantamon\/","title":{"rendered":"&#8221;Kilpailua ei k\u00e4yt\u00e4nn\u00f6ss\u00e4 ole&#8221; \u2013 Tommi Parkko perustaa k\u00e4\u00e4nn\u00f6srunouskustantamon"},"content":{"rendered":"\n<p>Suomalaisen runouskent\u00e4n monipuolinen toimija <strong>Tommi Parkko<\/strong> perustaa k\u00e4\u00e4nn\u00f6srunouteen erikoistuvan kustantamon. Kustannusliike Parkko keskittyy 1900-luvun ja 2000-luvun runouteen.<\/p>\n\n\n\n<p>&#8221;Modernit klassikot ovat etusijalla. Yrit\u00e4n my\u00f6s tuoda esille Suomessa v\u00e4hemm\u00e4n tunnettuja kieli\u00e4&#8221;, Parkko kertoo.<\/p>\n\n\n\n<p>Parkko on julkaissut k\u00e4\u00e4nn\u00f6srunoutta ensi kerran jo yli kaksikymment\u00e4 vuotta sitten. Silloin kyseess\u00e4 oli <strong>Jaan Kaplinskin<\/strong> <em>Rukous, mantra, runo<\/em> (suom. <strong>Katja Meriluoto<\/strong>) ja kustantaja Nihil Interit. H\u00e4nen vy\u00f6ll\u00e4\u00e4n on viitisentoista k\u00e4\u00e4nn\u00f6svalikoimaa \u2013 muun muassa nelj\u00e4 kreikasta, yksi hepreasta, japanista ja sloveniasta.<\/p>\n\n\n\n<p>&#8221;Vuonna 2006 olin v\u00e4synyt kustantamaan kirjoja yksin ja lopetin toiminnan. Muutamaa vuotta my\u00f6hemmin olin perustamassa Osuuskunta Poesiaa, jonka ajattelin ratkaisevan tiettyj\u00e4 kustantamiseen liittyvi\u00e4 ongelmia. Ehk\u00e4 ne ratkesivat, mutta itse irrottauduin nopeasti Poesiasta. Kustannusliike Parkkoa olen suunnitellut parisen vuotta joten kyseess\u00e4 ei ole mihink\u00e4\u00e4n akuuttiin asiaan reagointi. Minusta k\u00e4\u00e4nn\u00f6srunous on t\u00e4rke\u00e4\u00e4 suomalaisen runouden kehittymisen kannalta&#8221;, Parkko sanoo.<\/p>\n\n\n\n<p>&#8221;2010-luvulla k\u00e4\u00e4nn\u00f6srunouden tilanne on huonontunut edelleen. Ilmeisesti viimeisimpi\u00e4 suurten kustantajien k\u00e4\u00e4nn\u00f6ksi\u00e4 oli <strong>G\u00f6ran Sonnevin<\/strong> <em>Valtameri<\/em> (suom. <strong>Jyrki Kiiskinen<\/strong>), joka ilmestyi vuonna 2007, siis kymmenen vuotta sitten.&#8221;<\/p>\n\n\n\n<p>Parkko on valinnut pienimuotoisen kustannusliikkeens\u00e4 kaksi ensimm\u00e4ist\u00e4 kirjaa. Noin vuoden kuluttua ilmestyy <strong>Eugenio Montalen<\/strong> suomennosvalikoima, joka sis\u00e4lt\u00e4\u00e4 noin sata runoa suomeksi (suom. <strong>Hannimari Heino<\/strong>) ja alkukielell\u00e4 italiaksi. Toinen kirja on amerikkalaisen <strong>Robert Lowellin<\/strong> valikoima. Se ilmestynee syksyll\u00e4 2018.<\/p>\n\n\n\n<p>&#8221;Minua kiinnostaa virolainen ja muu balttilainen runous, Puola, T\u0161ekki, Saksa, Euroopan ulkopuolinen ei-yhdysvaltalainen runous&#8230;&#8221; Parkko luettelee.<\/p>\n\n\n\n<p>&#8221;K\u00e4\u00e4nn\u00f6skirjat ovat pitk\u00e4lti k\u00e4\u00e4nt\u00e4j\u00e4l\u00e4ht\u00f6isi\u00e4. Kustantaja voi toki aina nimet\u00e4 niit\u00e4 runoilijoita, joita haluaa kustantaa mutta monella tapaa parempaa k\u00e4\u00e4nn\u00f6srunoutta syntyy kun kustantaja kuuntelee suomentajia ja julkaisee niit\u00e4 runoilijoita, joihin heill\u00e4 on intohimo. K\u00e4\u00e4nt\u00e4m\u00e4tt\u00f6mi\u00e4 ja Suomessa tuntemattomia runoilijoita on niin valtavasti, ett\u00e4 valinnanvaraa on. Kilpailua ei k\u00e4yt\u00e4nn\u00f6ss\u00e4 ole&#8221;, Parkko sanoo.<\/p>\n\n\n\n<p><em>Kirjan kustantamiseen liittyy ostopalveluina tulevia kiinteit\u00e4 kuluja. Kuinka aiot hoitaa ne?<\/em><\/p>\n\n\n\n<p>&#8221;Kustannusliike Parkko on osa Osuuskunta Kirjasinta, jolta kustantamo ostaa tietyt palvelut. Olennaista on se, ett\u00e4 tietyt kiinte\u00e4t kulut ovat vakiot. Kustantamon toimintaa s\u00e4vytt\u00e4\u00e4 projektiluonteisuus. Jokainen kirja on uniikki my\u00f6s taloutensa, taittonsa ja muun sellaisen kannalta. Haen my\u00f6s lis\u00e4rahoitusta joukkoistamisen kautta. Viime k\u00e4dess\u00e4 omat rahani ovat niit\u00e4, joilla kirjat tehd\u00e4\u00e4n&#8221;, Parkko kertoo.<\/p>\n\n\n\n<p>H\u00e4n laskeskelee, ett\u00e4 kirjan kustannusten kattamiseen tarvitaan 300\u2013400 kappaleen myynti.<\/p>\n\n\n\n<p>&#8221;Suoramyynti on keskeisess\u00e4 asemassa. Jos kirjakaupat kirjoja haluavat myyd\u00e4, se toki onnistuu, mutta kirjakauppojen varaan n\u00e4in erikoistunutta julkaisuohjelmaa ei voi laittaa. Erilaiset yhteis\u00f6t, yst\u00e4vyysseurat, suul\u00e4hetyst\u00f6t, kulttuuri-instituutit voivat olla joissakin tapauksissa suurimpia ostajia. Esimerkiksi Runoyhdistys Nihil Interit ry:n kautta tavoitan runouden suurkuluttajat.&#8221;<\/p>\n\n\n","protected":false},"excerpt":{"rendered":"<p>Suomalaisen runouskent\u00e4n monipuolinen toimija Tommi Parkko perustaa k\u00e4\u00e4nn\u00f6srunouteen erikoistuvan kustantamon. Kustannusliike Parkko keskittyy 1900-luvun ja 2000-luvun runouteen. &#8221;Modernit klassikot ovat etusijalla. Yrit\u00e4n my\u00f6s<br \/>\ntuoda&hellip;<\/p>\n","protected":false},"author":129,"featured_media":0,"comment_status":"open","ping_status":"open","sticky":false,"template":"","format":"standard","meta":{"_acf_changed":false,"asauth_required_access_level":3,"asauth_cansharepaid":"true","om_header_attributes":[],"footnotes":"","om_featured_image_focal_point":[],"om_primary_tag":0,"om_contributors":[],"om_co_authors":[],"beyondwords_generate_audio":"","beyondwords_project_id":"","beyondwords_content_id":"","beyondwords_preview_token":"","beyondwords_player_content":"","beyondwords_player_style":"","beyondwords_language_code":"","beyondwords_language_id":"","beyondwords_title_voice_id":"","beyondwords_body_voice_id":"","beyondwords_summary_voice_id":"","beyondwords_error_message":"","beyondwords_disabled":"","beyondwords_delete_content":"","beyondwords_podcast_id":"","beyondwords_hash":"","publish_post_to_speechkit":"","speechkit_hash":"","speechkit_generate_audio":"","speechkit_project_id":"","speechkit_podcast_id":"","speechkit_error_message":"","speechkit_disabled":"","speechkit_access_key":"","speechkit_error":"","speechkit_info":"","speechkit_response":"","speechkit_retries":"","speechkit_status":"","speechkit_updated_at":"","_speechkit_link":"","_speechkit_text":""},"categories":[1],"tags":[929,930,927,613,926,188,147,928,148,925],"class_list":["post-905","post","type-post","status-publish","format-standard","hentry","category-kirjailijan-paivakirja","tag-eugenio-montale","tag-hannimari-heino","tag-kaannoslyriikka","tag-kaannosrunous","tag-kustannusliike-parkko","tag-kustantaminen","tag-lyriikka","tag-nihil-interit","tag-runous","tag-tommi-parkko"],"om_views":null,"acf":{"tuuma_off":false,"tuuma_kysymys":"","tuuma_vastaus":""},"asauth":{"required_access_level":1,"share_token":"","is_paid":false},"yoast_head":"<!-- This site is optimized with the Yoast SEO plugin v26.4 - https:\/\/yoast.com\/wordpress\/plugins\/seo\/ -->\n<title>&quot;Kilpailua ei k\u00e4yt\u00e4nn\u00f6ss\u00e4 ole&quot; \u2013 Tommi Parkko perustaa k\u00e4\u00e4nn\u00f6srunouskustantamon - Kirjailijan p\u00e4iv\u00e4kirja<\/title>\n<meta name=\"robots\" content=\"index, follow, max-snippet:-1, max-image-preview:large, max-video-preview:-1\" \/>\n<link rel=\"canonical\" href=\"https:\/\/suomenkuvalehti.fi\/kirjailijanpaivakirja\/kilpailua-ei-kaytannossa-ole-tommi-parkko-perustaa-kaannosrunouskustantamon\/\" \/>\n<meta property=\"og:locale\" content=\"fi_FI\" \/>\n<meta property=\"og:type\" content=\"article\" \/>\n<meta property=\"og:title\" content=\"&quot;Kilpailua ei k\u00e4yt\u00e4nn\u00f6ss\u00e4 ole&quot; \u2013 Tommi Parkko perustaa k\u00e4\u00e4nn\u00f6srunouskustantamon - Kirjailijan p\u00e4iv\u00e4kirja\" \/>\n<meta property=\"og:description\" content=\"Suomalaisen runouskent\u00e4n monipuolinen toimija Tommi Parkko perustaa k\u00e4\u00e4nn\u00f6srunouteen erikoistuvan kustantamon. Kustannusliike Parkko keskittyy 1900-luvun ja 2000-luvun runouteen. &#8221;Modernit klassikot ovat etusijalla. Yrit\u00e4n my\u00f6s tuoda&hellip;\" \/>\n<meta property=\"og:url\" content=\"https:\/\/suomenkuvalehti.fi\/kirjailijanpaivakirja\/kilpailua-ei-kaytannossa-ole-tommi-parkko-perustaa-kaannosrunouskustantamon\/\" \/>\n<meta property=\"og:site_name\" content=\"Kirjailijan p\u00e4iv\u00e4kirja\" \/>\n<meta property=\"article:published_time\" content=\"2017-06-05T05:57:27+00:00\" \/>\n<meta property=\"og:image\" content=\"https:\/\/suomenkuvalehti.fi\/kirjailijanpaivakirja\/wp-content\/uploads\/sites\/21\/2022\/04\/hamalainen_karo06-1-scaled.jpg\" \/>\n\t<meta property=\"og:image:width\" content=\"2560\" \/>\n\t<meta property=\"og:image:height\" content=\"1706\" \/>\n\t<meta property=\"og:image:type\" content=\"image\/jpeg\" \/>\n<meta name=\"author\" content=\"Karo H\u00e4m\u00e4l\u00e4inen\" \/>\n<meta name=\"twitter:card\" content=\"summary_large_image\" \/>\n<meta name=\"twitter:label1\" content=\"Written by\" \/>\n\t<meta name=\"twitter:data1\" content=\"Karo H\u00e4m\u00e4l\u00e4inen\" \/>\n\t<meta name=\"twitter:label2\" content=\"Est. reading time\" \/>\n\t<meta name=\"twitter:data2\" content=\"2 minuuttia\" \/>\n<script type=\"application\/ld+json\" class=\"yoast-schema-graph\">{\"@context\":\"https:\/\/schema.org\",\"@graph\":[{\"@type\":\"WebPage\",\"@id\":\"https:\/\/suomenkuvalehti.fi\/kirjailijanpaivakirja\/kilpailua-ei-kaytannossa-ole-tommi-parkko-perustaa-kaannosrunouskustantamon\/\",\"url\":\"https:\/\/suomenkuvalehti.fi\/kirjailijanpaivakirja\/kilpailua-ei-kaytannossa-ole-tommi-parkko-perustaa-kaannosrunouskustantamon\/\",\"name\":\"\\\"Kilpailua ei k\u00e4yt\u00e4nn\u00f6ss\u00e4 ole\\\" \u2013 Tommi Parkko perustaa k\u00e4\u00e4nn\u00f6srunouskustantamon - Kirjailijan p\u00e4iv\u00e4kirja\",\"isPartOf\":{\"@id\":\"https:\/\/suomenkuvalehti.fi\/kirjailijanpaivakirja\/#website\"},\"datePublished\":\"2017-06-05T05:57:27+00:00\",\"author\":{\"@id\":\"https:\/\/suomenkuvalehti.fi\/kirjailijanpaivakirja\/#\/schema\/person\/ca2dfd9d508d8c675e07b3c099fc789b\"},\"breadcrumb\":{\"@id\":\"https:\/\/suomenkuvalehti.fi\/kirjailijanpaivakirja\/kilpailua-ei-kaytannossa-ole-tommi-parkko-perustaa-kaannosrunouskustantamon\/#breadcrumb\"},\"inLanguage\":\"fi\",\"potentialAction\":[{\"@type\":\"ReadAction\",\"target\":[\"https:\/\/suomenkuvalehti.fi\/kirjailijanpaivakirja\/kilpailua-ei-kaytannossa-ole-tommi-parkko-perustaa-kaannosrunouskustantamon\/\"]}]},{\"@type\":\"BreadcrumbList\",\"@id\":\"https:\/\/suomenkuvalehti.fi\/kirjailijanpaivakirja\/kilpailua-ei-kaytannossa-ole-tommi-parkko-perustaa-kaannosrunouskustantamon\/#breadcrumb\",\"itemListElement\":[{\"@type\":\"ListItem\",\"position\":1,\"name\":\"Home\",\"item\":\"https:\/\/suomenkuvalehti.fi\/kirjailijanpaivakirja\/\"},{\"@type\":\"ListItem\",\"position\":2,\"name\":\"&#8221;Kilpailua ei k\u00e4yt\u00e4nn\u00f6ss\u00e4 ole&#8221; \u2013 Tommi Parkko perustaa k\u00e4\u00e4nn\u00f6srunouskustantamon\"}]},{\"@type\":\"WebSite\",\"@id\":\"https:\/\/suomenkuvalehti.fi\/kirjailijanpaivakirja\/#website\",\"url\":\"https:\/\/suomenkuvalehti.fi\/kirjailijanpaivakirja\/\",\"name\":\"Kirjailijan p\u00e4iv\u00e4kirja\",\"description\":\"Proosakirjailijan arkea ja kirjallisuuden ajankohtaisia aiheita.\",\"potentialAction\":[{\"@type\":\"SearchAction\",\"target\":{\"@type\":\"EntryPoint\",\"urlTemplate\":\"https:\/\/suomenkuvalehti.fi\/haku\/?q={search_term_string}\"},\"query-input\":{\"@type\":\"PropertyValueSpecification\",\"valueRequired\":true,\"valueName\":\"search_term_string\"}}],\"inLanguage\":\"fi\"},{\"@type\":\"Person\",\"@id\":\"https:\/\/suomenkuvalehti.fi\/kirjailijanpaivakirja\/#\/schema\/person\/ca2dfd9d508d8c675e07b3c099fc789b\",\"name\":\"Karo H\u00e4m\u00e4l\u00e4inen\",\"image\":{\"@type\":\"ImageObject\",\"inLanguage\":\"fi\",\"@id\":\"https:\/\/suomenkuvalehti.fi\/kirjailijanpaivakirja\/#\/schema\/person\/image\/\",\"url\":\"https:\/\/suomenkuvalehti.fi\/kirjailijanpaivakirja\/wp-content\/uploads\/sites\/21\/2022\/04\/hamalainen_karo06-1-150x150.jpg\",\"contentUrl\":\"https:\/\/suomenkuvalehti.fi\/kirjailijanpaivakirja\/wp-content\/uploads\/sites\/21\/2022\/04\/hamalainen_karo06-1-150x150.jpg\",\"caption\":\"Karo H\u00e4m\u00e4l\u00e4inen\"},\"description\":\"Karo H\u00e4m\u00e4l\u00e4inen on kirjailija ja talouteen erikoistunut vapaa toimittaja.\"}]}<\/script>\n<!-- \/ Yoast SEO plugin. -->","yoast_head_json":{"title":"\"Kilpailua ei k\u00e4yt\u00e4nn\u00f6ss\u00e4 ole\" \u2013 Tommi Parkko perustaa k\u00e4\u00e4nn\u00f6srunouskustantamon - Kirjailijan p\u00e4iv\u00e4kirja","robots":{"index":"index","follow":"follow","max-snippet":"max-snippet:-1","max-image-preview":"max-image-preview:large","max-video-preview":"max-video-preview:-1"},"canonical":"https:\/\/suomenkuvalehti.fi\/kirjailijanpaivakirja\/kilpailua-ei-kaytannossa-ole-tommi-parkko-perustaa-kaannosrunouskustantamon\/","og_locale":"fi_FI","og_type":"article","og_title":"\"Kilpailua ei k\u00e4yt\u00e4nn\u00f6ss\u00e4 ole\" \u2013 Tommi Parkko perustaa k\u00e4\u00e4nn\u00f6srunouskustantamon - Kirjailijan p\u00e4iv\u00e4kirja","og_description":"Suomalaisen runouskent\u00e4n monipuolinen toimija Tommi Parkko perustaa k\u00e4\u00e4nn\u00f6srunouteen erikoistuvan kustantamon. Kustannusliike Parkko keskittyy 1900-luvun ja 2000-luvun runouteen. &#8221;Modernit klassikot ovat etusijalla. Yrit\u00e4n my\u00f6s tuoda&hellip;","og_url":"https:\/\/suomenkuvalehti.fi\/kirjailijanpaivakirja\/kilpailua-ei-kaytannossa-ole-tommi-parkko-perustaa-kaannosrunouskustantamon\/","og_site_name":"Kirjailijan p\u00e4iv\u00e4kirja","article_published_time":"2017-06-05T05:57:27+00:00","og_image":[{"width":2560,"height":1706,"url":"https:\/\/suomenkuvalehti.fi\/kirjailijanpaivakirja\/wp-content\/uploads\/sites\/21\/2022\/04\/hamalainen_karo06-1-scaled.jpg","type":"image\/jpeg"}],"author":"Karo H\u00e4m\u00e4l\u00e4inen","twitter_card":"summary_large_image","twitter_misc":{"Written by":"Karo H\u00e4m\u00e4l\u00e4inen","Est. reading time":"2 minuuttia"},"schema":{"@context":"https:\/\/schema.org","@graph":[{"@type":"WebPage","@id":"https:\/\/suomenkuvalehti.fi\/kirjailijanpaivakirja\/kilpailua-ei-kaytannossa-ole-tommi-parkko-perustaa-kaannosrunouskustantamon\/","url":"https:\/\/suomenkuvalehti.fi\/kirjailijanpaivakirja\/kilpailua-ei-kaytannossa-ole-tommi-parkko-perustaa-kaannosrunouskustantamon\/","name":"\"Kilpailua ei k\u00e4yt\u00e4nn\u00f6ss\u00e4 ole\" \u2013 Tommi Parkko perustaa k\u00e4\u00e4nn\u00f6srunouskustantamon - Kirjailijan p\u00e4iv\u00e4kirja","isPartOf":{"@id":"https:\/\/suomenkuvalehti.fi\/kirjailijanpaivakirja\/#website"},"datePublished":"2017-06-05T05:57:27+00:00","author":{"@id":"https:\/\/suomenkuvalehti.fi\/kirjailijanpaivakirja\/#\/schema\/person\/ca2dfd9d508d8c675e07b3c099fc789b"},"breadcrumb":{"@id":"https:\/\/suomenkuvalehti.fi\/kirjailijanpaivakirja\/kilpailua-ei-kaytannossa-ole-tommi-parkko-perustaa-kaannosrunouskustantamon\/#breadcrumb"},"inLanguage":"fi","potentialAction":[{"@type":"ReadAction","target":["https:\/\/suomenkuvalehti.fi\/kirjailijanpaivakirja\/kilpailua-ei-kaytannossa-ole-tommi-parkko-perustaa-kaannosrunouskustantamon\/"]}]},{"@type":"BreadcrumbList","@id":"https:\/\/suomenkuvalehti.fi\/kirjailijanpaivakirja\/kilpailua-ei-kaytannossa-ole-tommi-parkko-perustaa-kaannosrunouskustantamon\/#breadcrumb","itemListElement":[{"@type":"ListItem","position":1,"name":"Home","item":"https:\/\/suomenkuvalehti.fi\/kirjailijanpaivakirja\/"},{"@type":"ListItem","position":2,"name":"&#8221;Kilpailua ei k\u00e4yt\u00e4nn\u00f6ss\u00e4 ole&#8221; \u2013 Tommi Parkko perustaa k\u00e4\u00e4nn\u00f6srunouskustantamon"}]},{"@type":"WebSite","@id":"https:\/\/suomenkuvalehti.fi\/kirjailijanpaivakirja\/#website","url":"https:\/\/suomenkuvalehti.fi\/kirjailijanpaivakirja\/","name":"Kirjailijan p\u00e4iv\u00e4kirja","description":"Proosakirjailijan arkea ja kirjallisuuden ajankohtaisia aiheita.","potentialAction":[{"@type":"SearchAction","target":{"@type":"EntryPoint","urlTemplate":"https:\/\/suomenkuvalehti.fi\/haku\/?q={search_term_string}"},"query-input":{"@type":"PropertyValueSpecification","valueRequired":true,"valueName":"search_term_string"}}],"inLanguage":"fi"},{"@type":"Person","@id":"https:\/\/suomenkuvalehti.fi\/kirjailijanpaivakirja\/#\/schema\/person\/ca2dfd9d508d8c675e07b3c099fc789b","name":"Karo H\u00e4m\u00e4l\u00e4inen","image":{"@type":"ImageObject","inLanguage":"fi","@id":"https:\/\/suomenkuvalehti.fi\/kirjailijanpaivakirja\/#\/schema\/person\/image\/","url":"https:\/\/suomenkuvalehti.fi\/kirjailijanpaivakirja\/wp-content\/uploads\/sites\/21\/2022\/04\/hamalainen_karo06-1-150x150.jpg","contentUrl":"https:\/\/suomenkuvalehti.fi\/kirjailijanpaivakirja\/wp-content\/uploads\/sites\/21\/2022\/04\/hamalainen_karo06-1-150x150.jpg","caption":"Karo H\u00e4m\u00e4l\u00e4inen"},"description":"Karo H\u00e4m\u00e4l\u00e4inen on kirjailija ja talouteen erikoistunut vapaa toimittaja."}]}},"_links":{"self":[{"href":"https:\/\/suomenkuvalehti.fi\/kirjailijanpaivakirja\/wp-json\/wp\/v2\/posts\/905","targetHints":{"allow":["GET"]}}],"collection":[{"href":"https:\/\/suomenkuvalehti.fi\/kirjailijanpaivakirja\/wp-json\/wp\/v2\/posts"}],"about":[{"href":"https:\/\/suomenkuvalehti.fi\/kirjailijanpaivakirja\/wp-json\/wp\/v2\/types\/post"}],"author":[{"embeddable":true,"href":"https:\/\/suomenkuvalehti.fi\/kirjailijanpaivakirja\/wp-json\/wp\/v2\/users\/129"}],"replies":[{"embeddable":true,"href":"https:\/\/suomenkuvalehti.fi\/kirjailijanpaivakirja\/wp-json\/wp\/v2\/comments?post=905"}],"version-history":[{"count":1,"href":"https:\/\/suomenkuvalehti.fi\/kirjailijanpaivakirja\/wp-json\/wp\/v2\/posts\/905\/revisions"}],"predecessor-version":[{"id":906,"href":"https:\/\/suomenkuvalehti.fi\/kirjailijanpaivakirja\/wp-json\/wp\/v2\/posts\/905\/revisions\/906"}],"wp:attachment":[{"href":"https:\/\/suomenkuvalehti.fi\/kirjailijanpaivakirja\/wp-json\/wp\/v2\/media?parent=905"}],"wp:term":[{"taxonomy":"category","embeddable":true,"href":"https:\/\/suomenkuvalehti.fi\/kirjailijanpaivakirja\/wp-json\/wp\/v2\/categories?post=905"},{"taxonomy":"post_tag","embeddable":true,"href":"https:\/\/suomenkuvalehti.fi\/kirjailijanpaivakirja\/wp-json\/wp\/v2\/tags?post=905"}],"curies":[{"name":"wp","href":"https:\/\/api.w.org\/{rel}","templated":true}]}}